{"id":9371,"date":"2020-01-26T06:27:38","date_gmt":"2020-01-26T05:27:38","guid":{"rendered":"https:\/\/news.save.ch\/?p=9371"},"modified":"2023-03-14T08:56:40","modified_gmt":"2023-03-14T07:56:40","slug":"it-sicherheit-kraenkelnde-systeme-schaden-den-patienten","status":null,"type":"post","link":"https:\/\/news.save.ch\/fr\/it-sicherheit-kraenkelnde-systeme-schaden-den-patienten\/","title":{"rendered":"S\u00e9curit\u00e9 informatique : les syst\u00e8mes d\u00e9faillants nuisent aux patients"},"content":{"rendered":"<figure id=\"attachment_9372\" aria-describedby=\"caption-attachment-9372\" style=\"width: 680px\" class=\"wp-caption aligncenter\"><img loading=\"lazy\" decoding=\"async\" class=\"wp-image-9372 size-medium\" src=\"https:\/\/news.save.ch\/wp-content\/uploads\/2020\/01\/Depositphotos_137684314_s-2019.jpg\" alt=\"S\u00e9curit\u00e9 informatique dans le secteur de la sant\u00e9\" width=\"680\" height=\"454\" srcset=\"https:\/\/news.save.ch\/wp-content\/uploads\/2020\/01\/Depositphotos_137684314_s-2019.jpg 1000w, https:\/\/news.save.ch\/wp-content\/uploads\/2020\/01\/Depositphotos_137684314_s-2019-375x250.jpg 375w\" sizes=\"auto, (max-width: 680px) 100vw, 680px\" \/><figcaption id=\"caption-attachment-9372\" class=\"wp-caption-text\">\u00a9 depositphotos, Giulio Fornasar<\/figcaption><\/figure>\n<p>Dans le domaine des infrastructures critiques, la s\u00e9curit\u00e9 informatique est parfois encore trait\u00e9e de mani\u00e8re tr\u00e8s n\u00e9glig\u00e9e. Ce sujet est particuli\u00e8rement sensible dans le secteur de la sant\u00e9. En effet, une technologie informatique d\u00e9fectueuse, vuln\u00e9rable ou tout simplement non disponible peut rapidement entra\u00eener des dommages corporels.<\/p>\n<p>La s\u00e9curit\u00e9 informatique dans le secteur de la sant\u00e9 touche principalement deux domaines concrets : D'une part, elle concerne les donn\u00e9es purement administratives, c'est-\u00e0-dire les informations relatives au patient et \u00e0 l'\u00e9volution de sa maladie. En raison du secret m\u00e9dical, les donn\u00e9es des patients b\u00e9n\u00e9ficient d'une protection l\u00e9gale encore plus \u00e9lev\u00e9e que les donn\u00e9es personnelles selon le RGPD. D'autre part, il y a l'infrastructure technologique qui est utilis\u00e9e directement sur le patient - qu'il s'agisse de stimulateurs cardiaques, d'appareils respiratoires ou d'appareils tels que les ultrasons, les ECG, les tomographes et les radiographies. Dans le cadre du diagnostic, elle assiste le m\u00e9decin traitant ; sur le patient, elle a des fonctions de maintien en vie.<\/p>\n<p><strong>Trois objectifs concrets de protection informatique dans le secteur de la sant\u00e9<\/strong><\/p>\n<p>Pour pouvoir atteindre la s\u00e9curit\u00e9 informatique, il faut tenir compte de trois domaines : La disponibilit\u00e9 du composant doit \u00eatre garantie, la protection des donn\u00e9es et la confidentialit\u00e9 ainsi que l'int\u00e9grit\u00e9 des donn\u00e9es doivent \u00eatre assur\u00e9es.<\/p>\n<ol>\n<li><em><strong>Disponibilit\u00e9 du composant :<\/strong> <\/em>Dans le pire des cas, un composant technique ou un appareil tombe en panne. Si l'appareil de radiographie tombe en panne pendant une op\u00e9ration et que le chirurgien ne trouve plus la sonde introduite dans le corps du patient, c'est un probl\u00e8me. C'est pourquoi il est important de d\u00e9finir des mesures \u00e0 l'avance et d'avoir un plan B dans sa poche : Si le respirateur tombe en panne pendant l'op\u00e9ration, le patient doit \u00eatre ventil\u00e9 manuellement (ventilation par sac et masque).<\/li>\n<li><strong><em>prot\u00e9ger les donn\u00e9es et garantir la confidentialit\u00e9 :<\/em><\/strong> Seules les personnes autoris\u00e9es doivent avoir acc\u00e8s aux donn\u00e9es sensibles dans le domaine de la sant\u00e9. Pour y parvenir, une mesure peut consister \u00e0 placer le syst\u00e8me informatique au c\u0153ur de l'administration, de sorte que les visiteurs ne puissent pas voir les \u00e9crans. En outre, il est important de prot\u00e9ger les donn\u00e9es par des mots de passe afin de n'autoriser l'acc\u00e8s qu'aux personnes autoris\u00e9es et de transmettre et, id\u00e9alement, de stocker les donn\u00e9es sous forme crypt\u00e9e.<\/li>\n<li><strong><em>l'int\u00e9grit\u00e9 des donn\u00e9es :<\/em> <\/strong>Dans ce cas, il faut s'assurer que les donn\u00e9es obtenues \u00e0 l'aide de l'informatique sont correctes et qu'elles sont \u00e9galement affich\u00e9es correctement. Dans les laboratoires, par exemple, les lignes de test pour l'analyse des \u00e9chantillons de sang sont command\u00e9es automatiquement. Les diagnostics et les th\u00e9rapies reposent sur les r\u00e9sultats des analyses de sang, qui doivent absolument \u00eatre corrects. Pour s'en assurer, l'une des possibilit\u00e9s consiste \u00e0 tester les \u00e9chantillons en parall\u00e8le dans deux syst\u00e8mes en m\u00eame temps, afin de comparer les r\u00e9sultats. Le double \u00e9chantillonnage peut ainsi garantir l'int\u00e9grit\u00e9 des donn\u00e9es. Un autre exemple de leur importance : les fiches de donn\u00e9es et les informations doivent \u00eatre attribu\u00e9es au bon patient, afin d'\u00e9viter l'amputation d'un mauvais membre ou l'administration d'un mauvais m\u00e9dicament. Ou dans le cas d'appareils portables qui mesurent par exemple la glyc\u00e9mie d'un diab\u00e9tique via des capteurs sur la peau et dont les valeurs permettent au patient de s'injecter son insuline : Dans ce cas, les donn\u00e9es correctes doivent \u00eatre repr\u00e9sent\u00e9es correctement.<\/li>\n<\/ol>\n<p>Les probl\u00e8mes dans ces trois domaines, et donc la cause des erreurs, se situent souvent dans les proc\u00e9dures. Ceux-ci doivent \u00eatre concr\u00e9tis\u00e9s afin de minimiser la probabilit\u00e9 d'un dommage ou d'en r\u00e9duire l'impact.<\/p>\n<p>En r\u00e8gle g\u00e9n\u00e9rale, pour que la s\u00e9curit\u00e9 informatique fonctionne, elle doit \u00eatre prise en compte \u00e0 la fois dans la fabrication et dans l'exploitation ult\u00e9rieure d'un produit. Un produit s\u00fbr doit donc d'abord \u00eatre con\u00e7u et fabriqu\u00e9, puis exploit\u00e9 de mani\u00e8re s\u00fbre. Pour cela, les fonctions et sp\u00e9cifications de base sont aussi importantes que le personnel comp\u00e9tent qui travaille avec les appareils.<\/p>\n<p>Le manque de savoir-faire de l'informatique constitue souvent un probl\u00e8me majeur. Dans de nombreuses entreprises et organisations, celle-ci est consid\u00e9r\u00e9e en premier lieu comme un facteur de co\u00fbts et les ressources dont elle est dot\u00e9e sont donc limit\u00e9es. De plus, le crit\u00e8re d'\u00e9valuation est g\u00e9n\u00e9ralement de savoir si l'informatique fonctionne. On ne se soucie pas de savoir si les technologies utilis\u00e9es ouvrent \u00e9ventuellement la porte \u00e0 des abus : Car ce qui est possible ne doit pas toujours l'\u00eatre. Par exemple, lorsque l'enfant de 12 ans qui s'ennuie et qui a une jambe cass\u00e9e peut pirater le r\u00e9seau sans fil et consulter les documents du m\u00e9decin-chef. Pour \u00e9viter cela, l'informatique doit \u00eatre exploit\u00e9e de mani\u00e8re s\u00fbre et conna\u00eetre et respecter les consignes du fabricant.<\/p>\n<p><strong>Syst\u00e8me de gestion des risques avec un niveau de s\u00e9curit\u00e9 conscient<\/strong><\/p>\n<p>En raison du danger pour la vie et l'int\u00e9grit\u00e9 corporelle, le risque est plus \u00e9lev\u00e9 dans l'informatique m\u00e9dicale que dans d'autres secteurs. Mais la s\u00e9curit\u00e9 \u00e0 100 % n'existe pas. C'est pourquoi il est important de prot\u00e9ger l'informatique contre les dangers courants. Les sc\u00e9narios de dommages envisageables sont par exemple une panne de courant, un tremblement de terre, un incendie, une inondation ou une attaque de pirates informatiques.<\/p>\n<p>Pour mettre en place un syst\u00e8me de gestion des risques, il faut d\u00e9finir ces menaces, les \u00e9valuer et d\u00e9terminer leur probabilit\u00e9 d'occurrence. Les cons\u00e9quences sont ensuite analys\u00e9es et \u00e9valu\u00e9es, de sorte qu'il est possible de d\u00e9cider quels risques peuvent \u00eatre accept\u00e9s et quelles mesures peuvent \u00eatre prises pour les minimiser. De cette mani\u00e8re, un niveau de s\u00e9curit\u00e9 conscient peut \u00eatre d\u00e9fini et les mesures permettent d'atteindre le niveau de s\u00e9curit\u00e9 informatique vis\u00e9.<\/p>\n<p><strong>Conclusion <\/strong><\/p>\n<p>La question centrale pour obtenir une s\u00e9curit\u00e9 informatique dans le secteur de la sant\u00e9 est de savoir contre quelles menaces on veut se prot\u00e9ger. Si la situation est claire, les dangers doivent \u00eatre d\u00e9finis dans une analyse des risques, \u00e9valu\u00e9s et contr\u00e9s par des contre-mesures appropri\u00e9es. En outre, le service informatique doit disposer du savoir-faire et conna\u00eetre les exigences techniques pour pouvoir exploiter l'infrastructure en toute s\u00e9curit\u00e9.<\/p>\n<p><em>Auteur : Randolf-Heiko Skerka, responsable du secteur Gestion des SI,\u00a0<a href=\"https:\/\/www.src-gmbh.de\">SRC GmbH<\/a><\/em><\/p>\n<blockquote>\n<p><strong>Conf\u00e9rence \"Information Security in Healthcare\" (S\u00e9curit\u00e9 de l'information dans le secteur de la sant\u00e9)<\/strong> \u00e0 Rotkreuz LU<\/p>\n<p>Le jeudi 12 ao\u00fbt 2020 aura lieu la sixi\u00e8me \u00e9dition de la conf\u00e9rence Information Security in Healthcare. L'\u00e9dition de cette ann\u00e9e sera consacr\u00e9e au th\u00e8me \"Pr\u00e9venir les maladies li\u00e9es aux donn\u00e9es de sant\u00e9\". L'\u00e9v\u00e9nement sera l'occasion d'\u00e9changer des connaissances avec d'autres professionnels sur le th\u00e8me de la s\u00e9curit\u00e9 des donn\u00e9es dans le domaine de la sant\u00e9.<\/p>\n<p>Pour la premi\u00e8re fois, la conf\u00e9rence aura lieu sur le nouveau campus de la Haute \u00e9cole de Lucerne \u00e0 Rotkreuz.<\/p>\n<p>Infos : <a href=\"https:\/\/www.infosec-health.ch\/\">www.infosec-health.ch<\/a><\/p>\n<\/blockquote>","protected":false},"excerpt":{"rendered":"<p>IT-Sicherheit wird im Bereich der kritischen Infrastrukturen teilweise noch sehr stiefm\u00fctterlich behandelt. Besonders brisant ist das Thema im Gesundheitswesen. Denn eine fehlerhafte, angreifbare oder schlicht nicht zur Verf\u00fcgung stehende IT-basierte Technologie kann hier schnell zu Personensch\u00e4den f\u00fchren. IT-Sicherheit im Gesundheitswesen tangiert vor allem zwei konkrete Bereiche: Zum einen betrifft sie die reinen Verwaltungsdaten, also Informationen [&hellip;]<\/p>\n","protected":false},"author":8,"featured_media":9372,"comment_status":"closed","ping_status":"closed","sticky":false,"template":"","format":"standard","meta":{"_acf_changed":false,"pgc_sgb_lightbox_settings":"","footnotes":""},"categories":[3313],"tags":[656,63],"class_list":["post-9371","post","type-post","status-publish","format-standard","has-post-thumbnail","hentry","category-digitalisierung","tag-information-security-in-healthcare","tag-it-security"],"acf":[],"hkrextid":null,"publication":null,"issue":null,"workflow":null,"startPage":null,"spitzmarke":null,"_posts_by_tag_page_fields":{"widget_title":"","widget_tags":""},"_at_widget":"1","_yoast_wpseo_primary_category":"2","_yoast_wpseo_focuskw_text_input":"IT-Sicherheit im Gesundheitswesen","_yoast_wpseo_opengraph-image":null,"_yoast_wpseo_opengraph-description":null,"_yoast_wpseo_opengraph-title":null,"enclosure":null,"_yoast_wpseo_twitter-title":null,"_yoast_wpseo_twitter-description":null,"_yoast_wpseo_twitter-image":null,"_wp_old_slug":null,"_yoast_wpseo_title":null,"_yoast_wpseo_canonical":null,"yoast_head":"<!-- This site is optimized with the Yoast SEO plugin v27.5 - https:\/\/yoast.com\/product\/yoast-seo-wordpress\/ -->\n<title>IT-Sicherheit: Kr\u00e4nkelnde Systeme schaden den Patienten - Save<\/title>\n<meta name=\"description\" content=\"Die Gesundheitsbranche ist abh\u00e4ngig von einer sicheren IT. Demn\u00e4chst findet wieder die Information Security in Healthcare Conference in Rotkreuz LU statt.\" \/>\n<meta name=\"robots\" content=\"index, follow, max-snippet:-1, max-image-preview:large, max-video-preview:-1\" \/>\n<link rel=\"canonical\" href=\"https:\/\/news.save.ch\/fr\/it-sicherheit-kraenkelnde-systeme-schaden-den-patienten\/\" \/>\n<meta property=\"og:locale\" content=\"fr_FR\" \/>\n<meta property=\"og:type\" content=\"article\" \/>\n<meta property=\"og:title\" content=\"IT-Sicherheit: Kr\u00e4nkelnde Systeme schaden den Patienten - Save\" \/>\n<meta property=\"og:description\" content=\"Die Gesundheitsbranche ist abh\u00e4ngig von einer sicheren IT. Demn\u00e4chst findet wieder die Information Security in Healthcare Conference in Rotkreuz LU statt.\" \/>\n<meta property=\"og:url\" content=\"https:\/\/news.save.ch\/fr\/it-sicherheit-kraenkelnde-systeme-schaden-den-patienten\/\" \/>\n<meta property=\"og:site_name\" content=\"Save\" \/>\n<meta property=\"article:published_time\" content=\"2020-01-26T05:27:38+00:00\" \/>\n<meta property=\"article:modified_time\" content=\"2023-03-14T07:56:40+00:00\" \/>\n<meta property=\"og:image\" content=\"https:\/\/news.save.ch\/wp-content\/uploads\/2020\/01\/Depositphotos_137684314_s-2019.jpg\" \/>\n\t<meta property=\"og:image:width\" content=\"1000\" \/>\n\t<meta property=\"og:image:height\" content=\"667\" \/>\n\t<meta property=\"og:image:type\" content=\"image\/jpeg\" \/>\n<meta name=\"author\" content=\"Roger Str\u00e4ssle\" \/>\n<meta name=\"twitter:card\" content=\"summary_large_image\" \/>\n<meta name=\"twitter:label1\" content=\"\u00c9crit par\" \/>\n\t<meta name=\"twitter:data1\" content=\"Roger Str\u00e4ssle\" \/>\n\t<meta name=\"twitter:label2\" content=\"Dur\u00e9e de lecture estim\u00e9e\" \/>\n\t<meta name=\"twitter:data2\" content=\"5 minutes\" \/>\n<script type=\"application\/ld+json\" class=\"yoast-schema-graph\">{\"@context\":\"https:\\\/\\\/schema.org\",\"@graph\":[{\"@type\":\"Article\",\"@id\":\"https:\\\/\\\/news.save.ch\\\/it-sicherheit-kraenkelnde-systeme-schaden-den-patienten\\\/#article\",\"isPartOf\":{\"@id\":\"https:\\\/\\\/news.save.ch\\\/it-sicherheit-kraenkelnde-systeme-schaden-den-patienten\\\/\"},\"author\":{\"name\":\"Roger Str\u00e4ssle\",\"@id\":\"https:\\\/\\\/news.save.ch\\\/de\\\/#\\\/schema\\\/person\\\/d5022db048e0e2b9785c50e5b24da5aa\"},\"headline\":\"IT-Sicherheit: Kr\u00e4nkelnde Systeme schaden den Patienten\",\"datePublished\":\"2020-01-26T05:27:38+00:00\",\"dateModified\":\"2023-03-14T07:56:40+00:00\",\"mainEntityOfPage\":{\"@id\":\"https:\\\/\\\/news.save.ch\\\/it-sicherheit-kraenkelnde-systeme-schaden-den-patienten\\\/\"},\"wordCount\":962,\"publisher\":{\"@id\":\"https:\\\/\\\/news.save.ch\\\/de\\\/#organization\"},\"image\":{\"@id\":\"https:\\\/\\\/news.save.ch\\\/it-sicherheit-kraenkelnde-systeme-schaden-den-patienten\\\/#primaryimage\"},\"thumbnailUrl\":\"https:\\\/\\\/news.save.ch\\\/wp-content\\\/uploads\\\/2020\\\/01\\\/Depositphotos_137684314_s-2019.jpg\",\"keywords\":[\"Information Security in Healthcare\",\"IT-SECURITY\"],\"articleSection\":[\"DIGITALISIERUNG\"],\"inLanguage\":\"fr-FR\"},{\"@type\":\"WebPage\",\"@id\":\"https:\\\/\\\/news.save.ch\\\/it-sicherheit-kraenkelnde-systeme-schaden-den-patienten\\\/\",\"url\":\"https:\\\/\\\/news.save.ch\\\/it-sicherheit-kraenkelnde-systeme-schaden-den-patienten\\\/\",\"name\":\"IT-Sicherheit: Kr\u00e4nkelnde Systeme schaden den Patienten - Save\",\"isPartOf\":{\"@id\":\"https:\\\/\\\/news.save.ch\\\/de\\\/#website\"},\"primaryImageOfPage\":{\"@id\":\"https:\\\/\\\/news.save.ch\\\/it-sicherheit-kraenkelnde-systeme-schaden-den-patienten\\\/#primaryimage\"},\"image\":{\"@id\":\"https:\\\/\\\/news.save.ch\\\/it-sicherheit-kraenkelnde-systeme-schaden-den-patienten\\\/#primaryimage\"},\"thumbnailUrl\":\"https:\\\/\\\/news.save.ch\\\/wp-content\\\/uploads\\\/2020\\\/01\\\/Depositphotos_137684314_s-2019.jpg\",\"datePublished\":\"2020-01-26T05:27:38+00:00\",\"dateModified\":\"2023-03-14T07:56:40+00:00\",\"description\":\"Die Gesundheitsbranche ist abh\u00e4ngig von einer sicheren IT. Demn\u00e4chst findet wieder die Information Security in Healthcare Conference in Rotkreuz LU statt.\",\"breadcrumb\":{\"@id\":\"https:\\\/\\\/news.save.ch\\\/it-sicherheit-kraenkelnde-systeme-schaden-den-patienten\\\/#breadcrumb\"},\"inLanguage\":\"fr-FR\",\"potentialAction\":[{\"@type\":\"ReadAction\",\"target\":[\"https:\\\/\\\/news.save.ch\\\/it-sicherheit-kraenkelnde-systeme-schaden-den-patienten\\\/\"]}]},{\"@type\":\"ImageObject\",\"inLanguage\":\"fr-FR\",\"@id\":\"https:\\\/\\\/news.save.ch\\\/it-sicherheit-kraenkelnde-systeme-schaden-den-patienten\\\/#primaryimage\",\"url\":\"https:\\\/\\\/news.save.ch\\\/wp-content\\\/uploads\\\/2020\\\/01\\\/Depositphotos_137684314_s-2019.jpg\",\"contentUrl\":\"https:\\\/\\\/news.save.ch\\\/wp-content\\\/uploads\\\/2020\\\/01\\\/Depositphotos_137684314_s-2019.jpg\",\"width\":1000,\"height\":667,\"caption\":\"\u00a9 depositphotos, Giulio Fornasar\"},{\"@type\":\"BreadcrumbList\",\"@id\":\"https:\\\/\\\/news.save.ch\\\/it-sicherheit-kraenkelnde-systeme-schaden-den-patienten\\\/#breadcrumb\",\"itemListElement\":[{\"@type\":\"ListItem\",\"position\":1,\"name\":\"Home\",\"item\":\"https:\\\/\\\/news.save.ch\\\/de\\\/\"},{\"@type\":\"ListItem\",\"position\":2,\"name\":\"IT-Sicherheit: Kr\u00e4nkelnde Systeme schaden den Patienten\"}]},{\"@type\":\"WebSite\",\"@id\":\"https:\\\/\\\/news.save.ch\\\/de\\\/#website\",\"url\":\"https:\\\/\\\/news.save.ch\\\/de\\\/\",\"name\":\"Save\",\"description\":\"Schweizer Fachzeitschrift f\u00fcr Sicherheit\",\"publisher\":{\"@id\":\"https:\\\/\\\/news.save.ch\\\/de\\\/#organization\"},\"potentialAction\":[{\"@type\":\"SearchAction\",\"target\":{\"@type\":\"EntryPoint\",\"urlTemplate\":\"https:\\\/\\\/news.save.ch\\\/de\\\/?s={search_term_string}\"},\"query-input\":{\"@type\":\"PropertyValueSpecification\",\"valueRequired\":true,\"valueName\":\"search_term_string\"}}],\"inLanguage\":\"fr-FR\"},{\"@type\":\"Organization\",\"@id\":\"https:\\\/\\\/news.save.ch\\\/de\\\/#organization\",\"name\":\"Sicherheitsforum\",\"url\":\"https:\\\/\\\/news.save.ch\\\/de\\\/\",\"logo\":{\"@type\":\"ImageObject\",\"inLanguage\":\"fr-FR\",\"@id\":\"https:\\\/\\\/news.save.ch\\\/de\\\/#\\\/schema\\\/logo\\\/image\\\/\",\"url\":\"https:\\\/\\\/news.save.ch\\\/wp-content\\\/uploads\\\/2022\\\/06\\\/Logo_SF_2012.png\",\"contentUrl\":\"https:\\\/\\\/news.save.ch\\\/wp-content\\\/uploads\\\/2022\\\/06\\\/Logo_SF_2012.png\",\"width\":1100,\"height\":91,\"caption\":\"Sicherheitsforum\"},\"image\":{\"@id\":\"https:\\\/\\\/news.save.ch\\\/de\\\/#\\\/schema\\\/logo\\\/image\\\/\"}},{\"@type\":\"Person\",\"@id\":\"https:\\\/\\\/news.save.ch\\\/de\\\/#\\\/schema\\\/person\\\/d5022db048e0e2b9785c50e5b24da5aa\",\"name\":\"Roger Str\u00e4ssle\",\"image\":{\"@type\":\"ImageObject\",\"inLanguage\":\"fr-FR\",\"@id\":\"https:\\\/\\\/secure.gravatar.com\\\/avatar\\\/862a5569d087de48e5856e32f45d719a03804c891d6deb8d4f71a660e79e4a47?s=96&d=mm&r=g\",\"url\":\"https:\\\/\\\/secure.gravatar.com\\\/avatar\\\/862a5569d087de48e5856e32f45d719a03804c891d6deb8d4f71a660e79e4a47?s=96&d=mm&r=g\",\"contentUrl\":\"https:\\\/\\\/secure.gravatar.com\\\/avatar\\\/862a5569d087de48e5856e32f45d719a03804c891d6deb8d4f71a660e79e4a47?s=96&d=mm&r=g\",\"caption\":\"Roger Str\u00e4ssle\"},\"url\":\"https:\\\/\\\/news.save.ch\\\/fr\\\/author\\\/roger-straessle\\\/\"}]}<\/script>\n<!-- \/ Yoast SEO plugin. -->","yoast_head_json":{"title":"S\u00e9curit\u00e9 informatique : les syst\u00e8mes d\u00e9faillants nuisent aux patients - Save","description":"Le secteur de la sant\u00e9 d\u00e9pend d'une informatique s\u00fbre. Prochainement, l'Information Security in Healthcare Conference se tiendra \u00e0 nouveau \u00e0 Rotkreuz LU.","robots":{"index":"index","follow":"follow","max-snippet":"max-snippet:-1","max-image-preview":"max-image-preview:large","max-video-preview":"max-video-preview:-1"},"canonical":"https:\/\/news.save.ch\/fr\/it-sicherheit-kraenkelnde-systeme-schaden-den-patienten\/","og_locale":"fr_FR","og_type":"article","og_title":"IT-Sicherheit: Kr\u00e4nkelnde Systeme schaden den Patienten - Save","og_description":"Die Gesundheitsbranche ist abh\u00e4ngig von einer sicheren IT. Demn\u00e4chst findet wieder die Information Security in Healthcare Conference in Rotkreuz LU statt.","og_url":"https:\/\/news.save.ch\/fr\/it-sicherheit-kraenkelnde-systeme-schaden-den-patienten\/","og_site_name":"Save","article_published_time":"2020-01-26T05:27:38+00:00","article_modified_time":"2023-03-14T07:56:40+00:00","og_image":[{"width":1000,"height":667,"url":"https:\/\/news.save.ch\/wp-content\/uploads\/2020\/01\/Depositphotos_137684314_s-2019.jpg","type":"image\/jpeg"}],"author":"Roger Str\u00e4ssle","twitter_card":"summary_large_image","twitter_misc":{"\u00c9crit par":"Roger Str\u00e4ssle","Dur\u00e9e de lecture estim\u00e9e":"5 minutes"},"schema":{"@context":"https:\/\/schema.org","@graph":[{"@type":"Article","@id":"https:\/\/news.save.ch\/it-sicherheit-kraenkelnde-systeme-schaden-den-patienten\/#article","isPartOf":{"@id":"https:\/\/news.save.ch\/it-sicherheit-kraenkelnde-systeme-schaden-den-patienten\/"},"author":{"name":"Roger Str\u00e4ssle","@id":"https:\/\/news.save.ch\/de\/#\/schema\/person\/d5022db048e0e2b9785c50e5b24da5aa"},"headline":"IT-Sicherheit: Kr\u00e4nkelnde Systeme schaden den Patienten","datePublished":"2020-01-26T05:27:38+00:00","dateModified":"2023-03-14T07:56:40+00:00","mainEntityOfPage":{"@id":"https:\/\/news.save.ch\/it-sicherheit-kraenkelnde-systeme-schaden-den-patienten\/"},"wordCount":962,"publisher":{"@id":"https:\/\/news.save.ch\/de\/#organization"},"image":{"@id":"https:\/\/news.save.ch\/it-sicherheit-kraenkelnde-systeme-schaden-den-patienten\/#primaryimage"},"thumbnailUrl":"https:\/\/news.save.ch\/wp-content\/uploads\/2020\/01\/Depositphotos_137684314_s-2019.jpg","keywords":["Information Security in Healthcare","IT-SECURITY"],"articleSection":["DIGITALISIERUNG"],"inLanguage":"fr-FR"},{"@type":"WebPage","@id":"https:\/\/news.save.ch\/it-sicherheit-kraenkelnde-systeme-schaden-den-patienten\/","url":"https:\/\/news.save.ch\/it-sicherheit-kraenkelnde-systeme-schaden-den-patienten\/","name":"S\u00e9curit\u00e9 informatique : les syst\u00e8mes d\u00e9faillants nuisent aux patients - Save","isPartOf":{"@id":"https:\/\/news.save.ch\/de\/#website"},"primaryImageOfPage":{"@id":"https:\/\/news.save.ch\/it-sicherheit-kraenkelnde-systeme-schaden-den-patienten\/#primaryimage"},"image":{"@id":"https:\/\/news.save.ch\/it-sicherheit-kraenkelnde-systeme-schaden-den-patienten\/#primaryimage"},"thumbnailUrl":"https:\/\/news.save.ch\/wp-content\/uploads\/2020\/01\/Depositphotos_137684314_s-2019.jpg","datePublished":"2020-01-26T05:27:38+00:00","dateModified":"2023-03-14T07:56:40+00:00","description":"Le secteur de la sant\u00e9 d\u00e9pend d'une informatique s\u00fbre. Prochainement, l'Information Security in Healthcare Conference se tiendra \u00e0 nouveau \u00e0 Rotkreuz LU.","breadcrumb":{"@id":"https:\/\/news.save.ch\/it-sicherheit-kraenkelnde-systeme-schaden-den-patienten\/#breadcrumb"},"inLanguage":"fr-FR","potentialAction":[{"@type":"ReadAction","target":["https:\/\/news.save.ch\/it-sicherheit-kraenkelnde-systeme-schaden-den-patienten\/"]}]},{"@type":"ImageObject","inLanguage":"fr-FR","@id":"https:\/\/news.save.ch\/it-sicherheit-kraenkelnde-systeme-schaden-den-patienten\/#primaryimage","url":"https:\/\/news.save.ch\/wp-content\/uploads\/2020\/01\/Depositphotos_137684314_s-2019.jpg","contentUrl":"https:\/\/news.save.ch\/wp-content\/uploads\/2020\/01\/Depositphotos_137684314_s-2019.jpg","width":1000,"height":667,"caption":"\u00a9 depositphotos, Giulio Fornasar"},{"@type":"BreadcrumbList","@id":"https:\/\/news.save.ch\/it-sicherheit-kraenkelnde-systeme-schaden-den-patienten\/#breadcrumb","itemListElement":[{"@type":"ListItem","position":1,"name":"Home","item":"https:\/\/news.save.ch\/de\/"},{"@type":"ListItem","position":2,"name":"IT-Sicherheit: Kr\u00e4nkelnde Systeme schaden den Patienten"}]},{"@type":"WebSite","@id":"https:\/\/news.save.ch\/de\/#website","url":"https:\/\/news.save.ch\/de\/","name":"Save","description":"Revue suisse sp\u00e9cialis\u00e9e dans la s\u00e9curit\u00e9","publisher":{"@id":"https:\/\/news.save.ch\/de\/#organization"},"potentialAction":[{"@type":"SearchAction","target":{"@type":"EntryPoint","urlTemplate":"https:\/\/news.save.ch\/de\/?s={search_term_string}"},"query-input":{"@type":"PropertyValueSpecification","valueRequired":true,"valueName":"search_term_string"}}],"inLanguage":"fr-FR"},{"@type":"Organization","@id":"https:\/\/news.save.ch\/de\/#organization","name":"Forum sur la s\u00e9curit\u00e9","url":"https:\/\/news.save.ch\/de\/","logo":{"@type":"ImageObject","inLanguage":"fr-FR","@id":"https:\/\/news.save.ch\/de\/#\/schema\/logo\/image\/","url":"https:\/\/news.save.ch\/wp-content\/uploads\/2022\/06\/Logo_SF_2012.png","contentUrl":"https:\/\/news.save.ch\/wp-content\/uploads\/2022\/06\/Logo_SF_2012.png","width":1100,"height":91,"caption":"Sicherheitsforum"},"image":{"@id":"https:\/\/news.save.ch\/de\/#\/schema\/logo\/image\/"}},{"@type":"Person","@id":"https:\/\/news.save.ch\/de\/#\/schema\/person\/d5022db048e0e2b9785c50e5b24da5aa","name":"Roger Str\u00e4ssle","image":{"@type":"ImageObject","inLanguage":"fr-FR","@id":"https:\/\/secure.gravatar.com\/avatar\/862a5569d087de48e5856e32f45d719a03804c891d6deb8d4f71a660e79e4a47?s=96&d=mm&r=g","url":"https:\/\/secure.gravatar.com\/avatar\/862a5569d087de48e5856e32f45d719a03804c891d6deb8d4f71a660e79e4a47?s=96&d=mm&r=g","contentUrl":"https:\/\/secure.gravatar.com\/avatar\/862a5569d087de48e5856e32f45d719a03804c891d6deb8d4f71a660e79e4a47?s=96&d=mm&r=g","caption":"Roger Str\u00e4ssle"},"url":"https:\/\/news.save.ch\/fr\/author\/roger-straessle\/"}]}},"_links":{"self":[{"href":"https:\/\/news.save.ch\/fr\/wp-json\/wp\/v2\/posts\/9371","targetHints":{"allow":["GET"]}}],"collection":[{"href":"https:\/\/news.save.ch\/fr\/wp-json\/wp\/v2\/posts"}],"about":[{"href":"https:\/\/news.save.ch\/fr\/wp-json\/wp\/v2\/types\/post"}],"author":[{"embeddable":true,"href":"https:\/\/news.save.ch\/fr\/wp-json\/wp\/v2\/users\/8"}],"replies":[{"embeddable":true,"href":"https:\/\/news.save.ch\/fr\/wp-json\/wp\/v2\/comments?post=9371"}],"version-history":[{"count":1,"href":"https:\/\/news.save.ch\/fr\/wp-json\/wp\/v2\/posts\/9371\/revisions"}],"predecessor-version":[{"id":17349,"href":"https:\/\/news.save.ch\/fr\/wp-json\/wp\/v2\/posts\/9371\/revisions\/17349"}],"wp:featuredmedia":[{"embeddable":true,"href":"https:\/\/news.save.ch\/fr\/wp-json\/wp\/v2\/media\/9372"}],"wp:attachment":[{"href":"https:\/\/news.save.ch\/fr\/wp-json\/wp\/v2\/media?parent=9371"}],"wp:term":[{"taxonomy":"category","embeddable":true,"href":"https:\/\/news.save.ch\/fr\/wp-json\/wp\/v2\/categories?post=9371"},{"taxonomy":"post_tag","embeddable":true,"href":"https:\/\/news.save.ch\/fr\/wp-json\/wp\/v2\/tags?post=9371"}],"curies":[{"name":"wp","href":"https:\/\/api.w.org\/{rel}","templated":true}]}}