{"id":9404,"date":"2020-01-29T13:20:08","date_gmt":"2020-01-29T12:20:08","guid":{"rendered":"https:\/\/news.save.ch\/?p=9404"},"modified":"2023-03-14T08:58:56","modified_gmt":"2023-03-14T07:58:56","slug":"pilotprojekt-fuer-mobile-kommunikation-in-krisenlagen","status":null,"type":"post","link":"https:\/\/news.save.ch\/fr\/pilotprojekt-fuer-mobile-kommunikation-in-krisenlagen\/","title":{"rendered":"Pour que la police &amp; Co. puissent communiquer en situation de crise"},"content":{"rendered":"<figure id=\"attachment_7807\" aria-describedby=\"caption-attachment-7807\" style=\"width: 680px\" class=\"wp-caption aligncenter\"><img loading=\"lazy\" decoding=\"async\" class=\"wp-image-7807 size-medium\" src=\"https:\/\/news.save.ch\/wp-content\/uploads\/2019\/03\/11_zoneartisanale_RL-scaled-1.jpg\" alt=\"Communication de s\u00e9curit\u00e9\" width=\"680\" height=\"383\" \/><figcaption id=\"caption-attachment-7807\" class=\"wp-caption-text\">Photo : iDEALP<\/figcaption><\/figure>\n<p>La police, les pompiers, les services sanitaires, les exploitants d'infrastructures critiques et d'autres organisations de protection de la population doivent pouvoir \u00e9changer de grandes quantit\u00e9s de donn\u00e9es de mani\u00e8re mobile. Et ce, m\u00eame lorsque les r\u00e9seaux de t\u00e9l\u00e9phonie mobile existants sont surcharg\u00e9s ou endommag\u00e9s - par exemple apr\u00e8s une catastrophe naturelle ou un attentat terroriste. Un syst\u00e8me uniforme garantissant la communication mobile de s\u00e9curit\u00e9 \u00e0 large bande pour la Conf\u00e9d\u00e9ration, les cantons et les tiers dans toutes les situations fait actuellement d\u00e9faut en Suisse, comme l'a r\u00e9cemment fait savoir le Conseil f\u00e9d\u00e9ral.<\/p>\n<p>Sur mandat du d\u00e9partement de la conseill\u00e8re f\u00e9d\u00e9rale Amherd, l'Office f\u00e9d\u00e9ral de la protection de la population (OFPP) a proc\u00e9d\u00e9 \u00e0 des clarifications : Celles-ci ont montr\u00e9 qu'un syst\u00e8me mobile de communication de s\u00e9curit\u00e9 \u00e0 large bande (MSK) est consid\u00e9r\u00e9 comme urgent par tous les services impliqu\u00e9s, donc \u00e9galement par les cantons int\u00e9ress\u00e9s, et que la disposition \u00e0 collaborer est \u00e9lev\u00e9e, indique le communiqu\u00e9 du Conseil f\u00e9d\u00e9ral. Diff\u00e9rentes organisations travailleraient d\u00e9j\u00e0 \u00e0 des solutions ponctuelles. Pour parvenir \u00e0 une solution uniforme \u00e0 l'\u00e9chelle de la Suisse, il est indispensable de coordonner les approches de solution, pr\u00e9cise le gouvernement.<\/p>\n<p><strong>Projet pilote pour un syst\u00e8me de communication de s\u00e9curit\u00e9 dans toute la Suisse <\/strong><\/p>\n<p>Dans le but d'acqu\u00e9rir de nouvelles connaissances et d'\u00e9changer des exp\u00e9riences, de plausibiliser et de valider les r\u00e9sultats techniques et conceptuels ainsi que de consolider les diff\u00e9rentes exigences des futurs utilisateurs, le D\u00e9partement de la d\u00e9fense, sous la direction de l'OFPP, r\u00e9alisera, selon le Conseil f\u00e9d\u00e9ral, un projet pilote pour un MSK \u00e0 l'\u00e9chelle nationale entre 2020 et 2023. Des services f\u00e9d\u00e9raux et cantonaux, surtout dans le domaine du sauvetage et de la s\u00e9curit\u00e9, seront impliqu\u00e9s. Mais l'Office f\u00e9d\u00e9ral de la police, le Service de renseignement de la Conf\u00e9d\u00e9ration et d'autres offices f\u00e9d\u00e9raux ainsi que les exploitants d'infrastructures critiques int\u00e9ress\u00e9s et les op\u00e9rateurs publics de t\u00e9l\u00e9phonie mobile seraient \u00e9galement impliqu\u00e9s.<\/p>\n<p>Un MSK doit utiliser les infrastructures existantes et planifi\u00e9es des op\u00e9rateurs publics de t\u00e9l\u00e9phonie mobile ainsi que des organisations partenaires de la protection de la population et les compl\u00e9ter par des \u00e9l\u00e9ments s\u00fbrs et r\u00e9sistants aux crises, de mani\u00e8re \u00e0 garantir la communication mobile de donn\u00e9es pour la Conf\u00e9d\u00e9ration, les cantons et les tiers dans toutes les situations.<\/p>\n<p><strong>Un gain de s\u00e9curit\u00e9 suppl\u00e9mentaire<\/strong><\/p>\n<p>Un syst\u00e8me de communication de s\u00e9curit\u00e9 mobile \u00e0 large bande permettrait d'ajouter une communication de donn\u00e9es mobile s\u00e9curis\u00e9e au syst\u00e8me national de donn\u00e9es s\u00e9curis\u00e9 (SDVS) d\u00e9cid\u00e9 par le Parlement en septembre 2019 et au syst\u00e8me radio de s\u00e9curit\u00e9 Polycom existant, souligne la Conf\u00e9d\u00e9ration dans son communiqu\u00e9. Cela permettrait de r\u00e9aliser un gain de s\u00e9curit\u00e9 suppl\u00e9mentaire, car les organisations \u00e0 gyrophare bleu, notamment, pourraient mieux assumer leurs t\u00e2ches, m\u00eame en cas de catastrophe ou d'attentat terroriste, est-il pr\u00e9cis\u00e9.<\/p>\n<p>Selon le Conseil f\u00e9d\u00e9ral, la r\u00e9glementation des comp\u00e9tences et la r\u00e9partition des t\u00e2ches entre la Conf\u00e9d\u00e9ration, les cantons et les exploitants d'infrastructures critiques ainsi que la r\u00e9partition des co\u00fbts d'un futur MSK \u00e0 l'\u00e9chelle nationale sont explicitement prises en compte dans la r\u00e9vision totale de la loi f\u00e9d\u00e9rale sur la protection de la population et sur la protection civile d\u00e9cid\u00e9e par le Parlement en d\u00e9cembre 2019. En outre, la r\u00e9vision de la loi sur les t\u00e9l\u00e9communications a d\u00e9j\u00e0 \u00e9tabli que les communications de s\u00e9curit\u00e9 doivent \u00eatre disponibles dans toutes les situations, a-t-il ajout\u00e9.<\/p>\n<p>Le DDPS soumettra au Conseil f\u00e9d\u00e9ral, au plus tard d'ici fin 2023, une proposition sur la marche \u00e0 suivre, conclut le communiqu\u00e9.<\/p>\n<p><em>Source : Bund<\/em><\/p>\n<p>&nbsp;<\/p>\n<p>&nbsp;<\/p>","protected":false},"excerpt":{"rendered":"<p>Polizei, Feuerwehr, Sanit\u00e4t, die Betreiber kritischer Infrastrukturen und weitere Organisationen des Bev\u00f6lkerungsschutzes m\u00fcssen gr\u00f6ssere Datenmengen mobil austauschen k\u00f6nnen. Und zwar auch dann, wenn die bestehenden Mobilfunknetze \u00fcberlastet oder besch\u00e4digt sind \u2013 beispielsweise nach Naturkatastrophen oder einem Terroranschlag. Ein einheitliches System, das die mobile breitbandige Sicherheitskommunikation f\u00fcr Bund, Kantone und Dritte in allen Lagen garantiert, fehlt [&hellip;]<\/p>\n","protected":false},"author":8,"featured_media":7807,"comment_status":"closed","ping_status":"closed","sticky":false,"template":"","format":"standard","meta":{"_acf_changed":false,"pgc_sgb_lightbox_settings":"","footnotes":""},"categories":[1,67,3312],"tags":[571,650,647,646,648,649],"class_list":["post-9404","post","type-post","status-publish","format-standard","has-post-thumbnail","hentry","category-allgemein","category-brandschutz","category-sicherheit","tag-bundesamt-fuer-bevoelkerungsschutz","tag-mobile-kommunikation","tag-mobilfunknetz","tag-msk","tag-sicherheitskommunikation","tag-sicherheitskommunikationssystem"],"acf":[],"hkrextid":null,"publication":null,"issue":null,"workflow":null,"startPage":null,"spitzmarke":null,"_posts_by_tag_page_fields":{"widget_title":"","widget_tags":""},"_at_widget":"1","_yoast_wpseo_primary_category":"1","_yoast_wpseo_focuskw_text_input":"Sicherheitskommunikation","_yoast_wpseo_opengraph-image":null,"_yoast_wpseo_opengraph-description":null,"_yoast_wpseo_opengraph-title":null,"enclosure":null,"_yoast_wpseo_twitter-title":null,"_yoast_wpseo_twitter-description":null,"_yoast_wpseo_twitter-image":null,"_wp_old_slug":null,"_yoast_wpseo_title":null,"_yoast_wpseo_canonical":null,"yoast_head":"<!-- This site is optimized with the Yoast SEO plugin v27.5 - https:\/\/yoast.com\/product\/yoast-seo-wordpress\/ -->\n<title>Damit Polizei &amp; Co. in Krisenlagen kommunzieren k\u00f6nnen - Save<\/title>\n<meta name=\"description\" content=\"Das Departement Amherd wird ein Pilotprojekt f\u00fcr ein mobiles breitbandiges Sicherheitskommunikationssystem durchzuf\u00fchren.\" \/>\n<meta name=\"robots\" content=\"index, follow, max-snippet:-1, max-image-preview:large, max-video-preview:-1\" \/>\n<link rel=\"canonical\" href=\"https:\/\/news.save.ch\/fr\/pilotprojekt-fuer-mobile-kommunikation-in-krisenlagen\/\" \/>\n<meta property=\"og:locale\" content=\"fr_FR\" \/>\n<meta property=\"og:type\" content=\"article\" \/>\n<meta property=\"og:title\" content=\"Damit Polizei &amp; Co. in Krisenlagen kommunzieren k\u00f6nnen - Save\" \/>\n<meta property=\"og:description\" content=\"Das Departement Amherd wird ein Pilotprojekt f\u00fcr ein mobiles breitbandiges Sicherheitskommunikationssystem durchzuf\u00fchren.\" \/>\n<meta property=\"og:url\" content=\"https:\/\/news.save.ch\/fr\/pilotprojekt-fuer-mobile-kommunikation-in-krisenlagen\/\" \/>\n<meta property=\"og:site_name\" content=\"Save\" \/>\n<meta property=\"article:published_time\" content=\"2020-01-29T12:20:08+00:00\" \/>\n<meta property=\"article:modified_time\" content=\"2023-03-14T07:58:56+00:00\" \/>\n<meta property=\"og:image\" content=\"https:\/\/news.save.ch\/wp-content\/uploads\/2019\/03\/11_zoneartisanale_RL-scaled-1-scaled.jpg\" \/>\n\t<meta property=\"og:image:width\" content=\"1400\" \/>\n\t<meta property=\"og:image:height\" content=\"788\" \/>\n\t<meta property=\"og:image:type\" content=\"image\/jpeg\" \/>\n<meta name=\"author\" content=\"Roger Str\u00e4ssle\" \/>\n<meta name=\"twitter:card\" content=\"summary_large_image\" \/>\n<meta name=\"twitter:label1\" content=\"\u00c9crit par\" \/>\n\t<meta name=\"twitter:data1\" content=\"Roger Str\u00e4ssle\" \/>\n\t<meta name=\"twitter:label2\" content=\"Dur\u00e9e de lecture estim\u00e9e\" \/>\n\t<meta name=\"twitter:data2\" content=\"2 minutes\" \/>\n<script type=\"application\/ld+json\" class=\"yoast-schema-graph\">{\"@context\":\"https:\\\/\\\/schema.org\",\"@graph\":[{\"@type\":\"Article\",\"@id\":\"https:\\\/\\\/news.save.ch\\\/pilotprojekt-fuer-mobile-kommunikation-in-krisenlagen\\\/#article\",\"isPartOf\":{\"@id\":\"https:\\\/\\\/news.save.ch\\\/pilotprojekt-fuer-mobile-kommunikation-in-krisenlagen\\\/\"},\"author\":{\"name\":\"Roger Str\u00e4ssle\",\"@id\":\"https:\\\/\\\/news.save.ch\\\/de\\\/#\\\/schema\\\/person\\\/d5022db048e0e2b9785c50e5b24da5aa\"},\"headline\":\"Damit Polizei &#038; Co. in Krisenlagen kommunzieren k\u00f6nnen\",\"datePublished\":\"2020-01-29T12:20:08+00:00\",\"dateModified\":\"2023-03-14T07:58:56+00:00\",\"mainEntityOfPage\":{\"@id\":\"https:\\\/\\\/news.save.ch\\\/pilotprojekt-fuer-mobile-kommunikation-in-krisenlagen\\\/\"},\"wordCount\":469,\"publisher\":{\"@id\":\"https:\\\/\\\/news.save.ch\\\/de\\\/#organization\"},\"image\":{\"@id\":\"https:\\\/\\\/news.save.ch\\\/pilotprojekt-fuer-mobile-kommunikation-in-krisenlagen\\\/#primaryimage\"},\"thumbnailUrl\":\"https:\\\/\\\/news.save.ch\\\/wp-content\\\/uploads\\\/2019\\\/03\\\/11_zoneartisanale_RL-scaled-1-scaled.jpg\",\"keywords\":[\"Bundesamt f\u00fcr Bev\u00f6lkerungsschutz\",\"mobile Kommunikation\",\"Mobilfunknetz\",\"MSK\",\"Sicherheitskommunikation\",\"Sicherheitskommunikationssystem\"],\"articleSection\":[\"ALLGEMEIN\",\"BRANDSCHUTZ\",\"SICHERHEIT\"],\"inLanguage\":\"fr-FR\"},{\"@type\":\"WebPage\",\"@id\":\"https:\\\/\\\/news.save.ch\\\/pilotprojekt-fuer-mobile-kommunikation-in-krisenlagen\\\/\",\"url\":\"https:\\\/\\\/news.save.ch\\\/pilotprojekt-fuer-mobile-kommunikation-in-krisenlagen\\\/\",\"name\":\"Damit Polizei & Co. in Krisenlagen kommunzieren k\u00f6nnen - Save\",\"isPartOf\":{\"@id\":\"https:\\\/\\\/news.save.ch\\\/de\\\/#website\"},\"primaryImageOfPage\":{\"@id\":\"https:\\\/\\\/news.save.ch\\\/pilotprojekt-fuer-mobile-kommunikation-in-krisenlagen\\\/#primaryimage\"},\"image\":{\"@id\":\"https:\\\/\\\/news.save.ch\\\/pilotprojekt-fuer-mobile-kommunikation-in-krisenlagen\\\/#primaryimage\"},\"thumbnailUrl\":\"https:\\\/\\\/news.save.ch\\\/wp-content\\\/uploads\\\/2019\\\/03\\\/11_zoneartisanale_RL-scaled-1-scaled.jpg\",\"datePublished\":\"2020-01-29T12:20:08+00:00\",\"dateModified\":\"2023-03-14T07:58:56+00:00\",\"description\":\"Das Departement Amherd wird ein Pilotprojekt f\u00fcr ein mobiles breitbandiges Sicherheitskommunikationssystem durchzuf\u00fchren.\",\"breadcrumb\":{\"@id\":\"https:\\\/\\\/news.save.ch\\\/pilotprojekt-fuer-mobile-kommunikation-in-krisenlagen\\\/#breadcrumb\"},\"inLanguage\":\"fr-FR\",\"potentialAction\":[{\"@type\":\"ReadAction\",\"target\":[\"https:\\\/\\\/news.save.ch\\\/pilotprojekt-fuer-mobile-kommunikation-in-krisenlagen\\\/\"]}]},{\"@type\":\"ImageObject\",\"inLanguage\":\"fr-FR\",\"@id\":\"https:\\\/\\\/news.save.ch\\\/pilotprojekt-fuer-mobile-kommunikation-in-krisenlagen\\\/#primaryimage\",\"url\":\"https:\\\/\\\/news.save.ch\\\/wp-content\\\/uploads\\\/2019\\\/03\\\/11_zoneartisanale_RL-scaled-1-scaled.jpg\",\"contentUrl\":\"https:\\\/\\\/news.save.ch\\\/wp-content\\\/uploads\\\/2019\\\/03\\\/11_zoneartisanale_RL-scaled-1-scaled.jpg\",\"width\":1400,\"height\":788,\"caption\":\"Nach heftigen Gewittern am 2. Juli 2018 schwoll die Navisence stark an und besch\u00e4digte die Ufer an diversen Stellen in den Gemeinden Anniviers und Chippis VS. In unmittelbarer Ufern\u00e4he kam es zu massiven Geschiebeablagerungen. (Foto: iDEALP)\"},{\"@type\":\"BreadcrumbList\",\"@id\":\"https:\\\/\\\/news.save.ch\\\/pilotprojekt-fuer-mobile-kommunikation-in-krisenlagen\\\/#breadcrumb\",\"itemListElement\":[{\"@type\":\"ListItem\",\"position\":1,\"name\":\"Home\",\"item\":\"https:\\\/\\\/news.save.ch\\\/de\\\/\"},{\"@type\":\"ListItem\",\"position\":2,\"name\":\"Damit Polizei &#038; Co. in Krisenlagen kommunzieren k\u00f6nnen\"}]},{\"@type\":\"WebSite\",\"@id\":\"https:\\\/\\\/news.save.ch\\\/de\\\/#website\",\"url\":\"https:\\\/\\\/news.save.ch\\\/de\\\/\",\"name\":\"Save\",\"description\":\"Schweizer Fachzeitschrift f\u00fcr Sicherheit\",\"publisher\":{\"@id\":\"https:\\\/\\\/news.save.ch\\\/de\\\/#organization\"},\"potentialAction\":[{\"@type\":\"SearchAction\",\"target\":{\"@type\":\"EntryPoint\",\"urlTemplate\":\"https:\\\/\\\/news.save.ch\\\/de\\\/?s={search_term_string}\"},\"query-input\":{\"@type\":\"PropertyValueSpecification\",\"valueRequired\":true,\"valueName\":\"search_term_string\"}}],\"inLanguage\":\"fr-FR\"},{\"@type\":\"Organization\",\"@id\":\"https:\\\/\\\/news.save.ch\\\/de\\\/#organization\",\"name\":\"Sicherheitsforum\",\"url\":\"https:\\\/\\\/news.save.ch\\\/de\\\/\",\"logo\":{\"@type\":\"ImageObject\",\"inLanguage\":\"fr-FR\",\"@id\":\"https:\\\/\\\/news.save.ch\\\/de\\\/#\\\/schema\\\/logo\\\/image\\\/\",\"url\":\"https:\\\/\\\/news.save.ch\\\/wp-content\\\/uploads\\\/2022\\\/06\\\/Logo_SF_2012.png\",\"contentUrl\":\"https:\\\/\\\/news.save.ch\\\/wp-content\\\/uploads\\\/2022\\\/06\\\/Logo_SF_2012.png\",\"width\":1100,\"height\":91,\"caption\":\"Sicherheitsforum\"},\"image\":{\"@id\":\"https:\\\/\\\/news.save.ch\\\/de\\\/#\\\/schema\\\/logo\\\/image\\\/\"}},{\"@type\":\"Person\",\"@id\":\"https:\\\/\\\/news.save.ch\\\/de\\\/#\\\/schema\\\/person\\\/d5022db048e0e2b9785c50e5b24da5aa\",\"name\":\"Roger Str\u00e4ssle\",\"image\":{\"@type\":\"ImageObject\",\"inLanguage\":\"fr-FR\",\"@id\":\"https:\\\/\\\/secure.gravatar.com\\\/avatar\\\/862a5569d087de48e5856e32f45d719a03804c891d6deb8d4f71a660e79e4a47?s=96&d=mm&r=g\",\"url\":\"https:\\\/\\\/secure.gravatar.com\\\/avatar\\\/862a5569d087de48e5856e32f45d719a03804c891d6deb8d4f71a660e79e4a47?s=96&d=mm&r=g\",\"contentUrl\":\"https:\\\/\\\/secure.gravatar.com\\\/avatar\\\/862a5569d087de48e5856e32f45d719a03804c891d6deb8d4f71a660e79e4a47?s=96&d=mm&r=g\",\"caption\":\"Roger Str\u00e4ssle\"},\"url\":\"https:\\\/\\\/news.save.ch\\\/fr\\\/author\\\/roger-straessle\\\/\"}]}<\/script>\n<!-- \/ Yoast SEO plugin. -->","yoast_head_json":{"title":"Pour que la police &amp; Co. puissent communiquer en situation de crise - Save","description":"Le d\u00e9partement Amherd va mener un projet pilote pour un syst\u00e8me de communication de s\u00e9curit\u00e9 mobile \u00e0 large bande.","robots":{"index":"index","follow":"follow","max-snippet":"max-snippet:-1","max-image-preview":"max-image-preview:large","max-video-preview":"max-video-preview:-1"},"canonical":"https:\/\/news.save.ch\/fr\/pilotprojekt-fuer-mobile-kommunikation-in-krisenlagen\/","og_locale":"fr_FR","og_type":"article","og_title":"Damit Polizei & Co. in Krisenlagen kommunzieren k\u00f6nnen - Save","og_description":"Das Departement Amherd wird ein Pilotprojekt f\u00fcr ein mobiles breitbandiges Sicherheitskommunikationssystem durchzuf\u00fchren.","og_url":"https:\/\/news.save.ch\/fr\/pilotprojekt-fuer-mobile-kommunikation-in-krisenlagen\/","og_site_name":"Save","article_published_time":"2020-01-29T12:20:08+00:00","article_modified_time":"2023-03-14T07:58:56+00:00","og_image":[{"width":1400,"height":788,"url":"https:\/\/news.save.ch\/wp-content\/uploads\/2019\/03\/11_zoneartisanale_RL-scaled-1-scaled.jpg","type":"image\/jpeg"}],"author":"Roger Str\u00e4ssle","twitter_card":"summary_large_image","twitter_misc":{"\u00c9crit par":"Roger Str\u00e4ssle","Dur\u00e9e de lecture estim\u00e9e":"2 minutes"},"schema":{"@context":"https:\/\/schema.org","@graph":[{"@type":"Article","@id":"https:\/\/news.save.ch\/pilotprojekt-fuer-mobile-kommunikation-in-krisenlagen\/#article","isPartOf":{"@id":"https:\/\/news.save.ch\/pilotprojekt-fuer-mobile-kommunikation-in-krisenlagen\/"},"author":{"name":"Roger Str\u00e4ssle","@id":"https:\/\/news.save.ch\/de\/#\/schema\/person\/d5022db048e0e2b9785c50e5b24da5aa"},"headline":"Damit Polizei &#038; Co. in Krisenlagen kommunzieren k\u00f6nnen","datePublished":"2020-01-29T12:20:08+00:00","dateModified":"2023-03-14T07:58:56+00:00","mainEntityOfPage":{"@id":"https:\/\/news.save.ch\/pilotprojekt-fuer-mobile-kommunikation-in-krisenlagen\/"},"wordCount":469,"publisher":{"@id":"https:\/\/news.save.ch\/de\/#organization"},"image":{"@id":"https:\/\/news.save.ch\/pilotprojekt-fuer-mobile-kommunikation-in-krisenlagen\/#primaryimage"},"thumbnailUrl":"https:\/\/news.save.ch\/wp-content\/uploads\/2019\/03\/11_zoneartisanale_RL-scaled-1-scaled.jpg","keywords":["Bundesamt f\u00fcr Bev\u00f6lkerungsschutz","mobile Kommunikation","Mobilfunknetz","MSK","Sicherheitskommunikation","Sicherheitskommunikationssystem"],"articleSection":["ALLGEMEIN","BRANDSCHUTZ","SICHERHEIT"],"inLanguage":"fr-FR"},{"@type":"WebPage","@id":"https:\/\/news.save.ch\/pilotprojekt-fuer-mobile-kommunikation-in-krisenlagen\/","url":"https:\/\/news.save.ch\/pilotprojekt-fuer-mobile-kommunikation-in-krisenlagen\/","name":"Pour que la police &amp; Co. puissent communiquer en situation de crise - Save","isPartOf":{"@id":"https:\/\/news.save.ch\/de\/#website"},"primaryImageOfPage":{"@id":"https:\/\/news.save.ch\/pilotprojekt-fuer-mobile-kommunikation-in-krisenlagen\/#primaryimage"},"image":{"@id":"https:\/\/news.save.ch\/pilotprojekt-fuer-mobile-kommunikation-in-krisenlagen\/#primaryimage"},"thumbnailUrl":"https:\/\/news.save.ch\/wp-content\/uploads\/2019\/03\/11_zoneartisanale_RL-scaled-1-scaled.jpg","datePublished":"2020-01-29T12:20:08+00:00","dateModified":"2023-03-14T07:58:56+00:00","description":"Le d\u00e9partement Amherd va mener un projet pilote pour un syst\u00e8me de communication de s\u00e9curit\u00e9 mobile \u00e0 large bande.","breadcrumb":{"@id":"https:\/\/news.save.ch\/pilotprojekt-fuer-mobile-kommunikation-in-krisenlagen\/#breadcrumb"},"inLanguage":"fr-FR","potentialAction":[{"@type":"ReadAction","target":["https:\/\/news.save.ch\/pilotprojekt-fuer-mobile-kommunikation-in-krisenlagen\/"]}]},{"@type":"ImageObject","inLanguage":"fr-FR","@id":"https:\/\/news.save.ch\/pilotprojekt-fuer-mobile-kommunikation-in-krisenlagen\/#primaryimage","url":"https:\/\/news.save.ch\/wp-content\/uploads\/2019\/03\/11_zoneartisanale_RL-scaled-1-scaled.jpg","contentUrl":"https:\/\/news.save.ch\/wp-content\/uploads\/2019\/03\/11_zoneartisanale_RL-scaled-1-scaled.jpg","width":1400,"height":788,"caption":"Nach heftigen Gewittern am 2. Juli 2018 schwoll die Navisence stark an und besch\u00e4digte die Ufer an diversen Stellen in den Gemeinden Anniviers und Chippis VS. In unmittelbarer Ufern\u00e4he kam es zu massiven Geschiebeablagerungen. (Foto: iDEALP)"},{"@type":"BreadcrumbList","@id":"https:\/\/news.save.ch\/pilotprojekt-fuer-mobile-kommunikation-in-krisenlagen\/#breadcrumb","itemListElement":[{"@type":"ListItem","position":1,"name":"Home","item":"https:\/\/news.save.ch\/de\/"},{"@type":"ListItem","position":2,"name":"Damit Polizei &#038; Co. in Krisenlagen kommunzieren k\u00f6nnen"}]},{"@type":"WebSite","@id":"https:\/\/news.save.ch\/de\/#website","url":"https:\/\/news.save.ch\/de\/","name":"Save","description":"Revue suisse sp\u00e9cialis\u00e9e dans la s\u00e9curit\u00e9","publisher":{"@id":"https:\/\/news.save.ch\/de\/#organization"},"potentialAction":[{"@type":"SearchAction","target":{"@type":"EntryPoint","urlTemplate":"https:\/\/news.save.ch\/de\/?s={search_term_string}"},"query-input":{"@type":"PropertyValueSpecification","valueRequired":true,"valueName":"search_term_string"}}],"inLanguage":"fr-FR"},{"@type":"Organization","@id":"https:\/\/news.save.ch\/de\/#organization","name":"Forum sur la s\u00e9curit\u00e9","url":"https:\/\/news.save.ch\/de\/","logo":{"@type":"ImageObject","inLanguage":"fr-FR","@id":"https:\/\/news.save.ch\/de\/#\/schema\/logo\/image\/","url":"https:\/\/news.save.ch\/wp-content\/uploads\/2022\/06\/Logo_SF_2012.png","contentUrl":"https:\/\/news.save.ch\/wp-content\/uploads\/2022\/06\/Logo_SF_2012.png","width":1100,"height":91,"caption":"Sicherheitsforum"},"image":{"@id":"https:\/\/news.save.ch\/de\/#\/schema\/logo\/image\/"}},{"@type":"Person","@id":"https:\/\/news.save.ch\/de\/#\/schema\/person\/d5022db048e0e2b9785c50e5b24da5aa","name":"Roger Str\u00e4ssle","image":{"@type":"ImageObject","inLanguage":"fr-FR","@id":"https:\/\/secure.gravatar.com\/avatar\/862a5569d087de48e5856e32f45d719a03804c891d6deb8d4f71a660e79e4a47?s=96&d=mm&r=g","url":"https:\/\/secure.gravatar.com\/avatar\/862a5569d087de48e5856e32f45d719a03804c891d6deb8d4f71a660e79e4a47?s=96&d=mm&r=g","contentUrl":"https:\/\/secure.gravatar.com\/avatar\/862a5569d087de48e5856e32f45d719a03804c891d6deb8d4f71a660e79e4a47?s=96&d=mm&r=g","caption":"Roger Str\u00e4ssle"},"url":"https:\/\/news.save.ch\/fr\/author\/roger-straessle\/"}]}},"_links":{"self":[{"href":"https:\/\/news.save.ch\/fr\/wp-json\/wp\/v2\/posts\/9404","targetHints":{"allow":["GET"]}}],"collection":[{"href":"https:\/\/news.save.ch\/fr\/wp-json\/wp\/v2\/posts"}],"about":[{"href":"https:\/\/news.save.ch\/fr\/wp-json\/wp\/v2\/types\/post"}],"author":[{"embeddable":true,"href":"https:\/\/news.save.ch\/fr\/wp-json\/wp\/v2\/users\/8"}],"replies":[{"embeddable":true,"href":"https:\/\/news.save.ch\/fr\/wp-json\/wp\/v2\/comments?post=9404"}],"version-history":[{"count":1,"href":"https:\/\/news.save.ch\/fr\/wp-json\/wp\/v2\/posts\/9404\/revisions"}],"predecessor-version":[{"id":17853,"href":"https:\/\/news.save.ch\/fr\/wp-json\/wp\/v2\/posts\/9404\/revisions\/17853"}],"wp:featuredmedia":[{"embeddable":true,"href":"https:\/\/news.save.ch\/fr\/wp-json\/wp\/v2\/media\/7807"}],"wp:attachment":[{"href":"https:\/\/news.save.ch\/fr\/wp-json\/wp\/v2\/media?parent=9404"}],"wp:term":[{"taxonomy":"category","embeddable":true,"href":"https:\/\/news.save.ch\/fr\/wp-json\/wp\/v2\/categories?post=9404"},{"taxonomy":"post_tag","embeddable":true,"href":"https:\/\/news.save.ch\/fr\/wp-json\/wp\/v2\/tags?post=9404"}],"curies":[{"name":"wp","href":"https:\/\/api.w.org\/{rel}","templated":true}]}}