{"id":9457,"date":"2020-02-10T06:00:54","date_gmt":"2020-02-10T05:00:54","guid":{"rendered":"https:\/\/news.save.ch\/?p=9457"},"modified":"2020-02-10T06:00:54","modified_gmt":"2020-02-10T05:00:54","slug":"ses-zeichnet-zahlreiche-nachwuchskraefte-aus","status":null,"type":"post","link":"https:\/\/news.save.ch\/fr\/ses-zeichnet-zahlreiche-nachwuchskraefte-aus\/","title":{"rendered":"SES r\u00e9compense de nombreux jeunes talents"},"content":{"rendered":"<figure id=\"attachment_9464\" aria-describedby=\"caption-attachment-9464\" style=\"width: 680px\" class=\"wp-caption aligncenter\"><img loading=\"lazy\" decoding=\"async\" class=\"size-medium wp-image-9464\" src=\"https:\/\/news.save.ch\/wp-content\/uploads\/2020\/02\/Bild-SES.jpg\" alt=\"\" width=\"680\" height=\"304\" srcset=\"https:\/\/news.save.ch\/wp-content\/uploads\/2020\/02\/Bild-SES.jpg 876w, https:\/\/news.save.ch\/wp-content\/uploads\/2020\/02\/Bild-SES-375x167.jpg 375w\" sizes=\"auto, (max-width: 680px) 100vw, 680px\" \/><figcaption id=\"caption-attachment-9464\" class=\"wp-caption-text\">Une rel\u00e8ve r\u00e9ussie pour le secteur de la s\u00e9curit\u00e9. Photo : R. Str\u00e4ssle<\/figcaption><\/figure>\n<p>Depuis quelques jours, Jannick Guler (24 ans) a son brevet de \"chef de projet pour les syst\u00e8mes de s\u00e9curit\u00e9\" en poche. Cela lui permet de diriger des projets de s\u00e9curit\u00e9, de la planification \u00e0 l'exploitation. Guler est employ\u00e9 par une <a href=\"https:\/\/www.sicher-ses.ch\/de\/\">SES<\/a>-membre de l'association. La direction de l'entreprise sp\u00e9cialis\u00e9e dans les techniques de s\u00e9curit\u00e9 lui a conseill\u00e9 de suivre la formation. Oui, il faut faire preuve d'engagement pendant la formation en cours d'emploi. Mais l'effort est r\u00e9alisable et en vaut la peine, dit le technicien syst\u00e8me. Gr\u00e2ce aux connaissances qu'il a acquises, il pourra l'ann\u00e9e prochaine acc\u00e9der \u00e0 la direction de projet chez son employeur. Une ascension qui commence !<\/p>\n<p><strong>28 f\u00e9licitations - un record<\/strong><\/p>\n<p>Comme Jannick Guler, 27 autres professionnels - il manque des femmes dans la discipline de la s\u00e9curit\u00e9 ou du feu - ont suivi la formation sp\u00e9cialis\u00e9e. Le site <a href=\"https:\/\/www.sicher-ses.ch\/de\/ausbildung\">Formation<\/a> est propos\u00e9 par l'Association suisse des constructeurs de syst\u00e8mes de s\u00e9curit\u00e9 (SES) en collaboration avec la Technische Fachschule Winterthur (STFW). Avec 28 dipl\u00f4m\u00e9s, la SES et le centre de formation STFW peuvent se targuer d'une participation record \u00e0 ce dixi\u00e8me cours. Le pr\u00e9sident de SES Peter Nebiker et ses coll\u00e8gues de la commission de formation SES et de l'\u00e9cole technique STFW s'en r\u00e9jouissent. Le 6 f\u00e9vrier 2020, ils ont pu remettre \u00e0 la Zunfthaus zur Saffran \u00e0 Zurich le dipl\u00f4me tant convoit\u00e9, le brevet f\u00e9d\u00e9ral de \"chef de projet en syst\u00e8mes de s\u00e9curit\u00e9\", aux jeunes talents. Nebiker les a f\u00e9licit\u00e9s pour leur performance et a remerci\u00e9 leurs amies d'avoir fait preuve de consid\u00e9ration et d'avoir renonc\u00e9 temporairement \u00e0 leur partenaire. Nebiker a invit\u00e9 les laur\u00e9ats \u00e0 prendre le temps - surtout \u00e0 une \u00e9poque o\u00f9 tout va tr\u00e8s vite - dans leur quotidien professionnel afin de garder une vue d'ensemble, ce qui est important pour les chefs de projet. Il a \u00e9galement conseill\u00e9 aux jeunes dipl\u00f4m\u00e9s de rester bien connect\u00e9s, mais aussi agiles. Ce dernier point est important, car le secteur de la s\u00e9curit\u00e9 est sans cesse soumis \u00e0 de grands changements.<\/p>\n<p><strong>Qui a r\u00e9ussi ?<\/strong><\/p>\n<p>Celui qui suit la formation de 18 mois obtient le brevet f\u00e9d\u00e9ral apr\u00e8s avoir r\u00e9ussi l'examen. Les personnes suivantes l'ont obtenu en 2020 (par ordre alphab\u00e9tique) : Stefan Bergmann, Lars Bisquolm, Nicola Bregenzer, Mike Buck, Pascal Clement, Pascal Felder, Joel Furrer, Stefan Gimpert, Paolo Gioia, Elvis Gomez Blanco, Jannick Guler, Pascal Heitzmann, Markus Hess, Tomas Janosovic, Andy Kalberer, Martin Klauenb\u00f6sch, Simone Krebser, Bruno Lengweiler, Patrik Lou\u00e7\u00e2 Coelho, Gian Marquart, Luigi Miragliuolo, Alessandro Pacheco Pereira, Elvis Pjanic, Philipp Rotzer, Marco S\u00e4gesser, Luigi Sergi, Stefan Wieland, Meinrad Wild.\u00a0 \u00a0<em>(rs)\u00a0<\/em><\/p>\n<p>&nbsp;<\/p>\n<figure id=\"attachment_9459\" aria-describedby=\"caption-attachment-9459\" style=\"width: 680px\" class=\"wp-caption aligncenter\"><img loading=\"lazy\" decoding=\"async\" class=\"wp-image-9459 size-medium\" src=\"https:\/\/news.save.ch\/wp-content\/uploads\/2020\/02\/IMG_2063-scaled-1.jpg\" alt=\"Chef de projet syst\u00e8mes de s\u00e9curit\u00e9\" width=\"680\" height=\"453\" \/><figcaption id=\"caption-attachment-9459\" class=\"wp-caption-text\">Le pr\u00e9sident de SES Peter Nebiker (\u00e0 gauche) est fier des 28 dipl\u00f4m\u00e9s, ces trois-l\u00e0 ont obtenu les meilleures notes. Photos : R. Str\u00e4ssle<\/figcaption><\/figure>\n<p>&nbsp;<\/p>\n<figure id=\"attachment_9460\" aria-describedby=\"caption-attachment-9460\" style=\"width: 680px\" class=\"wp-caption aligncenter\"><img loading=\"lazy\" decoding=\"async\" class=\"wp-image-9460 size-medium\" src=\"https:\/\/news.save.ch\/wp-content\/uploads\/2020\/02\/IMG_2059-scaled-1.jpg\" alt=\"Chef de projet syst\u00e8mes de s\u00e9curit\u00e9\" width=\"680\" height=\"453\" \/><figcaption id=\"caption-attachment-9460\" class=\"wp-caption-text\">Bonne ambiance \u00e0 la Zunfthaus zur Saffran \u00e0 Zurich.<\/figcaption><\/figure>\n<p>&nbsp;<\/p>","protected":false},"excerpt":{"rendered":"<p>Den Fachausweis &#8222;Projektleiter f\u00fcr Sicherheitssysteme&#8220; hat Jannick Guler (24) seit wenigen Tagen in der Tasche. Das bef\u00e4higt ihn, Sicherheitsprojekte von der Planung bis zum Betrieb zu leiten. Guler ist bei einer SES-Mitgliederfirma t\u00e4tig. Die Gesch\u00e4ftsleitung des auf Sicherheitstechnik spezialisierten Unternehmens habe ihm geraten, den Lehrgang zu absolvieren. Ja, man m\u00fcsse w\u00e4hrend der berufsbegleitenden Ausbildung Einsatz [&hellip;]<\/p>\n","protected":false},"author":8,"featured_media":9459,"comment_status":"closed","ping_status":"closed","sticky":false,"template":"","format":"standard","meta":{"_acf_changed":false,"pgc_sgb_lightbox_settings":"","footnotes":""},"categories":[1],"tags":[449,653,654],"class_list":["post-9457","post","type-post","status-publish","format-standard","has-post-thumbnail","hentry","category-allgemein","tag-projektleiter-sicherheitssysteme","tag-technischen-fachschule-winterthur-stfw","tag-verband-schweizerischer-errichter-von-sicherheitsanlagen-ses"],"acf":[],"hkrextid":null,"publication":null,"issue":null,"workflow":null,"startPage":null,"spitzmarke":null,"_posts_by_tag_page_fields":{"widget_title":"","widget_tags":""},"_at_widget":"1","_yoast_wpseo_primary_category":"1","_yoast_wpseo_focuskw_text_input":"Projektleiter Sicherheitssysteme","_yoast_wpseo_opengraph-image":null,"_yoast_wpseo_opengraph-description":null,"_yoast_wpseo_opengraph-title":null,"enclosure":null,"_yoast_wpseo_twitter-title":null,"_yoast_wpseo_twitter-description":null,"_yoast_wpseo_twitter-image":null,"_wp_old_slug":null,"_yoast_wpseo_title":null,"_yoast_wpseo_canonical":null,"yoast_head":"<!-- This site is optimized with the Yoast SEO plugin v27.5 - https:\/\/yoast.com\/product\/yoast-seo-wordpress\/ -->\n<title>SES zeichnet zahlreiche Nachwuchskr\u00e4fte aus - Save<\/title>\n<meta name=\"description\" content=\"Noch nie haben so viele Nachwuchskr\u00e4fte die Weiterbildung \u00abProjektleiter Sicherheitssysteme\u00bb absolviert, angeboten vom SES-Verband.\" \/>\n<meta name=\"robots\" content=\"index, follow, max-snippet:-1, max-image-preview:large, max-video-preview:-1\" \/>\n<link rel=\"canonical\" href=\"https:\/\/news.save.ch\/fr\/ses-zeichnet-zahlreiche-nachwuchskraefte-aus\/\" \/>\n<meta property=\"og:locale\" content=\"fr_FR\" \/>\n<meta property=\"og:type\" content=\"article\" \/>\n<meta property=\"og:title\" content=\"SES zeichnet zahlreiche Nachwuchskr\u00e4fte aus - Save\" \/>\n<meta property=\"og:description\" content=\"Noch nie haben so viele Nachwuchskr\u00e4fte die Weiterbildung \u00abProjektleiter Sicherheitssysteme\u00bb absolviert, angeboten vom SES-Verband.\" \/>\n<meta property=\"og:url\" content=\"https:\/\/news.save.ch\/fr\/ses-zeichnet-zahlreiche-nachwuchskraefte-aus\/\" \/>\n<meta property=\"og:site_name\" content=\"Save\" \/>\n<meta property=\"article:published_time\" content=\"2020-02-10T05:00:54+00:00\" \/>\n<meta property=\"og:image\" content=\"https:\/\/news.save.ch\/wp-content\/uploads\/2020\/02\/IMG_2063-scaled-1-scaled.jpg\" \/>\n\t<meta property=\"og:image:width\" content=\"1400\" \/>\n\t<meta property=\"og:image:height\" content=\"934\" \/>\n\t<meta property=\"og:image:type\" content=\"image\/jpeg\" \/>\n<meta name=\"author\" content=\"Roger Str\u00e4ssle\" \/>\n<meta name=\"twitter:card\" content=\"summary_large_image\" \/>\n<meta name=\"twitter:label1\" content=\"\u00c9crit par\" \/>\n\t<meta name=\"twitter:data1\" content=\"Roger Str\u00e4ssle\" \/>\n\t<meta name=\"twitter:label2\" content=\"Dur\u00e9e de lecture estim\u00e9e\" \/>\n\t<meta name=\"twitter:data2\" content=\"2 minutes\" \/>\n<script type=\"application\/ld+json\" class=\"yoast-schema-graph\">{\"@context\":\"https:\\\/\\\/schema.org\",\"@graph\":[{\"@type\":\"Article\",\"@id\":\"https:\\\/\\\/news.save.ch\\\/ses-zeichnet-zahlreiche-nachwuchskraefte-aus\\\/#article\",\"isPartOf\":{\"@id\":\"https:\\\/\\\/news.save.ch\\\/ses-zeichnet-zahlreiche-nachwuchskraefte-aus\\\/\"},\"author\":{\"name\":\"Roger Str\u00e4ssle\",\"@id\":\"https:\\\/\\\/news.save.ch\\\/de\\\/#\\\/schema\\\/person\\\/d5022db048e0e2b9785c50e5b24da5aa\"},\"headline\":\"SES zeichnet zahlreiche Nachwuchskr\u00e4fte aus\",\"datePublished\":\"2020-02-10T05:00:54+00:00\",\"mainEntityOfPage\":{\"@id\":\"https:\\\/\\\/news.save.ch\\\/ses-zeichnet-zahlreiche-nachwuchskraefte-aus\\\/\"},\"wordCount\":435,\"publisher\":{\"@id\":\"https:\\\/\\\/news.save.ch\\\/de\\\/#organization\"},\"image\":{\"@id\":\"https:\\\/\\\/news.save.ch\\\/ses-zeichnet-zahlreiche-nachwuchskraefte-aus\\\/#primaryimage\"},\"thumbnailUrl\":\"https:\\\/\\\/news.save.ch\\\/wp-content\\\/uploads\\\/2020\\\/02\\\/IMG_2063-scaled-1-scaled.jpg\",\"keywords\":[\"Projektleiter Sicherheitssysteme\",\"Technischen Fachschule Winterthur (STFW)\",\"Verband Schweizerischer Errichter von Sicherheitsanlagen (SES)\"],\"articleSection\":[\"ALLGEMEIN\"],\"inLanguage\":\"fr-FR\"},{\"@type\":\"WebPage\",\"@id\":\"https:\\\/\\\/news.save.ch\\\/ses-zeichnet-zahlreiche-nachwuchskraefte-aus\\\/\",\"url\":\"https:\\\/\\\/news.save.ch\\\/ses-zeichnet-zahlreiche-nachwuchskraefte-aus\\\/\",\"name\":\"SES zeichnet zahlreiche Nachwuchskr\u00e4fte aus - Save\",\"isPartOf\":{\"@id\":\"https:\\\/\\\/news.save.ch\\\/de\\\/#website\"},\"primaryImageOfPage\":{\"@id\":\"https:\\\/\\\/news.save.ch\\\/ses-zeichnet-zahlreiche-nachwuchskraefte-aus\\\/#primaryimage\"},\"image\":{\"@id\":\"https:\\\/\\\/news.save.ch\\\/ses-zeichnet-zahlreiche-nachwuchskraefte-aus\\\/#primaryimage\"},\"thumbnailUrl\":\"https:\\\/\\\/news.save.ch\\\/wp-content\\\/uploads\\\/2020\\\/02\\\/IMG_2063-scaled-1-scaled.jpg\",\"datePublished\":\"2020-02-10T05:00:54+00:00\",\"description\":\"Noch nie haben so viele Nachwuchskr\u00e4fte die Weiterbildung \u00abProjektleiter Sicherheitssysteme\u00bb absolviert, angeboten vom SES-Verband.\",\"breadcrumb\":{\"@id\":\"https:\\\/\\\/news.save.ch\\\/ses-zeichnet-zahlreiche-nachwuchskraefte-aus\\\/#breadcrumb\"},\"inLanguage\":\"fr-FR\",\"potentialAction\":[{\"@type\":\"ReadAction\",\"target\":[\"https:\\\/\\\/news.save.ch\\\/ses-zeichnet-zahlreiche-nachwuchskraefte-aus\\\/\"]}]},{\"@type\":\"ImageObject\",\"inLanguage\":\"fr-FR\",\"@id\":\"https:\\\/\\\/news.save.ch\\\/ses-zeichnet-zahlreiche-nachwuchskraefte-aus\\\/#primaryimage\",\"url\":\"https:\\\/\\\/news.save.ch\\\/wp-content\\\/uploads\\\/2020\\\/02\\\/IMG_2063-scaled-1-scaled.jpg\",\"contentUrl\":\"https:\\\/\\\/news.save.ch\\\/wp-content\\\/uploads\\\/2020\\\/02\\\/IMG_2063-scaled-1-scaled.jpg\",\"width\":1400,\"height\":934,\"caption\":\"SES-Pr\u00e4sident Peter Nebiker (links) ist stolz auf die 28 Absolventen, diese drei erzielten Bestnoten.\"},{\"@type\":\"BreadcrumbList\",\"@id\":\"https:\\\/\\\/news.save.ch\\\/ses-zeichnet-zahlreiche-nachwuchskraefte-aus\\\/#breadcrumb\",\"itemListElement\":[{\"@type\":\"ListItem\",\"position\":1,\"name\":\"Home\",\"item\":\"https:\\\/\\\/news.save.ch\\\/de\\\/\"},{\"@type\":\"ListItem\",\"position\":2,\"name\":\"SES zeichnet zahlreiche Nachwuchskr\u00e4fte aus\"}]},{\"@type\":\"WebSite\",\"@id\":\"https:\\\/\\\/news.save.ch\\\/de\\\/#website\",\"url\":\"https:\\\/\\\/news.save.ch\\\/de\\\/\",\"name\":\"Save\",\"description\":\"Schweizer Fachzeitschrift f\u00fcr Sicherheit\",\"publisher\":{\"@id\":\"https:\\\/\\\/news.save.ch\\\/de\\\/#organization\"},\"potentialAction\":[{\"@type\":\"SearchAction\",\"target\":{\"@type\":\"EntryPoint\",\"urlTemplate\":\"https:\\\/\\\/news.save.ch\\\/de\\\/?s={search_term_string}\"},\"query-input\":{\"@type\":\"PropertyValueSpecification\",\"valueRequired\":true,\"valueName\":\"search_term_string\"}}],\"inLanguage\":\"fr-FR\"},{\"@type\":\"Organization\",\"@id\":\"https:\\\/\\\/news.save.ch\\\/de\\\/#organization\",\"name\":\"Sicherheitsforum\",\"url\":\"https:\\\/\\\/news.save.ch\\\/de\\\/\",\"logo\":{\"@type\":\"ImageObject\",\"inLanguage\":\"fr-FR\",\"@id\":\"https:\\\/\\\/news.save.ch\\\/de\\\/#\\\/schema\\\/logo\\\/image\\\/\",\"url\":\"https:\\\/\\\/news.save.ch\\\/wp-content\\\/uploads\\\/2022\\\/06\\\/Logo_SF_2012.png\",\"contentUrl\":\"https:\\\/\\\/news.save.ch\\\/wp-content\\\/uploads\\\/2022\\\/06\\\/Logo_SF_2012.png\",\"width\":1100,\"height\":91,\"caption\":\"Sicherheitsforum\"},\"image\":{\"@id\":\"https:\\\/\\\/news.save.ch\\\/de\\\/#\\\/schema\\\/logo\\\/image\\\/\"}},{\"@type\":\"Person\",\"@id\":\"https:\\\/\\\/news.save.ch\\\/de\\\/#\\\/schema\\\/person\\\/d5022db048e0e2b9785c50e5b24da5aa\",\"name\":\"Roger Str\u00e4ssle\",\"image\":{\"@type\":\"ImageObject\",\"inLanguage\":\"fr-FR\",\"@id\":\"https:\\\/\\\/secure.gravatar.com\\\/avatar\\\/862a5569d087de48e5856e32f45d719a03804c891d6deb8d4f71a660e79e4a47?s=96&d=mm&r=g\",\"url\":\"https:\\\/\\\/secure.gravatar.com\\\/avatar\\\/862a5569d087de48e5856e32f45d719a03804c891d6deb8d4f71a660e79e4a47?s=96&d=mm&r=g\",\"contentUrl\":\"https:\\\/\\\/secure.gravatar.com\\\/avatar\\\/862a5569d087de48e5856e32f45d719a03804c891d6deb8d4f71a660e79e4a47?s=96&d=mm&r=g\",\"caption\":\"Roger Str\u00e4ssle\"},\"url\":\"https:\\\/\\\/news.save.ch\\\/fr\\\/author\\\/roger-straessle\\\/\"}]}<\/script>\n<!-- \/ Yoast SEO plugin. -->","yoast_head_json":{"title":"SES r\u00e9compense de nombreux jeunes talents - Save","description":"Jamais autant de jeunes recrues n'ont suivi la formation continue \"Chef de projet syst\u00e8mes de s\u00e9curit\u00e9\", propos\u00e9e par l'association SES.","robots":{"index":"index","follow":"follow","max-snippet":"max-snippet:-1","max-image-preview":"max-image-preview:large","max-video-preview":"max-video-preview:-1"},"canonical":"https:\/\/news.save.ch\/fr\/ses-zeichnet-zahlreiche-nachwuchskraefte-aus\/","og_locale":"fr_FR","og_type":"article","og_title":"SES zeichnet zahlreiche Nachwuchskr\u00e4fte aus - Save","og_description":"Noch nie haben so viele Nachwuchskr\u00e4fte die Weiterbildung \u00abProjektleiter Sicherheitssysteme\u00bb absolviert, angeboten vom SES-Verband.","og_url":"https:\/\/news.save.ch\/fr\/ses-zeichnet-zahlreiche-nachwuchskraefte-aus\/","og_site_name":"Save","article_published_time":"2020-02-10T05:00:54+00:00","og_image":[{"width":1400,"height":934,"url":"https:\/\/news.save.ch\/wp-content\/uploads\/2020\/02\/IMG_2063-scaled-1-scaled.jpg","type":"image\/jpeg"}],"author":"Roger Str\u00e4ssle","twitter_card":"summary_large_image","twitter_misc":{"\u00c9crit par":"Roger Str\u00e4ssle","Dur\u00e9e de lecture estim\u00e9e":"2 minutes"},"schema":{"@context":"https:\/\/schema.org","@graph":[{"@type":"Article","@id":"https:\/\/news.save.ch\/ses-zeichnet-zahlreiche-nachwuchskraefte-aus\/#article","isPartOf":{"@id":"https:\/\/news.save.ch\/ses-zeichnet-zahlreiche-nachwuchskraefte-aus\/"},"author":{"name":"Roger Str\u00e4ssle","@id":"https:\/\/news.save.ch\/de\/#\/schema\/person\/d5022db048e0e2b9785c50e5b24da5aa"},"headline":"SES zeichnet zahlreiche Nachwuchskr\u00e4fte aus","datePublished":"2020-02-10T05:00:54+00:00","mainEntityOfPage":{"@id":"https:\/\/news.save.ch\/ses-zeichnet-zahlreiche-nachwuchskraefte-aus\/"},"wordCount":435,"publisher":{"@id":"https:\/\/news.save.ch\/de\/#organization"},"image":{"@id":"https:\/\/news.save.ch\/ses-zeichnet-zahlreiche-nachwuchskraefte-aus\/#primaryimage"},"thumbnailUrl":"https:\/\/news.save.ch\/wp-content\/uploads\/2020\/02\/IMG_2063-scaled-1-scaled.jpg","keywords":["Projektleiter Sicherheitssysteme","Technischen Fachschule Winterthur (STFW)","Verband Schweizerischer Errichter von Sicherheitsanlagen (SES)"],"articleSection":["ALLGEMEIN"],"inLanguage":"fr-FR"},{"@type":"WebPage","@id":"https:\/\/news.save.ch\/ses-zeichnet-zahlreiche-nachwuchskraefte-aus\/","url":"https:\/\/news.save.ch\/ses-zeichnet-zahlreiche-nachwuchskraefte-aus\/","name":"SES r\u00e9compense de nombreux jeunes talents - Save","isPartOf":{"@id":"https:\/\/news.save.ch\/de\/#website"},"primaryImageOfPage":{"@id":"https:\/\/news.save.ch\/ses-zeichnet-zahlreiche-nachwuchskraefte-aus\/#primaryimage"},"image":{"@id":"https:\/\/news.save.ch\/ses-zeichnet-zahlreiche-nachwuchskraefte-aus\/#primaryimage"},"thumbnailUrl":"https:\/\/news.save.ch\/wp-content\/uploads\/2020\/02\/IMG_2063-scaled-1-scaled.jpg","datePublished":"2020-02-10T05:00:54+00:00","description":"Jamais autant de jeunes recrues n'ont suivi la formation continue \"Chef de projet syst\u00e8mes de s\u00e9curit\u00e9\", propos\u00e9e par l'association SES.","breadcrumb":{"@id":"https:\/\/news.save.ch\/ses-zeichnet-zahlreiche-nachwuchskraefte-aus\/#breadcrumb"},"inLanguage":"fr-FR","potentialAction":[{"@type":"ReadAction","target":["https:\/\/news.save.ch\/ses-zeichnet-zahlreiche-nachwuchskraefte-aus\/"]}]},{"@type":"ImageObject","inLanguage":"fr-FR","@id":"https:\/\/news.save.ch\/ses-zeichnet-zahlreiche-nachwuchskraefte-aus\/#primaryimage","url":"https:\/\/news.save.ch\/wp-content\/uploads\/2020\/02\/IMG_2063-scaled-1-scaled.jpg","contentUrl":"https:\/\/news.save.ch\/wp-content\/uploads\/2020\/02\/IMG_2063-scaled-1-scaled.jpg","width":1400,"height":934,"caption":"SES-Pr\u00e4sident Peter Nebiker (links) ist stolz auf die 28 Absolventen, diese drei erzielten Bestnoten."},{"@type":"BreadcrumbList","@id":"https:\/\/news.save.ch\/ses-zeichnet-zahlreiche-nachwuchskraefte-aus\/#breadcrumb","itemListElement":[{"@type":"ListItem","position":1,"name":"Home","item":"https:\/\/news.save.ch\/de\/"},{"@type":"ListItem","position":2,"name":"SES zeichnet zahlreiche Nachwuchskr\u00e4fte aus"}]},{"@type":"WebSite","@id":"https:\/\/news.save.ch\/de\/#website","url":"https:\/\/news.save.ch\/de\/","name":"Save","description":"Revue suisse sp\u00e9cialis\u00e9e dans la s\u00e9curit\u00e9","publisher":{"@id":"https:\/\/news.save.ch\/de\/#organization"},"potentialAction":[{"@type":"SearchAction","target":{"@type":"EntryPoint","urlTemplate":"https:\/\/news.save.ch\/de\/?s={search_term_string}"},"query-input":{"@type":"PropertyValueSpecification","valueRequired":true,"valueName":"search_term_string"}}],"inLanguage":"fr-FR"},{"@type":"Organization","@id":"https:\/\/news.save.ch\/de\/#organization","name":"Forum sur la s\u00e9curit\u00e9","url":"https:\/\/news.save.ch\/de\/","logo":{"@type":"ImageObject","inLanguage":"fr-FR","@id":"https:\/\/news.save.ch\/de\/#\/schema\/logo\/image\/","url":"https:\/\/news.save.ch\/wp-content\/uploads\/2022\/06\/Logo_SF_2012.png","contentUrl":"https:\/\/news.save.ch\/wp-content\/uploads\/2022\/06\/Logo_SF_2012.png","width":1100,"height":91,"caption":"Sicherheitsforum"},"image":{"@id":"https:\/\/news.save.ch\/de\/#\/schema\/logo\/image\/"}},{"@type":"Person","@id":"https:\/\/news.save.ch\/de\/#\/schema\/person\/d5022db048e0e2b9785c50e5b24da5aa","name":"Roger Str\u00e4ssle","image":{"@type":"ImageObject","inLanguage":"fr-FR","@id":"https:\/\/secure.gravatar.com\/avatar\/862a5569d087de48e5856e32f45d719a03804c891d6deb8d4f71a660e79e4a47?s=96&d=mm&r=g","url":"https:\/\/secure.gravatar.com\/avatar\/862a5569d087de48e5856e32f45d719a03804c891d6deb8d4f71a660e79e4a47?s=96&d=mm&r=g","contentUrl":"https:\/\/secure.gravatar.com\/avatar\/862a5569d087de48e5856e32f45d719a03804c891d6deb8d4f71a660e79e4a47?s=96&d=mm&r=g","caption":"Roger Str\u00e4ssle"},"url":"https:\/\/news.save.ch\/fr\/author\/roger-straessle\/"}]}},"_links":{"self":[{"href":"https:\/\/news.save.ch\/fr\/wp-json\/wp\/v2\/posts\/9457","targetHints":{"allow":["GET"]}}],"collection":[{"href":"https:\/\/news.save.ch\/fr\/wp-json\/wp\/v2\/posts"}],"about":[{"href":"https:\/\/news.save.ch\/fr\/wp-json\/wp\/v2\/types\/post"}],"author":[{"embeddable":true,"href":"https:\/\/news.save.ch\/fr\/wp-json\/wp\/v2\/users\/8"}],"replies":[{"embeddable":true,"href":"https:\/\/news.save.ch\/fr\/wp-json\/wp\/v2\/comments?post=9457"}],"version-history":[{"count":0,"href":"https:\/\/news.save.ch\/fr\/wp-json\/wp\/v2\/posts\/9457\/revisions"}],"wp:featuredmedia":[{"embeddable":true,"href":"https:\/\/news.save.ch\/fr\/wp-json\/wp\/v2\/media\/9459"}],"wp:attachment":[{"href":"https:\/\/news.save.ch\/fr\/wp-json\/wp\/v2\/media?parent=9457"}],"wp:term":[{"taxonomy":"category","embeddable":true,"href":"https:\/\/news.save.ch\/fr\/wp-json\/wp\/v2\/categories?post=9457"},{"taxonomy":"post_tag","embeddable":true,"href":"https:\/\/news.save.ch\/fr\/wp-json\/wp\/v2\/tags?post=9457"}],"curies":[{"name":"wp","href":"https:\/\/api.w.org\/{rel}","templated":true}]}}