{"id":9596,"date":"2022-09-08T09:13:23","date_gmt":"2022-09-08T07:13:23","guid":{"rendered":"https:\/\/news.save.ch\/?p=9596"},"modified":"2023-06-13T03:30:38","modified_gmt":"2023-06-13T01:30:38","slug":"neues-datenschutzgesetz-tritt-in-einem-jahr-in-kraft-2","status":null,"type":"post","link":"https:\/\/news.save.ch\/fr\/neues-datenschutzgesetz-tritt-in-einem-jahr-in-kraft-2\/","title":{"rendered":"La nouvelle loi sur la protection des donn\u00e9es entrera en vigueur dans un an"},"content":{"rendered":"<figure id=\"attachment_9597\" aria-describedby=\"caption-attachment-9597\" style=\"width: 680px\" class=\"wp-caption alignnone\"><img loading=\"lazy\" decoding=\"async\" class=\"wp-image-9597 size-medium\" src=\"https:\/\/news.save.ch\/wp-content\/uploads\/2022\/09\/Depositphotos_174123898_S-1-680x454.jpg\" alt=\"Loi sur la protection des donn\u00e9es\" width=\"680\" height=\"454\" srcset=\"https:\/\/news.save.ch\/wp-content\/uploads\/2022\/09\/Depositphotos_174123898_S-1-680x454.jpg 680w, https:\/\/news.save.ch\/wp-content\/uploads\/2022\/09\/Depositphotos_174123898_S-1-768x512.jpg 768w, https:\/\/news.save.ch\/wp-content\/uploads\/2022\/09\/Depositphotos_174123898_S-1-18x12.jpg 18w, https:\/\/news.save.ch\/wp-content\/uploads\/2022\/09\/Depositphotos_174123898_S-1-375x250.jpg 375w, https:\/\/news.save.ch\/wp-content\/uploads\/2022\/09\/Depositphotos_174123898_S-1-525x350.jpg 525w, https:\/\/news.save.ch\/wp-content\/uploads\/2022\/09\/Depositphotos_174123898_S-1.jpg 1000w\" sizes=\"auto, (max-width: 680px) 100vw, 680px\" \/><figcaption id=\"caption-attachment-9597\" class=\"wp-caption-text\">Image : depositphotos<\/figcaption><\/figure>\n<p>La r\u00e9vision totale de la loi sur la protection des donn\u00e9es (LPD) et le r\u00e8glement y aff\u00e9rent entreront en vigueur le 1er septembre 2023. C'est ce qu'a d\u00e9cid\u00e9 le Conseil f\u00e9d\u00e9ral lors d'une s\u00e9ance la semaine derni\u00e8re. L'\u00e9conomie disposera ainsi de suffisamment de temps pour prendre les dispositions n\u00e9cessaires \u00e0 la mise en \u0153uvre du nouveau droit de la protection des donn\u00e9es, selon un communiqu\u00e9.<\/p>\n<p>La r\u00e9vision de la LPD et les dispositions correspondantes dans les directives doivent \u00e0 l'avenir assurer une meilleure protection des donn\u00e9es personnelles. L'accent est mis sur les d\u00e9veloppements technologiques li\u00e9s \u00e0 la protection des donn\u00e9es, ainsi que sur l'autod\u00e9termination en mati\u00e8re de donn\u00e9es personnelles et sur la transparence lors de la collecte de donn\u00e9es personnelles.<\/p>\n<p>Le Parlement avait initialement adopt\u00e9 la r\u00e9vision en septembre 2020. L'objectif est d'assurer la compatibilit\u00e9 avec le droit europ\u00e9en et donc la reconnaissance de la Suisse par l'Union europ\u00e9enne en tant que pays tiers.<\/p>\n<p>Depuis, le Conseil f\u00e9d\u00e9ral a adapt\u00e9 le projet de la DSV sur plusieurs points. Par exemple, le chapitre sur les obligations des responsables a \u00e9t\u00e9 remani\u00e9. Les modalit\u00e9s relatives au droit d'acc\u00e8s ont \u00e9galement \u00e9t\u00e9 simplifi\u00e9es et l'obligation de documentation a \u00e9t\u00e9 supprim\u00e9e.<\/p>\n<article id=\"post-14898\" class=\"blog-article\">\n<section class=\"article-content\"><em>Source : Le Conseil f\u00e9d\u00e9ral\/R\u00e9daction\u00a0<\/em><\/section>\n<\/article>","protected":false},"excerpt":{"rendered":"<p>Das totalrevidierte Datenschutzgesetz (DSG) und die zugeh\u00f6rige Vordrnung treten am 1. September 2023 in Kraft. Dies hat der Bundesrat in einer Sitzung letzte Woche entschieden. Damit erhalte die Wirtschaft gen\u00fcgend Zeit, die notwendigen Vorkehrungen f\u00fcr die Umsetzung des neuen Datenschutzrechts zu treffen, wie es in einer Mitteilung heisst. Das revidierte DSG und die entsprechenden Bestimmungen [&hellip;]<\/p>\n","protected":false},"author":9,"featured_media":9597,"comment_status":"closed","ping_status":"closed","sticky":false,"template":"","format":"standard","meta":{"_acf_changed":false,"pgc_sgb_lightbox_settings":"","footnotes":""},"categories":[1],"tags":[168,350,4090,4131,4089,4132,4088],"class_list":["post-9596","post","type-post","status-publish","format-standard","has-post-thumbnail","hentry","category-allgemein","tag-bundesrat","tag-datenschutzgesetz","tag-personendaten","tag-persoenlichen-daten","tag-selbstbestimmung","tag-transparenz","tag-vordrnung"],"acf":[],"hkrextid":null,"publication":null,"issue":null,"workflow":null,"startPage":null,"spitzmarke":null,"_posts_by_tag_page_fields":{"widget_title":"","widget_tags":""},"_at_widget":"1","_yoast_wpseo_primary_category":"1","_yoast_wpseo_focuskw_text_input":null,"_yoast_wpseo_opengraph-image":null,"_yoast_wpseo_opengraph-description":null,"_yoast_wpseo_opengraph-title":null,"enclosure":null,"_yoast_wpseo_twitter-title":null,"_yoast_wpseo_twitter-description":null,"_yoast_wpseo_twitter-image":null,"_wp_old_slug":null,"_yoast_wpseo_title":null,"_yoast_wpseo_canonical":null,"yoast_head":"<!-- This site is optimized with the Yoast SEO plugin v27.5 - https:\/\/yoast.com\/product\/yoast-seo-wordpress\/ -->\n<title>Neues Datenschutzgesetz tritt in einem Jahr in Kraft - Save<\/title>\n<meta name=\"description\" content=\"Das \u00fcberarbeitete Schweizer Datenschutzgesetz und die zugeh\u00f6rige Verordnung sollen nun definitiv am 1. September 2023, respektive in einem Jahr, in Kraft treten.\" \/>\n<meta name=\"robots\" content=\"index, follow, max-snippet:-1, max-image-preview:large, max-video-preview:-1\" \/>\n<link rel=\"canonical\" href=\"https:\/\/news.save.ch\/fr\/neues-datenschutzgesetz-tritt-in-einem-jahr-in-kraft-2\/\" \/>\n<meta property=\"og:locale\" content=\"fr_FR\" \/>\n<meta property=\"og:type\" content=\"article\" \/>\n<meta property=\"og:title\" content=\"Neues Datenschutzgesetz tritt in einem Jahr in Kraft - Save\" \/>\n<meta property=\"og:description\" content=\"Das \u00fcberarbeitete Schweizer Datenschutzgesetz und die zugeh\u00f6rige Verordnung sollen nun definitiv am 1. September 2023, respektive in einem Jahr, in Kraft treten.\" \/>\n<meta property=\"og:url\" content=\"https:\/\/news.save.ch\/fr\/neues-datenschutzgesetz-tritt-in-einem-jahr-in-kraft-2\/\" \/>\n<meta property=\"og:site_name\" content=\"Save\" \/>\n<meta property=\"article:published_time\" content=\"2022-09-08T07:13:23+00:00\" \/>\n<meta property=\"article:modified_time\" content=\"2023-06-13T01:30:38+00:00\" \/>\n<meta property=\"og:image\" content=\"https:\/\/news.save.ch\/wp-content\/uploads\/2022\/09\/Depositphotos_174123898_S-1.jpg\" \/>\n\t<meta property=\"og:image:width\" content=\"1000\" \/>\n\t<meta property=\"og:image:height\" content=\"667\" \/>\n\t<meta property=\"og:image:type\" content=\"image\/jpeg\" \/>\n<meta name=\"author\" content=\"Simon Gr\u00f6flin\" \/>\n<meta name=\"twitter:card\" content=\"summary_large_image\" \/>\n<meta name=\"twitter:label1\" content=\"\u00c9crit par\" \/>\n\t<meta name=\"twitter:data1\" content=\"Simon Gr\u00f6flin\" \/>\n\t<meta name=\"twitter:label2\" content=\"Dur\u00e9e de lecture estim\u00e9e\" \/>\n\t<meta name=\"twitter:data2\" content=\"2 minutes\" \/>\n<script type=\"application\/ld+json\" class=\"yoast-schema-graph\">{\"@context\":\"https:\\\/\\\/schema.org\",\"@graph\":[{\"@type\":\"Article\",\"@id\":\"https:\\\/\\\/news.save.ch\\\/neues-datenschutzgesetz-tritt-in-einem-jahr-in-kraft-2\\\/#article\",\"isPartOf\":{\"@id\":\"https:\\\/\\\/news.save.ch\\\/neues-datenschutzgesetz-tritt-in-einem-jahr-in-kraft-2\\\/\"},\"author\":{\"name\":\"Simon Gr\u00f6flin\",\"@id\":\"https:\\\/\\\/news.save.ch\\\/de\\\/#\\\/schema\\\/person\\\/ad4ef21102fd6125312409ac57d5296d\"},\"headline\":\"Neues Datenschutzgesetz tritt in einem Jahr in Kraft\",\"datePublished\":\"2022-09-08T07:13:23+00:00\",\"dateModified\":\"2023-06-13T01:30:38+00:00\",\"mainEntityOfPage\":{\"@id\":\"https:\\\/\\\/news.save.ch\\\/neues-datenschutzgesetz-tritt-in-einem-jahr-in-kraft-2\\\/\"},\"wordCount\":189,\"publisher\":{\"@id\":\"https:\\\/\\\/news.save.ch\\\/de\\\/#organization\"},\"image\":{\"@id\":\"https:\\\/\\\/news.save.ch\\\/neues-datenschutzgesetz-tritt-in-einem-jahr-in-kraft-2\\\/#primaryimage\"},\"thumbnailUrl\":\"https:\\\/\\\/news.save.ch\\\/wp-content\\\/uploads\\\/2022\\\/09\\\/Depositphotos_174123898_S-1.jpg\",\"keywords\":[\"Bundesrat\",\"Datenschutzgesetz\",\"Personendaten\",\"pers\u00f6nlichen Daten\",\"Selbstbestimmung\",\"Transparenz\",\"Vordrnung\"],\"articleSection\":[\"ALLGEMEIN\"],\"inLanguage\":\"fr-FR\"},{\"@type\":\"WebPage\",\"@id\":\"https:\\\/\\\/news.save.ch\\\/neues-datenschutzgesetz-tritt-in-einem-jahr-in-kraft-2\\\/\",\"url\":\"https:\\\/\\\/news.save.ch\\\/neues-datenschutzgesetz-tritt-in-einem-jahr-in-kraft-2\\\/\",\"name\":\"Neues Datenschutzgesetz tritt in einem Jahr in Kraft - Save\",\"isPartOf\":{\"@id\":\"https:\\\/\\\/news.save.ch\\\/de\\\/#website\"},\"primaryImageOfPage\":{\"@id\":\"https:\\\/\\\/news.save.ch\\\/neues-datenschutzgesetz-tritt-in-einem-jahr-in-kraft-2\\\/#primaryimage\"},\"image\":{\"@id\":\"https:\\\/\\\/news.save.ch\\\/neues-datenschutzgesetz-tritt-in-einem-jahr-in-kraft-2\\\/#primaryimage\"},\"thumbnailUrl\":\"https:\\\/\\\/news.save.ch\\\/wp-content\\\/uploads\\\/2022\\\/09\\\/Depositphotos_174123898_S-1.jpg\",\"datePublished\":\"2022-09-08T07:13:23+00:00\",\"dateModified\":\"2023-06-13T01:30:38+00:00\",\"description\":\"Das \u00fcberarbeitete Schweizer Datenschutzgesetz und die zugeh\u00f6rige Verordnung sollen nun definitiv am 1. September 2023, respektive in einem Jahr, in Kraft treten.\",\"breadcrumb\":{\"@id\":\"https:\\\/\\\/news.save.ch\\\/neues-datenschutzgesetz-tritt-in-einem-jahr-in-kraft-2\\\/#breadcrumb\"},\"inLanguage\":\"fr-FR\",\"potentialAction\":[{\"@type\":\"ReadAction\",\"target\":[\"https:\\\/\\\/news.save.ch\\\/neues-datenschutzgesetz-tritt-in-einem-jahr-in-kraft-2\\\/\"]}]},{\"@type\":\"ImageObject\",\"inLanguage\":\"fr-FR\",\"@id\":\"https:\\\/\\\/news.save.ch\\\/neues-datenschutzgesetz-tritt-in-einem-jahr-in-kraft-2\\\/#primaryimage\",\"url\":\"https:\\\/\\\/news.save.ch\\\/wp-content\\\/uploads\\\/2022\\\/09\\\/Depositphotos_174123898_S-1.jpg\",\"contentUrl\":\"https:\\\/\\\/news.save.ch\\\/wp-content\\\/uploads\\\/2022\\\/09\\\/Depositphotos_174123898_S-1.jpg\",\"width\":1000,\"height\":667,\"caption\":\"Bild: depositphotos\"},{\"@type\":\"BreadcrumbList\",\"@id\":\"https:\\\/\\\/news.save.ch\\\/neues-datenschutzgesetz-tritt-in-einem-jahr-in-kraft-2\\\/#breadcrumb\",\"itemListElement\":[{\"@type\":\"ListItem\",\"position\":1,\"name\":\"Home\",\"item\":\"https:\\\/\\\/news.save.ch\\\/de\\\/\"},{\"@type\":\"ListItem\",\"position\":2,\"name\":\"Neues Datenschutzgesetz tritt in einem Jahr in Kraft\"}]},{\"@type\":\"WebSite\",\"@id\":\"https:\\\/\\\/news.save.ch\\\/de\\\/#website\",\"url\":\"https:\\\/\\\/news.save.ch\\\/de\\\/\",\"name\":\"Save\",\"description\":\"Schweizer Fachzeitschrift f\u00fcr Sicherheit\",\"publisher\":{\"@id\":\"https:\\\/\\\/news.save.ch\\\/de\\\/#organization\"},\"potentialAction\":[{\"@type\":\"SearchAction\",\"target\":{\"@type\":\"EntryPoint\",\"urlTemplate\":\"https:\\\/\\\/news.save.ch\\\/de\\\/?s={search_term_string}\"},\"query-input\":{\"@type\":\"PropertyValueSpecification\",\"valueRequired\":true,\"valueName\":\"search_term_string\"}}],\"inLanguage\":\"fr-FR\"},{\"@type\":\"Organization\",\"@id\":\"https:\\\/\\\/news.save.ch\\\/de\\\/#organization\",\"name\":\"Sicherheitsforum\",\"url\":\"https:\\\/\\\/news.save.ch\\\/de\\\/\",\"logo\":{\"@type\":\"ImageObject\",\"inLanguage\":\"fr-FR\",\"@id\":\"https:\\\/\\\/news.save.ch\\\/de\\\/#\\\/schema\\\/logo\\\/image\\\/\",\"url\":\"https:\\\/\\\/news.save.ch\\\/wp-content\\\/uploads\\\/2022\\\/06\\\/Logo_SF_2012.png\",\"contentUrl\":\"https:\\\/\\\/news.save.ch\\\/wp-content\\\/uploads\\\/2022\\\/06\\\/Logo_SF_2012.png\",\"width\":1100,\"height\":91,\"caption\":\"Sicherheitsforum\"},\"image\":{\"@id\":\"https:\\\/\\\/news.save.ch\\\/de\\\/#\\\/schema\\\/logo\\\/image\\\/\"}},{\"@type\":\"Person\",\"@id\":\"https:\\\/\\\/news.save.ch\\\/de\\\/#\\\/schema\\\/person\\\/ad4ef21102fd6125312409ac57d5296d\",\"name\":\"Simon Gr\u00f6flin\",\"image\":{\"@type\":\"ImageObject\",\"inLanguage\":\"fr-FR\",\"@id\":\"https:\\\/\\\/secure.gravatar.com\\\/avatar\\\/6ddceb80eb734354635539e0ea5140bb7c41e42de7c45c9a2ab9921b5d5c9a83?s=96&d=mm&r=g\",\"url\":\"https:\\\/\\\/secure.gravatar.com\\\/avatar\\\/6ddceb80eb734354635539e0ea5140bb7c41e42de7c45c9a2ab9921b5d5c9a83?s=96&d=mm&r=g\",\"contentUrl\":\"https:\\\/\\\/secure.gravatar.com\\\/avatar\\\/6ddceb80eb734354635539e0ea5140bb7c41e42de7c45c9a2ab9921b5d5c9a83?s=96&d=mm&r=g\",\"caption\":\"Simon Gr\u00f6flin\"},\"url\":\"https:\\\/\\\/news.save.ch\\\/fr\\\/author\\\/simon-groeflin\\\/\"}]}<\/script>\n<!-- \/ Yoast SEO plugin. -->","yoast_head_json":{"title":"La nouvelle loi sur la protection des donn\u00e9es entrera en vigueur dans un an - Save","description":"La loi suisse r\u00e9vis\u00e9e sur la protection des donn\u00e9es et l'ordonnance correspondante doivent maintenant entrer d\u00e9finitivement en vigueur le 1er septembre 2023, respectivement dans un an.","robots":{"index":"index","follow":"follow","max-snippet":"max-snippet:-1","max-image-preview":"max-image-preview:large","max-video-preview":"max-video-preview:-1"},"canonical":"https:\/\/news.save.ch\/fr\/neues-datenschutzgesetz-tritt-in-einem-jahr-in-kraft-2\/","og_locale":"fr_FR","og_type":"article","og_title":"Neues Datenschutzgesetz tritt in einem Jahr in Kraft - Save","og_description":"Das \u00fcberarbeitete Schweizer Datenschutzgesetz und die zugeh\u00f6rige Verordnung sollen nun definitiv am 1. September 2023, respektive in einem Jahr, in Kraft treten.","og_url":"https:\/\/news.save.ch\/fr\/neues-datenschutzgesetz-tritt-in-einem-jahr-in-kraft-2\/","og_site_name":"Save","article_published_time":"2022-09-08T07:13:23+00:00","article_modified_time":"2023-06-13T01:30:38+00:00","og_image":[{"width":1000,"height":667,"url":"https:\/\/news.save.ch\/wp-content\/uploads\/2022\/09\/Depositphotos_174123898_S-1.jpg","type":"image\/jpeg"}],"author":"Simon Gr\u00f6flin","twitter_card":"summary_large_image","twitter_misc":{"\u00c9crit par":"Simon Gr\u00f6flin","Dur\u00e9e de lecture estim\u00e9e":"2 minutes"},"schema":{"@context":"https:\/\/schema.org","@graph":[{"@type":"Article","@id":"https:\/\/news.save.ch\/neues-datenschutzgesetz-tritt-in-einem-jahr-in-kraft-2\/#article","isPartOf":{"@id":"https:\/\/news.save.ch\/neues-datenschutzgesetz-tritt-in-einem-jahr-in-kraft-2\/"},"author":{"name":"Simon Gr\u00f6flin","@id":"https:\/\/news.save.ch\/de\/#\/schema\/person\/ad4ef21102fd6125312409ac57d5296d"},"headline":"Neues Datenschutzgesetz tritt in einem Jahr in Kraft","datePublished":"2022-09-08T07:13:23+00:00","dateModified":"2023-06-13T01:30:38+00:00","mainEntityOfPage":{"@id":"https:\/\/news.save.ch\/neues-datenschutzgesetz-tritt-in-einem-jahr-in-kraft-2\/"},"wordCount":189,"publisher":{"@id":"https:\/\/news.save.ch\/de\/#organization"},"image":{"@id":"https:\/\/news.save.ch\/neues-datenschutzgesetz-tritt-in-einem-jahr-in-kraft-2\/#primaryimage"},"thumbnailUrl":"https:\/\/news.save.ch\/wp-content\/uploads\/2022\/09\/Depositphotos_174123898_S-1.jpg","keywords":["Bundesrat","Datenschutzgesetz","Personendaten","pers\u00f6nlichen Daten","Selbstbestimmung","Transparenz","Vordrnung"],"articleSection":["ALLGEMEIN"],"inLanguage":"fr-FR"},{"@type":"WebPage","@id":"https:\/\/news.save.ch\/neues-datenschutzgesetz-tritt-in-einem-jahr-in-kraft-2\/","url":"https:\/\/news.save.ch\/neues-datenschutzgesetz-tritt-in-einem-jahr-in-kraft-2\/","name":"La nouvelle loi sur la protection des donn\u00e9es entrera en vigueur dans un an - Save","isPartOf":{"@id":"https:\/\/news.save.ch\/de\/#website"},"primaryImageOfPage":{"@id":"https:\/\/news.save.ch\/neues-datenschutzgesetz-tritt-in-einem-jahr-in-kraft-2\/#primaryimage"},"image":{"@id":"https:\/\/news.save.ch\/neues-datenschutzgesetz-tritt-in-einem-jahr-in-kraft-2\/#primaryimage"},"thumbnailUrl":"https:\/\/news.save.ch\/wp-content\/uploads\/2022\/09\/Depositphotos_174123898_S-1.jpg","datePublished":"2022-09-08T07:13:23+00:00","dateModified":"2023-06-13T01:30:38+00:00","description":"La loi suisse r\u00e9vis\u00e9e sur la protection des donn\u00e9es et l'ordonnance correspondante doivent maintenant entrer d\u00e9finitivement en vigueur le 1er septembre 2023, respectivement dans un an.","breadcrumb":{"@id":"https:\/\/news.save.ch\/neues-datenschutzgesetz-tritt-in-einem-jahr-in-kraft-2\/#breadcrumb"},"inLanguage":"fr-FR","potentialAction":[{"@type":"ReadAction","target":["https:\/\/news.save.ch\/neues-datenschutzgesetz-tritt-in-einem-jahr-in-kraft-2\/"]}]},{"@type":"ImageObject","inLanguage":"fr-FR","@id":"https:\/\/news.save.ch\/neues-datenschutzgesetz-tritt-in-einem-jahr-in-kraft-2\/#primaryimage","url":"https:\/\/news.save.ch\/wp-content\/uploads\/2022\/09\/Depositphotos_174123898_S-1.jpg","contentUrl":"https:\/\/news.save.ch\/wp-content\/uploads\/2022\/09\/Depositphotos_174123898_S-1.jpg","width":1000,"height":667,"caption":"Bild: depositphotos"},{"@type":"BreadcrumbList","@id":"https:\/\/news.save.ch\/neues-datenschutzgesetz-tritt-in-einem-jahr-in-kraft-2\/#breadcrumb","itemListElement":[{"@type":"ListItem","position":1,"name":"Home","item":"https:\/\/news.save.ch\/de\/"},{"@type":"ListItem","position":2,"name":"Neues Datenschutzgesetz tritt in einem Jahr in Kraft"}]},{"@type":"WebSite","@id":"https:\/\/news.save.ch\/de\/#website","url":"https:\/\/news.save.ch\/de\/","name":"Save","description":"Revue suisse sp\u00e9cialis\u00e9e dans la s\u00e9curit\u00e9","publisher":{"@id":"https:\/\/news.save.ch\/de\/#organization"},"potentialAction":[{"@type":"SearchAction","target":{"@type":"EntryPoint","urlTemplate":"https:\/\/news.save.ch\/de\/?s={search_term_string}"},"query-input":{"@type":"PropertyValueSpecification","valueRequired":true,"valueName":"search_term_string"}}],"inLanguage":"fr-FR"},{"@type":"Organization","@id":"https:\/\/news.save.ch\/de\/#organization","name":"Forum sur la s\u00e9curit\u00e9","url":"https:\/\/news.save.ch\/de\/","logo":{"@type":"ImageObject","inLanguage":"fr-FR","@id":"https:\/\/news.save.ch\/de\/#\/schema\/logo\/image\/","url":"https:\/\/news.save.ch\/wp-content\/uploads\/2022\/06\/Logo_SF_2012.png","contentUrl":"https:\/\/news.save.ch\/wp-content\/uploads\/2022\/06\/Logo_SF_2012.png","width":1100,"height":91,"caption":"Sicherheitsforum"},"image":{"@id":"https:\/\/news.save.ch\/de\/#\/schema\/logo\/image\/"}},{"@type":"Person","@id":"https:\/\/news.save.ch\/de\/#\/schema\/person\/ad4ef21102fd6125312409ac57d5296d","name":"Simon Gr\u00f6flin","image":{"@type":"ImageObject","inLanguage":"fr-FR","@id":"https:\/\/secure.gravatar.com\/avatar\/6ddceb80eb734354635539e0ea5140bb7c41e42de7c45c9a2ab9921b5d5c9a83?s=96&d=mm&r=g","url":"https:\/\/secure.gravatar.com\/avatar\/6ddceb80eb734354635539e0ea5140bb7c41e42de7c45c9a2ab9921b5d5c9a83?s=96&d=mm&r=g","contentUrl":"https:\/\/secure.gravatar.com\/avatar\/6ddceb80eb734354635539e0ea5140bb7c41e42de7c45c9a2ab9921b5d5c9a83?s=96&d=mm&r=g","caption":"Simon Gr\u00f6flin"},"url":"https:\/\/news.save.ch\/fr\/author\/simon-groeflin\/"}]}},"_links":{"self":[{"href":"https:\/\/news.save.ch\/fr\/wp-json\/wp\/v2\/posts\/9596","targetHints":{"allow":["GET"]}}],"collection":[{"href":"https:\/\/news.save.ch\/fr\/wp-json\/wp\/v2\/posts"}],"about":[{"href":"https:\/\/news.save.ch\/fr\/wp-json\/wp\/v2\/types\/post"}],"author":[{"embeddable":true,"href":"https:\/\/news.save.ch\/fr\/wp-json\/wp\/v2\/users\/9"}],"replies":[{"embeddable":true,"href":"https:\/\/news.save.ch\/fr\/wp-json\/wp\/v2\/comments?post=9596"}],"version-history":[{"count":2,"href":"https:\/\/news.save.ch\/fr\/wp-json\/wp\/v2\/posts\/9596\/revisions"}],"predecessor-version":[{"id":19852,"href":"https:\/\/news.save.ch\/fr\/wp-json\/wp\/v2\/posts\/9596\/revisions\/19852"}],"wp:featuredmedia":[{"embeddable":true,"href":"https:\/\/news.save.ch\/fr\/wp-json\/wp\/v2\/media\/9597"}],"wp:attachment":[{"href":"https:\/\/news.save.ch\/fr\/wp-json\/wp\/v2\/media?parent=9596"}],"wp:term":[{"taxonomy":"category","embeddable":true,"href":"https:\/\/news.save.ch\/fr\/wp-json\/wp\/v2\/categories?post=9596"},{"taxonomy":"post_tag","embeddable":true,"href":"https:\/\/news.save.ch\/fr\/wp-json\/wp\/v2\/tags?post=9596"}],"curies":[{"name":"wp","href":"https:\/\/api.w.org\/{rel}","templated":true}]}}