{"id":9619,"date":"2020-03-04T11:51:44","date_gmt":"2020-03-04T10:51:44","guid":{"rendered":"https:\/\/news.save.ch\/?p=9619"},"modified":"2023-03-14T08:59:58","modified_gmt":"2023-03-14T07:59:58","slug":"dormakaba-praesentiert-halbjahresergebnis","status":null,"type":"post","link":"https:\/\/news.save.ch\/fr\/dormakaba-praesentiert-halbjahresergebnis\/","title":{"rendered":"Dormakaba pr\u00e9sente ses r\u00e9sultats semestriels"},"content":{"rendered":"<figure id=\"attachment_9620\" aria-describedby=\"caption-attachment-9620\" style=\"width: 680px\" class=\"wp-caption aligncenter\"><img loading=\"lazy\" decoding=\"async\" class=\"size-medium wp-image-9620\" src=\"https:\/\/news.save.ch\/wp-content\/uploads\/2020\/03\/ebitda.jpg\" alt=\"\" width=\"680\" height=\"384\" srcset=\"https:\/\/news.save.ch\/wp-content\/uploads\/2020\/03\/ebitda.jpg 1139w, https:\/\/news.save.ch\/wp-content\/uploads\/2020\/03\/ebitda-375x212.jpg 375w\" sizes=\"auto, (max-width: 680px) 100vw, 680px\" \/><figcaption id=\"caption-attachment-9620\" class=\"wp-caption-text\"><a href=\"https:\/\/de.wikipedia.org\/wiki\/EBITDA\">Ebitda<\/a>-Contribution par segment (en% de l'Ebitda total du segment principal). Dormakaba<\/figcaption><\/figure>\n<p>&nbsp;<\/p>\n<p>L'environnement macro\u00e9conomique et g\u00e9opolitique s'est d\u00e9grad\u00e9 au premier trimestre. <a href=\"https:\/\/report.dormakaba.com\/hyr_2019_20\/\">Semestre d'activit\u00e9 2019\/20<\/a> encore plus exigeant, \u00e9crit Dormakaba. Le groupe a cl\u00f4tur\u00e9 le premier semestre d'activit\u00e9 au 31 d\u00e9cembre 2019 avec un chiffre d'affaires consolid\u00e9 de 1'385,7 millions de francs (ann\u00e9e pr\u00e9c\u00e9dente -0,8%). En plus d'un environnement exigeant, la poursuite de l'appr\u00e9ciation du franc suisse par rapport aux principales devises a eu un impact n\u00e9gatif sur le r\u00e9sultat en raison de la conversion, \u00e9crit l'entreprise. Corrig\u00e9 des effets de cette conversion mon\u00e9taire (-2,1%) ainsi que des acquisitions et d\u00e9sinvestissements (0,5%), le chiffre d'affaires affiche une croissance organique de 0,8%, ce qui repr\u00e9sente une l\u00e9g\u00e8re am\u00e9lioration par rapport au second semestre de l'exercice 2018\/19 (0,4%).<\/p>\n<p>Selon le communiqu\u00e9, Dormakaba a r\u00e9alis\u00e9 un Ebitda de 214,1 millions de francs (223,0 millions l'ann\u00e9e pr\u00e9c\u00e9dente), ce qui correspond \u00e0 une marge d'Ebitda de 15,5% (16,0% l'ann\u00e9e pr\u00e9c\u00e9dente). La marge est ainsi l\u00e9g\u00e8rement inf\u00e9rieure au niveau du deuxi\u00e8me semestre de l'exercice 2018\/19 (15,8%), pr\u00e9cise l'entreprise. Selon les indications, le b\u00e9n\u00e9fice avant imp\u00f4ts s'est \u00e9lev\u00e9 \u00e0 157,1 millions de francs pour la p\u00e9riode sous revue (170,1 millions l'ann\u00e9e pr\u00e9c\u00e9dente) et le b\u00e9n\u00e9fice consolid\u00e9 s'est \u00e9lev\u00e9 \u00e0 119,4 millions de francs (126,7 millions l'ann\u00e9e pr\u00e9c\u00e9dente).<\/p>\n<p><strong>Flux de tr\u00e9sorerie et bilan<\/strong><\/p>\n<p>Le cash-flow r\u00e9sultant de l'activit\u00e9 d'exploitation s'\u00e9l\u00e8ve \u00e0 192,1 millions de francs pour la p\u00e9riode sous revue, ce qui est nettement sup\u00e9rieur \u00e0 l'ann\u00e9e pr\u00e9c\u00e9dente (149,1 millions). Le cash-flow r\u00e9sultant de l'activit\u00e9 d'investissement de -191,8 millions de francs refl\u00e8te le niveau d'investissement toujours \u00e9lev\u00e9 de Dormakaba pour le d\u00e9veloppement de son portefeuille : il comprend -141,4 millions de francs pour des acquisitions ainsi que des investissements de -50,2 millions de francs (ann\u00e9e pr\u00e9c\u00e9dente : -45,2 millions) dans des immobilisations corporelles et incorporelles, qui repr\u00e9sentent 3,6% du chiffre d'affaires (ann\u00e9e pr\u00e9c\u00e9dente : 3,2%).<\/p>\n<p>Selon les informations, Dormakaba pr\u00e9sente au 31 d\u00e9cembre 2019 un total du bilan de 1'878.2 millions de francs (31.12.2018 : 1'921.8 millions de francs). L'endettement net aurait augment\u00e9 de 71,4 millions \u00e0 836,1 millions de francs (31.12.2018 : 764,7 millions de francs) en raison de la croissance.<\/p>\n<p><strong>Segment DACH<\/strong><\/p>\n<p>Selon le communiqu\u00e9, le segment Access Solutions DACH (Allemagne, Autriche et Suisse) a r\u00e9alis\u00e9 un chiffre d'affaires de 415,6 millions de francs. L'Ebitda de 70,3 millions de francs est inf\u00e9rieur \u00e0 celui de l'ann\u00e9e pr\u00e9c\u00e9dente (78,5 millions de francs), tout comme la marge Ebitda de 16,9% (18,3% l'ann\u00e9e pr\u00e9c\u00e9dente).<\/p>\n<p><strong>Perspectives<\/strong><\/p>\n<p>Depuis le d\u00e9but de l'exercice 2019\/20, l'environnement macro\u00e9conomique et g\u00e9opolitique est devenu encore plus exigeant, \u00e9crit le groupe. Covid-19 devrait avoir un impact significatif sur les r\u00e9sultats de l'exercice 2019\/20. La demande locale en Chine est d\u00e9j\u00e0 affect\u00e9e, mais la visibilit\u00e9 sur l'impact sur les cha\u00eenes d'approvisionnement mondiales et sur la croissance \u00e9conomique fait encore d\u00e9faut.<\/p>\n<p>En outre, elle s'attend \u00e0 ce que le ralentissement macro\u00e9conomique, la volatilit\u00e9 politique et les conflits commerciaux continuent de peser sur l'activit\u00e9 au cours du second semestre de l'exercice 2019\/20. C'est pourquoi l'entreprise s'attend actuellement \u00e0 ce que la croissance organique du chiffre d'affaires et la marge Ebitda pour l'ensemble de l'exercice 2019\/20 ne soient plus sup\u00e9rieures, mais l\u00e9g\u00e8rement inf\u00e9rieures \u00e0 celles de l'ann\u00e9e pr\u00e9c\u00e9dente, conclut Dormakaba dans son communiqu\u00e9 de presse. <em>(SF)<\/em><\/p>\n<p>&nbsp;<\/p>","protected":false},"excerpt":{"rendered":"<p>&nbsp; Das gesamtwirtschaftliche und geopolitische Umfeld wurde im ersten Gesch\u00e4ftshalbjahr 2019\/20 kontinuierlich noch anspruchsvoller, schreibt Dormakaba. Der Konzern habe das erste Gesch\u00e4ftshalbjahr per 31. Dezember 2019 mit einem konsolidierten Umsatz von 1&#8217;385.7 Mio. Fr. abgeschlossen (Vorjahr -0.8%). Zus\u00e4tzlich zum anspruchsvollen Umfeld habe die weitere Aufwertung des Schweizer Franken gegen\u00fcber den wichtigsten W\u00e4hrungen das Ergebnis umrechnungsbedingt [&hellip;]<\/p>\n","protected":false},"author":8,"featured_media":9620,"comment_status":"closed","ping_status":"closed","sticky":false,"template":"","format":"standard","meta":{"_acf_changed":false,"pgc_sgb_lightbox_settings":"","footnotes":""},"categories":[3312],"tags":[712,713,714,158],"class_list":["post-9619","post","type-post","status-publish","format-standard","has-post-thumbnail","hentry","category-sicherheit","tag-dormakaba","tag-geschaeftsjahr-2019-20","tag-halbjahresergebnis","tag-zutrittskontrolle"],"acf":[],"hkrextid":null,"publication":null,"issue":null,"workflow":null,"startPage":null,"spitzmarke":null,"_posts_by_tag_page_fields":{"widget_title":"","widget_tags":""},"_at_widget":"1","_yoast_wpseo_primary_category":"3303","_yoast_wpseo_focuskw_text_input":"Dormakaba","_yoast_wpseo_opengraph-image":null,"_yoast_wpseo_opengraph-description":null,"_yoast_wpseo_opengraph-title":null,"enclosure":null,"_yoast_wpseo_twitter-title":null,"_yoast_wpseo_twitter-description":null,"_yoast_wpseo_twitter-image":null,"_wp_old_slug":null,"_yoast_wpseo_title":null,"_yoast_wpseo_canonical":null,"yoast_head":"<!-- This site is optimized with the Yoast SEO plugin v27.5 - https:\/\/yoast.com\/product\/yoast-seo-wordpress\/ -->\n<title>Dormakaba pr\u00e4sentiert Halbjahresergebnis - Save<\/title>\n<meta name=\"robots\" content=\"index, follow, max-snippet:-1, max-image-preview:large, max-video-preview:-1\" \/>\n<link rel=\"canonical\" href=\"https:\/\/news.save.ch\/fr\/dormakaba-praesentiert-halbjahresergebnis\/\" \/>\n<meta property=\"og:locale\" content=\"fr_FR\" \/>\n<meta property=\"og:type\" content=\"article\" \/>\n<meta property=\"og:title\" content=\"Dormakaba pr\u00e4sentiert Halbjahresergebnis - Save\" \/>\n<meta property=\"og:description\" content=\"&nbsp; Das gesamtwirtschaftliche und geopolitische Umfeld wurde im ersten Gesch\u00e4ftshalbjahr 2019\/20 kontinuierlich noch anspruchsvoller, schreibt Dormakaba. Der Konzern habe das erste Gesch\u00e4ftshalbjahr per 31. Dezember 2019 mit einem konsolidierten Umsatz von 1&#8217;385.7 Mio. Fr. abgeschlossen (Vorjahr -0.8%). Zus\u00e4tzlich zum anspruchsvollen Umfeld habe die weitere Aufwertung des Schweizer Franken gegen\u00fcber den wichtigsten W\u00e4hrungen das Ergebnis umrechnungsbedingt [&hellip;]\" \/>\n<meta property=\"og:url\" content=\"https:\/\/news.save.ch\/fr\/dormakaba-praesentiert-halbjahresergebnis\/\" \/>\n<meta property=\"og:site_name\" content=\"Save\" \/>\n<meta property=\"article:published_time\" content=\"2020-03-04T10:51:44+00:00\" \/>\n<meta property=\"article:modified_time\" content=\"2023-03-14T07:59:58+00:00\" \/>\n<meta property=\"og:image\" content=\"https:\/\/news.save.ch\/wp-content\/uploads\/2020\/03\/ebitda.jpg\" \/>\n\t<meta property=\"og:image:width\" content=\"1139\" \/>\n\t<meta property=\"og:image:height\" content=\"643\" \/>\n\t<meta property=\"og:image:type\" content=\"image\/jpeg\" \/>\n<meta name=\"author\" content=\"Roger Str\u00e4ssle\" \/>\n<meta name=\"twitter:card\" content=\"summary_large_image\" \/>\n<meta name=\"twitter:label1\" content=\"\u00c9crit par\" \/>\n\t<meta name=\"twitter:data1\" content=\"Roger Str\u00e4ssle\" \/>\n\t<meta name=\"twitter:label2\" content=\"Dur\u00e9e de lecture estim\u00e9e\" \/>\n\t<meta name=\"twitter:data2\" content=\"2 minutes\" \/>\n<script type=\"application\/ld+json\" class=\"yoast-schema-graph\">{\"@context\":\"https:\\\/\\\/schema.org\",\"@graph\":[{\"@type\":\"Article\",\"@id\":\"https:\\\/\\\/news.save.ch\\\/dormakaba-praesentiert-halbjahresergebnis\\\/#article\",\"isPartOf\":{\"@id\":\"https:\\\/\\\/news.save.ch\\\/dormakaba-praesentiert-halbjahresergebnis\\\/\"},\"author\":{\"name\":\"Roger Str\u00e4ssle\",\"@id\":\"https:\\\/\\\/news.save.ch\\\/de\\\/#\\\/schema\\\/person\\\/d5022db048e0e2b9785c50e5b24da5aa\"},\"headline\":\"Dormakaba pr\u00e4sentiert Halbjahresergebnis\",\"datePublished\":\"2020-03-04T10:51:44+00:00\",\"dateModified\":\"2023-03-14T07:59:58+00:00\",\"mainEntityOfPage\":{\"@id\":\"https:\\\/\\\/news.save.ch\\\/dormakaba-praesentiert-halbjahresergebnis\\\/\"},\"wordCount\":448,\"publisher\":{\"@id\":\"https:\\\/\\\/news.save.ch\\\/de\\\/#organization\"},\"image\":{\"@id\":\"https:\\\/\\\/news.save.ch\\\/dormakaba-praesentiert-halbjahresergebnis\\\/#primaryimage\"},\"thumbnailUrl\":\"https:\\\/\\\/news.save.ch\\\/wp-content\\\/uploads\\\/2020\\\/03\\\/ebitda.jpg\",\"keywords\":[\"Dormakaba\",\"Gesch\u00e4ftsjahr 2019\\\/20\",\"Halbjahresergebnis\",\"Zutrittskontrolle\"],\"articleSection\":[\"SICHERHEIT\"],\"inLanguage\":\"fr-FR\"},{\"@type\":\"WebPage\",\"@id\":\"https:\\\/\\\/news.save.ch\\\/dormakaba-praesentiert-halbjahresergebnis\\\/\",\"url\":\"https:\\\/\\\/news.save.ch\\\/dormakaba-praesentiert-halbjahresergebnis\\\/\",\"name\":\"Dormakaba pr\u00e4sentiert Halbjahresergebnis - Save\",\"isPartOf\":{\"@id\":\"https:\\\/\\\/news.save.ch\\\/de\\\/#website\"},\"primaryImageOfPage\":{\"@id\":\"https:\\\/\\\/news.save.ch\\\/dormakaba-praesentiert-halbjahresergebnis\\\/#primaryimage\"},\"image\":{\"@id\":\"https:\\\/\\\/news.save.ch\\\/dormakaba-praesentiert-halbjahresergebnis\\\/#primaryimage\"},\"thumbnailUrl\":\"https:\\\/\\\/news.save.ch\\\/wp-content\\\/uploads\\\/2020\\\/03\\\/ebitda.jpg\",\"datePublished\":\"2020-03-04T10:51:44+00:00\",\"dateModified\":\"2023-03-14T07:59:58+00:00\",\"breadcrumb\":{\"@id\":\"https:\\\/\\\/news.save.ch\\\/dormakaba-praesentiert-halbjahresergebnis\\\/#breadcrumb\"},\"inLanguage\":\"fr-FR\",\"potentialAction\":[{\"@type\":\"ReadAction\",\"target\":[\"https:\\\/\\\/news.save.ch\\\/dormakaba-praesentiert-halbjahresergebnis\\\/\"]}]},{\"@type\":\"ImageObject\",\"inLanguage\":\"fr-FR\",\"@id\":\"https:\\\/\\\/news.save.ch\\\/dormakaba-praesentiert-halbjahresergebnis\\\/#primaryimage\",\"url\":\"https:\\\/\\\/news.save.ch\\\/wp-content\\\/uploads\\\/2020\\\/03\\\/ebitda.jpg\",\"contentUrl\":\"https:\\\/\\\/news.save.ch\\\/wp-content\\\/uploads\\\/2020\\\/03\\\/ebitda.jpg\",\"width\":1139,\"height\":643,\"caption\":\"EBITDA-Beitrag nach Segmenten (in% des gesamten EBITDA des Hauptsegments). \u00a9 Dormakaba\"},{\"@type\":\"BreadcrumbList\",\"@id\":\"https:\\\/\\\/news.save.ch\\\/dormakaba-praesentiert-halbjahresergebnis\\\/#breadcrumb\",\"itemListElement\":[{\"@type\":\"ListItem\",\"position\":1,\"name\":\"Home\",\"item\":\"https:\\\/\\\/news.save.ch\\\/de\\\/\"},{\"@type\":\"ListItem\",\"position\":2,\"name\":\"Dormakaba pr\u00e4sentiert Halbjahresergebnis\"}]},{\"@type\":\"WebSite\",\"@id\":\"https:\\\/\\\/news.save.ch\\\/de\\\/#website\",\"url\":\"https:\\\/\\\/news.save.ch\\\/de\\\/\",\"name\":\"Save\",\"description\":\"Schweizer Fachzeitschrift f\u00fcr Sicherheit\",\"publisher\":{\"@id\":\"https:\\\/\\\/news.save.ch\\\/de\\\/#organization\"},\"potentialAction\":[{\"@type\":\"SearchAction\",\"target\":{\"@type\":\"EntryPoint\",\"urlTemplate\":\"https:\\\/\\\/news.save.ch\\\/de\\\/?s={search_term_string}\"},\"query-input\":{\"@type\":\"PropertyValueSpecification\",\"valueRequired\":true,\"valueName\":\"search_term_string\"}}],\"inLanguage\":\"fr-FR\"},{\"@type\":\"Organization\",\"@id\":\"https:\\\/\\\/news.save.ch\\\/de\\\/#organization\",\"name\":\"Sicherheitsforum\",\"url\":\"https:\\\/\\\/news.save.ch\\\/de\\\/\",\"logo\":{\"@type\":\"ImageObject\",\"inLanguage\":\"fr-FR\",\"@id\":\"https:\\\/\\\/news.save.ch\\\/de\\\/#\\\/schema\\\/logo\\\/image\\\/\",\"url\":\"https:\\\/\\\/news.save.ch\\\/wp-content\\\/uploads\\\/2022\\\/06\\\/Logo_SF_2012.png\",\"contentUrl\":\"https:\\\/\\\/news.save.ch\\\/wp-content\\\/uploads\\\/2022\\\/06\\\/Logo_SF_2012.png\",\"width\":1100,\"height\":91,\"caption\":\"Sicherheitsforum\"},\"image\":{\"@id\":\"https:\\\/\\\/news.save.ch\\\/de\\\/#\\\/schema\\\/logo\\\/image\\\/\"}},{\"@type\":\"Person\",\"@id\":\"https:\\\/\\\/news.save.ch\\\/de\\\/#\\\/schema\\\/person\\\/d5022db048e0e2b9785c50e5b24da5aa\",\"name\":\"Roger Str\u00e4ssle\",\"image\":{\"@type\":\"ImageObject\",\"inLanguage\":\"fr-FR\",\"@id\":\"https:\\\/\\\/secure.gravatar.com\\\/avatar\\\/862a5569d087de48e5856e32f45d719a03804c891d6deb8d4f71a660e79e4a47?s=96&d=mm&r=g\",\"url\":\"https:\\\/\\\/secure.gravatar.com\\\/avatar\\\/862a5569d087de48e5856e32f45d719a03804c891d6deb8d4f71a660e79e4a47?s=96&d=mm&r=g\",\"contentUrl\":\"https:\\\/\\\/secure.gravatar.com\\\/avatar\\\/862a5569d087de48e5856e32f45d719a03804c891d6deb8d4f71a660e79e4a47?s=96&d=mm&r=g\",\"caption\":\"Roger Str\u00e4ssle\"},\"url\":\"https:\\\/\\\/news.save.ch\\\/fr\\\/author\\\/roger-straessle\\\/\"}]}<\/script>\n<!-- \/ Yoast SEO plugin. -->","yoast_head_json":{"title":"Dormakaba pr\u00e9sente ses r\u00e9sultats semestriels - Save","robots":{"index":"index","follow":"follow","max-snippet":"max-snippet:-1","max-image-preview":"max-image-preview:large","max-video-preview":"max-video-preview:-1"},"canonical":"https:\/\/news.save.ch\/fr\/dormakaba-praesentiert-halbjahresergebnis\/","og_locale":"fr_FR","og_type":"article","og_title":"Dormakaba pr\u00e4sentiert Halbjahresergebnis - Save","og_description":"&nbsp; Das gesamtwirtschaftliche und geopolitische Umfeld wurde im ersten Gesch\u00e4ftshalbjahr 2019\/20 kontinuierlich noch anspruchsvoller, schreibt Dormakaba. Der Konzern habe das erste Gesch\u00e4ftshalbjahr per 31. Dezember 2019 mit einem konsolidierten Umsatz von 1&#8217;385.7 Mio. Fr. abgeschlossen (Vorjahr -0.8%). Zus\u00e4tzlich zum anspruchsvollen Umfeld habe die weitere Aufwertung des Schweizer Franken gegen\u00fcber den wichtigsten W\u00e4hrungen das Ergebnis umrechnungsbedingt [&hellip;]","og_url":"https:\/\/news.save.ch\/fr\/dormakaba-praesentiert-halbjahresergebnis\/","og_site_name":"Save","article_published_time":"2020-03-04T10:51:44+00:00","article_modified_time":"2023-03-14T07:59:58+00:00","og_image":[{"width":1139,"height":643,"url":"https:\/\/news.save.ch\/wp-content\/uploads\/2020\/03\/ebitda.jpg","type":"image\/jpeg"}],"author":"Roger Str\u00e4ssle","twitter_card":"summary_large_image","twitter_misc":{"\u00c9crit par":"Roger Str\u00e4ssle","Dur\u00e9e de lecture estim\u00e9e":"2 minutes"},"schema":{"@context":"https:\/\/schema.org","@graph":[{"@type":"Article","@id":"https:\/\/news.save.ch\/dormakaba-praesentiert-halbjahresergebnis\/#article","isPartOf":{"@id":"https:\/\/news.save.ch\/dormakaba-praesentiert-halbjahresergebnis\/"},"author":{"name":"Roger Str\u00e4ssle","@id":"https:\/\/news.save.ch\/de\/#\/schema\/person\/d5022db048e0e2b9785c50e5b24da5aa"},"headline":"Dormakaba pr\u00e4sentiert Halbjahresergebnis","datePublished":"2020-03-04T10:51:44+00:00","dateModified":"2023-03-14T07:59:58+00:00","mainEntityOfPage":{"@id":"https:\/\/news.save.ch\/dormakaba-praesentiert-halbjahresergebnis\/"},"wordCount":448,"publisher":{"@id":"https:\/\/news.save.ch\/de\/#organization"},"image":{"@id":"https:\/\/news.save.ch\/dormakaba-praesentiert-halbjahresergebnis\/#primaryimage"},"thumbnailUrl":"https:\/\/news.save.ch\/wp-content\/uploads\/2020\/03\/ebitda.jpg","keywords":["Dormakaba","Gesch\u00e4ftsjahr 2019\/20","Halbjahresergebnis","Zutrittskontrolle"],"articleSection":["SICHERHEIT"],"inLanguage":"fr-FR"},{"@type":"WebPage","@id":"https:\/\/news.save.ch\/dormakaba-praesentiert-halbjahresergebnis\/","url":"https:\/\/news.save.ch\/dormakaba-praesentiert-halbjahresergebnis\/","name":"Dormakaba pr\u00e9sente ses r\u00e9sultats semestriels - Save","isPartOf":{"@id":"https:\/\/news.save.ch\/de\/#website"},"primaryImageOfPage":{"@id":"https:\/\/news.save.ch\/dormakaba-praesentiert-halbjahresergebnis\/#primaryimage"},"image":{"@id":"https:\/\/news.save.ch\/dormakaba-praesentiert-halbjahresergebnis\/#primaryimage"},"thumbnailUrl":"https:\/\/news.save.ch\/wp-content\/uploads\/2020\/03\/ebitda.jpg","datePublished":"2020-03-04T10:51:44+00:00","dateModified":"2023-03-14T07:59:58+00:00","breadcrumb":{"@id":"https:\/\/news.save.ch\/dormakaba-praesentiert-halbjahresergebnis\/#breadcrumb"},"inLanguage":"fr-FR","potentialAction":[{"@type":"ReadAction","target":["https:\/\/news.save.ch\/dormakaba-praesentiert-halbjahresergebnis\/"]}]},{"@type":"ImageObject","inLanguage":"fr-FR","@id":"https:\/\/news.save.ch\/dormakaba-praesentiert-halbjahresergebnis\/#primaryimage","url":"https:\/\/news.save.ch\/wp-content\/uploads\/2020\/03\/ebitda.jpg","contentUrl":"https:\/\/news.save.ch\/wp-content\/uploads\/2020\/03\/ebitda.jpg","width":1139,"height":643,"caption":"EBITDA-Beitrag nach Segmenten (in% des gesamten EBITDA des Hauptsegments). \u00a9 Dormakaba"},{"@type":"BreadcrumbList","@id":"https:\/\/news.save.ch\/dormakaba-praesentiert-halbjahresergebnis\/#breadcrumb","itemListElement":[{"@type":"ListItem","position":1,"name":"Home","item":"https:\/\/news.save.ch\/de\/"},{"@type":"ListItem","position":2,"name":"Dormakaba pr\u00e4sentiert Halbjahresergebnis"}]},{"@type":"WebSite","@id":"https:\/\/news.save.ch\/de\/#website","url":"https:\/\/news.save.ch\/de\/","name":"Save","description":"Revue suisse sp\u00e9cialis\u00e9e dans la s\u00e9curit\u00e9","publisher":{"@id":"https:\/\/news.save.ch\/de\/#organization"},"potentialAction":[{"@type":"SearchAction","target":{"@type":"EntryPoint","urlTemplate":"https:\/\/news.save.ch\/de\/?s={search_term_string}"},"query-input":{"@type":"PropertyValueSpecification","valueRequired":true,"valueName":"search_term_string"}}],"inLanguage":"fr-FR"},{"@type":"Organization","@id":"https:\/\/news.save.ch\/de\/#organization","name":"Forum sur la s\u00e9curit\u00e9","url":"https:\/\/news.save.ch\/de\/","logo":{"@type":"ImageObject","inLanguage":"fr-FR","@id":"https:\/\/news.save.ch\/de\/#\/schema\/logo\/image\/","url":"https:\/\/news.save.ch\/wp-content\/uploads\/2022\/06\/Logo_SF_2012.png","contentUrl":"https:\/\/news.save.ch\/wp-content\/uploads\/2022\/06\/Logo_SF_2012.png","width":1100,"height":91,"caption":"Sicherheitsforum"},"image":{"@id":"https:\/\/news.save.ch\/de\/#\/schema\/logo\/image\/"}},{"@type":"Person","@id":"https:\/\/news.save.ch\/de\/#\/schema\/person\/d5022db048e0e2b9785c50e5b24da5aa","name":"Roger Str\u00e4ssle","image":{"@type":"ImageObject","inLanguage":"fr-FR","@id":"https:\/\/secure.gravatar.com\/avatar\/862a5569d087de48e5856e32f45d719a03804c891d6deb8d4f71a660e79e4a47?s=96&d=mm&r=g","url":"https:\/\/secure.gravatar.com\/avatar\/862a5569d087de48e5856e32f45d719a03804c891d6deb8d4f71a660e79e4a47?s=96&d=mm&r=g","contentUrl":"https:\/\/secure.gravatar.com\/avatar\/862a5569d087de48e5856e32f45d719a03804c891d6deb8d4f71a660e79e4a47?s=96&d=mm&r=g","caption":"Roger Str\u00e4ssle"},"url":"https:\/\/news.save.ch\/fr\/author\/roger-straessle\/"}]}},"_links":{"self":[{"href":"https:\/\/news.save.ch\/fr\/wp-json\/wp\/v2\/posts\/9619","targetHints":{"allow":["GET"]}}],"collection":[{"href":"https:\/\/news.save.ch\/fr\/wp-json\/wp\/v2\/posts"}],"about":[{"href":"https:\/\/news.save.ch\/fr\/wp-json\/wp\/v2\/types\/post"}],"author":[{"embeddable":true,"href":"https:\/\/news.save.ch\/fr\/wp-json\/wp\/v2\/users\/8"}],"replies":[{"embeddable":true,"href":"https:\/\/news.save.ch\/fr\/wp-json\/wp\/v2\/comments?post=9619"}],"version-history":[{"count":1,"href":"https:\/\/news.save.ch\/fr\/wp-json\/wp\/v2\/posts\/9619\/revisions"}],"predecessor-version":[{"id":17973,"href":"https:\/\/news.save.ch\/fr\/wp-json\/wp\/v2\/posts\/9619\/revisions\/17973"}],"wp:featuredmedia":[{"embeddable":true,"href":"https:\/\/news.save.ch\/fr\/wp-json\/wp\/v2\/media\/9620"}],"wp:attachment":[{"href":"https:\/\/news.save.ch\/fr\/wp-json\/wp\/v2\/media?parent=9619"}],"wp:term":[{"taxonomy":"category","embeddable":true,"href":"https:\/\/news.save.ch\/fr\/wp-json\/wp\/v2\/categories?post=9619"},{"taxonomy":"post_tag","embeddable":true,"href":"https:\/\/news.save.ch\/fr\/wp-json\/wp\/v2\/tags?post=9619"}],"curies":[{"name":"wp","href":"https:\/\/api.w.org\/{rel}","templated":true}]}}