{"id":979,"date":"2016-01-14T14:15:20","date_gmt":"2016-01-14T13:15:20","guid":{"rendered":"https:\/\/dev.sicherheitsforum.ch\/?p=979"},"modified":"2023-03-14T08:57:27","modified_gmt":"2023-03-14T07:57:27","slug":"schlag-gegen-ddos-erpresser","status":null,"type":"post","link":"https:\/\/news.save.ch\/fr\/schlag-gegen-ddos-erpresser\/","title":{"rendered":"Coup de filet contre le chantage DDoS"},"content":{"rendered":"<figure id=\"attachment_981\" aria-describedby=\"caption-attachment-981\" style=\"width: 680px\" class=\"wp-caption alignnone\"><img loading=\"lazy\" decoding=\"async\" class=\"wp-image-981 size-medium\" src=\"https:\/\/news.save.ch\/wp-content\/uploads\/2016\/12\/Schlag-gegen-DDoS-Erpresser-it-security.jpg\" width=\"680\" height=\"680\" \/><figcaption id=\"caption-attachment-981\" class=\"wp-caption-text\">Monnaie informatique Bitcoin<\/figcaption><\/figure>\n<p>Des agents du Hi-Tech Crime Departement, minist\u00e8re de l'Int\u00e9rieur de la Republika Srpska, ont arr\u00eat\u00e9 un homme de 32 ans en Bosnie-Herz\u00e9govine en d\u00e9cembre 2015. Ce ressortissant bosniaque est soup\u00e7onn\u00e9 de jouer un r\u00f4le de premier plan dans un groupe de cybercriminels op\u00e9rant \u00e0 l'\u00e9chelle internationale sous le pseudonyme \"DD4BC\" (\"DDoS for Bitcoin\"), selon l'Office f\u00e9d\u00e9ral de police criminelle (BKA) en Allemagne. Des cybersp\u00e9cialistes du BKA auraient accompagn\u00e9 sur place les mesures op\u00e9rationnelles. Des policiers des Etats-Unis, de Grande-Bretagne, d'Autriche et d'Europol ont \u00e9galement particip\u00e9 \u00e0 l'op\u00e9ration polici\u00e8re.<\/p>\n<p>Sur mandat du parquet g\u00e9n\u00e9ral de Francfort, office central de lutte contre la cybercriminalit\u00e9, le BKA m\u00e8ne une enqu\u00eate contre ce groupe soup\u00e7onn\u00e9 d'extorsion et de sabotage informatique. Depuis 2014, les auteurs auraient lanc\u00e9 des attaques DDoS dans le monde entier contre la pr\u00e9sence en ligne de grandes entreprises de commerce \u00e9lectronique et de soci\u00e9t\u00e9s. Les dommages subis dans le monde entier se chiffrent en centaines de milliers d'euros.<\/p>\n<p>Le groupe aurait toujours proc\u00e9d\u00e9 de la m\u00eame mani\u00e8re pour ses extorsions : \"DD4BC\" aurait demand\u00e9 aux entreprises de payer un certain montant, pour ensuite cesser ses attaques en \"contrepartie\". Le montant exig\u00e9 \u00e9tait toujours un montant en monnaie num\u00e9rique Bitcoin, la plupart du temps d'une valeur d'environ 10'000 euros.<\/p>\n<p>Cette arrestation r\u00e9ussie souligne une fois de plus l'importance de la coop\u00e9ration polici\u00e8re internationale dans la lutte contre les cybercriminels op\u00e9rant \u00e0 l'\u00e9chelle mondiale. Pour obtenir de tels succ\u00e8s, il faut, selon le BKA, une coop\u00e9ration bas\u00e9e sur la confiance avec l'\u00e9conomie, comme c'est le cas par exemple avec le German Competence Centre against Cyber Crime (<a href=\"https:\/\/www.g4c-ev.org\" target=\"_blank\" data-cke-saved-href=\"https:\/\/www.g4c-ev.org\" rel=\"noopener\">G4C<\/a> e.V.) existe. Ce n'est que si les entreprises concern\u00e9es d\u00e9noncent les faits qu'une poursuite p\u00e9nale est possible (en Suisse, ce sont les services de police cantonaux qui sont comp\u00e9tents).<\/p>\n<p><strong><em>Explications :<\/em><\/strong><\/p>\n<ul>\n<li>Attaque DDoS (Distributed Denial of Service) : Attaque contre un ordinateur dans le but de mettre hors service sa disponibilit\u00e9. L'attaque est lanc\u00e9e \u00e0 partir de nombreux ordinateurs r\u00e9partis.<\/li>\n<li>Bitcoin : la monnaie ne se compose ni de billets ni de pi\u00e8ces. Elle est constitu\u00e9e de blocs de donn\u00e9es calcul\u00e9s et crypt\u00e9s. Le nom est compos\u00e9 de la plus petite unit\u00e9 de m\u00e9moire dans un ordinateur, le bit, et du mot anglais pour pi\u00e8ce de monnaie, Coin.<\/li>\n<\/ul>\n<p>&nbsp;<\/p>","protected":false},"excerpt":{"rendered":"<p>Beamte des Hi-Tech Crime Departement, Innenministerium Republik Srpska, haben im Dezember 2015 in Bosnien und Herzegowina einen 32-j\u00e4hrigen Mann festgenommen. Der bosnische Staatsangeh\u00f6rige steht im Verdacht, eine f\u00fchrende Rolle in einer international agierenden Gruppierung von Cyberkriminellen mit dem Pseudonym &#8222;DD4BC&#8220; (&#8222;DDoS for Bitcoin&#8220;) zu spielen, wie das Bundeskriminalamt (BKA) in Deutschland schreibt. BKA-Cyberspezialisten h\u00e4tten vor [&hellip;]<\/p>\n","protected":false},"author":1,"featured_media":981,"comment_status":"open","ping_status":"open","sticky":false,"template":"","format":"standard","meta":{"_acf_changed":false,"pgc_sgb_lightbox_settings":"","footnotes":""},"categories":[3313],"tags":[96,62,63,113],"class_list":["post-979","post","type-post","status-publish","format-standard","has-post-thumbnail","hentry","category-digitalisierung","tag-cyber-crime","tag-ict-sicherheit","tag-it-security","tag-kriminalitaet"],"acf":[],"hkrextid":null,"publication":null,"issue":null,"workflow":null,"startPage":null,"spitzmarke":null,"_posts_by_tag_page_fields":{"widget_title":"","widget_tags":""},"_at_widget":"1","_yoast_wpseo_primary_category":"2","_yoast_wpseo_focuskw_text_input":"DDoS-Erpresser","_yoast_wpseo_opengraph-image":"https:\/\/news.save.ch\/wp-content\/uploads\/2016\/12\/Schlag-gegen-DDoS-Erpresser-it-security.jpg","_yoast_wpseo_opengraph-description":"Cyber-Fahnder haben einen international agierenden DDoS-Erpresser dingfest gemacht.","_yoast_wpseo_opengraph-title":"Schlag gegen DDoS-Erpresser","enclosure":null,"_yoast_wpseo_twitter-title":null,"_yoast_wpseo_twitter-description":null,"_yoast_wpseo_twitter-image":null,"_wp_old_slug":null,"_yoast_wpseo_title":null,"_yoast_wpseo_canonical":null,"yoast_head":"<!-- This site is optimized with the Yoast SEO plugin v27.5 - https:\/\/yoast.com\/product\/yoast-seo-wordpress\/ -->\n<title>Schlag gegen DDoS-Erpresser - Save<\/title>\n<meta name=\"description\" content=\"Beamte des Hi-Tech Crime Departement, Innenministerium Republik Srpska, haben einen international agierenden DDoS-Erpresser dingfest gemacht.\" \/>\n<meta name=\"robots\" content=\"index, follow, max-snippet:-1, max-image-preview:large, max-video-preview:-1\" \/>\n<link rel=\"canonical\" href=\"https:\/\/news.save.ch\/fr\/schlag-gegen-ddos-erpresser\/\" \/>\n<meta property=\"og:locale\" content=\"fr_FR\" \/>\n<meta property=\"og:type\" content=\"article\" \/>\n<meta property=\"og:title\" content=\"Schlag gegen DDoS-Erpresser\" \/>\n<meta property=\"og:description\" content=\"Cyber-Fahnder haben einen international agierenden DDoS-Erpresser dingfest gemacht.\" \/>\n<meta property=\"og:url\" content=\"https:\/\/news.save.ch\/fr\/schlag-gegen-ddos-erpresser\/\" \/>\n<meta property=\"og:site_name\" content=\"Save\" \/>\n<meta property=\"article:published_time\" content=\"2016-01-14T13:15:20+00:00\" \/>\n<meta property=\"article:modified_time\" content=\"2023-03-14T07:57:27+00:00\" \/>\n<meta property=\"og:image\" content=\"https:\/\/news.save.ch\/wp-content\/uploads\/2016\/12\/Schlag-gegen-DDoS-Erpresser-it-security.jpg\" \/>\n<meta name=\"author\" content=\"admin\" \/>\n<meta name=\"twitter:card\" content=\"summary_large_image\" \/>\n<meta name=\"twitter:label1\" content=\"\u00c9crit par\" \/>\n\t<meta name=\"twitter:data1\" content=\"admin\" \/>\n\t<meta name=\"twitter:label2\" content=\"Dur\u00e9e de lecture estim\u00e9e\" \/>\n\t<meta name=\"twitter:data2\" content=\"2 minutes\" \/>\n<script type=\"application\/ld+json\" class=\"yoast-schema-graph\">{\"@context\":\"https:\\\/\\\/schema.org\",\"@graph\":[{\"@type\":\"Article\",\"@id\":\"https:\\\/\\\/news.save.ch\\\/schlag-gegen-ddos-erpresser\\\/#article\",\"isPartOf\":{\"@id\":\"https:\\\/\\\/news.save.ch\\\/schlag-gegen-ddos-erpresser\\\/\"},\"author\":{\"name\":\"admin\",\"@id\":\"https:\\\/\\\/news.save.ch\\\/de\\\/#\\\/schema\\\/person\\\/d49e199490bad7c70d64b9ab51142f2b\"},\"headline\":\"Schlag gegen DDoS-Erpresser\",\"datePublished\":\"2016-01-14T13:15:20+00:00\",\"dateModified\":\"2023-03-14T07:57:27+00:00\",\"mainEntityOfPage\":{\"@id\":\"https:\\\/\\\/news.save.ch\\\/schlag-gegen-ddos-erpresser\\\/\"},\"wordCount\":342,\"commentCount\":0,\"publisher\":{\"@id\":\"https:\\\/\\\/news.save.ch\\\/de\\\/#organization\"},\"image\":{\"@id\":\"https:\\\/\\\/news.save.ch\\\/schlag-gegen-ddos-erpresser\\\/#primaryimage\"},\"thumbnailUrl\":\"https:\\\/\\\/news.save.ch\\\/wp-content\\\/uploads\\\/2016\\\/12\\\/Schlag-gegen-DDoS-Erpresser-it-security-scaled.jpg\",\"keywords\":[\"Cyber-Crime\",\"ICT-Sicherheit\",\"IT-SECURITY\",\"Kriminalit\u00e4t\"],\"articleSection\":[\"DIGITALISIERUNG\"],\"inLanguage\":\"fr-FR\"},{\"@type\":\"WebPage\",\"@id\":\"https:\\\/\\\/news.save.ch\\\/schlag-gegen-ddos-erpresser\\\/\",\"url\":\"https:\\\/\\\/news.save.ch\\\/schlag-gegen-ddos-erpresser\\\/\",\"name\":\"Schlag gegen DDoS-Erpresser - Save\",\"isPartOf\":{\"@id\":\"https:\\\/\\\/news.save.ch\\\/de\\\/#website\"},\"primaryImageOfPage\":{\"@id\":\"https:\\\/\\\/news.save.ch\\\/schlag-gegen-ddos-erpresser\\\/#primaryimage\"},\"image\":{\"@id\":\"https:\\\/\\\/news.save.ch\\\/schlag-gegen-ddos-erpresser\\\/#primaryimage\"},\"thumbnailUrl\":\"https:\\\/\\\/news.save.ch\\\/wp-content\\\/uploads\\\/2016\\\/12\\\/Schlag-gegen-DDoS-Erpresser-it-security-scaled.jpg\",\"datePublished\":\"2016-01-14T13:15:20+00:00\",\"dateModified\":\"2023-03-14T07:57:27+00:00\",\"description\":\"Beamte des Hi-Tech Crime Departement, Innenministerium Republik Srpska, haben einen international agierenden DDoS-Erpresser dingfest gemacht.\",\"breadcrumb\":{\"@id\":\"https:\\\/\\\/news.save.ch\\\/schlag-gegen-ddos-erpresser\\\/#breadcrumb\"},\"inLanguage\":\"fr-FR\",\"potentialAction\":[{\"@type\":\"ReadAction\",\"target\":[\"https:\\\/\\\/news.save.ch\\\/schlag-gegen-ddos-erpresser\\\/\"]}]},{\"@type\":\"ImageObject\",\"inLanguage\":\"fr-FR\",\"@id\":\"https:\\\/\\\/news.save.ch\\\/schlag-gegen-ddos-erpresser\\\/#primaryimage\",\"url\":\"https:\\\/\\\/news.save.ch\\\/wp-content\\\/uploads\\\/2016\\\/12\\\/Schlag-gegen-DDoS-Erpresser-it-security-scaled.jpg\",\"contentUrl\":\"https:\\\/\\\/news.save.ch\\\/wp-content\\\/uploads\\\/2016\\\/12\\\/Schlag-gegen-DDoS-Erpresser-it-security-scaled.jpg\",\"width\":1400,\"height\":1400,\"caption\":\"Computerw\u00e4hrung Bitcoin\"},{\"@type\":\"BreadcrumbList\",\"@id\":\"https:\\\/\\\/news.save.ch\\\/schlag-gegen-ddos-erpresser\\\/#breadcrumb\",\"itemListElement\":[{\"@type\":\"ListItem\",\"position\":1,\"name\":\"Home\",\"item\":\"https:\\\/\\\/news.save.ch\\\/de\\\/\"},{\"@type\":\"ListItem\",\"position\":2,\"name\":\"Schlag gegen DDoS-Erpresser\"}]},{\"@type\":\"WebSite\",\"@id\":\"https:\\\/\\\/news.save.ch\\\/de\\\/#website\",\"url\":\"https:\\\/\\\/news.save.ch\\\/de\\\/\",\"name\":\"Save\",\"description\":\"Schweizer Fachzeitschrift f\u00fcr Sicherheit\",\"publisher\":{\"@id\":\"https:\\\/\\\/news.save.ch\\\/de\\\/#organization\"},\"potentialAction\":[{\"@type\":\"SearchAction\",\"target\":{\"@type\":\"EntryPoint\",\"urlTemplate\":\"https:\\\/\\\/news.save.ch\\\/de\\\/?s={search_term_string}\"},\"query-input\":{\"@type\":\"PropertyValueSpecification\",\"valueRequired\":true,\"valueName\":\"search_term_string\"}}],\"inLanguage\":\"fr-FR\"},{\"@type\":\"Organization\",\"@id\":\"https:\\\/\\\/news.save.ch\\\/de\\\/#organization\",\"name\":\"Sicherheitsforum\",\"url\":\"https:\\\/\\\/news.save.ch\\\/de\\\/\",\"logo\":{\"@type\":\"ImageObject\",\"inLanguage\":\"fr-FR\",\"@id\":\"https:\\\/\\\/news.save.ch\\\/de\\\/#\\\/schema\\\/logo\\\/image\\\/\",\"url\":\"https:\\\/\\\/news.save.ch\\\/wp-content\\\/uploads\\\/2022\\\/06\\\/Logo_SF_2012.png\",\"contentUrl\":\"https:\\\/\\\/news.save.ch\\\/wp-content\\\/uploads\\\/2022\\\/06\\\/Logo_SF_2012.png\",\"width\":1100,\"height\":91,\"caption\":\"Sicherheitsforum\"},\"image\":{\"@id\":\"https:\\\/\\\/news.save.ch\\\/de\\\/#\\\/schema\\\/logo\\\/image\\\/\"}},{\"@type\":\"Person\",\"@id\":\"https:\\\/\\\/news.save.ch\\\/de\\\/#\\\/schema\\\/person\\\/d49e199490bad7c70d64b9ab51142f2b\",\"name\":\"admin\",\"image\":{\"@type\":\"ImageObject\",\"inLanguage\":\"fr-FR\",\"@id\":\"https:\\\/\\\/secure.gravatar.com\\\/avatar\\\/ae2f4d718e6c49043e314ce431e7e645d646302a24a5ef5a8bc8e3f5a032e319?s=96&d=mm&r=g\",\"url\":\"https:\\\/\\\/secure.gravatar.com\\\/avatar\\\/ae2f4d718e6c49043e314ce431e7e645d646302a24a5ef5a8bc8e3f5a032e319?s=96&d=mm&r=g\",\"contentUrl\":\"https:\\\/\\\/secure.gravatar.com\\\/avatar\\\/ae2f4d718e6c49043e314ce431e7e645d646302a24a5ef5a8bc8e3f5a032e319?s=96&d=mm&r=g\",\"caption\":\"admin\"},\"sameAs\":[\"https:\\\/\\\/develop.organisator.galledia.ch\"],\"url\":\"https:\\\/\\\/news.save.ch\\\/fr\\\/author\\\/admin\\\/\"}]}<\/script>\n<!-- \/ Yoast SEO plugin. -->","yoast_head_json":{"title":"Coup de filet contre le chantage DDoS - Save","description":"Des agents du Hi-Tech Crime Departement, minist\u00e8re de l'Int\u00e9rieur de la R\u00e9publique serbe de Bosnie, ont arr\u00eat\u00e9 un ma\u00eetre chanteur DDoS op\u00e9rant \u00e0 l'\u00e9chelle internationale.","robots":{"index":"index","follow":"follow","max-snippet":"max-snippet:-1","max-image-preview":"max-image-preview:large","max-video-preview":"max-video-preview:-1"},"canonical":"https:\/\/news.save.ch\/fr\/schlag-gegen-ddos-erpresser\/","og_locale":"fr_FR","og_type":"article","og_title":"Schlag gegen DDoS-Erpresser","og_description":"Cyber-Fahnder haben einen international agierenden DDoS-Erpresser dingfest gemacht.","og_url":"https:\/\/news.save.ch\/fr\/schlag-gegen-ddos-erpresser\/","og_site_name":"Save","article_published_time":"2016-01-14T13:15:20+00:00","article_modified_time":"2023-03-14T07:57:27+00:00","og_image":[{"url":"https:\/\/news.save.ch\/wp-content\/uploads\/2016\/12\/Schlag-gegen-DDoS-Erpresser-it-security.jpg","type":"","width":"","height":""}],"author":"admin","twitter_card":"summary_large_image","twitter_misc":{"\u00c9crit par":"admin","Dur\u00e9e de lecture estim\u00e9e":"2 minutes"},"schema":{"@context":"https:\/\/schema.org","@graph":[{"@type":"Article","@id":"https:\/\/news.save.ch\/schlag-gegen-ddos-erpresser\/#article","isPartOf":{"@id":"https:\/\/news.save.ch\/schlag-gegen-ddos-erpresser\/"},"author":{"name":"admin","@id":"https:\/\/news.save.ch\/de\/#\/schema\/person\/d49e199490bad7c70d64b9ab51142f2b"},"headline":"Schlag gegen DDoS-Erpresser","datePublished":"2016-01-14T13:15:20+00:00","dateModified":"2023-03-14T07:57:27+00:00","mainEntityOfPage":{"@id":"https:\/\/news.save.ch\/schlag-gegen-ddos-erpresser\/"},"wordCount":342,"commentCount":0,"publisher":{"@id":"https:\/\/news.save.ch\/de\/#organization"},"image":{"@id":"https:\/\/news.save.ch\/schlag-gegen-ddos-erpresser\/#primaryimage"},"thumbnailUrl":"https:\/\/news.save.ch\/wp-content\/uploads\/2016\/12\/Schlag-gegen-DDoS-Erpresser-it-security-scaled.jpg","keywords":["Cyber-Crime","ICT-Sicherheit","IT-SECURITY","Kriminalit\u00e4t"],"articleSection":["DIGITALISIERUNG"],"inLanguage":"fr-FR"},{"@type":"WebPage","@id":"https:\/\/news.save.ch\/schlag-gegen-ddos-erpresser\/","url":"https:\/\/news.save.ch\/schlag-gegen-ddos-erpresser\/","name":"Coup de filet contre le chantage DDoS - Save","isPartOf":{"@id":"https:\/\/news.save.ch\/de\/#website"},"primaryImageOfPage":{"@id":"https:\/\/news.save.ch\/schlag-gegen-ddos-erpresser\/#primaryimage"},"image":{"@id":"https:\/\/news.save.ch\/schlag-gegen-ddos-erpresser\/#primaryimage"},"thumbnailUrl":"https:\/\/news.save.ch\/wp-content\/uploads\/2016\/12\/Schlag-gegen-DDoS-Erpresser-it-security-scaled.jpg","datePublished":"2016-01-14T13:15:20+00:00","dateModified":"2023-03-14T07:57:27+00:00","description":"Des agents du Hi-Tech Crime Departement, minist\u00e8re de l'Int\u00e9rieur de la R\u00e9publique serbe de Bosnie, ont arr\u00eat\u00e9 un ma\u00eetre chanteur DDoS op\u00e9rant \u00e0 l'\u00e9chelle internationale.","breadcrumb":{"@id":"https:\/\/news.save.ch\/schlag-gegen-ddos-erpresser\/#breadcrumb"},"inLanguage":"fr-FR","potentialAction":[{"@type":"ReadAction","target":["https:\/\/news.save.ch\/schlag-gegen-ddos-erpresser\/"]}]},{"@type":"ImageObject","inLanguage":"fr-FR","@id":"https:\/\/news.save.ch\/schlag-gegen-ddos-erpresser\/#primaryimage","url":"https:\/\/news.save.ch\/wp-content\/uploads\/2016\/12\/Schlag-gegen-DDoS-Erpresser-it-security-scaled.jpg","contentUrl":"https:\/\/news.save.ch\/wp-content\/uploads\/2016\/12\/Schlag-gegen-DDoS-Erpresser-it-security-scaled.jpg","width":1400,"height":1400,"caption":"Computerw\u00e4hrung Bitcoin"},{"@type":"BreadcrumbList","@id":"https:\/\/news.save.ch\/schlag-gegen-ddos-erpresser\/#breadcrumb","itemListElement":[{"@type":"ListItem","position":1,"name":"Home","item":"https:\/\/news.save.ch\/de\/"},{"@type":"ListItem","position":2,"name":"Schlag gegen DDoS-Erpresser"}]},{"@type":"WebSite","@id":"https:\/\/news.save.ch\/de\/#website","url":"https:\/\/news.save.ch\/de\/","name":"Save","description":"Revue suisse sp\u00e9cialis\u00e9e dans la s\u00e9curit\u00e9","publisher":{"@id":"https:\/\/news.save.ch\/de\/#organization"},"potentialAction":[{"@type":"SearchAction","target":{"@type":"EntryPoint","urlTemplate":"https:\/\/news.save.ch\/de\/?s={search_term_string}"},"query-input":{"@type":"PropertyValueSpecification","valueRequired":true,"valueName":"search_term_string"}}],"inLanguage":"fr-FR"},{"@type":"Organization","@id":"https:\/\/news.save.ch\/de\/#organization","name":"Forum sur la s\u00e9curit\u00e9","url":"https:\/\/news.save.ch\/de\/","logo":{"@type":"ImageObject","inLanguage":"fr-FR","@id":"https:\/\/news.save.ch\/de\/#\/schema\/logo\/image\/","url":"https:\/\/news.save.ch\/wp-content\/uploads\/2022\/06\/Logo_SF_2012.png","contentUrl":"https:\/\/news.save.ch\/wp-content\/uploads\/2022\/06\/Logo_SF_2012.png","width":1100,"height":91,"caption":"Sicherheitsforum"},"image":{"@id":"https:\/\/news.save.ch\/de\/#\/schema\/logo\/image\/"}},{"@type":"Person","@id":"https:\/\/news.save.ch\/de\/#\/schema\/person\/d49e199490bad7c70d64b9ab51142f2b","name":"admin","image":{"@type":"ImageObject","inLanguage":"fr-FR","@id":"https:\/\/secure.gravatar.com\/avatar\/ae2f4d718e6c49043e314ce431e7e645d646302a24a5ef5a8bc8e3f5a032e319?s=96&d=mm&r=g","url":"https:\/\/secure.gravatar.com\/avatar\/ae2f4d718e6c49043e314ce431e7e645d646302a24a5ef5a8bc8e3f5a032e319?s=96&d=mm&r=g","contentUrl":"https:\/\/secure.gravatar.com\/avatar\/ae2f4d718e6c49043e314ce431e7e645d646302a24a5ef5a8bc8e3f5a032e319?s=96&d=mm&r=g","caption":"admin"},"sameAs":["https:\/\/develop.organisator.galledia.ch"],"url":"https:\/\/news.save.ch\/fr\/author\/admin\/"}]}},"_links":{"self":[{"href":"https:\/\/news.save.ch\/fr\/wp-json\/wp\/v2\/posts\/979","targetHints":{"allow":["GET"]}}],"collection":[{"href":"https:\/\/news.save.ch\/fr\/wp-json\/wp\/v2\/posts"}],"about":[{"href":"https:\/\/news.save.ch\/fr\/wp-json\/wp\/v2\/types\/post"}],"author":[{"embeddable":true,"href":"https:\/\/news.save.ch\/fr\/wp-json\/wp\/v2\/users\/1"}],"replies":[{"embeddable":true,"href":"https:\/\/news.save.ch\/fr\/wp-json\/wp\/v2\/comments?post=979"}],"version-history":[{"count":1,"href":"https:\/\/news.save.ch\/fr\/wp-json\/wp\/v2\/posts\/979\/revisions"}],"predecessor-version":[{"id":17681,"href":"https:\/\/news.save.ch\/fr\/wp-json\/wp\/v2\/posts\/979\/revisions\/17681"}],"wp:featuredmedia":[{"embeddable":true,"href":"https:\/\/news.save.ch\/fr\/wp-json\/wp\/v2\/media\/981"}],"wp:attachment":[{"href":"https:\/\/news.save.ch\/fr\/wp-json\/wp\/v2\/media?parent=979"}],"wp:term":[{"taxonomy":"category","embeddable":true,"href":"https:\/\/news.save.ch\/fr\/wp-json\/wp\/v2\/categories?post=979"},{"taxonomy":"post_tag","embeddable":true,"href":"https:\/\/news.save.ch\/fr\/wp-json\/wp\/v2\/tags?post=979"}],"curies":[{"name":"wp","href":"https:\/\/api.w.org\/{rel}","templated":true}]}}