{"id":9842,"date":"2022-11-02T10:02:41","date_gmt":"2022-11-02T09:02:41","guid":{"rendered":"https:\/\/news.save.ch\/?p=9842"},"modified":"2023-06-13T02:51:23","modified_gmt":"2023-06-13T00:51:23","slug":"reduzierung-der-strassenbeleuchtung-die-gefahren","status":null,"type":"post","link":"https:\/\/news.save.ch\/fr\/reduzierung-der-strassenbeleuchtung-die-gefahren\/","title":{"rendered":"R\u00e9duction de l'\u00e9clairage public - les dangers"},"content":{"rendered":"<figure id=\"attachment_9844\" aria-describedby=\"caption-attachment-9844\" style=\"width: 441px\" class=\"wp-caption alignnone\"><img loading=\"lazy\" decoding=\"async\" class=\"wp-image-9844 size-full\" src=\"https:\/\/news.save.ch\/wp-content\/uploads\/2020\/03\/sicherheitsexpo.jpg\" alt=\" \u00e9clairage public\" width=\"441\" height=\"452\" srcset=\"https:\/\/news.save.ch\/wp-content\/uploads\/2020\/03\/sicherheitsexpo.jpg 441w, https:\/\/news.save.ch\/wp-content\/uploads\/2020\/03\/sicherheitsexpo-293x300.jpg 293w\" sizes=\"auto, (max-width: 441px) 100vw, 441px\" \/><figcaption id=\"caption-attachment-9844\" class=\"wp-caption-text\">Distance de visibilit\u00e9 vs. distance d'arr\u00eat dans l'obscurit\u00e9 avec des v\u00eatements clairs et une chauss\u00e9e mouill\u00e9e. Image : Madevisible.Swiss<\/figcaption><\/figure>\n<p>Au cr\u00e9puscule et la nuit, le risque d'accident est trois fois plus \u00e9lev\u00e9 que le jour. En cas de pluie, de neige ou de contre-jour la nuit, le risque d'accident sur les routes est multipli\u00e9 par dix. Comme le montre une statistique de l'Office f\u00e9d\u00e9ral des routes (OFROU), les mois d'automne \u00e0 d\u00e9cembre (\u00e0 partir de septembre) sont les cinq mois les plus accidentog\u00e8nes de l'ann\u00e9e. A cela s'ajoute le fait que de nombreuses villes et villages ont d\u00e9cid\u00e9, dans le cadre de la crise \u00e9nerg\u00e9tique, de r\u00e9duire ou d'\u00e9teindre partiellement l'\u00e9clairage public pendant la nuit.<\/p>\n<p>Selon le TCS, les usagers de la route peuvent prendre des mesures suppl\u00e9mentaires dans l'obscurit\u00e9 afin d'\u00eatre mieux vus la nuit. L'une des possibilit\u00e9s d'augmenter la visibilit\u00e9 dans le trafic consiste \u00e0 s'\u00e9quiper de v\u00eatements et d'\u00e9quipements r\u00e9fl\u00e9chissants. Il peut s'agir par exemple aussi de mat\u00e9riaux r\u00e9fl\u00e9chissants pour les joggeurs, les jeunes, les propri\u00e9taires de chiens, les familles et les pendulaires.<\/p>\n<p><em>Source : TCS\/r\u00e9daction<\/em><\/p>","protected":false},"excerpt":{"rendered":"<p>In der D\u00e4mmerung und in der Nacht ist das Unfallrisiko dreimal so hoch wie am Tag. Bei n\u00e4chtlichem Regen, Schnee oder Gegenlicht steigt die Unfallgefahr auf den Strassen um das Zehnfache. Wie aus einer Statistik des Bundesamts f\u00fcr Strassen (Astra) hervorgeht, sind die Herbstmonate bis Dezember (ab September) die f\u00fcnf unfalltr\u00e4chtigsten Monate des Jahres. Kommt [&hellip;]<\/p>\n","protected":false},"author":9,"featured_media":16556,"comment_status":"closed","ping_status":"closed","sticky":false,"template":"","format":"standard","meta":{"_acf_changed":false,"pgc_sgb_lightbox_settings":"","footnotes":""},"categories":[1],"tags":[4100,4101,4121,2917,327,3141],"class_list":["post-9842","post","type-post","status-publish","format-standard","has-post-thumbnail","hentry","category-allgemein","tag-herbstmonate","tag-oeffentliche-beleuchtung","tag-reflektierende-kleidung","tag-sichtbarkeit","tag-strassenverkehr","tag-unfallrisiko"],"acf":[],"hkrextid":null,"publication":null,"issue":null,"workflow":null,"startPage":null,"spitzmarke":null,"_posts_by_tag_page_fields":{"widget_title":"","widget_tags":""},"_at_widget":"1","_yoast_wpseo_primary_category":"","_yoast_wpseo_focuskw_text_input":null,"_yoast_wpseo_opengraph-image":null,"_yoast_wpseo_opengraph-description":null,"_yoast_wpseo_opengraph-title":null,"enclosure":null,"_yoast_wpseo_twitter-title":null,"_yoast_wpseo_twitter-description":null,"_yoast_wpseo_twitter-image":null,"_wp_old_slug":null,"_yoast_wpseo_title":null,"_yoast_wpseo_canonical":null,"yoast_head":"<!-- This site is optimized with the Yoast SEO plugin v27.5 - https:\/\/yoast.com\/product\/yoast-seo-wordpress\/ -->\n<title>Reduzierung der Strassenbeleuchtung \u2013 die Gefahren - Save<\/title>\n<meta name=\"description\" content=\"Nicht wenige St\u00e4dte und D\u00f6fer haben in der Schweiz infolge der Energiekrise beschlossen, die \u00f6ffentliche Beleuchtung w\u00e4hrend der Nacht zu reduzieren oder auszuschalten.\" \/>\n<meta name=\"robots\" content=\"index, follow, max-snippet:-1, max-image-preview:large, max-video-preview:-1\" \/>\n<link rel=\"canonical\" href=\"https:\/\/news.save.ch\/fr\/reduzierung-der-strassenbeleuchtung-die-gefahren\/\" \/>\n<meta property=\"og:locale\" content=\"fr_FR\" \/>\n<meta property=\"og:type\" content=\"article\" \/>\n<meta property=\"og:title\" content=\"Reduzierung der Strassenbeleuchtung \u2013 die Gefahren - Save\" \/>\n<meta property=\"og:description\" content=\"Nicht wenige St\u00e4dte und D\u00f6fer haben in der Schweiz infolge der Energiekrise beschlossen, die \u00f6ffentliche Beleuchtung w\u00e4hrend der Nacht zu reduzieren oder auszuschalten.\" \/>\n<meta property=\"og:url\" content=\"https:\/\/news.save.ch\/fr\/reduzierung-der-strassenbeleuchtung-die-gefahren\/\" \/>\n<meta property=\"og:site_name\" content=\"Save\" \/>\n<meta property=\"article:published_time\" content=\"2022-11-02T09:02:41+00:00\" \/>\n<meta property=\"article:modified_time\" content=\"2023-06-13T00:51:23+00:00\" \/>\n<meta property=\"og:image\" content=\"https:\/\/news.save.ch\/wp-content\/uploads\/2022\/11\/evening-g1f514caf2_640.jpg\" \/>\n\t<meta property=\"og:image:width\" content=\"640\" \/>\n\t<meta property=\"og:image:height\" content=\"426\" \/>\n\t<meta property=\"og:image:type\" content=\"image\/jpeg\" \/>\n<meta name=\"author\" content=\"Simon Gr\u00f6flin\" \/>\n<meta name=\"twitter:card\" content=\"summary_large_image\" \/>\n<meta name=\"twitter:label1\" content=\"\u00c9crit par\" \/>\n\t<meta name=\"twitter:data1\" content=\"Simon Gr\u00f6flin\" \/>\n\t<meta name=\"twitter:label2\" content=\"Dur\u00e9e de lecture estim\u00e9e\" \/>\n\t<meta name=\"twitter:data2\" content=\"2 minutes\" \/>\n<script type=\"application\/ld+json\" class=\"yoast-schema-graph\">{\"@context\":\"https:\\\/\\\/schema.org\",\"@graph\":[{\"@type\":\"Article\",\"@id\":\"https:\\\/\\\/news.save.ch\\\/reduzierung-der-strassenbeleuchtung-die-gefahren\\\/#article\",\"isPartOf\":{\"@id\":\"https:\\\/\\\/news.save.ch\\\/reduzierung-der-strassenbeleuchtung-die-gefahren\\\/\"},\"author\":{\"name\":\"Simon Gr\u00f6flin\",\"@id\":\"https:\\\/\\\/news.save.ch\\\/de\\\/#\\\/schema\\\/person\\\/ad4ef21102fd6125312409ac57d5296d\"},\"headline\":\"Reduzierung der Strassenbeleuchtung \u2013 die Gefahren\",\"datePublished\":\"2022-11-02T09:02:41+00:00\",\"dateModified\":\"2023-06-13T00:51:23+00:00\",\"mainEntityOfPage\":{\"@id\":\"https:\\\/\\\/news.save.ch\\\/reduzierung-der-strassenbeleuchtung-die-gefahren\\\/\"},\"wordCount\":170,\"publisher\":{\"@id\":\"https:\\\/\\\/news.save.ch\\\/de\\\/#organization\"},\"image\":{\"@id\":\"https:\\\/\\\/news.save.ch\\\/reduzierung-der-strassenbeleuchtung-die-gefahren\\\/#primaryimage\"},\"thumbnailUrl\":\"https:\\\/\\\/news.save.ch\\\/wp-content\\\/uploads\\\/2022\\\/11\\\/evening-g1f514caf2_640.jpg\",\"keywords\":[\"Herbstmonate\",\"\u00f6ffentliche Beleuchtung\",\"Reflektierende Kleidung\",\"Sichtbarkeit\",\"Strassenverkehr\",\"Unfallrisiko\"],\"articleSection\":[\"ALLGEMEIN\"],\"inLanguage\":\"fr-FR\"},{\"@type\":\"WebPage\",\"@id\":\"https:\\\/\\\/news.save.ch\\\/reduzierung-der-strassenbeleuchtung-die-gefahren\\\/\",\"url\":\"https:\\\/\\\/news.save.ch\\\/reduzierung-der-strassenbeleuchtung-die-gefahren\\\/\",\"name\":\"Reduzierung der Strassenbeleuchtung \u2013 die Gefahren - Save\",\"isPartOf\":{\"@id\":\"https:\\\/\\\/news.save.ch\\\/de\\\/#website\"},\"primaryImageOfPage\":{\"@id\":\"https:\\\/\\\/news.save.ch\\\/reduzierung-der-strassenbeleuchtung-die-gefahren\\\/#primaryimage\"},\"image\":{\"@id\":\"https:\\\/\\\/news.save.ch\\\/reduzierung-der-strassenbeleuchtung-die-gefahren\\\/#primaryimage\"},\"thumbnailUrl\":\"https:\\\/\\\/news.save.ch\\\/wp-content\\\/uploads\\\/2022\\\/11\\\/evening-g1f514caf2_640.jpg\",\"datePublished\":\"2022-11-02T09:02:41+00:00\",\"dateModified\":\"2023-06-13T00:51:23+00:00\",\"description\":\"Nicht wenige St\u00e4dte und D\u00f6fer haben in der Schweiz infolge der Energiekrise beschlossen, die \u00f6ffentliche Beleuchtung w\u00e4hrend der Nacht zu reduzieren oder auszuschalten.\",\"breadcrumb\":{\"@id\":\"https:\\\/\\\/news.save.ch\\\/reduzierung-der-strassenbeleuchtung-die-gefahren\\\/#breadcrumb\"},\"inLanguage\":\"fr-FR\",\"potentialAction\":[{\"@type\":\"ReadAction\",\"target\":[\"https:\\\/\\\/news.save.ch\\\/reduzierung-der-strassenbeleuchtung-die-gefahren\\\/\"]}]},{\"@type\":\"ImageObject\",\"inLanguage\":\"fr-FR\",\"@id\":\"https:\\\/\\\/news.save.ch\\\/reduzierung-der-strassenbeleuchtung-die-gefahren\\\/#primaryimage\",\"url\":\"https:\\\/\\\/news.save.ch\\\/wp-content\\\/uploads\\\/2022\\\/11\\\/evening-g1f514caf2_640.jpg\",\"contentUrl\":\"https:\\\/\\\/news.save.ch\\\/wp-content\\\/uploads\\\/2022\\\/11\\\/evening-g1f514caf2_640.jpg\",\"width\":640,\"height\":426,\"caption\":\"Bild: Pixabay\"},{\"@type\":\"BreadcrumbList\",\"@id\":\"https:\\\/\\\/news.save.ch\\\/reduzierung-der-strassenbeleuchtung-die-gefahren\\\/#breadcrumb\",\"itemListElement\":[{\"@type\":\"ListItem\",\"position\":1,\"name\":\"Home\",\"item\":\"https:\\\/\\\/news.save.ch\\\/de\\\/\"},{\"@type\":\"ListItem\",\"position\":2,\"name\":\"Reduzierung der Strassenbeleuchtung \u2013 die Gefahren\"}]},{\"@type\":\"WebSite\",\"@id\":\"https:\\\/\\\/news.save.ch\\\/de\\\/#website\",\"url\":\"https:\\\/\\\/news.save.ch\\\/de\\\/\",\"name\":\"Save\",\"description\":\"Schweizer Fachzeitschrift f\u00fcr Sicherheit\",\"publisher\":{\"@id\":\"https:\\\/\\\/news.save.ch\\\/de\\\/#organization\"},\"potentialAction\":[{\"@type\":\"SearchAction\",\"target\":{\"@type\":\"EntryPoint\",\"urlTemplate\":\"https:\\\/\\\/news.save.ch\\\/de\\\/?s={search_term_string}\"},\"query-input\":{\"@type\":\"PropertyValueSpecification\",\"valueRequired\":true,\"valueName\":\"search_term_string\"}}],\"inLanguage\":\"fr-FR\"},{\"@type\":\"Organization\",\"@id\":\"https:\\\/\\\/news.save.ch\\\/de\\\/#organization\",\"name\":\"Sicherheitsforum\",\"url\":\"https:\\\/\\\/news.save.ch\\\/de\\\/\",\"logo\":{\"@type\":\"ImageObject\",\"inLanguage\":\"fr-FR\",\"@id\":\"https:\\\/\\\/news.save.ch\\\/de\\\/#\\\/schema\\\/logo\\\/image\\\/\",\"url\":\"https:\\\/\\\/news.save.ch\\\/wp-content\\\/uploads\\\/2022\\\/06\\\/Logo_SF_2012.png\",\"contentUrl\":\"https:\\\/\\\/news.save.ch\\\/wp-content\\\/uploads\\\/2022\\\/06\\\/Logo_SF_2012.png\",\"width\":1100,\"height\":91,\"caption\":\"Sicherheitsforum\"},\"image\":{\"@id\":\"https:\\\/\\\/news.save.ch\\\/de\\\/#\\\/schema\\\/logo\\\/image\\\/\"}},{\"@type\":\"Person\",\"@id\":\"https:\\\/\\\/news.save.ch\\\/de\\\/#\\\/schema\\\/person\\\/ad4ef21102fd6125312409ac57d5296d\",\"name\":\"Simon Gr\u00f6flin\",\"image\":{\"@type\":\"ImageObject\",\"inLanguage\":\"fr-FR\",\"@id\":\"https:\\\/\\\/secure.gravatar.com\\\/avatar\\\/6ddceb80eb734354635539e0ea5140bb7c41e42de7c45c9a2ab9921b5d5c9a83?s=96&d=mm&r=g\",\"url\":\"https:\\\/\\\/secure.gravatar.com\\\/avatar\\\/6ddceb80eb734354635539e0ea5140bb7c41e42de7c45c9a2ab9921b5d5c9a83?s=96&d=mm&r=g\",\"contentUrl\":\"https:\\\/\\\/secure.gravatar.com\\\/avatar\\\/6ddceb80eb734354635539e0ea5140bb7c41e42de7c45c9a2ab9921b5d5c9a83?s=96&d=mm&r=g\",\"caption\":\"Simon Gr\u00f6flin\"},\"url\":\"https:\\\/\\\/news.save.ch\\\/fr\\\/author\\\/simon-groeflin\\\/\"}]}<\/script>\n<!-- \/ Yoast SEO plugin. -->","yoast_head_json":{"title":"R\u00e9duction de l'\u00e9clairage public - les dangers - Save","description":"En Suisse, un nombre non n\u00e9gligeable de villes et de villages ont d\u00e9cid\u00e9, suite \u00e0 la crise \u00e9nerg\u00e9tique, de r\u00e9duire ou d'\u00e9teindre l'\u00e9clairage public pendant la nuit.","robots":{"index":"index","follow":"follow","max-snippet":"max-snippet:-1","max-image-preview":"max-image-preview:large","max-video-preview":"max-video-preview:-1"},"canonical":"https:\/\/news.save.ch\/fr\/reduzierung-der-strassenbeleuchtung-die-gefahren\/","og_locale":"fr_FR","og_type":"article","og_title":"Reduzierung der Strassenbeleuchtung \u2013 die Gefahren - Save","og_description":"Nicht wenige St\u00e4dte und D\u00f6fer haben in der Schweiz infolge der Energiekrise beschlossen, die \u00f6ffentliche Beleuchtung w\u00e4hrend der Nacht zu reduzieren oder auszuschalten.","og_url":"https:\/\/news.save.ch\/fr\/reduzierung-der-strassenbeleuchtung-die-gefahren\/","og_site_name":"Save","article_published_time":"2022-11-02T09:02:41+00:00","article_modified_time":"2023-06-13T00:51:23+00:00","og_image":[{"width":640,"height":426,"url":"https:\/\/news.save.ch\/wp-content\/uploads\/2022\/11\/evening-g1f514caf2_640.jpg","type":"image\/jpeg"}],"author":"Simon Gr\u00f6flin","twitter_card":"summary_large_image","twitter_misc":{"\u00c9crit par":"Simon Gr\u00f6flin","Dur\u00e9e de lecture estim\u00e9e":"2 minutes"},"schema":{"@context":"https:\/\/schema.org","@graph":[{"@type":"Article","@id":"https:\/\/news.save.ch\/reduzierung-der-strassenbeleuchtung-die-gefahren\/#article","isPartOf":{"@id":"https:\/\/news.save.ch\/reduzierung-der-strassenbeleuchtung-die-gefahren\/"},"author":{"name":"Simon Gr\u00f6flin","@id":"https:\/\/news.save.ch\/de\/#\/schema\/person\/ad4ef21102fd6125312409ac57d5296d"},"headline":"Reduzierung der Strassenbeleuchtung \u2013 die Gefahren","datePublished":"2022-11-02T09:02:41+00:00","dateModified":"2023-06-13T00:51:23+00:00","mainEntityOfPage":{"@id":"https:\/\/news.save.ch\/reduzierung-der-strassenbeleuchtung-die-gefahren\/"},"wordCount":170,"publisher":{"@id":"https:\/\/news.save.ch\/de\/#organization"},"image":{"@id":"https:\/\/news.save.ch\/reduzierung-der-strassenbeleuchtung-die-gefahren\/#primaryimage"},"thumbnailUrl":"https:\/\/news.save.ch\/wp-content\/uploads\/2022\/11\/evening-g1f514caf2_640.jpg","keywords":["Herbstmonate","\u00f6ffentliche Beleuchtung","Reflektierende Kleidung","Sichtbarkeit","Strassenverkehr","Unfallrisiko"],"articleSection":["ALLGEMEIN"],"inLanguage":"fr-FR"},{"@type":"WebPage","@id":"https:\/\/news.save.ch\/reduzierung-der-strassenbeleuchtung-die-gefahren\/","url":"https:\/\/news.save.ch\/reduzierung-der-strassenbeleuchtung-die-gefahren\/","name":"R\u00e9duction de l'\u00e9clairage public - les dangers - Save","isPartOf":{"@id":"https:\/\/news.save.ch\/de\/#website"},"primaryImageOfPage":{"@id":"https:\/\/news.save.ch\/reduzierung-der-strassenbeleuchtung-die-gefahren\/#primaryimage"},"image":{"@id":"https:\/\/news.save.ch\/reduzierung-der-strassenbeleuchtung-die-gefahren\/#primaryimage"},"thumbnailUrl":"https:\/\/news.save.ch\/wp-content\/uploads\/2022\/11\/evening-g1f514caf2_640.jpg","datePublished":"2022-11-02T09:02:41+00:00","dateModified":"2023-06-13T00:51:23+00:00","description":"En Suisse, un nombre non n\u00e9gligeable de villes et de villages ont d\u00e9cid\u00e9, suite \u00e0 la crise \u00e9nerg\u00e9tique, de r\u00e9duire ou d'\u00e9teindre l'\u00e9clairage public pendant la nuit.","breadcrumb":{"@id":"https:\/\/news.save.ch\/reduzierung-der-strassenbeleuchtung-die-gefahren\/#breadcrumb"},"inLanguage":"fr-FR","potentialAction":[{"@type":"ReadAction","target":["https:\/\/news.save.ch\/reduzierung-der-strassenbeleuchtung-die-gefahren\/"]}]},{"@type":"ImageObject","inLanguage":"fr-FR","@id":"https:\/\/news.save.ch\/reduzierung-der-strassenbeleuchtung-die-gefahren\/#primaryimage","url":"https:\/\/news.save.ch\/wp-content\/uploads\/2022\/11\/evening-g1f514caf2_640.jpg","contentUrl":"https:\/\/news.save.ch\/wp-content\/uploads\/2022\/11\/evening-g1f514caf2_640.jpg","width":640,"height":426,"caption":"Bild: Pixabay"},{"@type":"BreadcrumbList","@id":"https:\/\/news.save.ch\/reduzierung-der-strassenbeleuchtung-die-gefahren\/#breadcrumb","itemListElement":[{"@type":"ListItem","position":1,"name":"Home","item":"https:\/\/news.save.ch\/de\/"},{"@type":"ListItem","position":2,"name":"Reduzierung der Strassenbeleuchtung \u2013 die Gefahren"}]},{"@type":"WebSite","@id":"https:\/\/news.save.ch\/de\/#website","url":"https:\/\/news.save.ch\/de\/","name":"Save","description":"Revue suisse sp\u00e9cialis\u00e9e dans la s\u00e9curit\u00e9","publisher":{"@id":"https:\/\/news.save.ch\/de\/#organization"},"potentialAction":[{"@type":"SearchAction","target":{"@type":"EntryPoint","urlTemplate":"https:\/\/news.save.ch\/de\/?s={search_term_string}"},"query-input":{"@type":"PropertyValueSpecification","valueRequired":true,"valueName":"search_term_string"}}],"inLanguage":"fr-FR"},{"@type":"Organization","@id":"https:\/\/news.save.ch\/de\/#organization","name":"Forum sur la s\u00e9curit\u00e9","url":"https:\/\/news.save.ch\/de\/","logo":{"@type":"ImageObject","inLanguage":"fr-FR","@id":"https:\/\/news.save.ch\/de\/#\/schema\/logo\/image\/","url":"https:\/\/news.save.ch\/wp-content\/uploads\/2022\/06\/Logo_SF_2012.png","contentUrl":"https:\/\/news.save.ch\/wp-content\/uploads\/2022\/06\/Logo_SF_2012.png","width":1100,"height":91,"caption":"Sicherheitsforum"},"image":{"@id":"https:\/\/news.save.ch\/de\/#\/schema\/logo\/image\/"}},{"@type":"Person","@id":"https:\/\/news.save.ch\/de\/#\/schema\/person\/ad4ef21102fd6125312409ac57d5296d","name":"Simon Gr\u00f6flin","image":{"@type":"ImageObject","inLanguage":"fr-FR","@id":"https:\/\/secure.gravatar.com\/avatar\/6ddceb80eb734354635539e0ea5140bb7c41e42de7c45c9a2ab9921b5d5c9a83?s=96&d=mm&r=g","url":"https:\/\/secure.gravatar.com\/avatar\/6ddceb80eb734354635539e0ea5140bb7c41e42de7c45c9a2ab9921b5d5c9a83?s=96&d=mm&r=g","contentUrl":"https:\/\/secure.gravatar.com\/avatar\/6ddceb80eb734354635539e0ea5140bb7c41e42de7c45c9a2ab9921b5d5c9a83?s=96&d=mm&r=g","caption":"Simon Gr\u00f6flin"},"url":"https:\/\/news.save.ch\/fr\/author\/simon-groeflin\/"}]}},"_links":{"self":[{"href":"https:\/\/news.save.ch\/fr\/wp-json\/wp\/v2\/posts\/9842","targetHints":{"allow":["GET"]}}],"collection":[{"href":"https:\/\/news.save.ch\/fr\/wp-json\/wp\/v2\/posts"}],"about":[{"href":"https:\/\/news.save.ch\/fr\/wp-json\/wp\/v2\/types\/post"}],"author":[{"embeddable":true,"href":"https:\/\/news.save.ch\/fr\/wp-json\/wp\/v2\/users\/9"}],"replies":[{"embeddable":true,"href":"https:\/\/news.save.ch\/fr\/wp-json\/wp\/v2\/comments?post=9842"}],"version-history":[{"count":2,"href":"https:\/\/news.save.ch\/fr\/wp-json\/wp\/v2\/posts\/9842\/revisions"}],"predecessor-version":[{"id":19952,"href":"https:\/\/news.save.ch\/fr\/wp-json\/wp\/v2\/posts\/9842\/revisions\/19952"}],"wp:featuredmedia":[{"embeddable":true,"href":"https:\/\/news.save.ch\/fr\/wp-json\/wp\/v2\/media\/16556"}],"wp:attachment":[{"href":"https:\/\/news.save.ch\/fr\/wp-json\/wp\/v2\/media?parent=9842"}],"wp:term":[{"taxonomy":"category","embeddable":true,"href":"https:\/\/news.save.ch\/fr\/wp-json\/wp\/v2\/categories?post=9842"},{"taxonomy":"post_tag","embeddable":true,"href":"https:\/\/news.save.ch\/fr\/wp-json\/wp\/v2\/tags?post=9842"}],"curies":[{"name":"wp","href":"https:\/\/api.w.org\/{rel}","templated":true}]}}