{"id":9890,"date":"2020-03-30T14:33:19","date_gmt":"2020-03-30T12:33:19","guid":{"rendered":"https:\/\/news.save.ch\/?p=9890"},"modified":"2023-03-14T08:56:38","modified_gmt":"2023-03-14T07:56:38","slug":"world-backup-day-fuenf-backup-empfehlungen","status":null,"type":"post","link":"https:\/\/news.save.ch\/fr\/world-backup-day-fuenf-backup-empfehlungen\/","title":{"rendered":"World Backup Day : cinq recommandations"},"content":{"rendered":"<figure id=\"attachment_9891\" aria-describedby=\"caption-attachment-9891\" style=\"width: 680px\" class=\"wp-caption aligncenter\"><img loading=\"lazy\" decoding=\"async\" class=\"wp-image-9891 size-medium\" src=\"https:\/\/news.save.ch\/wp-content\/uploads\/2020\/03\/A_Depositphotos_123120288_s-2019-1.jpg\" alt=\"\" width=\"680\" height=\"602\" srcset=\"https:\/\/news.save.ch\/wp-content\/uploads\/2020\/03\/A_Depositphotos_123120288_s-2019-1.jpg 1000w, https:\/\/news.save.ch\/wp-content\/uploads\/2020\/03\/A_Depositphotos_123120288_s-2019-1-339x300.jpg 339w\" sizes=\"auto, (max-width: 680px) 100vw, 680px\" \/><figcaption id=\"caption-attachment-9891\" class=\"wp-caption-text\">\u00a9 depositphotos, Rawpixel<\/figcaption><\/figure>\n<p>&nbsp;<\/p>\n<p>C'est justement \u00e0 l'\u00e9poque o\u00f9 l'on travaille de plus en plus \u00e0 domicile qu'il faut faire des sauvegardes r\u00e9guli\u00e8res. Le 31 mars aura lieu une fois de plus la <a href=\"https:\/\/www.worldbackupday.com\/de\/\">Journ\u00e9e mondiale de la sauvegarde<\/a> et cinq recommandations de Toshiba Electronics Europe GmbH :<\/p>\n<ol>\n<li><strong> Le nettoyage de printemps :<\/strong> Avant toute op\u00e9ration de sauvegarde importante, un grand nettoyage devrait toujours \u00eatre au programme, c'est-\u00e0-dire que l'ordinateur doit \u00eatre d\u00e9barrass\u00e9 des donn\u00e9es inutiles. Il s'agit par exemple des applications qui ne sont plus utilis\u00e9es et des donn\u00e9es inactives ou fragment\u00e9es ainsi que des fichiers temporaires. L'historique des t\u00e9l\u00e9chargements et les cookies doivent \u00e9galement \u00eatre supprim\u00e9s. Outre l'augmentation de l'espace m\u00e9moire disponible, cela permet \u00e9galement de simplifier et d'acc\u00e9l\u00e9rer les processus de sauvegarde.<\/li>\n<li><strong> Strat\u00e9gie de sauvegarde :<\/strong> Il est important de d\u00e9finir une strat\u00e9gie de sauvegarde. Avant tout, un utilisateur doit d\u00e9terminer comment et \u00e0 quelle fr\u00e9quence les sauvegardes doivent \u00eatre effectu\u00e9es. D'autres d\u00e9cisions concernent le choix de l'emplacement et du support de stockage, par exemple l'utilisation de disques durs externes ou une sauvegarde dans le nuage. La mise en place de sauvegardes automatiques avec la d\u00e9finition de dates et d'intervalles pour les sauvegardes peut \u00e9galement \u00eatre une \u00e9tape utile.<\/li>\n<li><strong> Sauvegarde compl\u00e8te versus sauvegarde incr\u00e9mentielle :<\/strong> Dans tous les cas, les utilisateurs de PC devraient effectuer de temps en temps des sauvegardes compl\u00e8tes. Elles doivent \u00eatre compl\u00e9t\u00e9es par des sauvegardes incr\u00e9mentielles r\u00e9guli\u00e8res, qui ne sauvegardent que les donn\u00e9es modifi\u00e9es depuis la derni\u00e8re sauvegarde compl\u00e8te.<\/li>\n<li><strong> Application du principe 3-2-1 :<\/strong> En r\u00e8gle g\u00e9n\u00e9rale, il est recommand\u00e9 de sauvegarder les donn\u00e9es selon le principe 3-2-1. Cela signifie que l'utilisateur devrait faire trois copies, utiliser deux supports de stockage diff\u00e9rents - par exemple un disque dur externe et un lecteur de bande - et stocker une version de sauvegarde en externe \"hors site\" - par exemple dans le cloud.<\/li>\n<li><strong> R\u00e9cup\u00e9ration de donn\u00e9es :<\/strong> Enfin, il convient \u00e9galement de se pencher sur le th\u00e8me de la reprise apr\u00e8s sinistre, c'est-\u00e0-dire de clarifier la question de savoir comment, en cas de perte de donn\u00e9es sur l'ordinateur, les donn\u00e9es enregistr\u00e9es par la sauvegarde peuvent \u00eatre restaur\u00e9es. La solution de r\u00e9cup\u00e9ration utilis\u00e9e devrait offrir une grande flexibilit\u00e9 et permettre par exemple la restauration de fichiers, de dossiers ou d'un syst\u00e8me complet. Il devrait \u00e9galement \u00eatre possible de restaurer les donn\u00e9es sur un mat\u00e9riel diff\u00e9rent.<\/li>\n<\/ol>\n<p>Il existe de nombreuses solutions de sauvegarde et de restauration sur le march\u00e9, con\u00e7ues pour r\u00e9pondre aux besoins les plus divers. Lors du choix d'une solution, il faut s'assurer que les produits offrent une qualit\u00e9 \u00e9prouv\u00e9e et qu'ils r\u00e9pondent \u00e0 ses propres besoins. Il convient par exemple de v\u00e9rifier la compatibilit\u00e9 avec son propre ordinateur et les fonctionnalit\u00e9s logicielles disponibles.<\/p>\n<p><em>Source : Toshiba Electronics Europe<\/em><\/p>\n<p>&nbsp;<\/p>\n<blockquote>\n<p><strong><span style=\"font-family: 'Arial',sans-serif;\">D\u00e9connecter les disques durs externes\u00a0<\/span><\/strong><\/p>\n<p><span style=\"font-family: 'Arial',sans-serif;\">Et voici un autre conseil important d'Avast : les disques durs externes doivent \u00eatre d\u00e9connect\u00e9s apr\u00e8s une sauvegarde afin de les prot\u00e9ger contre les logiciels malveillants qui pourraient se propager de l'ordinateur aux appareils connect\u00e9s.<\/span><\/p>\n<\/blockquote>\n<p>&nbsp;<\/p>\n<p>&nbsp;<\/p>","protected":false},"excerpt":{"rendered":"<p>&nbsp; Gerade in Zeiten von vermehrtem Home-Office sollte man regelm\u00e4ssige Backups erstellen. Am 31. M\u00e4rz findet einmal mehr der World Backup Day statt; dazu f\u00fcnf Empfehlungen von Toshiba Electronics Europe GmbH: Fr\u00fchjahrsputz: Vor jeder gr\u00f6sseren Backup-Aktion sollte immer auch ein Grossreinemachen auf dem Programm stehen, das heisst der Rechner muss von unn\u00f6tigem Datenballast befreit werden. [&hellip;]<\/p>\n","protected":false},"author":8,"featured_media":9891,"comment_status":"closed","ping_status":"closed","sticky":false,"template":"","format":"standard","meta":{"_acf_changed":false,"pgc_sgb_lightbox_settings":"","footnotes":""},"categories":[3313],"tags":[777,778,779,780],"class_list":["post-9890","post","type-post","status-publish","format-standard","has-post-thumbnail","hentry","category-digitalisierung","tag-backup","tag-datenwiederherstellung","tag-disaster-recovery","tag-inkrementelle-sicherung"],"acf":[],"hkrextid":null,"publication":null,"issue":null,"workflow":null,"startPage":null,"spitzmarke":null,"_posts_by_tag_page_fields":{"widget_title":"","widget_tags":""},"_at_widget":"1","_yoast_wpseo_primary_category":"2","_yoast_wpseo_focuskw_text_input":"Backup","_yoast_wpseo_opengraph-image":null,"_yoast_wpseo_opengraph-description":null,"_yoast_wpseo_opengraph-title":null,"enclosure":null,"_yoast_wpseo_twitter-title":null,"_yoast_wpseo_twitter-description":null,"_yoast_wpseo_twitter-image":null,"_wp_old_slug":null,"_yoast_wpseo_title":null,"_yoast_wpseo_canonical":null,"yoast_head":"<!-- This site is optimized with the Yoast SEO plugin v27.5 - https:\/\/yoast.com\/product\/yoast-seo-wordpress\/ -->\n<title>World Backup Day: F\u00fcnf Empfehlungen - Save<\/title>\n<meta name=\"description\" content=\"World Backup Day: Der Datenverlust auf dem heimischen Desktop-PC oder Notebook ist \u00e4rgerlich. Umso wichtiger sind regelm\u00e4ssige Backups.\" \/>\n<meta name=\"robots\" content=\"index, follow, max-snippet:-1, max-image-preview:large, max-video-preview:-1\" \/>\n<link rel=\"canonical\" href=\"https:\/\/news.save.ch\/fr\/world-backup-day-fuenf-backup-empfehlungen\/\" \/>\n<meta property=\"og:locale\" content=\"fr_FR\" \/>\n<meta property=\"og:type\" content=\"article\" \/>\n<meta property=\"og:title\" content=\"World Backup Day: F\u00fcnf Empfehlungen - Save\" \/>\n<meta property=\"og:description\" content=\"World Backup Day: Der Datenverlust auf dem heimischen Desktop-PC oder Notebook ist \u00e4rgerlich. Umso wichtiger sind regelm\u00e4ssige Backups.\" \/>\n<meta property=\"og:url\" content=\"https:\/\/news.save.ch\/fr\/world-backup-day-fuenf-backup-empfehlungen\/\" \/>\n<meta property=\"og:site_name\" content=\"Save\" \/>\n<meta property=\"article:published_time\" content=\"2020-03-30T12:33:19+00:00\" \/>\n<meta property=\"article:modified_time\" content=\"2023-03-14T07:56:38+00:00\" \/>\n<meta property=\"og:image\" content=\"https:\/\/news.save.ch\/wp-content\/uploads\/2020\/03\/A_Depositphotos_123120288_s-2019-1.jpg\" \/>\n\t<meta property=\"og:image:width\" content=\"1000\" \/>\n\t<meta property=\"og:image:height\" content=\"886\" \/>\n\t<meta property=\"og:image:type\" content=\"image\/jpeg\" \/>\n<meta name=\"author\" content=\"Roger Str\u00e4ssle\" \/>\n<meta name=\"twitter:card\" content=\"summary_large_image\" \/>\n<meta name=\"twitter:label1\" content=\"\u00c9crit par\" \/>\n\t<meta name=\"twitter:data1\" content=\"Roger Str\u00e4ssle\" \/>\n\t<meta name=\"twitter:label2\" content=\"Dur\u00e9e de lecture estim\u00e9e\" \/>\n\t<meta name=\"twitter:data2\" content=\"2 minutes\" \/>\n<script type=\"application\/ld+json\" class=\"yoast-schema-graph\">{\"@context\":\"https:\\\/\\\/schema.org\",\"@graph\":[{\"@type\":\"Article\",\"@id\":\"https:\\\/\\\/news.save.ch\\\/world-backup-day-fuenf-backup-empfehlungen\\\/#article\",\"isPartOf\":{\"@id\":\"https:\\\/\\\/news.save.ch\\\/world-backup-day-fuenf-backup-empfehlungen\\\/\"},\"author\":{\"name\":\"Roger Str\u00e4ssle\",\"@id\":\"https:\\\/\\\/news.save.ch\\\/de\\\/#\\\/schema\\\/person\\\/d5022db048e0e2b9785c50e5b24da5aa\"},\"headline\":\"World Backup Day: F\u00fcnf Empfehlungen\",\"datePublished\":\"2020-03-30T12:33:19+00:00\",\"dateModified\":\"2023-03-14T07:56:38+00:00\",\"mainEntityOfPage\":{\"@id\":\"https:\\\/\\\/news.save.ch\\\/world-backup-day-fuenf-backup-empfehlungen\\\/\"},\"wordCount\":437,\"publisher\":{\"@id\":\"https:\\\/\\\/news.save.ch\\\/de\\\/#organization\"},\"image\":{\"@id\":\"https:\\\/\\\/news.save.ch\\\/world-backup-day-fuenf-backup-empfehlungen\\\/#primaryimage\"},\"thumbnailUrl\":\"https:\\\/\\\/news.save.ch\\\/wp-content\\\/uploads\\\/2020\\\/03\\\/A_Depositphotos_123120288_s-2019-1.jpg\",\"keywords\":[\"Backup\",\"Datenwiederherstellung\",\"Disaster Recovery\",\"inkrementelle Sicherung\"],\"articleSection\":[\"DIGITALISIERUNG\"],\"inLanguage\":\"fr-FR\"},{\"@type\":\"WebPage\",\"@id\":\"https:\\\/\\\/news.save.ch\\\/world-backup-day-fuenf-backup-empfehlungen\\\/\",\"url\":\"https:\\\/\\\/news.save.ch\\\/world-backup-day-fuenf-backup-empfehlungen\\\/\",\"name\":\"World Backup Day: F\u00fcnf Empfehlungen - Save\",\"isPartOf\":{\"@id\":\"https:\\\/\\\/news.save.ch\\\/de\\\/#website\"},\"primaryImageOfPage\":{\"@id\":\"https:\\\/\\\/news.save.ch\\\/world-backup-day-fuenf-backup-empfehlungen\\\/#primaryimage\"},\"image\":{\"@id\":\"https:\\\/\\\/news.save.ch\\\/world-backup-day-fuenf-backup-empfehlungen\\\/#primaryimage\"},\"thumbnailUrl\":\"https:\\\/\\\/news.save.ch\\\/wp-content\\\/uploads\\\/2020\\\/03\\\/A_Depositphotos_123120288_s-2019-1.jpg\",\"datePublished\":\"2020-03-30T12:33:19+00:00\",\"dateModified\":\"2023-03-14T07:56:38+00:00\",\"description\":\"World Backup Day: Der Datenverlust auf dem heimischen Desktop-PC oder Notebook ist \u00e4rgerlich. Umso wichtiger sind regelm\u00e4ssige Backups.\",\"breadcrumb\":{\"@id\":\"https:\\\/\\\/news.save.ch\\\/world-backup-day-fuenf-backup-empfehlungen\\\/#breadcrumb\"},\"inLanguage\":\"fr-FR\",\"potentialAction\":[{\"@type\":\"ReadAction\",\"target\":[\"https:\\\/\\\/news.save.ch\\\/world-backup-day-fuenf-backup-empfehlungen\\\/\"]}]},{\"@type\":\"ImageObject\",\"inLanguage\":\"fr-FR\",\"@id\":\"https:\\\/\\\/news.save.ch\\\/world-backup-day-fuenf-backup-empfehlungen\\\/#primaryimage\",\"url\":\"https:\\\/\\\/news.save.ch\\\/wp-content\\\/uploads\\\/2020\\\/03\\\/A_Depositphotos_123120288_s-2019-1.jpg\",\"contentUrl\":\"https:\\\/\\\/news.save.ch\\\/wp-content\\\/uploads\\\/2020\\\/03\\\/A_Depositphotos_123120288_s-2019-1.jpg\",\"width\":1000,\"height\":886,\"caption\":\"\u00a9 depositphotos, Rawpixel\"},{\"@type\":\"BreadcrumbList\",\"@id\":\"https:\\\/\\\/news.save.ch\\\/world-backup-day-fuenf-backup-empfehlungen\\\/#breadcrumb\",\"itemListElement\":[{\"@type\":\"ListItem\",\"position\":1,\"name\":\"Home\",\"item\":\"https:\\\/\\\/news.save.ch\\\/de\\\/\"},{\"@type\":\"ListItem\",\"position\":2,\"name\":\"World Backup Day: F\u00fcnf Empfehlungen\"}]},{\"@type\":\"WebSite\",\"@id\":\"https:\\\/\\\/news.save.ch\\\/de\\\/#website\",\"url\":\"https:\\\/\\\/news.save.ch\\\/de\\\/\",\"name\":\"Save\",\"description\":\"Schweizer Fachzeitschrift f\u00fcr Sicherheit\",\"publisher\":{\"@id\":\"https:\\\/\\\/news.save.ch\\\/de\\\/#organization\"},\"potentialAction\":[{\"@type\":\"SearchAction\",\"target\":{\"@type\":\"EntryPoint\",\"urlTemplate\":\"https:\\\/\\\/news.save.ch\\\/de\\\/?s={search_term_string}\"},\"query-input\":{\"@type\":\"PropertyValueSpecification\",\"valueRequired\":true,\"valueName\":\"search_term_string\"}}],\"inLanguage\":\"fr-FR\"},{\"@type\":\"Organization\",\"@id\":\"https:\\\/\\\/news.save.ch\\\/de\\\/#organization\",\"name\":\"Sicherheitsforum\",\"url\":\"https:\\\/\\\/news.save.ch\\\/de\\\/\",\"logo\":{\"@type\":\"ImageObject\",\"inLanguage\":\"fr-FR\",\"@id\":\"https:\\\/\\\/news.save.ch\\\/de\\\/#\\\/schema\\\/logo\\\/image\\\/\",\"url\":\"https:\\\/\\\/news.save.ch\\\/wp-content\\\/uploads\\\/2022\\\/06\\\/Logo_SF_2012.png\",\"contentUrl\":\"https:\\\/\\\/news.save.ch\\\/wp-content\\\/uploads\\\/2022\\\/06\\\/Logo_SF_2012.png\",\"width\":1100,\"height\":91,\"caption\":\"Sicherheitsforum\"},\"image\":{\"@id\":\"https:\\\/\\\/news.save.ch\\\/de\\\/#\\\/schema\\\/logo\\\/image\\\/\"}},{\"@type\":\"Person\",\"@id\":\"https:\\\/\\\/news.save.ch\\\/de\\\/#\\\/schema\\\/person\\\/d5022db048e0e2b9785c50e5b24da5aa\",\"name\":\"Roger Str\u00e4ssle\",\"image\":{\"@type\":\"ImageObject\",\"inLanguage\":\"fr-FR\",\"@id\":\"https:\\\/\\\/secure.gravatar.com\\\/avatar\\\/862a5569d087de48e5856e32f45d719a03804c891d6deb8d4f71a660e79e4a47?s=96&d=mm&r=g\",\"url\":\"https:\\\/\\\/secure.gravatar.com\\\/avatar\\\/862a5569d087de48e5856e32f45d719a03804c891d6deb8d4f71a660e79e4a47?s=96&d=mm&r=g\",\"contentUrl\":\"https:\\\/\\\/secure.gravatar.com\\\/avatar\\\/862a5569d087de48e5856e32f45d719a03804c891d6deb8d4f71a660e79e4a47?s=96&d=mm&r=g\",\"caption\":\"Roger Str\u00e4ssle\"},\"url\":\"https:\\\/\\\/news.save.ch\\\/fr\\\/author\\\/roger-straessle\\\/\"}]}<\/script>\n<!-- \/ Yoast SEO plugin. -->","yoast_head_json":{"title":"World Backup Day : cinq recommandations - Save","description":"World Backup Day : La perte de donn\u00e9es sur l'ordinateur de bureau ou portable de la maison est f\u00e2cheuse. Il est donc d'autant plus important de proc\u00e9der \u00e0 des sauvegardes r\u00e9guli\u00e8res.","robots":{"index":"index","follow":"follow","max-snippet":"max-snippet:-1","max-image-preview":"max-image-preview:large","max-video-preview":"max-video-preview:-1"},"canonical":"https:\/\/news.save.ch\/fr\/world-backup-day-fuenf-backup-empfehlungen\/","og_locale":"fr_FR","og_type":"article","og_title":"World Backup Day: F\u00fcnf Empfehlungen - Save","og_description":"World Backup Day: Der Datenverlust auf dem heimischen Desktop-PC oder Notebook ist \u00e4rgerlich. Umso wichtiger sind regelm\u00e4ssige Backups.","og_url":"https:\/\/news.save.ch\/fr\/world-backup-day-fuenf-backup-empfehlungen\/","og_site_name":"Save","article_published_time":"2020-03-30T12:33:19+00:00","article_modified_time":"2023-03-14T07:56:38+00:00","og_image":[{"width":1000,"height":886,"url":"https:\/\/news.save.ch\/wp-content\/uploads\/2020\/03\/A_Depositphotos_123120288_s-2019-1.jpg","type":"image\/jpeg"}],"author":"Roger Str\u00e4ssle","twitter_card":"summary_large_image","twitter_misc":{"\u00c9crit par":"Roger Str\u00e4ssle","Dur\u00e9e de lecture estim\u00e9e":"2 minutes"},"schema":{"@context":"https:\/\/schema.org","@graph":[{"@type":"Article","@id":"https:\/\/news.save.ch\/world-backup-day-fuenf-backup-empfehlungen\/#article","isPartOf":{"@id":"https:\/\/news.save.ch\/world-backup-day-fuenf-backup-empfehlungen\/"},"author":{"name":"Roger Str\u00e4ssle","@id":"https:\/\/news.save.ch\/de\/#\/schema\/person\/d5022db048e0e2b9785c50e5b24da5aa"},"headline":"World Backup Day: F\u00fcnf Empfehlungen","datePublished":"2020-03-30T12:33:19+00:00","dateModified":"2023-03-14T07:56:38+00:00","mainEntityOfPage":{"@id":"https:\/\/news.save.ch\/world-backup-day-fuenf-backup-empfehlungen\/"},"wordCount":437,"publisher":{"@id":"https:\/\/news.save.ch\/de\/#organization"},"image":{"@id":"https:\/\/news.save.ch\/world-backup-day-fuenf-backup-empfehlungen\/#primaryimage"},"thumbnailUrl":"https:\/\/news.save.ch\/wp-content\/uploads\/2020\/03\/A_Depositphotos_123120288_s-2019-1.jpg","keywords":["Backup","Datenwiederherstellung","Disaster Recovery","inkrementelle Sicherung"],"articleSection":["DIGITALISIERUNG"],"inLanguage":"fr-FR"},{"@type":"WebPage","@id":"https:\/\/news.save.ch\/world-backup-day-fuenf-backup-empfehlungen\/","url":"https:\/\/news.save.ch\/world-backup-day-fuenf-backup-empfehlungen\/","name":"World Backup Day : cinq recommandations - Save","isPartOf":{"@id":"https:\/\/news.save.ch\/de\/#website"},"primaryImageOfPage":{"@id":"https:\/\/news.save.ch\/world-backup-day-fuenf-backup-empfehlungen\/#primaryimage"},"image":{"@id":"https:\/\/news.save.ch\/world-backup-day-fuenf-backup-empfehlungen\/#primaryimage"},"thumbnailUrl":"https:\/\/news.save.ch\/wp-content\/uploads\/2020\/03\/A_Depositphotos_123120288_s-2019-1.jpg","datePublished":"2020-03-30T12:33:19+00:00","dateModified":"2023-03-14T07:56:38+00:00","description":"World Backup Day : La perte de donn\u00e9es sur l'ordinateur de bureau ou portable de la maison est f\u00e2cheuse. Il est donc d'autant plus important de proc\u00e9der \u00e0 des sauvegardes r\u00e9guli\u00e8res.","breadcrumb":{"@id":"https:\/\/news.save.ch\/world-backup-day-fuenf-backup-empfehlungen\/#breadcrumb"},"inLanguage":"fr-FR","potentialAction":[{"@type":"ReadAction","target":["https:\/\/news.save.ch\/world-backup-day-fuenf-backup-empfehlungen\/"]}]},{"@type":"ImageObject","inLanguage":"fr-FR","@id":"https:\/\/news.save.ch\/world-backup-day-fuenf-backup-empfehlungen\/#primaryimage","url":"https:\/\/news.save.ch\/wp-content\/uploads\/2020\/03\/A_Depositphotos_123120288_s-2019-1.jpg","contentUrl":"https:\/\/news.save.ch\/wp-content\/uploads\/2020\/03\/A_Depositphotos_123120288_s-2019-1.jpg","width":1000,"height":886,"caption":"\u00a9 depositphotos, Rawpixel"},{"@type":"BreadcrumbList","@id":"https:\/\/news.save.ch\/world-backup-day-fuenf-backup-empfehlungen\/#breadcrumb","itemListElement":[{"@type":"ListItem","position":1,"name":"Home","item":"https:\/\/news.save.ch\/de\/"},{"@type":"ListItem","position":2,"name":"World Backup Day: F\u00fcnf Empfehlungen"}]},{"@type":"WebSite","@id":"https:\/\/news.save.ch\/de\/#website","url":"https:\/\/news.save.ch\/de\/","name":"Save","description":"Revue suisse sp\u00e9cialis\u00e9e dans la s\u00e9curit\u00e9","publisher":{"@id":"https:\/\/news.save.ch\/de\/#organization"},"potentialAction":[{"@type":"SearchAction","target":{"@type":"EntryPoint","urlTemplate":"https:\/\/news.save.ch\/de\/?s={search_term_string}"},"query-input":{"@type":"PropertyValueSpecification","valueRequired":true,"valueName":"search_term_string"}}],"inLanguage":"fr-FR"},{"@type":"Organization","@id":"https:\/\/news.save.ch\/de\/#organization","name":"Forum sur la s\u00e9curit\u00e9","url":"https:\/\/news.save.ch\/de\/","logo":{"@type":"ImageObject","inLanguage":"fr-FR","@id":"https:\/\/news.save.ch\/de\/#\/schema\/logo\/image\/","url":"https:\/\/news.save.ch\/wp-content\/uploads\/2022\/06\/Logo_SF_2012.png","contentUrl":"https:\/\/news.save.ch\/wp-content\/uploads\/2022\/06\/Logo_SF_2012.png","width":1100,"height":91,"caption":"Sicherheitsforum"},"image":{"@id":"https:\/\/news.save.ch\/de\/#\/schema\/logo\/image\/"}},{"@type":"Person","@id":"https:\/\/news.save.ch\/de\/#\/schema\/person\/d5022db048e0e2b9785c50e5b24da5aa","name":"Roger Str\u00e4ssle","image":{"@type":"ImageObject","inLanguage":"fr-FR","@id":"https:\/\/secure.gravatar.com\/avatar\/862a5569d087de48e5856e32f45d719a03804c891d6deb8d4f71a660e79e4a47?s=96&d=mm&r=g","url":"https:\/\/secure.gravatar.com\/avatar\/862a5569d087de48e5856e32f45d719a03804c891d6deb8d4f71a660e79e4a47?s=96&d=mm&r=g","contentUrl":"https:\/\/secure.gravatar.com\/avatar\/862a5569d087de48e5856e32f45d719a03804c891d6deb8d4f71a660e79e4a47?s=96&d=mm&r=g","caption":"Roger Str\u00e4ssle"},"url":"https:\/\/news.save.ch\/fr\/author\/roger-straessle\/"}]}},"_links":{"self":[{"href":"https:\/\/news.save.ch\/fr\/wp-json\/wp\/v2\/posts\/9890","targetHints":{"allow":["GET"]}}],"collection":[{"href":"https:\/\/news.save.ch\/fr\/wp-json\/wp\/v2\/posts"}],"about":[{"href":"https:\/\/news.save.ch\/fr\/wp-json\/wp\/v2\/types\/post"}],"author":[{"embeddable":true,"href":"https:\/\/news.save.ch\/fr\/wp-json\/wp\/v2\/users\/8"}],"replies":[{"embeddable":true,"href":"https:\/\/news.save.ch\/fr\/wp-json\/wp\/v2\/comments?post=9890"}],"version-history":[{"count":1,"href":"https:\/\/news.save.ch\/fr\/wp-json\/wp\/v2\/posts\/9890\/revisions"}],"predecessor-version":[{"id":17336,"href":"https:\/\/news.save.ch\/fr\/wp-json\/wp\/v2\/posts\/9890\/revisions\/17336"}],"wp:featuredmedia":[{"embeddable":true,"href":"https:\/\/news.save.ch\/fr\/wp-json\/wp\/v2\/media\/9891"}],"wp:attachment":[{"href":"https:\/\/news.save.ch\/fr\/wp-json\/wp\/v2\/media?parent=9890"}],"wp:term":[{"taxonomy":"category","embeddable":true,"href":"https:\/\/news.save.ch\/fr\/wp-json\/wp\/v2\/categories?post=9890"},{"taxonomy":"post_tag","embeddable":true,"href":"https:\/\/news.save.ch\/fr\/wp-json\/wp\/v2\/tags?post=9890"}],"curies":[{"name":"wp","href":"https:\/\/api.w.org\/{rel}","templated":true}]}}