{"id":10062,"date":"2020-05-04T09:33:13","date_gmt":"2020-05-04T07:33:13","guid":{"rendered":"https:\/\/news.save.ch\/?p=10062"},"modified":"2020-05-04T09:33:13","modified_gmt":"2020-05-04T07:33:13","slug":"esti-zunahme-der-maengel-bei-elektrischen-erzeugnissen","status":null,"type":"post","link":"https:\/\/news.save.ch\/it\/esti-zunahme-der-maengel-bei-elektrischen-erzeugnissen\/","title":{"rendered":"Esti: aumento dei difetti nei prodotti elettrici"},"content":{"rendered":"<figure id=\"attachment_10063\" aria-describedby=\"caption-attachment-10063\" style=\"width: 680px\" class=\"wp-caption aligncenter\"><img loading=\"lazy\" decoding=\"async\" class=\"size-medium wp-image-10063\" src=\"https:\/\/news.save.ch\/wp-content\/uploads\/2020\/05\/ESTI.jpg\" alt=\"\" width=\"680\" height=\"575\" srcset=\"https:\/\/news.save.ch\/wp-content\/uploads\/2020\/05\/ESTI.jpg 744w, https:\/\/news.save.ch\/wp-content\/uploads\/2020\/05\/ESTI-355x300.jpg 355w\" sizes=\"auto, (max-width: 680px) 100vw, 680px\" \/><figcaption id=\"caption-attachment-10063\" class=\"wp-caption-text\">\u00a9 Esti<\/figcaption><\/figure>\n<p>Un totale di 296 prodotti presentava difetti formali o tecnici, pari al 19% di tutti i prodotti elettrici ispezionati, secondo l'Ispettorato per gli impianti a corrente forte. Questo include 188 prodotti con difetti legati alla sicurezza che possono portare a potenziali pericoli come scosse elettriche, scottature, formazione di fumo e incendi.<\/p>\n<p><strong>Divieto di vendita anche per i prodotti Atex<\/strong><\/p>\n<p>Se c'\u00e8 un rischio potenziale per le persone o se non c'\u00e8 prova di conformit\u00e0, l'Esti pu\u00f2 proibire che un prodotto sia messo a disposizione sul mercato. Nel 2019 sono stati emessi 131 divieti di vendita per questi motivi. Sono stati colpiti in particolare caricabatterie, bollitori, numerosi apparecchi con spine straniere non autorizzate, adattatori da viaggio, cavi di ricarica per l'elettromobilit\u00e0 e batterie ricaricabili per vari apparecchi. Inoltre, sono stati vietati diversi prodotti per uso professionale nelle aree potenzialmente esplosive (Atex) dell'industria, come scrive ancora l'Esti.<\/p>\n<p>In Svizzera \u00e8 generalmente vietata la vendita di apparecchi elettrici con una spina straniera non autorizzata (ad es. spina Schuko), in quanto le parti sotto tensione possono essere toccate quando si cerca di inserirle nella presa o manipolando in modo non autorizzato il collegamento della spina. Inoltre, secondo l'Esti, tali dispositivi potrebbero essere sovraccaricati durante il funzionamento e, nel peggiore dei casi, causare un incendio. In generale, i consumatori dovrebbero rifiutare questi dispositivi, che possono anche essere segnalati all'Ispettorato per le correnti forti ai sensi del <a href=\"https:\/\/www.esti.admin.ch\">www.esti.admin.ch<\/a> fare una segnalazione utilizzando il modulo di contatto, come sottolinea l'organizzazione.<\/p>\n<p><strong>Attenzione agli acquisti online<\/strong><\/p>\n<p>Inoltre, si consiglia grande cautela nell'acquisto online di apparecchi elettrici a prezzi notevolmente bassi direttamente dall'Estremo Oriente. Spesso questi dispositivi sono prodotti di imitazione che possono diventare insicuri nel corso di un lungo periodo di utilizzo a causa di componenti elettricamente inferiori e di una costruzione non corretta. Questo \u00e8 difficilmente riconoscibile dai consumatori.<\/p>\n<p>Secondo il comunicato stampa, in 34 casi gli operatori economici svizzeri hanno ritirato dal mercato i prodotti difettosi in collaborazione con Esti. In 21 casi, le informazioni sul richiamo o sulla sicurezza sono state pubblicate anche sul sito web dell'Ufficio Federale dei Consumatori (UFC) all'indirizzo <a href=\"https:\/\/www.konsum.admin.ch\">www.konsum.admin.c<\/a>h sono stati pubblicati. Si tratta di macchine da caff\u00e8 e altri elettrodomestici, radiatori a olio, plafoniere, batterie per notebook e motori navali, caricabatterie, adattatori di corrente USB e vari prodotti per uso commerciale.<\/p>\n<p><strong>Cosa \u00e8 importante quando si acquista?<\/strong><\/p>\n<p>Al momento dell'acquisto di apparecchi elettrici, i consumatori dovrebbero cercare una spina svizzera corretta, un servizio clienti accessibile e competente, istruzioni d'uso comprensibili e marchi di controllo apposti sull'apparecchio. Un marchio di prova svizzero riconosciuto \u00e8 il marchio di sicurezza volontario Esti. Gli apparecchi con il marchio di sicurezza sono disponibili sotto <a href=\"https:\/\/www.esti.admin.ch\">www.esti.admin.ch<\/a> pubblicato. Secondo l'Ispettorato, gli apparecchi con marchi di controllo riconosciuti dimostrano standard pi\u00f9 elevati di sicurezza del prodotto e quindi offrono ai consumatori un valore aggiunto.<\/p>\n<p><em>Fonte: Esti<\/em><\/p>\n<blockquote>\n<p>Monitoraggio del mercato<\/p>\n<p>La sorveglianza del mercato da parte dell'Ispettorato federale degli impianti a corrente forte (Esti) viene effettuata in tutta la Svizzera in conformit\u00e0 all'Ordinanza sui prodotti elettrici a bassa tensione (NEV; RS 734.26). I prodotti elettrici per la casa, l'ufficio, il commercio e l'industria vengono ispezionati a campione per verificarne la conformit\u00e0 e la sicurezza.<\/p>\n<p>Secondo Esti, sono stati registrati 1538 prodotti da ispezionare su internet e con controlli presso grossisti, mercati specializzati, produttori e fiere. Le ispezioni sono state effettuate anche sulla base delle segnalazioni ricevute da consumatori e professionisti del settore elettrico.<\/p>\n<\/blockquote>\n<p>&nbsp;<\/p>\n<p>&nbsp;<\/p>","protected":false},"excerpt":{"rendered":"<p>Insgesamt wiesen 296 Erzeugnisse formelle oder technische M\u00e4ngel auf, was 19% aller kontrollierten elektrischen Erzeugnisse entspricht, wie das Starkstrominspektorat schreibt. Darin enthalten seien 188 Produkte mit sicherheitstechnischen M\u00e4ngeln, welche zu potenziellen Gefahren wie Stromschlag, Verbr\u00fchung, Rauchbildung und Brand f\u00fchren k\u00f6nnen. Verkaufsverbote auch f\u00fcr Atex-Produkte Bei einer m\u00f6glichen Gef\u00e4hrdung von Personen oder beim Fehlen von Konformit\u00e4tsnachweisen [&hellip;]<\/p>\n","protected":false},"author":8,"featured_media":10064,"comment_status":"closed","ping_status":"closed","sticky":false,"template":"","format":"standard","meta":{"_acf_changed":false,"pgc_sgb_lightbox_settings":"","footnotes":""},"categories":[1,67],"tags":[842,479,837,838,839,840,841],"class_list":["post-10062","post","type-post","status-publish","format-standard","has-post-thumbnail","hentry","category-allgemein","category-brandschutz","tag-elektrische-erzeugnisse","tag-elektrische-geraete","tag-esti","tag-online-einkaeufe","tag-schuko-stecker","tag-sicherheitsinvormationen","tag-starkstrominspektorat"],"acf":[],"hkrextid":null,"publication":null,"issue":null,"workflow":null,"startPage":null,"spitzmarke":null,"_posts_by_tag_page_fields":{"widget_title":"","widget_tags":""},"_at_widget":"1","_yoast_wpseo_primary_category":"4","_yoast_wpseo_focuskw_text_input":"Esti","_yoast_wpseo_opengraph-image":null,"_yoast_wpseo_opengraph-description":null,"_yoast_wpseo_opengraph-title":null,"enclosure":null,"_yoast_wpseo_twitter-title":null,"_yoast_wpseo_twitter-description":null,"_yoast_wpseo_twitter-image":null,"_wp_old_slug":null,"_yoast_wpseo_title":null,"_yoast_wpseo_canonical":null,"yoast_head":"<!-- This site is optimized with the Yoast SEO plugin v27.4 - https:\/\/yoast.com\/product\/yoast-seo-wordpress\/ -->\n<title>Esti: Zunahme der M\u00e4ngel bei elektrischen Produkten - Save<\/title>\n<meta name=\"description\" content=\"Jedes f\u00fcnfte der im Jahr 2019 \u00fcberpr\u00fcften elektrischen Erzeugnisse wies M\u00e4ngel auf. Es mussten laut ESTI 131 Verkaufsverbote ausgesprochen werden.\" \/>\n<meta name=\"robots\" content=\"index, follow, max-snippet:-1, max-image-preview:large, max-video-preview:-1\" \/>\n<link rel=\"canonical\" href=\"https:\/\/news.save.ch\/it\/esti-zunahme-der-maengel-bei-elektrischen-erzeugnissen\/\" \/>\n<meta property=\"og:locale\" content=\"it_IT\" \/>\n<meta property=\"og:type\" content=\"article\" \/>\n<meta property=\"og:title\" content=\"Esti: Zunahme der M\u00e4ngel bei elektrischen Produkten - Save\" \/>\n<meta property=\"og:description\" content=\"Jedes f\u00fcnfte der im Jahr 2019 \u00fcberpr\u00fcften elektrischen Erzeugnisse wies M\u00e4ngel auf. Es mussten laut ESTI 131 Verkaufsverbote ausgesprochen werden.\" \/>\n<meta property=\"og:url\" content=\"https:\/\/news.save.ch\/it\/esti-zunahme-der-maengel-bei-elektrischen-erzeugnissen\/\" \/>\n<meta property=\"og:site_name\" content=\"Save\" \/>\n<meta property=\"article:published_time\" content=\"2020-05-04T07:33:13+00:00\" \/>\n<meta property=\"og:image\" content=\"https:\/\/news.save.ch\/wp-content\/uploads\/2020\/05\/Depositphotos_35571481_s-2019.jpg\" \/>\n\t<meta property=\"og:image:width\" content=\"999\" \/>\n\t<meta property=\"og:image:height\" content=\"664\" \/>\n\t<meta property=\"og:image:type\" content=\"image\/jpeg\" \/>\n<meta name=\"author\" content=\"Roger Str\u00e4ssle\" \/>\n<meta name=\"twitter:card\" content=\"summary_large_image\" \/>\n<meta name=\"twitter:label1\" content=\"Scritto da\" \/>\n\t<meta name=\"twitter:data1\" content=\"Roger Str\u00e4ssle\" \/>\n\t<meta name=\"twitter:label2\" content=\"Tempo di lettura stimato\" \/>\n\t<meta name=\"twitter:data2\" content=\"3 minuti\" \/>\n<script type=\"application\/ld+json\" class=\"yoast-schema-graph\">{\"@context\":\"https:\\\/\\\/schema.org\",\"@graph\":[{\"@type\":\"Article\",\"@id\":\"https:\\\/\\\/news.save.ch\\\/esti-zunahme-der-maengel-bei-elektrischen-erzeugnissen\\\/#article\",\"isPartOf\":{\"@id\":\"https:\\\/\\\/news.save.ch\\\/esti-zunahme-der-maengel-bei-elektrischen-erzeugnissen\\\/\"},\"author\":{\"name\":\"Roger Str\u00e4ssle\",\"@id\":\"https:\\\/\\\/news.save.ch\\\/de\\\/#\\\/schema\\\/person\\\/d5022db048e0e2b9785c50e5b24da5aa\"},\"headline\":\"Esti: Zunahme der M\u00e4ngel bei elektrischen Produkten\",\"datePublished\":\"2020-05-04T07:33:13+00:00\",\"mainEntityOfPage\":{\"@id\":\"https:\\\/\\\/news.save.ch\\\/esti-zunahme-der-maengel-bei-elektrischen-erzeugnissen\\\/\"},\"wordCount\":549,\"publisher\":{\"@id\":\"https:\\\/\\\/news.save.ch\\\/de\\\/#organization\"},\"image\":{\"@id\":\"https:\\\/\\\/news.save.ch\\\/esti-zunahme-der-maengel-bei-elektrischen-erzeugnissen\\\/#primaryimage\"},\"thumbnailUrl\":\"https:\\\/\\\/news.save.ch\\\/wp-content\\\/uploads\\\/2020\\\/05\\\/Depositphotos_35571481_s-2019.jpg\",\"keywords\":[\"elektrische Erzeugnisse\",\"Elektrische Ger\u00e4te\",\"ESTI\",\"Online-Eink\u00e4ufe\",\"Schuko-Stecker\",\"Sicherheitsinvormationen\",\"Starkstrominspektorat\"],\"articleSection\":[\"ALLGEMEIN\",\"BRANDSCHUTZ\"],\"inLanguage\":\"it-IT\"},{\"@type\":\"WebPage\",\"@id\":\"https:\\\/\\\/news.save.ch\\\/esti-zunahme-der-maengel-bei-elektrischen-erzeugnissen\\\/\",\"url\":\"https:\\\/\\\/news.save.ch\\\/esti-zunahme-der-maengel-bei-elektrischen-erzeugnissen\\\/\",\"name\":\"Esti: Zunahme der M\u00e4ngel bei elektrischen Produkten - Save\",\"isPartOf\":{\"@id\":\"https:\\\/\\\/news.save.ch\\\/de\\\/#website\"},\"primaryImageOfPage\":{\"@id\":\"https:\\\/\\\/news.save.ch\\\/esti-zunahme-der-maengel-bei-elektrischen-erzeugnissen\\\/#primaryimage\"},\"image\":{\"@id\":\"https:\\\/\\\/news.save.ch\\\/esti-zunahme-der-maengel-bei-elektrischen-erzeugnissen\\\/#primaryimage\"},\"thumbnailUrl\":\"https:\\\/\\\/news.save.ch\\\/wp-content\\\/uploads\\\/2020\\\/05\\\/Depositphotos_35571481_s-2019.jpg\",\"datePublished\":\"2020-05-04T07:33:13+00:00\",\"description\":\"Jedes f\u00fcnfte der im Jahr 2019 \u00fcberpr\u00fcften elektrischen Erzeugnisse wies M\u00e4ngel auf. Es mussten laut ESTI 131 Verkaufsverbote ausgesprochen werden.\",\"breadcrumb\":{\"@id\":\"https:\\\/\\\/news.save.ch\\\/esti-zunahme-der-maengel-bei-elektrischen-erzeugnissen\\\/#breadcrumb\"},\"inLanguage\":\"it-IT\",\"potentialAction\":[{\"@type\":\"ReadAction\",\"target\":[\"https:\\\/\\\/news.save.ch\\\/esti-zunahme-der-maengel-bei-elektrischen-erzeugnissen\\\/\"]}]},{\"@type\":\"ImageObject\",\"inLanguage\":\"it-IT\",\"@id\":\"https:\\\/\\\/news.save.ch\\\/esti-zunahme-der-maengel-bei-elektrischen-erzeugnissen\\\/#primaryimage\",\"url\":\"https:\\\/\\\/news.save.ch\\\/wp-content\\\/uploads\\\/2020\\\/05\\\/Depositphotos_35571481_s-2019.jpg\",\"contentUrl\":\"https:\\\/\\\/news.save.ch\\\/wp-content\\\/uploads\\\/2020\\\/05\\\/Depositphotos_35571481_s-2019.jpg\",\"width\":999,\"height\":664,\"caption\":\"\u00a9 depositphotos, AkuBest79\"},{\"@type\":\"BreadcrumbList\",\"@id\":\"https:\\\/\\\/news.save.ch\\\/esti-zunahme-der-maengel-bei-elektrischen-erzeugnissen\\\/#breadcrumb\",\"itemListElement\":[{\"@type\":\"ListItem\",\"position\":1,\"name\":\"Home\",\"item\":\"https:\\\/\\\/news.save.ch\\\/de\\\/\"},{\"@type\":\"ListItem\",\"position\":2,\"name\":\"Esti: Zunahme der M\u00e4ngel bei elektrischen Produkten\"}]},{\"@type\":\"WebSite\",\"@id\":\"https:\\\/\\\/news.save.ch\\\/de\\\/#website\",\"url\":\"https:\\\/\\\/news.save.ch\\\/de\\\/\",\"name\":\"Save\",\"description\":\"Schweizer Fachzeitschrift f\u00fcr Sicherheit\",\"publisher\":{\"@id\":\"https:\\\/\\\/news.save.ch\\\/de\\\/#organization\"},\"potentialAction\":[{\"@type\":\"SearchAction\",\"target\":{\"@type\":\"EntryPoint\",\"urlTemplate\":\"https:\\\/\\\/news.save.ch\\\/de\\\/?s={search_term_string}\"},\"query-input\":{\"@type\":\"PropertyValueSpecification\",\"valueRequired\":true,\"valueName\":\"search_term_string\"}}],\"inLanguage\":\"it-IT\"},{\"@type\":\"Organization\",\"@id\":\"https:\\\/\\\/news.save.ch\\\/de\\\/#organization\",\"name\":\"Sicherheitsforum\",\"url\":\"https:\\\/\\\/news.save.ch\\\/de\\\/\",\"logo\":{\"@type\":\"ImageObject\",\"inLanguage\":\"it-IT\",\"@id\":\"https:\\\/\\\/news.save.ch\\\/de\\\/#\\\/schema\\\/logo\\\/image\\\/\",\"url\":\"https:\\\/\\\/news.save.ch\\\/wp-content\\\/uploads\\\/2022\\\/06\\\/Logo_SF_2012.png\",\"contentUrl\":\"https:\\\/\\\/news.save.ch\\\/wp-content\\\/uploads\\\/2022\\\/06\\\/Logo_SF_2012.png\",\"width\":1100,\"height\":91,\"caption\":\"Sicherheitsforum\"},\"image\":{\"@id\":\"https:\\\/\\\/news.save.ch\\\/de\\\/#\\\/schema\\\/logo\\\/image\\\/\"}},{\"@type\":\"Person\",\"@id\":\"https:\\\/\\\/news.save.ch\\\/de\\\/#\\\/schema\\\/person\\\/d5022db048e0e2b9785c50e5b24da5aa\",\"name\":\"Roger Str\u00e4ssle\",\"image\":{\"@type\":\"ImageObject\",\"inLanguage\":\"it-IT\",\"@id\":\"https:\\\/\\\/secure.gravatar.com\\\/avatar\\\/862a5569d087de48e5856e32f45d719a03804c891d6deb8d4f71a660e79e4a47?s=96&d=mm&r=g\",\"url\":\"https:\\\/\\\/secure.gravatar.com\\\/avatar\\\/862a5569d087de48e5856e32f45d719a03804c891d6deb8d4f71a660e79e4a47?s=96&d=mm&r=g\",\"contentUrl\":\"https:\\\/\\\/secure.gravatar.com\\\/avatar\\\/862a5569d087de48e5856e32f45d719a03804c891d6deb8d4f71a660e79e4a47?s=96&d=mm&r=g\",\"caption\":\"Roger Str\u00e4ssle\"},\"url\":\"https:\\\/\\\/news.save.ch\\\/it\\\/author\\\/roger-straessle\\\/\"}]}<\/script>\n<!-- \/ Yoast SEO plugin. -->","yoast_head_json":{"title":"Esti: aumento dei difetti nei prodotti elettrici - Save","description":"Un prodotto elettrico su cinque tra quelli ispezionati nel 2019 presentava difetti. Secondo l'ESTI, \u00e8 stato necessario imporre 131 divieti di vendita.","robots":{"index":"index","follow":"follow","max-snippet":"max-snippet:-1","max-image-preview":"max-image-preview:large","max-video-preview":"max-video-preview:-1"},"canonical":"https:\/\/news.save.ch\/it\/esti-zunahme-der-maengel-bei-elektrischen-erzeugnissen\/","og_locale":"it_IT","og_type":"article","og_title":"Esti: Zunahme der M\u00e4ngel bei elektrischen Produkten - Save","og_description":"Jedes f\u00fcnfte der im Jahr 2019 \u00fcberpr\u00fcften elektrischen Erzeugnisse wies M\u00e4ngel auf. Es mussten laut ESTI 131 Verkaufsverbote ausgesprochen werden.","og_url":"https:\/\/news.save.ch\/it\/esti-zunahme-der-maengel-bei-elektrischen-erzeugnissen\/","og_site_name":"Save","article_published_time":"2020-05-04T07:33:13+00:00","og_image":[{"width":999,"height":664,"url":"https:\/\/news.save.ch\/wp-content\/uploads\/2020\/05\/Depositphotos_35571481_s-2019.jpg","type":"image\/jpeg"}],"author":"Roger Str\u00e4ssle","twitter_card":"summary_large_image","twitter_misc":{"Scritto da":"Roger Str\u00e4ssle","Tempo di lettura stimato":"3 minuti"},"schema":{"@context":"https:\/\/schema.org","@graph":[{"@type":"Article","@id":"https:\/\/news.save.ch\/esti-zunahme-der-maengel-bei-elektrischen-erzeugnissen\/#article","isPartOf":{"@id":"https:\/\/news.save.ch\/esti-zunahme-der-maengel-bei-elektrischen-erzeugnissen\/"},"author":{"name":"Roger Str\u00e4ssle","@id":"https:\/\/news.save.ch\/de\/#\/schema\/person\/d5022db048e0e2b9785c50e5b24da5aa"},"headline":"Esti: Zunahme der M\u00e4ngel bei elektrischen Produkten","datePublished":"2020-05-04T07:33:13+00:00","mainEntityOfPage":{"@id":"https:\/\/news.save.ch\/esti-zunahme-der-maengel-bei-elektrischen-erzeugnissen\/"},"wordCount":549,"publisher":{"@id":"https:\/\/news.save.ch\/de\/#organization"},"image":{"@id":"https:\/\/news.save.ch\/esti-zunahme-der-maengel-bei-elektrischen-erzeugnissen\/#primaryimage"},"thumbnailUrl":"https:\/\/news.save.ch\/wp-content\/uploads\/2020\/05\/Depositphotos_35571481_s-2019.jpg","keywords":["elektrische Erzeugnisse","Elektrische Ger\u00e4te","ESTI","Online-Eink\u00e4ufe","Schuko-Stecker","Sicherheitsinvormationen","Starkstrominspektorat"],"articleSection":["ALLGEMEIN","BRANDSCHUTZ"],"inLanguage":"it-IT"},{"@type":"WebPage","@id":"https:\/\/news.save.ch\/esti-zunahme-der-maengel-bei-elektrischen-erzeugnissen\/","url":"https:\/\/news.save.ch\/esti-zunahme-der-maengel-bei-elektrischen-erzeugnissen\/","name":"Esti: aumento dei difetti nei prodotti elettrici - Save","isPartOf":{"@id":"https:\/\/news.save.ch\/de\/#website"},"primaryImageOfPage":{"@id":"https:\/\/news.save.ch\/esti-zunahme-der-maengel-bei-elektrischen-erzeugnissen\/#primaryimage"},"image":{"@id":"https:\/\/news.save.ch\/esti-zunahme-der-maengel-bei-elektrischen-erzeugnissen\/#primaryimage"},"thumbnailUrl":"https:\/\/news.save.ch\/wp-content\/uploads\/2020\/05\/Depositphotos_35571481_s-2019.jpg","datePublished":"2020-05-04T07:33:13+00:00","description":"Un prodotto elettrico su cinque tra quelli ispezionati nel 2019 presentava difetti. Secondo l'ESTI, \u00e8 stato necessario imporre 131 divieti di vendita.","breadcrumb":{"@id":"https:\/\/news.save.ch\/esti-zunahme-der-maengel-bei-elektrischen-erzeugnissen\/#breadcrumb"},"inLanguage":"it-IT","potentialAction":[{"@type":"ReadAction","target":["https:\/\/news.save.ch\/esti-zunahme-der-maengel-bei-elektrischen-erzeugnissen\/"]}]},{"@type":"ImageObject","inLanguage":"it-IT","@id":"https:\/\/news.save.ch\/esti-zunahme-der-maengel-bei-elektrischen-erzeugnissen\/#primaryimage","url":"https:\/\/news.save.ch\/wp-content\/uploads\/2020\/05\/Depositphotos_35571481_s-2019.jpg","contentUrl":"https:\/\/news.save.ch\/wp-content\/uploads\/2020\/05\/Depositphotos_35571481_s-2019.jpg","width":999,"height":664,"caption":"\u00a9 depositphotos, AkuBest79"},{"@type":"BreadcrumbList","@id":"https:\/\/news.save.ch\/esti-zunahme-der-maengel-bei-elektrischen-erzeugnissen\/#breadcrumb","itemListElement":[{"@type":"ListItem","position":1,"name":"Home","item":"https:\/\/news.save.ch\/de\/"},{"@type":"ListItem","position":2,"name":"Esti: Zunahme der M\u00e4ngel bei elektrischen Produkten"}]},{"@type":"WebSite","@id":"https:\/\/news.save.ch\/de\/#website","url":"https:\/\/news.save.ch\/de\/","name":"Risparmiare","description":"Rivista svizzera specializzata in sicurezza","publisher":{"@id":"https:\/\/news.save.ch\/de\/#organization"},"potentialAction":[{"@type":"SearchAction","target":{"@type":"EntryPoint","urlTemplate":"https:\/\/news.save.ch\/de\/?s={search_term_string}"},"query-input":{"@type":"PropertyValueSpecification","valueRequired":true,"valueName":"search_term_string"}}],"inLanguage":"it-IT"},{"@type":"Organization","@id":"https:\/\/news.save.ch\/de\/#organization","name":"Forum sulla sicurezza","url":"https:\/\/news.save.ch\/de\/","logo":{"@type":"ImageObject","inLanguage":"it-IT","@id":"https:\/\/news.save.ch\/de\/#\/schema\/logo\/image\/","url":"https:\/\/news.save.ch\/wp-content\/uploads\/2022\/06\/Logo_SF_2012.png","contentUrl":"https:\/\/news.save.ch\/wp-content\/uploads\/2022\/06\/Logo_SF_2012.png","width":1100,"height":91,"caption":"Sicherheitsforum"},"image":{"@id":"https:\/\/news.save.ch\/de\/#\/schema\/logo\/image\/"}},{"@type":"Person","@id":"https:\/\/news.save.ch\/de\/#\/schema\/person\/d5022db048e0e2b9785c50e5b24da5aa","name":"Roger Str\u00e4ssle","image":{"@type":"ImageObject","inLanguage":"it-IT","@id":"https:\/\/secure.gravatar.com\/avatar\/862a5569d087de48e5856e32f45d719a03804c891d6deb8d4f71a660e79e4a47?s=96&d=mm&r=g","url":"https:\/\/secure.gravatar.com\/avatar\/862a5569d087de48e5856e32f45d719a03804c891d6deb8d4f71a660e79e4a47?s=96&d=mm&r=g","contentUrl":"https:\/\/secure.gravatar.com\/avatar\/862a5569d087de48e5856e32f45d719a03804c891d6deb8d4f71a660e79e4a47?s=96&d=mm&r=g","caption":"Roger Str\u00e4ssle"},"url":"https:\/\/news.save.ch\/it\/author\/roger-straessle\/"}]}},"_links":{"self":[{"href":"https:\/\/news.save.ch\/it\/wp-json\/wp\/v2\/posts\/10062","targetHints":{"allow":["GET"]}}],"collection":[{"href":"https:\/\/news.save.ch\/it\/wp-json\/wp\/v2\/posts"}],"about":[{"href":"https:\/\/news.save.ch\/it\/wp-json\/wp\/v2\/types\/post"}],"author":[{"embeddable":true,"href":"https:\/\/news.save.ch\/it\/wp-json\/wp\/v2\/users\/8"}],"replies":[{"embeddable":true,"href":"https:\/\/news.save.ch\/it\/wp-json\/wp\/v2\/comments?post=10062"}],"version-history":[{"count":0,"href":"https:\/\/news.save.ch\/it\/wp-json\/wp\/v2\/posts\/10062\/revisions"}],"wp:featuredmedia":[{"embeddable":true,"href":"https:\/\/news.save.ch\/it\/wp-json\/wp\/v2\/media\/10064"}],"wp:attachment":[{"href":"https:\/\/news.save.ch\/it\/wp-json\/wp\/v2\/media?parent=10062"}],"wp:term":[{"taxonomy":"category","embeddable":true,"href":"https:\/\/news.save.ch\/it\/wp-json\/wp\/v2\/categories?post=10062"},{"taxonomy":"post_tag","embeddable":true,"href":"https:\/\/news.save.ch\/it\/wp-json\/wp\/v2\/tags?post=10062"}],"curies":[{"name":"wp","href":"https:\/\/api.w.org\/{rel}","templated":true}]}}