{"id":10232,"date":"2020-06-08T10:27:04","date_gmt":"2020-06-08T08:27:04","guid":{"rendered":"https:\/\/news.save.ch\/?p=10232"},"modified":"2020-06-08T10:27:04","modified_gmt":"2020-06-08T08:27:04","slug":"starker-anstieg-bei-elektroimpulspistolen-einsaetzen","status":null,"type":"post","link":"https:\/\/news.save.ch\/it\/starker-anstieg-bei-elektroimpulspistolen-einsaetzen\/","title":{"rendered":"Forte aumento delle operazioni con pistole a impulsi"},"content":{"rendered":"<figure id=\"attachment_10233\" aria-describedby=\"caption-attachment-10233\" style=\"width: 680px\" class=\"wp-caption aligncenter\"><img loading=\"lazy\" decoding=\"async\" class=\"wp-image-10233 size-medium\" src=\"https:\/\/news.save.ch\/wp-content\/uploads\/2020\/06\/polizei_Depositphotos.jpg\" alt=\"Pistola ad impulsi \" width=\"680\" height=\"454\" srcset=\"https:\/\/news.save.ch\/wp-content\/uploads\/2020\/06\/polizei_Depositphotos.jpg 1000w, https:\/\/news.save.ch\/wp-content\/uploads\/2020\/06\/polizei_Depositphotos-375x250.jpg 375w\" sizes=\"auto, (max-width: 680px) 100vw, 680px\" \/><figcaption id=\"caption-attachment-10233\" class=\"wp-caption-text\">\u00a9 depositphotos, dechevm<\/figcaption><\/figure>\n<p>&nbsp;<\/p>\n<p>L'anno scorso il corpo di polizia svizzero ha registrato un totale di 15 impieghi di armi da fuoco. Si tratta di tre in pi\u00f9 rispetto all'anno precedente, ma il numero \u00e8 in linea con la media pluriennale, secondo la Conferenza dei Comandanti delle Polizie Cantonali (<a href=\"https:\/\/www.kkpks.ch\/\">KKPKS<\/a>) scrive. La maggior parte di queste missioni \u00e8 stata effettuata per scongiurare il pericolo per gli animali in prossimit\u00e0 delle strade o dei veicoli.<\/p>\n<p><strong>Non di rado contro persone armate<\/strong><\/p>\n<p>Secondo i dati, il numero di operazioni con pistole a impulsi elettrici \u00e8 aumentato notevolmente rispetto agli anni precedenti. \u00c8 stato necessario utilizzarli 73 volte, rispetto ai 45 casi dell'anno precedente. In pi\u00f9 di due terzi dei casi, le persone coinvolte erano sotto l'effetto di alcol e\/o droghe e in pi\u00f9 del 45% dei casi erano armate.<\/p>\n<p>Secondo il KKPKS, l'aumento del numero di operazioni con pistole a impulsi elettrici pu\u00f2 essere attribuito da un lato al loro crescente utilizzo nel corpo. D'altra parte, l'aumento del numero di reati violenti e di minacce e violenze contro gli agenti nelle statistiche sulla criminalit\u00e0 recentemente pubblicate indica un aumento del potenziale di violenza. \"Anche l'uso della pistola a impulsi elettrici non viene effettuato con leggerezza e, come ogni mezzo di coercizione, \u00e8 vincolato al principio di proporzionalit\u00e0\", spiega il presidente del KKPKS Stefan Bl\u00e4ttler.<\/p>","protected":false},"excerpt":{"rendered":"<p>&nbsp; Die Schweizer Polizeikorps haben im vergangenen Jahr insgesamt 15 Schusswaffeneins\u00e4tze gemeldet. Dies sind drei Eins\u00e4tze mehr als noch im Vorjahr, die Zahl entspricht jedoch dem mehrj\u00e4hrigen Schnitt, wie die Konferenz der Kantonalen Polizeikommandanten (KKPKS) schreibt. Mehrheitlich seien diese Eins\u00e4tze im Rahmen der Gefahrenabwehr auf Tiere im Bereich von Strassen oder auf Fahrzeuge erfolgt. Nicht [&hellip;]<\/p>\n","protected":false},"author":8,"featured_media":10233,"comment_status":"closed","ping_status":"closed","sticky":false,"template":"","format":"standard","meta":{"_acf_changed":false,"pgc_sgb_lightbox_settings":"","footnotes":""},"categories":[1],"tags":[557,239,558,559,560],"class_list":["post-10232","post","type-post","status-publish","format-standard","has-post-thumbnail","hentry","category-allgemein","tag-elektroimpulspistole","tag-kkpks","tag-konferenz-der-kantonalen-polizeikommandanten","tag-schusswaffeneinsatz","tag-schweizer-polizeikorps"],"acf":[],"hkrextid":null,"publication":null,"issue":null,"workflow":null,"startPage":null,"spitzmarke":null,"_posts_by_tag_page_fields":{"widget_title":"","widget_tags":""},"_at_widget":"1","_yoast_wpseo_primary_category":"1","_yoast_wpseo_focuskw_text_input":"Elektroimpulspistole","_yoast_wpseo_opengraph-image":null,"_yoast_wpseo_opengraph-description":null,"_yoast_wpseo_opengraph-title":null,"enclosure":null,"_yoast_wpseo_twitter-title":null,"_yoast_wpseo_twitter-description":null,"_yoast_wpseo_twitter-image":null,"_wp_old_slug":null,"_yoast_wpseo_title":null,"_yoast_wpseo_canonical":null,"yoast_head":"<!-- This site is optimized with the Yoast SEO plugin v27.4 - https:\/\/yoast.com\/product\/yoast-seo-wordpress\/ -->\n<title>Starker Anstieg bei Elektroimpulspistolen-Eins\u00e4tzen - Save<\/title>\n<meta name=\"description\" content=\"Die Schweizer Polizeikorps haben 2019 insgesamt 15 Schusswaffeneins\u00e4tze verzeichnet. Stark angestiegen ist die Zahl der Elektroimpulspistolen-Eins\u00e4tze.\" \/>\n<meta name=\"robots\" content=\"index, follow, max-snippet:-1, max-image-preview:large, max-video-preview:-1\" \/>\n<link rel=\"canonical\" href=\"https:\/\/news.save.ch\/it\/starker-anstieg-bei-elektroimpulspistolen-einsaetzen\/\" \/>\n<meta property=\"og:locale\" content=\"it_IT\" \/>\n<meta property=\"og:type\" content=\"article\" \/>\n<meta property=\"og:title\" content=\"Starker Anstieg bei Elektroimpulspistolen-Eins\u00e4tzen - Save\" \/>\n<meta property=\"og:description\" content=\"Die Schweizer Polizeikorps haben 2019 insgesamt 15 Schusswaffeneins\u00e4tze verzeichnet. Stark angestiegen ist die Zahl der Elektroimpulspistolen-Eins\u00e4tze.\" \/>\n<meta property=\"og:url\" content=\"https:\/\/news.save.ch\/it\/starker-anstieg-bei-elektroimpulspistolen-einsaetzen\/\" \/>\n<meta property=\"og:site_name\" content=\"Save\" \/>\n<meta property=\"article:published_time\" content=\"2020-06-08T08:27:04+00:00\" \/>\n<meta property=\"og:image\" content=\"https:\/\/news.save.ch\/wp-content\/uploads\/2020\/06\/polizei_Depositphotos.jpg\" \/>\n\t<meta property=\"og:image:width\" content=\"1000\" \/>\n\t<meta property=\"og:image:height\" content=\"667\" \/>\n\t<meta property=\"og:image:type\" content=\"image\/jpeg\" \/>\n<meta name=\"author\" content=\"Roger Str\u00e4ssle\" \/>\n<meta name=\"twitter:card\" content=\"summary_large_image\" \/>\n<meta name=\"twitter:label1\" content=\"Scritto da\" \/>\n\t<meta name=\"twitter:data1\" content=\"Roger Str\u00e4ssle\" \/>\n\t<meta name=\"twitter:label2\" content=\"Tempo di lettura stimato\" \/>\n\t<meta name=\"twitter:data2\" content=\"1 minuto\" \/>\n<script type=\"application\/ld+json\" class=\"yoast-schema-graph\">{\"@context\":\"https:\\\/\\\/schema.org\",\"@graph\":[{\"@type\":\"Article\",\"@id\":\"https:\\\/\\\/news.save.ch\\\/starker-anstieg-bei-elektroimpulspistolen-einsaetzen\\\/#article\",\"isPartOf\":{\"@id\":\"https:\\\/\\\/news.save.ch\\\/starker-anstieg-bei-elektroimpulspistolen-einsaetzen\\\/\"},\"author\":{\"name\":\"Roger Str\u00e4ssle\",\"@id\":\"https:\\\/\\\/news.save.ch\\\/de\\\/#\\\/schema\\\/person\\\/d5022db048e0e2b9785c50e5b24da5aa\"},\"headline\":\"Starker Anstieg bei Elektroimpulspistolen-Eins\u00e4tzen\",\"datePublished\":\"2020-06-08T08:27:04+00:00\",\"mainEntityOfPage\":{\"@id\":\"https:\\\/\\\/news.save.ch\\\/starker-anstieg-bei-elektroimpulspistolen-einsaetzen\\\/\"},\"wordCount\":214,\"publisher\":{\"@id\":\"https:\\\/\\\/news.save.ch\\\/de\\\/#organization\"},\"image\":{\"@id\":\"https:\\\/\\\/news.save.ch\\\/starker-anstieg-bei-elektroimpulspistolen-einsaetzen\\\/#primaryimage\"},\"thumbnailUrl\":\"https:\\\/\\\/news.save.ch\\\/wp-content\\\/uploads\\\/2020\\\/06\\\/polizei_Depositphotos.jpg\",\"keywords\":[\"Elektroimpulspistole\",\"KKPKS\",\"Konferenz der Kantonalen Polizeikommandanten\",\"Schusswaffeneinsatz\",\"Schweizer Polizeikorps\"],\"articleSection\":[\"ALLGEMEIN\"],\"inLanguage\":\"it-IT\"},{\"@type\":\"WebPage\",\"@id\":\"https:\\\/\\\/news.save.ch\\\/starker-anstieg-bei-elektroimpulspistolen-einsaetzen\\\/\",\"url\":\"https:\\\/\\\/news.save.ch\\\/starker-anstieg-bei-elektroimpulspistolen-einsaetzen\\\/\",\"name\":\"Starker Anstieg bei Elektroimpulspistolen-Eins\u00e4tzen - Save\",\"isPartOf\":{\"@id\":\"https:\\\/\\\/news.save.ch\\\/de\\\/#website\"},\"primaryImageOfPage\":{\"@id\":\"https:\\\/\\\/news.save.ch\\\/starker-anstieg-bei-elektroimpulspistolen-einsaetzen\\\/#primaryimage\"},\"image\":{\"@id\":\"https:\\\/\\\/news.save.ch\\\/starker-anstieg-bei-elektroimpulspistolen-einsaetzen\\\/#primaryimage\"},\"thumbnailUrl\":\"https:\\\/\\\/news.save.ch\\\/wp-content\\\/uploads\\\/2020\\\/06\\\/polizei_Depositphotos.jpg\",\"datePublished\":\"2020-06-08T08:27:04+00:00\",\"description\":\"Die Schweizer Polizeikorps haben 2019 insgesamt 15 Schusswaffeneins\u00e4tze verzeichnet. Stark angestiegen ist die Zahl der Elektroimpulspistolen-Eins\u00e4tze.\",\"breadcrumb\":{\"@id\":\"https:\\\/\\\/news.save.ch\\\/starker-anstieg-bei-elektroimpulspistolen-einsaetzen\\\/#breadcrumb\"},\"inLanguage\":\"it-IT\",\"potentialAction\":[{\"@type\":\"ReadAction\",\"target\":[\"https:\\\/\\\/news.save.ch\\\/starker-anstieg-bei-elektroimpulspistolen-einsaetzen\\\/\"]}]},{\"@type\":\"ImageObject\",\"inLanguage\":\"it-IT\",\"@id\":\"https:\\\/\\\/news.save.ch\\\/starker-anstieg-bei-elektroimpulspistolen-einsaetzen\\\/#primaryimage\",\"url\":\"https:\\\/\\\/news.save.ch\\\/wp-content\\\/uploads\\\/2020\\\/06\\\/polizei_Depositphotos.jpg\",\"contentUrl\":\"https:\\\/\\\/news.save.ch\\\/wp-content\\\/uploads\\\/2020\\\/06\\\/polizei_Depositphotos.jpg\",\"width\":1000,\"height\":667,\"caption\":\"\u00a9 depositphotos, dechevm\"},{\"@type\":\"BreadcrumbList\",\"@id\":\"https:\\\/\\\/news.save.ch\\\/starker-anstieg-bei-elektroimpulspistolen-einsaetzen\\\/#breadcrumb\",\"itemListElement\":[{\"@type\":\"ListItem\",\"position\":1,\"name\":\"Home\",\"item\":\"https:\\\/\\\/news.save.ch\\\/de\\\/\"},{\"@type\":\"ListItem\",\"position\":2,\"name\":\"Starker Anstieg bei Elektroimpulspistolen-Eins\u00e4tzen\"}]},{\"@type\":\"WebSite\",\"@id\":\"https:\\\/\\\/news.save.ch\\\/de\\\/#website\",\"url\":\"https:\\\/\\\/news.save.ch\\\/de\\\/\",\"name\":\"Save\",\"description\":\"Schweizer Fachzeitschrift f\u00fcr Sicherheit\",\"publisher\":{\"@id\":\"https:\\\/\\\/news.save.ch\\\/de\\\/#organization\"},\"potentialAction\":[{\"@type\":\"SearchAction\",\"target\":{\"@type\":\"EntryPoint\",\"urlTemplate\":\"https:\\\/\\\/news.save.ch\\\/de\\\/?s={search_term_string}\"},\"query-input\":{\"@type\":\"PropertyValueSpecification\",\"valueRequired\":true,\"valueName\":\"search_term_string\"}}],\"inLanguage\":\"it-IT\"},{\"@type\":\"Organization\",\"@id\":\"https:\\\/\\\/news.save.ch\\\/de\\\/#organization\",\"name\":\"Sicherheitsforum\",\"url\":\"https:\\\/\\\/news.save.ch\\\/de\\\/\",\"logo\":{\"@type\":\"ImageObject\",\"inLanguage\":\"it-IT\",\"@id\":\"https:\\\/\\\/news.save.ch\\\/de\\\/#\\\/schema\\\/logo\\\/image\\\/\",\"url\":\"https:\\\/\\\/news.save.ch\\\/wp-content\\\/uploads\\\/2022\\\/06\\\/Logo_SF_2012.png\",\"contentUrl\":\"https:\\\/\\\/news.save.ch\\\/wp-content\\\/uploads\\\/2022\\\/06\\\/Logo_SF_2012.png\",\"width\":1100,\"height\":91,\"caption\":\"Sicherheitsforum\"},\"image\":{\"@id\":\"https:\\\/\\\/news.save.ch\\\/de\\\/#\\\/schema\\\/logo\\\/image\\\/\"}},{\"@type\":\"Person\",\"@id\":\"https:\\\/\\\/news.save.ch\\\/de\\\/#\\\/schema\\\/person\\\/d5022db048e0e2b9785c50e5b24da5aa\",\"name\":\"Roger Str\u00e4ssle\",\"image\":{\"@type\":\"ImageObject\",\"inLanguage\":\"it-IT\",\"@id\":\"https:\\\/\\\/secure.gravatar.com\\\/avatar\\\/862a5569d087de48e5856e32f45d719a03804c891d6deb8d4f71a660e79e4a47?s=96&d=mm&r=g\",\"url\":\"https:\\\/\\\/secure.gravatar.com\\\/avatar\\\/862a5569d087de48e5856e32f45d719a03804c891d6deb8d4f71a660e79e4a47?s=96&d=mm&r=g\",\"contentUrl\":\"https:\\\/\\\/secure.gravatar.com\\\/avatar\\\/862a5569d087de48e5856e32f45d719a03804c891d6deb8d4f71a660e79e4a47?s=96&d=mm&r=g\",\"caption\":\"Roger Str\u00e4ssle\"},\"url\":\"https:\\\/\\\/news.save.ch\\\/it\\\/author\\\/roger-straessle\\\/\"}]}<\/script>\n<!-- \/ Yoast SEO plugin. -->","yoast_head_json":{"title":"Forte aumento dell'impiego di pistole a impulsi - Save","description":"Il corpo di polizia svizzero ha registrato un totale di 15 impieghi di armi da fuoco nel 2019. Si \u00e8 registrato un forte aumento del numero di impieghi di cannoni a impulsi elettrici.","robots":{"index":"index","follow":"follow","max-snippet":"max-snippet:-1","max-image-preview":"max-image-preview:large","max-video-preview":"max-video-preview:-1"},"canonical":"https:\/\/news.save.ch\/it\/starker-anstieg-bei-elektroimpulspistolen-einsaetzen\/","og_locale":"it_IT","og_type":"article","og_title":"Starker Anstieg bei Elektroimpulspistolen-Eins\u00e4tzen - Save","og_description":"Die Schweizer Polizeikorps haben 2019 insgesamt 15 Schusswaffeneins\u00e4tze verzeichnet. Stark angestiegen ist die Zahl der Elektroimpulspistolen-Eins\u00e4tze.","og_url":"https:\/\/news.save.ch\/it\/starker-anstieg-bei-elektroimpulspistolen-einsaetzen\/","og_site_name":"Save","article_published_time":"2020-06-08T08:27:04+00:00","og_image":[{"width":1000,"height":667,"url":"https:\/\/news.save.ch\/wp-content\/uploads\/2020\/06\/polizei_Depositphotos.jpg","type":"image\/jpeg"}],"author":"Roger Str\u00e4ssle","twitter_card":"summary_large_image","twitter_misc":{"Scritto da":"Roger Str\u00e4ssle","Tempo di lettura stimato":"1 minuto"},"schema":{"@context":"https:\/\/schema.org","@graph":[{"@type":"Article","@id":"https:\/\/news.save.ch\/starker-anstieg-bei-elektroimpulspistolen-einsaetzen\/#article","isPartOf":{"@id":"https:\/\/news.save.ch\/starker-anstieg-bei-elektroimpulspistolen-einsaetzen\/"},"author":{"name":"Roger Str\u00e4ssle","@id":"https:\/\/news.save.ch\/de\/#\/schema\/person\/d5022db048e0e2b9785c50e5b24da5aa"},"headline":"Starker Anstieg bei Elektroimpulspistolen-Eins\u00e4tzen","datePublished":"2020-06-08T08:27:04+00:00","mainEntityOfPage":{"@id":"https:\/\/news.save.ch\/starker-anstieg-bei-elektroimpulspistolen-einsaetzen\/"},"wordCount":214,"publisher":{"@id":"https:\/\/news.save.ch\/de\/#organization"},"image":{"@id":"https:\/\/news.save.ch\/starker-anstieg-bei-elektroimpulspistolen-einsaetzen\/#primaryimage"},"thumbnailUrl":"https:\/\/news.save.ch\/wp-content\/uploads\/2020\/06\/polizei_Depositphotos.jpg","keywords":["Elektroimpulspistole","KKPKS","Konferenz der Kantonalen Polizeikommandanten","Schusswaffeneinsatz","Schweizer Polizeikorps"],"articleSection":["ALLGEMEIN"],"inLanguage":"it-IT"},{"@type":"WebPage","@id":"https:\/\/news.save.ch\/starker-anstieg-bei-elektroimpulspistolen-einsaetzen\/","url":"https:\/\/news.save.ch\/starker-anstieg-bei-elektroimpulspistolen-einsaetzen\/","name":"Forte aumento dell'impiego di pistole a impulsi - Save","isPartOf":{"@id":"https:\/\/news.save.ch\/de\/#website"},"primaryImageOfPage":{"@id":"https:\/\/news.save.ch\/starker-anstieg-bei-elektroimpulspistolen-einsaetzen\/#primaryimage"},"image":{"@id":"https:\/\/news.save.ch\/starker-anstieg-bei-elektroimpulspistolen-einsaetzen\/#primaryimage"},"thumbnailUrl":"https:\/\/news.save.ch\/wp-content\/uploads\/2020\/06\/polizei_Depositphotos.jpg","datePublished":"2020-06-08T08:27:04+00:00","description":"Il corpo di polizia svizzero ha registrato un totale di 15 impieghi di armi da fuoco nel 2019. Si \u00e8 registrato un forte aumento del numero di impieghi di cannoni a impulsi elettrici.","breadcrumb":{"@id":"https:\/\/news.save.ch\/starker-anstieg-bei-elektroimpulspistolen-einsaetzen\/#breadcrumb"},"inLanguage":"it-IT","potentialAction":[{"@type":"ReadAction","target":["https:\/\/news.save.ch\/starker-anstieg-bei-elektroimpulspistolen-einsaetzen\/"]}]},{"@type":"ImageObject","inLanguage":"it-IT","@id":"https:\/\/news.save.ch\/starker-anstieg-bei-elektroimpulspistolen-einsaetzen\/#primaryimage","url":"https:\/\/news.save.ch\/wp-content\/uploads\/2020\/06\/polizei_Depositphotos.jpg","contentUrl":"https:\/\/news.save.ch\/wp-content\/uploads\/2020\/06\/polizei_Depositphotos.jpg","width":1000,"height":667,"caption":"\u00a9 depositphotos, dechevm"},{"@type":"BreadcrumbList","@id":"https:\/\/news.save.ch\/starker-anstieg-bei-elektroimpulspistolen-einsaetzen\/#breadcrumb","itemListElement":[{"@type":"ListItem","position":1,"name":"Home","item":"https:\/\/news.save.ch\/de\/"},{"@type":"ListItem","position":2,"name":"Starker Anstieg bei Elektroimpulspistolen-Eins\u00e4tzen"}]},{"@type":"WebSite","@id":"https:\/\/news.save.ch\/de\/#website","url":"https:\/\/news.save.ch\/de\/","name":"Risparmiare","description":"Rivista svizzera specializzata in sicurezza","publisher":{"@id":"https:\/\/news.save.ch\/de\/#organization"},"potentialAction":[{"@type":"SearchAction","target":{"@type":"EntryPoint","urlTemplate":"https:\/\/news.save.ch\/de\/?s={search_term_string}"},"query-input":{"@type":"PropertyValueSpecification","valueRequired":true,"valueName":"search_term_string"}}],"inLanguage":"it-IT"},{"@type":"Organization","@id":"https:\/\/news.save.ch\/de\/#organization","name":"Forum sulla sicurezza","url":"https:\/\/news.save.ch\/de\/","logo":{"@type":"ImageObject","inLanguage":"it-IT","@id":"https:\/\/news.save.ch\/de\/#\/schema\/logo\/image\/","url":"https:\/\/news.save.ch\/wp-content\/uploads\/2022\/06\/Logo_SF_2012.png","contentUrl":"https:\/\/news.save.ch\/wp-content\/uploads\/2022\/06\/Logo_SF_2012.png","width":1100,"height":91,"caption":"Sicherheitsforum"},"image":{"@id":"https:\/\/news.save.ch\/de\/#\/schema\/logo\/image\/"}},{"@type":"Person","@id":"https:\/\/news.save.ch\/de\/#\/schema\/person\/d5022db048e0e2b9785c50e5b24da5aa","name":"Roger Str\u00e4ssle","image":{"@type":"ImageObject","inLanguage":"it-IT","@id":"https:\/\/secure.gravatar.com\/avatar\/862a5569d087de48e5856e32f45d719a03804c891d6deb8d4f71a660e79e4a47?s=96&d=mm&r=g","url":"https:\/\/secure.gravatar.com\/avatar\/862a5569d087de48e5856e32f45d719a03804c891d6deb8d4f71a660e79e4a47?s=96&d=mm&r=g","contentUrl":"https:\/\/secure.gravatar.com\/avatar\/862a5569d087de48e5856e32f45d719a03804c891d6deb8d4f71a660e79e4a47?s=96&d=mm&r=g","caption":"Roger Str\u00e4ssle"},"url":"https:\/\/news.save.ch\/it\/author\/roger-straessle\/"}]}},"_links":{"self":[{"href":"https:\/\/news.save.ch\/it\/wp-json\/wp\/v2\/posts\/10232","targetHints":{"allow":["GET"]}}],"collection":[{"href":"https:\/\/news.save.ch\/it\/wp-json\/wp\/v2\/posts"}],"about":[{"href":"https:\/\/news.save.ch\/it\/wp-json\/wp\/v2\/types\/post"}],"author":[{"embeddable":true,"href":"https:\/\/news.save.ch\/it\/wp-json\/wp\/v2\/users\/8"}],"replies":[{"embeddable":true,"href":"https:\/\/news.save.ch\/it\/wp-json\/wp\/v2\/comments?post=10232"}],"version-history":[{"count":0,"href":"https:\/\/news.save.ch\/it\/wp-json\/wp\/v2\/posts\/10232\/revisions"}],"wp:featuredmedia":[{"embeddable":true,"href":"https:\/\/news.save.ch\/it\/wp-json\/wp\/v2\/media\/10233"}],"wp:attachment":[{"href":"https:\/\/news.save.ch\/it\/wp-json\/wp\/v2\/media?parent=10232"}],"wp:term":[{"taxonomy":"category","embeddable":true,"href":"https:\/\/news.save.ch\/it\/wp-json\/wp\/v2\/categories?post=10232"},{"taxonomy":"post_tag","embeddable":true,"href":"https:\/\/news.save.ch\/it\/wp-json\/wp\/v2\/tags?post=10232"}],"curies":[{"name":"wp","href":"https:\/\/api.w.org\/{rel}","templated":true}]}}