{"id":10285,"date":"2020-06-17T10:39:42","date_gmt":"2020-06-17T08:39:42","guid":{"rendered":"https:\/\/news.save.ch\/?p=10285"},"modified":"2020-06-17T10:39:42","modified_gmt":"2020-06-17T08:39:42","slug":"warnung-vor-brandgefaehrlichen-blitzen","status":null,"type":"post","link":"https:\/\/news.save.ch\/it\/warnung-vor-brandgefaehrlichen-blitzen\/","title":{"rendered":"Avvertenza contro i fulmini pericolosi per l'incendio"},"content":{"rendered":"<figure id=\"attachment_10286\" aria-describedby=\"caption-attachment-10286\" style=\"width: 680px\" class=\"wp-caption aligncenter\"><img loading=\"lazy\" decoding=\"async\" class=\"wp-image-10286 size-medium\" src=\"https:\/\/news.save.ch\/wp-content\/uploads\/2020\/06\/Blitz_Depositphotos_64040889_s-2019.jpg\" alt=\"Colpo di fulmine\" width=\"680\" height=\"474\" srcset=\"https:\/\/news.save.ch\/wp-content\/uploads\/2020\/06\/Blitz_Depositphotos_64040889_s-2019.jpg 1000w, https:\/\/news.save.ch\/wp-content\/uploads\/2020\/06\/Blitz_Depositphotos_64040889_s-2019-375x261.jpg 375w\" sizes=\"auto, (max-width: 680px) 100vw, 680px\" \/><figcaption id=\"caption-attachment-10286\" class=\"wp-caption-text\">\u00a9 depositphotos, Anna Om<\/figcaption><\/figure>\n<p>Ogni anno, circa 10.000 fulmini colpiscono gli edifici in Svizzera. Nei punti di impatto, la temperatura pu\u00f2 raggiungere i 30.000 gradi Celsius. Questo fa s\u00ec che i fulmini costituiscano un rischio di incendio per gli edifici non protetti. Nel peggiore dei casi, i fulmini diretti possono incendiare interi edifici. Pi\u00f9 frequenti sono invece i fulmini indiretti. In particolare, si tratta di danni a dispositivi elettrici come televisori, computer o comandi di riscaldamento.<\/p>\n<p><strong>I sistemi di protezione dai fulmini proteggono<\/strong><\/p>\n<p>I fulmini non possono essere evitati. Tuttavia, i sistemi di protezione contro i fulmini proteggono gli edifici da danni gravi. Deviano i fulmini e fanno s\u00ec che i fulmini siano quasi innocui per gli edifici. Sebbene l'installazione di un sistema di questo tipo sia prescritta solo per edifici particolarmente a rischio, la <a href=\"https:\/\/www.bfb-cipi.ch\">Servizio di consulenza per la prevenzione degli incendi<\/a>\u00a0un'installazione generale. Il costo di un sistema di protezione contro i fulmini \u00e8 solitamente pari all'uno o al due per cento del valore assicurativo dell'edificio. Negli edifici privi di sistemi di protezione contro i fulmini, tutte le spine devono essere staccate durante i temporali o i dispositivi sensibili devono essere dotati di protezione contro le sovratensioni. Questo dispositivo di protezione pu\u00f2 essere installato da specialisti senza grandi sforzi.<\/p>\n<p><strong>Misure di precauzione durante i temporali nelle case senza sistemi di protezione contro i fulmini<\/strong><\/p>\n<ul>\n<li>Per gli apparecchi elettrici sensibili, come televisori e computer, vale la pena di installare un limitatore di sovratensione. In caso contrario, le spine dei dispositivi devono essere scollegate durante i temporali.<\/li>\n<li>Evitare il contatto con tubature metalliche come quelle del gas e dell'acqua, impianti elettrici o cavi aerei.<\/li>\n<li>\u00c8 pi\u00f9 sicuro al centro della stanza durante un temporale. La protezione \u00e8 fornita anche da automobili, vagoni ferroviari o roulotte da campeggio.<\/li>\n<\/ul>\n<p><em>Fonte: Servizio di consulenza per la prevenzione degli incendi<\/em><\/p>\n<blockquote>\n<p><strong>Sistemi di protezione dai fulmini<\/strong><\/p>\n<p>I sistemi di protezione contro i fulmini sono trattati anche nelle linee guida antincendio della VKF (<a href=\"https:\/\/services.vkg.ch\/rest\/public\/georg\/bs\/publikation\/documents\/BSPUB-1394520214-107.pdf\/content\">qui<\/a>).<\/p>\n<p>I requisiti dei sistemi di protezione contro i fulmini sono regolati come segue:<\/p>\n<ul>\n<li>La linea guida antincendio VKF 22-15 \"Sistemi di protezione dai fulmini\" specifica dove e quando gli edifici devono essere dotati di sistemi di protezione dai fulmini.<\/li>\n<li>Le modalit\u00e0 di progettazione e installazione di un sistema di protezione contro i fulmini sono descritte negli attuali documenti sullo stato dell'arte (regole CES). <a href=\"https:\/\/www.electrosuisse.ch\/wp-content\/uploads\/2019\/06\/SNR464022_2015_corr_2016_D.pdf\">\"Sistemi di protezione contro i fulmini SNR 464022\"<\/a> regolato.<\/li>\n<li>Quando si pianificano ammodernamenti e\/o ampliamenti di impianti di protezione contro i fulmini, il sistema esistente deve essere controllato e, se necessario, adattato alle attuali regole della tecnologia.<\/li>\n<li>La colonna A della tabella dell'allegato alla clausola 2 della Linea guida VKF per la protezione antincendio 22-15 \"Sistemi di protezione contro i fulmini\" si applica ai requisiti della classe di protezione contro i fulmini per la protezione contro i fulmini esterni.<\/li>\n<\/ul>\n<\/blockquote>","protected":false},"excerpt":{"rendered":"<p>Pro Jahr schlagen in der Schweiz rund 10\u2018000 Blitze in Geb\u00e4ude ein. An den Einschlagstellen kann die Temperatur bis zu 30\u2018000 Grad Celsius betragen. Dies macht Blitze f\u00fcr ungesch\u00fctzte Geb\u00e4ude brandgef\u00e4hrlich. Im schlimmsten Fall k\u00f6nnen direkte Blitzeinschl\u00e4ge ganze Bauten in Brand setzen. H\u00e4ufiger sind jedoch indirekte Blitzeinschl\u00e4ge. Diese haben insbesondere Sch\u00e4den an elektrischen Ger\u00e4ten wie [&hellip;]<\/p>\n","protected":false},"author":8,"featured_media":10286,"comment_status":"closed","ping_status":"closed","sticky":false,"template":"","format":"standard","meta":{"_acf_changed":false,"pgc_sgb_lightbox_settings":"","footnotes":""},"categories":[67],"tags":[586,588,906,907],"class_list":["post-10285","post","type-post","status-publish","format-standard","has-post-thumbnail","hentry","category-brandschutz","tag-blitzeinschlag","tag-blitzschutzanlage","tag-blitzschutzsystem","tag-brandgefahr"],"acf":[],"hkrextid":null,"publication":null,"issue":null,"workflow":null,"startPage":null,"spitzmarke":null,"_posts_by_tag_page_fields":{"widget_title":"","widget_tags":""},"_at_widget":"1","_yoast_wpseo_primary_category":"4","_yoast_wpseo_focuskw_text_input":"Blitzeinschlag","_yoast_wpseo_opengraph-image":null,"_yoast_wpseo_opengraph-description":null,"_yoast_wpseo_opengraph-title":null,"enclosure":null,"_yoast_wpseo_twitter-title":null,"_yoast_wpseo_twitter-description":null,"_yoast_wpseo_twitter-image":null,"_wp_old_slug":null,"_yoast_wpseo_title":null,"_yoast_wpseo_canonical":null,"yoast_head":"<!-- This site is optimized with the Yoast SEO plugin v27.5 - https:\/\/yoast.com\/product\/yoast-seo-wordpress\/ -->\n<title>Warnung vor brandgef\u00e4hrlichen Blitzen - Save<\/title>\n<meta name=\"robots\" content=\"index, follow, max-snippet:-1, max-image-preview:large, max-video-preview:-1\" \/>\n<link rel=\"canonical\" href=\"https:\/\/news.save.ch\/it\/warnung-vor-brandgefaehrlichen-blitzen\/\" \/>\n<meta property=\"og:locale\" content=\"it_IT\" \/>\n<meta property=\"og:type\" content=\"article\" \/>\n<meta property=\"og:title\" content=\"Warnung vor brandgef\u00e4hrlichen Blitzen - Save\" \/>\n<meta property=\"og:description\" content=\"Pro Jahr schlagen in der Schweiz rund 10\u2018000 Blitze in Geb\u00e4ude ein. An den Einschlagstellen kann die Temperatur bis zu 30\u2018000 Grad Celsius betragen. Dies macht Blitze f\u00fcr ungesch\u00fctzte Geb\u00e4ude brandgef\u00e4hrlich. Im schlimmsten Fall k\u00f6nnen direkte Blitzeinschl\u00e4ge ganze Bauten in Brand setzen. H\u00e4ufiger sind jedoch indirekte Blitzeinschl\u00e4ge. Diese haben insbesondere Sch\u00e4den an elektrischen Ger\u00e4ten wie [&hellip;]\" \/>\n<meta property=\"og:url\" content=\"https:\/\/news.save.ch\/it\/warnung-vor-brandgefaehrlichen-blitzen\/\" \/>\n<meta property=\"og:site_name\" content=\"Save\" \/>\n<meta property=\"article:published_time\" content=\"2020-06-17T08:39:42+00:00\" \/>\n<meta property=\"og:image\" content=\"https:\/\/news.save.ch\/wp-content\/uploads\/2020\/06\/Blitz_Depositphotos_64040889_s-2019.jpg\" \/>\n\t<meta property=\"og:image:width\" content=\"1000\" \/>\n\t<meta property=\"og:image:height\" content=\"697\" \/>\n\t<meta property=\"og:image:type\" content=\"image\/jpeg\" \/>\n<meta name=\"author\" content=\"Roger Str\u00e4ssle\" \/>\n<meta name=\"twitter:card\" content=\"summary_large_image\" \/>\n<meta name=\"twitter:label1\" content=\"Scritto da\" \/>\n\t<meta name=\"twitter:data1\" content=\"Roger Str\u00e4ssle\" \/>\n\t<meta name=\"twitter:label2\" content=\"Tempo di lettura stimato\" \/>\n\t<meta name=\"twitter:data2\" content=\"2 minuti\" \/>\n<script type=\"application\/ld+json\" class=\"yoast-schema-graph\">{\"@context\":\"https:\\\/\\\/schema.org\",\"@graph\":[{\"@type\":\"Article\",\"@id\":\"https:\\\/\\\/news.save.ch\\\/warnung-vor-brandgefaehrlichen-blitzen\\\/#article\",\"isPartOf\":{\"@id\":\"https:\\\/\\\/news.save.ch\\\/warnung-vor-brandgefaehrlichen-blitzen\\\/\"},\"author\":{\"name\":\"Roger Str\u00e4ssle\",\"@id\":\"https:\\\/\\\/news.save.ch\\\/de\\\/#\\\/schema\\\/person\\\/d5022db048e0e2b9785c50e5b24da5aa\"},\"headline\":\"Warnung vor brandgef\u00e4hrlichen Blitzen\",\"datePublished\":\"2020-06-17T08:39:42+00:00\",\"mainEntityOfPage\":{\"@id\":\"https:\\\/\\\/news.save.ch\\\/warnung-vor-brandgefaehrlichen-blitzen\\\/\"},\"wordCount\":382,\"publisher\":{\"@id\":\"https:\\\/\\\/news.save.ch\\\/de\\\/#organization\"},\"image\":{\"@id\":\"https:\\\/\\\/news.save.ch\\\/warnung-vor-brandgefaehrlichen-blitzen\\\/#primaryimage\"},\"thumbnailUrl\":\"https:\\\/\\\/news.save.ch\\\/wp-content\\\/uploads\\\/2020\\\/06\\\/Blitz_Depositphotos_64040889_s-2019.jpg\",\"keywords\":[\"Blitzeinschlag\",\"Blitzschutzanlage\",\"Blitzschutzsystem\",\"Brandgefahr\"],\"articleSection\":[\"BRANDSCHUTZ\"],\"inLanguage\":\"it-IT\"},{\"@type\":\"WebPage\",\"@id\":\"https:\\\/\\\/news.save.ch\\\/warnung-vor-brandgefaehrlichen-blitzen\\\/\",\"url\":\"https:\\\/\\\/news.save.ch\\\/warnung-vor-brandgefaehrlichen-blitzen\\\/\",\"name\":\"Warnung vor brandgef\u00e4hrlichen Blitzen - Save\",\"isPartOf\":{\"@id\":\"https:\\\/\\\/news.save.ch\\\/de\\\/#website\"},\"primaryImageOfPage\":{\"@id\":\"https:\\\/\\\/news.save.ch\\\/warnung-vor-brandgefaehrlichen-blitzen\\\/#primaryimage\"},\"image\":{\"@id\":\"https:\\\/\\\/news.save.ch\\\/warnung-vor-brandgefaehrlichen-blitzen\\\/#primaryimage\"},\"thumbnailUrl\":\"https:\\\/\\\/news.save.ch\\\/wp-content\\\/uploads\\\/2020\\\/06\\\/Blitz_Depositphotos_64040889_s-2019.jpg\",\"datePublished\":\"2020-06-17T08:39:42+00:00\",\"breadcrumb\":{\"@id\":\"https:\\\/\\\/news.save.ch\\\/warnung-vor-brandgefaehrlichen-blitzen\\\/#breadcrumb\"},\"inLanguage\":\"it-IT\",\"potentialAction\":[{\"@type\":\"ReadAction\",\"target\":[\"https:\\\/\\\/news.save.ch\\\/warnung-vor-brandgefaehrlichen-blitzen\\\/\"]}]},{\"@type\":\"ImageObject\",\"inLanguage\":\"it-IT\",\"@id\":\"https:\\\/\\\/news.save.ch\\\/warnung-vor-brandgefaehrlichen-blitzen\\\/#primaryimage\",\"url\":\"https:\\\/\\\/news.save.ch\\\/wp-content\\\/uploads\\\/2020\\\/06\\\/Blitz_Depositphotos_64040889_s-2019.jpg\",\"contentUrl\":\"https:\\\/\\\/news.save.ch\\\/wp-content\\\/uploads\\\/2020\\\/06\\\/Blitz_Depositphotos_64040889_s-2019.jpg\",\"width\":1000,\"height\":697,\"caption\":\"\u00a9 depositphotos, Anna Om\"},{\"@type\":\"BreadcrumbList\",\"@id\":\"https:\\\/\\\/news.save.ch\\\/warnung-vor-brandgefaehrlichen-blitzen\\\/#breadcrumb\",\"itemListElement\":[{\"@type\":\"ListItem\",\"position\":1,\"name\":\"Home\",\"item\":\"https:\\\/\\\/news.save.ch\\\/de\\\/\"},{\"@type\":\"ListItem\",\"position\":2,\"name\":\"Warnung vor brandgef\u00e4hrlichen Blitzen\"}]},{\"@type\":\"WebSite\",\"@id\":\"https:\\\/\\\/news.save.ch\\\/de\\\/#website\",\"url\":\"https:\\\/\\\/news.save.ch\\\/de\\\/\",\"name\":\"Save\",\"description\":\"Schweizer Fachzeitschrift f\u00fcr Sicherheit\",\"publisher\":{\"@id\":\"https:\\\/\\\/news.save.ch\\\/de\\\/#organization\"},\"potentialAction\":[{\"@type\":\"SearchAction\",\"target\":{\"@type\":\"EntryPoint\",\"urlTemplate\":\"https:\\\/\\\/news.save.ch\\\/de\\\/?s={search_term_string}\"},\"query-input\":{\"@type\":\"PropertyValueSpecification\",\"valueRequired\":true,\"valueName\":\"search_term_string\"}}],\"inLanguage\":\"it-IT\"},{\"@type\":\"Organization\",\"@id\":\"https:\\\/\\\/news.save.ch\\\/de\\\/#organization\",\"name\":\"Sicherheitsforum\",\"url\":\"https:\\\/\\\/news.save.ch\\\/de\\\/\",\"logo\":{\"@type\":\"ImageObject\",\"inLanguage\":\"it-IT\",\"@id\":\"https:\\\/\\\/news.save.ch\\\/de\\\/#\\\/schema\\\/logo\\\/image\\\/\",\"url\":\"https:\\\/\\\/news.save.ch\\\/wp-content\\\/uploads\\\/2022\\\/06\\\/Logo_SF_2012.png\",\"contentUrl\":\"https:\\\/\\\/news.save.ch\\\/wp-content\\\/uploads\\\/2022\\\/06\\\/Logo_SF_2012.png\",\"width\":1100,\"height\":91,\"caption\":\"Sicherheitsforum\"},\"image\":{\"@id\":\"https:\\\/\\\/news.save.ch\\\/de\\\/#\\\/schema\\\/logo\\\/image\\\/\"}},{\"@type\":\"Person\",\"@id\":\"https:\\\/\\\/news.save.ch\\\/de\\\/#\\\/schema\\\/person\\\/d5022db048e0e2b9785c50e5b24da5aa\",\"name\":\"Roger Str\u00e4ssle\",\"image\":{\"@type\":\"ImageObject\",\"inLanguage\":\"it-IT\",\"@id\":\"https:\\\/\\\/secure.gravatar.com\\\/avatar\\\/862a5569d087de48e5856e32f45d719a03804c891d6deb8d4f71a660e79e4a47?s=96&d=mm&r=g\",\"url\":\"https:\\\/\\\/secure.gravatar.com\\\/avatar\\\/862a5569d087de48e5856e32f45d719a03804c891d6deb8d4f71a660e79e4a47?s=96&d=mm&r=g\",\"contentUrl\":\"https:\\\/\\\/secure.gravatar.com\\\/avatar\\\/862a5569d087de48e5856e32f45d719a03804c891d6deb8d4f71a660e79e4a47?s=96&d=mm&r=g\",\"caption\":\"Roger Str\u00e4ssle\"},\"url\":\"https:\\\/\\\/news.save.ch\\\/it\\\/author\\\/roger-straessle\\\/\"}]}<\/script>\n<!-- \/ Yoast SEO plugin. -->","yoast_head_json":{"title":"Avviso di fulmini pericolosi per il fuoco - Salva","robots":{"index":"index","follow":"follow","max-snippet":"max-snippet:-1","max-image-preview":"max-image-preview:large","max-video-preview":"max-video-preview:-1"},"canonical":"https:\/\/news.save.ch\/it\/warnung-vor-brandgefaehrlichen-blitzen\/","og_locale":"it_IT","og_type":"article","og_title":"Warnung vor brandgef\u00e4hrlichen Blitzen - Save","og_description":"Pro Jahr schlagen in der Schweiz rund 10\u2018000 Blitze in Geb\u00e4ude ein. An den Einschlagstellen kann die Temperatur bis zu 30\u2018000 Grad Celsius betragen. Dies macht Blitze f\u00fcr ungesch\u00fctzte Geb\u00e4ude brandgef\u00e4hrlich. Im schlimmsten Fall k\u00f6nnen direkte Blitzeinschl\u00e4ge ganze Bauten in Brand setzen. H\u00e4ufiger sind jedoch indirekte Blitzeinschl\u00e4ge. Diese haben insbesondere Sch\u00e4den an elektrischen Ger\u00e4ten wie [&hellip;]","og_url":"https:\/\/news.save.ch\/it\/warnung-vor-brandgefaehrlichen-blitzen\/","og_site_name":"Save","article_published_time":"2020-06-17T08:39:42+00:00","og_image":[{"width":1000,"height":697,"url":"https:\/\/news.save.ch\/wp-content\/uploads\/2020\/06\/Blitz_Depositphotos_64040889_s-2019.jpg","type":"image\/jpeg"}],"author":"Roger Str\u00e4ssle","twitter_card":"summary_large_image","twitter_misc":{"Scritto da":"Roger Str\u00e4ssle","Tempo di lettura stimato":"2 minuti"},"schema":{"@context":"https:\/\/schema.org","@graph":[{"@type":"Article","@id":"https:\/\/news.save.ch\/warnung-vor-brandgefaehrlichen-blitzen\/#article","isPartOf":{"@id":"https:\/\/news.save.ch\/warnung-vor-brandgefaehrlichen-blitzen\/"},"author":{"name":"Roger Str\u00e4ssle","@id":"https:\/\/news.save.ch\/de\/#\/schema\/person\/d5022db048e0e2b9785c50e5b24da5aa"},"headline":"Warnung vor brandgef\u00e4hrlichen Blitzen","datePublished":"2020-06-17T08:39:42+00:00","mainEntityOfPage":{"@id":"https:\/\/news.save.ch\/warnung-vor-brandgefaehrlichen-blitzen\/"},"wordCount":382,"publisher":{"@id":"https:\/\/news.save.ch\/de\/#organization"},"image":{"@id":"https:\/\/news.save.ch\/warnung-vor-brandgefaehrlichen-blitzen\/#primaryimage"},"thumbnailUrl":"https:\/\/news.save.ch\/wp-content\/uploads\/2020\/06\/Blitz_Depositphotos_64040889_s-2019.jpg","keywords":["Blitzeinschlag","Blitzschutzanlage","Blitzschutzsystem","Brandgefahr"],"articleSection":["BRANDSCHUTZ"],"inLanguage":"it-IT"},{"@type":"WebPage","@id":"https:\/\/news.save.ch\/warnung-vor-brandgefaehrlichen-blitzen\/","url":"https:\/\/news.save.ch\/warnung-vor-brandgefaehrlichen-blitzen\/","name":"Avviso di fulmini pericolosi per il fuoco - Salva","isPartOf":{"@id":"https:\/\/news.save.ch\/de\/#website"},"primaryImageOfPage":{"@id":"https:\/\/news.save.ch\/warnung-vor-brandgefaehrlichen-blitzen\/#primaryimage"},"image":{"@id":"https:\/\/news.save.ch\/warnung-vor-brandgefaehrlichen-blitzen\/#primaryimage"},"thumbnailUrl":"https:\/\/news.save.ch\/wp-content\/uploads\/2020\/06\/Blitz_Depositphotos_64040889_s-2019.jpg","datePublished":"2020-06-17T08:39:42+00:00","breadcrumb":{"@id":"https:\/\/news.save.ch\/warnung-vor-brandgefaehrlichen-blitzen\/#breadcrumb"},"inLanguage":"it-IT","potentialAction":[{"@type":"ReadAction","target":["https:\/\/news.save.ch\/warnung-vor-brandgefaehrlichen-blitzen\/"]}]},{"@type":"ImageObject","inLanguage":"it-IT","@id":"https:\/\/news.save.ch\/warnung-vor-brandgefaehrlichen-blitzen\/#primaryimage","url":"https:\/\/news.save.ch\/wp-content\/uploads\/2020\/06\/Blitz_Depositphotos_64040889_s-2019.jpg","contentUrl":"https:\/\/news.save.ch\/wp-content\/uploads\/2020\/06\/Blitz_Depositphotos_64040889_s-2019.jpg","width":1000,"height":697,"caption":"\u00a9 depositphotos, Anna Om"},{"@type":"BreadcrumbList","@id":"https:\/\/news.save.ch\/warnung-vor-brandgefaehrlichen-blitzen\/#breadcrumb","itemListElement":[{"@type":"ListItem","position":1,"name":"Home","item":"https:\/\/news.save.ch\/de\/"},{"@type":"ListItem","position":2,"name":"Warnung vor brandgef\u00e4hrlichen Blitzen"}]},{"@type":"WebSite","@id":"https:\/\/news.save.ch\/de\/#website","url":"https:\/\/news.save.ch\/de\/","name":"Risparmiare","description":"Rivista svizzera specializzata in sicurezza","publisher":{"@id":"https:\/\/news.save.ch\/de\/#organization"},"potentialAction":[{"@type":"SearchAction","target":{"@type":"EntryPoint","urlTemplate":"https:\/\/news.save.ch\/de\/?s={search_term_string}"},"query-input":{"@type":"PropertyValueSpecification","valueRequired":true,"valueName":"search_term_string"}}],"inLanguage":"it-IT"},{"@type":"Organization","@id":"https:\/\/news.save.ch\/de\/#organization","name":"Forum sulla sicurezza","url":"https:\/\/news.save.ch\/de\/","logo":{"@type":"ImageObject","inLanguage":"it-IT","@id":"https:\/\/news.save.ch\/de\/#\/schema\/logo\/image\/","url":"https:\/\/news.save.ch\/wp-content\/uploads\/2022\/06\/Logo_SF_2012.png","contentUrl":"https:\/\/news.save.ch\/wp-content\/uploads\/2022\/06\/Logo_SF_2012.png","width":1100,"height":91,"caption":"Sicherheitsforum"},"image":{"@id":"https:\/\/news.save.ch\/de\/#\/schema\/logo\/image\/"}},{"@type":"Person","@id":"https:\/\/news.save.ch\/de\/#\/schema\/person\/d5022db048e0e2b9785c50e5b24da5aa","name":"Roger Str\u00e4ssle","image":{"@type":"ImageObject","inLanguage":"it-IT","@id":"https:\/\/secure.gravatar.com\/avatar\/862a5569d087de48e5856e32f45d719a03804c891d6deb8d4f71a660e79e4a47?s=96&d=mm&r=g","url":"https:\/\/secure.gravatar.com\/avatar\/862a5569d087de48e5856e32f45d719a03804c891d6deb8d4f71a660e79e4a47?s=96&d=mm&r=g","contentUrl":"https:\/\/secure.gravatar.com\/avatar\/862a5569d087de48e5856e32f45d719a03804c891d6deb8d4f71a660e79e4a47?s=96&d=mm&r=g","caption":"Roger Str\u00e4ssle"},"url":"https:\/\/news.save.ch\/it\/author\/roger-straessle\/"}]}},"_links":{"self":[{"href":"https:\/\/news.save.ch\/it\/wp-json\/wp\/v2\/posts\/10285","targetHints":{"allow":["GET"]}}],"collection":[{"href":"https:\/\/news.save.ch\/it\/wp-json\/wp\/v2\/posts"}],"about":[{"href":"https:\/\/news.save.ch\/it\/wp-json\/wp\/v2\/types\/post"}],"author":[{"embeddable":true,"href":"https:\/\/news.save.ch\/it\/wp-json\/wp\/v2\/users\/8"}],"replies":[{"embeddable":true,"href":"https:\/\/news.save.ch\/it\/wp-json\/wp\/v2\/comments?post=10285"}],"version-history":[{"count":0,"href":"https:\/\/news.save.ch\/it\/wp-json\/wp\/v2\/posts\/10285\/revisions"}],"wp:featuredmedia":[{"embeddable":true,"href":"https:\/\/news.save.ch\/it\/wp-json\/wp\/v2\/media\/10286"}],"wp:attachment":[{"href":"https:\/\/news.save.ch\/it\/wp-json\/wp\/v2\/media?parent=10285"}],"wp:term":[{"taxonomy":"category","embeddable":true,"href":"https:\/\/news.save.ch\/it\/wp-json\/wp\/v2\/categories?post=10285"},{"taxonomy":"post_tag","embeddable":true,"href":"https:\/\/news.save.ch\/it\/wp-json\/wp\/v2\/tags?post=10285"}],"curies":[{"name":"wp","href":"https:\/\/api.w.org\/{rel}","templated":true}]}}