{"id":10411,"date":"2020-07-20T10:00:42","date_gmt":"2020-07-20T08:00:42","guid":{"rendered":"https:\/\/news.save.ch\/?p=10411"},"modified":"2023-03-14T08:59:18","modified_gmt":"2023-03-14T07:59:18","slug":"videoueberwachung-damit-das-volle-potenzial-ausgeschoepft-werden-kann","status":null,"type":"post","link":"https:\/\/news.save.ch\/it\/videoueberwachung-damit-das-volle-potenzial-ausgeschoepft-werden-kann\/","title":{"rendered":"Videosorveglianza: per sfruttare appieno il potenziale"},"content":{"rendered":"<figure id=\"attachment_10412\" aria-describedby=\"caption-attachment-10412\" style=\"width: 680px\" class=\"wp-caption aligncenter\"><img loading=\"lazy\" decoding=\"async\" class=\"size-medium wp-image-10412\" src=\"https:\/\/news.save.ch\/wp-content\/uploads\/2020\/07\/depositphotos-Andrey-Popov.jpg\" alt=\"\" width=\"680\" height=\"454\" srcset=\"https:\/\/news.save.ch\/wp-content\/uploads\/2020\/07\/depositphotos-Andrey-Popov.jpg 999w, https:\/\/news.save.ch\/wp-content\/uploads\/2020\/07\/depositphotos-Andrey-Popov-375x250.jpg 375w\" sizes=\"auto, (max-width: 680px) 100vw, 680px\" \/><figcaption id=\"caption-attachment-10412\" class=\"wp-caption-text\">\u00a9 depositphotos, Andrey Popov<\/figcaption><\/figure>\n<p>I sistemi di videosorveglianza sono sempre pi\u00f9 perfezionati. Negli ultimi cinque anni, molte cose sono cambiate in meglio in termini di imaging, riproduzione delle immagini (sensibilit\u00e0 alla luce, compressione dei dati, nitidezza e riproduzione dei dettagli). Dal punto di vista della polizia e della polizia scientifica, l'immagine video che pu\u00f2 essere utilizzata per l'azione penale continua a crescere d'importanza. Ma: pi\u00f9 grande e pi\u00f9 veloce non significa sempre migliore!<\/p>\n<p>Le vecchie strutture e modalit\u00e0 di lavoro vengono spesso trasferite a una nuova tecnologia. Tuttavia, \u00e8 pi\u00f9 utile adattarli alle nuove tecnologie. Per sfruttare al meglio le nuove possibilit\u00e0 di un sistema di telecamere, l'operatore deve chiedersi consapevolmente cosa deve registrare e a quale scopo prima di montare e regolare una telecamera.<\/p>\n<p>Contro i furti con scasso, ad esempio, ci si pu\u00f2 proteggere solo con un sistema video attivo, con allarme e protezione perimetrale. Tuttavia, questo concetto non \u00e8 utile contro le rapine, perch\u00e9 in questo caso la telecamera \u00e8 spesso solo una componente di documentazione all'interno della strategia di sicurezza complessiva.<\/p>\n<p>\u00c8 essenziale affrontare la scelta dell'obiettivo di protezione, il tipo di reati previsti, i possibili modi di operare (procedura di reato e comportamento del trasgressore) e chi potrebbe essere un potenziale trasgressore. Se un furto di notte ha una probabilit\u00e0 maggiore di verificarsi rispetto a un furto di giorno, la telecamera deve essere in grado di produrre immagini ad alto contrasto senza sfocature di movimento in condizioni di scarsa illuminazione.<\/p>\n<p><strong>Caratteristiche della fotocamera<\/strong><\/p>\n<p>Per ogni applicazione e obiettivo di protezione, occorre quindi verificare attentamente le seguenti caratteristiche della telecamera: Riproduzione dei dettagli, angolo di ripresa o distorsione dell'immagine, comportamento del contrasto e solidit\u00e0 dei colori, sensibilit\u00e0 alla luce e rumore dell'immagine.<\/p>\n<p>Solo quando questi punti sono chiaramente definiti, un modello di telecamera specifico che soddisfa i requisiti pu\u00f2 sfruttare appieno i suoi vantaggi.<\/p>\n<p>L'impostazione di base di una telecamera di solito non si adatta ai requisiti specifici dell'obiettivo di protezione senza un adattamento individuale. Le impostazioni adattate o ottimizzate con un risultato di registrazione ottimale servono non solo all'operatore come potenziale parte lesa, ma anche alle forze dell'ordine per chiarire i reati.<\/p>\n<blockquote>\n<p><em>Cari lettori, scoprirete cos'altro occorre considerare in relazione ai sistemi di videosorveglianza nel nostro numero speciale Video Security Special, che sar\u00e0 pubblicato il 25 agosto. <\/em><\/p>\n<p><em>Nell'edizione cartacea Video Surveillance, i nostri autori esperti esaminano da vicino anche le telecamere di sorveglianza: i risultati mostrano aspetti interessanti e utili per voi. Oltre ad altri argomenti, SicherheitsForum pubblica anche una panoramica del mercato e dei produttori nel numero speciale.<\/em><\/p>\n<p><em>Qui va al <a href=\"https:\/\/news.save.ch\/it\/sicherheitsforum\/\">Ordine di abbonamento<\/a>.<\/em><\/p>\n<\/blockquote>\n<p><em>\u00a0<\/em><\/p>\n<p>&nbsp;<\/p>\n<p>&nbsp;<\/p>","protected":false},"excerpt":{"rendered":"<p>Die Video\u00fcberwachungssysteme werden immer besser. Im Verlauf der letzten f\u00fcnf Jahre hat sich im Bereich Bildgebung, Bildwiedergabe (Lichtempfindlichkeit, Datenkomprimierung, Sch\u00e4rfe und Detailwiedergabe) sehr viel zum Guten entwickelt. Aus polizeilicher und forensischer Sicht nimmt das f\u00fcr die Strafverfolgung verwertbare Videobild an Bedeutung weiter zu. Aber: Nicht immer bedeutet gr\u00f6sser und schneller auch besser! Oft werden alte [&hellip;]<\/p>\n","protected":false},"author":8,"featured_media":10412,"comment_status":"closed","ping_status":"closed","sticky":false,"template":"","format":"standard","meta":{"_acf_changed":false,"pgc_sgb_lightbox_settings":"","footnotes":""},"categories":[3312],"tags":[947,78],"class_list":["post-10411","post","type-post","status-publish","format-standard","has-post-thumbnail","hentry","category-sicherheit","tag-video-security-spezial","tag-videoueberwachung"],"acf":[],"hkrextid":null,"publication":null,"issue":null,"workflow":null,"startPage":null,"spitzmarke":null,"_posts_by_tag_page_fields":{"widget_title":"","widget_tags":""},"_at_widget":"1","_yoast_wpseo_primary_category":"529","_yoast_wpseo_focuskw_text_input":"Video\u00fcberwachung","_yoast_wpseo_opengraph-image":null,"_yoast_wpseo_opengraph-description":null,"_yoast_wpseo_opengraph-title":null,"enclosure":null,"_yoast_wpseo_twitter-title":null,"_yoast_wpseo_twitter-description":null,"_yoast_wpseo_twitter-image":null,"_wp_old_slug":null,"_yoast_wpseo_title":null,"_yoast_wpseo_canonical":null,"yoast_head":"<!-- This site is optimized with the Yoast SEO plugin v27.5 - https:\/\/yoast.com\/product\/yoast-seo-wordpress\/ -->\n<title>Video\u00fcberwachung: Damit das volle Potenzial ausgesch\u00f6pft werden kann - Save<\/title>\n<meta name=\"description\" content=\"Die Fachzeitschrift SicherheitsForum ver\u00f6ffentlicht am 25. August 2020 eine Spezialausgabe zum Thema Video\u00fcberwachung.\" \/>\n<meta name=\"robots\" content=\"index, follow, max-snippet:-1, max-image-preview:large, max-video-preview:-1\" \/>\n<link rel=\"canonical\" href=\"https:\/\/news.save.ch\/it\/videoueberwachung-damit-das-volle-potenzial-ausgeschoepft-werden-kann\/\" \/>\n<meta property=\"og:locale\" content=\"it_IT\" \/>\n<meta property=\"og:type\" content=\"article\" \/>\n<meta property=\"og:title\" content=\"Video\u00fcberwachung: Damit das volle Potenzial ausgesch\u00f6pft werden kann - Save\" \/>\n<meta property=\"og:description\" content=\"Die Fachzeitschrift SicherheitsForum ver\u00f6ffentlicht am 25. August 2020 eine Spezialausgabe zum Thema Video\u00fcberwachung.\" \/>\n<meta property=\"og:url\" content=\"https:\/\/news.save.ch\/it\/videoueberwachung-damit-das-volle-potenzial-ausgeschoepft-werden-kann\/\" \/>\n<meta property=\"og:site_name\" content=\"Save\" \/>\n<meta property=\"article:published_time\" content=\"2020-07-20T08:00:42+00:00\" \/>\n<meta property=\"article:modified_time\" content=\"2023-03-14T07:59:18+00:00\" \/>\n<meta property=\"og:image\" content=\"https:\/\/news.save.ch\/wp-content\/uploads\/2020\/07\/depositphotos-Andrey-Popov.jpg\" \/>\n\t<meta property=\"og:image:width\" content=\"999\" \/>\n\t<meta property=\"og:image:height\" content=\"667\" \/>\n\t<meta property=\"og:image:type\" content=\"image\/jpeg\" \/>\n<meta name=\"author\" content=\"Roger Str\u00e4ssle\" \/>\n<meta name=\"twitter:card\" content=\"summary_large_image\" \/>\n<meta name=\"twitter:label1\" content=\"Scritto da\" \/>\n\t<meta name=\"twitter:data1\" content=\"Roger Str\u00e4ssle\" \/>\n\t<meta name=\"twitter:label2\" content=\"Tempo di lettura stimato\" \/>\n\t<meta name=\"twitter:data2\" content=\"2 minuti\" \/>\n<script type=\"application\/ld+json\" class=\"yoast-schema-graph\">{\"@context\":\"https:\\\/\\\/schema.org\",\"@graph\":[{\"@type\":\"Article\",\"@id\":\"https:\\\/\\\/news.save.ch\\\/videoueberwachung-damit-das-volle-potenzial-ausgeschoepft-werden-kann\\\/#article\",\"isPartOf\":{\"@id\":\"https:\\\/\\\/news.save.ch\\\/videoueberwachung-damit-das-volle-potenzial-ausgeschoepft-werden-kann\\\/\"},\"author\":{\"name\":\"Roger Str\u00e4ssle\",\"@id\":\"https:\\\/\\\/news.save.ch\\\/de\\\/#\\\/schema\\\/person\\\/d5022db048e0e2b9785c50e5b24da5aa\"},\"headline\":\"Video\u00fcberwachung: Damit das volle Potenzial ausgesch\u00f6pft werden kann\",\"datePublished\":\"2020-07-20T08:00:42+00:00\",\"dateModified\":\"2023-03-14T07:59:18+00:00\",\"mainEntityOfPage\":{\"@id\":\"https:\\\/\\\/news.save.ch\\\/videoueberwachung-damit-das-volle-potenzial-ausgeschoepft-werden-kann\\\/\"},\"wordCount\":403,\"publisher\":{\"@id\":\"https:\\\/\\\/news.save.ch\\\/de\\\/#organization\"},\"image\":{\"@id\":\"https:\\\/\\\/news.save.ch\\\/videoueberwachung-damit-das-volle-potenzial-ausgeschoepft-werden-kann\\\/#primaryimage\"},\"thumbnailUrl\":\"https:\\\/\\\/news.save.ch\\\/wp-content\\\/uploads\\\/2020\\\/07\\\/depositphotos-Andrey-Popov.jpg\",\"keywords\":[\"Video Security Spezial\",\"Video\u00fcberwachung\"],\"articleSection\":[\"SICHERHEIT\"],\"inLanguage\":\"it-IT\"},{\"@type\":\"WebPage\",\"@id\":\"https:\\\/\\\/news.save.ch\\\/videoueberwachung-damit-das-volle-potenzial-ausgeschoepft-werden-kann\\\/\",\"url\":\"https:\\\/\\\/news.save.ch\\\/videoueberwachung-damit-das-volle-potenzial-ausgeschoepft-werden-kann\\\/\",\"name\":\"Video\u00fcberwachung: Damit das volle Potenzial ausgesch\u00f6pft werden kann - Save\",\"isPartOf\":{\"@id\":\"https:\\\/\\\/news.save.ch\\\/de\\\/#website\"},\"primaryImageOfPage\":{\"@id\":\"https:\\\/\\\/news.save.ch\\\/videoueberwachung-damit-das-volle-potenzial-ausgeschoepft-werden-kann\\\/#primaryimage\"},\"image\":{\"@id\":\"https:\\\/\\\/news.save.ch\\\/videoueberwachung-damit-das-volle-potenzial-ausgeschoepft-werden-kann\\\/#primaryimage\"},\"thumbnailUrl\":\"https:\\\/\\\/news.save.ch\\\/wp-content\\\/uploads\\\/2020\\\/07\\\/depositphotos-Andrey-Popov.jpg\",\"datePublished\":\"2020-07-20T08:00:42+00:00\",\"dateModified\":\"2023-03-14T07:59:18+00:00\",\"description\":\"Die Fachzeitschrift SicherheitsForum ver\u00f6ffentlicht am 25. August 2020 eine Spezialausgabe zum Thema Video\u00fcberwachung.\",\"breadcrumb\":{\"@id\":\"https:\\\/\\\/news.save.ch\\\/videoueberwachung-damit-das-volle-potenzial-ausgeschoepft-werden-kann\\\/#breadcrumb\"},\"inLanguage\":\"it-IT\",\"potentialAction\":[{\"@type\":\"ReadAction\",\"target\":[\"https:\\\/\\\/news.save.ch\\\/videoueberwachung-damit-das-volle-potenzial-ausgeschoepft-werden-kann\\\/\"]}]},{\"@type\":\"ImageObject\",\"inLanguage\":\"it-IT\",\"@id\":\"https:\\\/\\\/news.save.ch\\\/videoueberwachung-damit-das-volle-potenzial-ausgeschoepft-werden-kann\\\/#primaryimage\",\"url\":\"https:\\\/\\\/news.save.ch\\\/wp-content\\\/uploads\\\/2020\\\/07\\\/depositphotos-Andrey-Popov.jpg\",\"contentUrl\":\"https:\\\/\\\/news.save.ch\\\/wp-content\\\/uploads\\\/2020\\\/07\\\/depositphotos-Andrey-Popov.jpg\",\"width\":999,\"height\":667,\"caption\":\"\u00a9 depositphotos, Andrey Popov\"},{\"@type\":\"BreadcrumbList\",\"@id\":\"https:\\\/\\\/news.save.ch\\\/videoueberwachung-damit-das-volle-potenzial-ausgeschoepft-werden-kann\\\/#breadcrumb\",\"itemListElement\":[{\"@type\":\"ListItem\",\"position\":1,\"name\":\"Home\",\"item\":\"https:\\\/\\\/news.save.ch\\\/de\\\/\"},{\"@type\":\"ListItem\",\"position\":2,\"name\":\"Video\u00fcberwachung: Damit das volle Potenzial ausgesch\u00f6pft werden kann\"}]},{\"@type\":\"WebSite\",\"@id\":\"https:\\\/\\\/news.save.ch\\\/de\\\/#website\",\"url\":\"https:\\\/\\\/news.save.ch\\\/de\\\/\",\"name\":\"Save\",\"description\":\"Schweizer Fachzeitschrift f\u00fcr Sicherheit\",\"publisher\":{\"@id\":\"https:\\\/\\\/news.save.ch\\\/de\\\/#organization\"},\"potentialAction\":[{\"@type\":\"SearchAction\",\"target\":{\"@type\":\"EntryPoint\",\"urlTemplate\":\"https:\\\/\\\/news.save.ch\\\/de\\\/?s={search_term_string}\"},\"query-input\":{\"@type\":\"PropertyValueSpecification\",\"valueRequired\":true,\"valueName\":\"search_term_string\"}}],\"inLanguage\":\"it-IT\"},{\"@type\":\"Organization\",\"@id\":\"https:\\\/\\\/news.save.ch\\\/de\\\/#organization\",\"name\":\"Sicherheitsforum\",\"url\":\"https:\\\/\\\/news.save.ch\\\/de\\\/\",\"logo\":{\"@type\":\"ImageObject\",\"inLanguage\":\"it-IT\",\"@id\":\"https:\\\/\\\/news.save.ch\\\/de\\\/#\\\/schema\\\/logo\\\/image\\\/\",\"url\":\"https:\\\/\\\/news.save.ch\\\/wp-content\\\/uploads\\\/2022\\\/06\\\/Logo_SF_2012.png\",\"contentUrl\":\"https:\\\/\\\/news.save.ch\\\/wp-content\\\/uploads\\\/2022\\\/06\\\/Logo_SF_2012.png\",\"width\":1100,\"height\":91,\"caption\":\"Sicherheitsforum\"},\"image\":{\"@id\":\"https:\\\/\\\/news.save.ch\\\/de\\\/#\\\/schema\\\/logo\\\/image\\\/\"}},{\"@type\":\"Person\",\"@id\":\"https:\\\/\\\/news.save.ch\\\/de\\\/#\\\/schema\\\/person\\\/d5022db048e0e2b9785c50e5b24da5aa\",\"name\":\"Roger Str\u00e4ssle\",\"image\":{\"@type\":\"ImageObject\",\"inLanguage\":\"it-IT\",\"@id\":\"https:\\\/\\\/secure.gravatar.com\\\/avatar\\\/862a5569d087de48e5856e32f45d719a03804c891d6deb8d4f71a660e79e4a47?s=96&d=mm&r=g\",\"url\":\"https:\\\/\\\/secure.gravatar.com\\\/avatar\\\/862a5569d087de48e5856e32f45d719a03804c891d6deb8d4f71a660e79e4a47?s=96&d=mm&r=g\",\"contentUrl\":\"https:\\\/\\\/secure.gravatar.com\\\/avatar\\\/862a5569d087de48e5856e32f45d719a03804c891d6deb8d4f71a660e79e4a47?s=96&d=mm&r=g\",\"caption\":\"Roger Str\u00e4ssle\"},\"url\":\"https:\\\/\\\/news.save.ch\\\/it\\\/author\\\/roger-straessle\\\/\"}]}<\/script>\n<!-- \/ Yoast SEO plugin. -->","yoast_head_json":{"title":"Videosorveglianza: per sfruttare tutte le potenzialit\u00e0 - Save","description":"La rivista specializzata SicherheitsForum pubblicher\u00e0 un numero speciale sul tema della videosorveglianza il 25 agosto 2020.","robots":{"index":"index","follow":"follow","max-snippet":"max-snippet:-1","max-image-preview":"max-image-preview:large","max-video-preview":"max-video-preview:-1"},"canonical":"https:\/\/news.save.ch\/it\/videoueberwachung-damit-das-volle-potenzial-ausgeschoepft-werden-kann\/","og_locale":"it_IT","og_type":"article","og_title":"Video\u00fcberwachung: Damit das volle Potenzial ausgesch\u00f6pft werden kann - Save","og_description":"Die Fachzeitschrift SicherheitsForum ver\u00f6ffentlicht am 25. August 2020 eine Spezialausgabe zum Thema Video\u00fcberwachung.","og_url":"https:\/\/news.save.ch\/it\/videoueberwachung-damit-das-volle-potenzial-ausgeschoepft-werden-kann\/","og_site_name":"Save","article_published_time":"2020-07-20T08:00:42+00:00","article_modified_time":"2023-03-14T07:59:18+00:00","og_image":[{"width":999,"height":667,"url":"https:\/\/news.save.ch\/wp-content\/uploads\/2020\/07\/depositphotos-Andrey-Popov.jpg","type":"image\/jpeg"}],"author":"Roger Str\u00e4ssle","twitter_card":"summary_large_image","twitter_misc":{"Scritto da":"Roger Str\u00e4ssle","Tempo di lettura stimato":"2 minuti"},"schema":{"@context":"https:\/\/schema.org","@graph":[{"@type":"Article","@id":"https:\/\/news.save.ch\/videoueberwachung-damit-das-volle-potenzial-ausgeschoepft-werden-kann\/#article","isPartOf":{"@id":"https:\/\/news.save.ch\/videoueberwachung-damit-das-volle-potenzial-ausgeschoepft-werden-kann\/"},"author":{"name":"Roger Str\u00e4ssle","@id":"https:\/\/news.save.ch\/de\/#\/schema\/person\/d5022db048e0e2b9785c50e5b24da5aa"},"headline":"Video\u00fcberwachung: Damit das volle Potenzial ausgesch\u00f6pft werden kann","datePublished":"2020-07-20T08:00:42+00:00","dateModified":"2023-03-14T07:59:18+00:00","mainEntityOfPage":{"@id":"https:\/\/news.save.ch\/videoueberwachung-damit-das-volle-potenzial-ausgeschoepft-werden-kann\/"},"wordCount":403,"publisher":{"@id":"https:\/\/news.save.ch\/de\/#organization"},"image":{"@id":"https:\/\/news.save.ch\/videoueberwachung-damit-das-volle-potenzial-ausgeschoepft-werden-kann\/#primaryimage"},"thumbnailUrl":"https:\/\/news.save.ch\/wp-content\/uploads\/2020\/07\/depositphotos-Andrey-Popov.jpg","keywords":["Video Security Spezial","Video\u00fcberwachung"],"articleSection":["SICHERHEIT"],"inLanguage":"it-IT"},{"@type":"WebPage","@id":"https:\/\/news.save.ch\/videoueberwachung-damit-das-volle-potenzial-ausgeschoepft-werden-kann\/","url":"https:\/\/news.save.ch\/videoueberwachung-damit-das-volle-potenzial-ausgeschoepft-werden-kann\/","name":"Videosorveglianza: per sfruttare tutte le potenzialit\u00e0 - Save","isPartOf":{"@id":"https:\/\/news.save.ch\/de\/#website"},"primaryImageOfPage":{"@id":"https:\/\/news.save.ch\/videoueberwachung-damit-das-volle-potenzial-ausgeschoepft-werden-kann\/#primaryimage"},"image":{"@id":"https:\/\/news.save.ch\/videoueberwachung-damit-das-volle-potenzial-ausgeschoepft-werden-kann\/#primaryimage"},"thumbnailUrl":"https:\/\/news.save.ch\/wp-content\/uploads\/2020\/07\/depositphotos-Andrey-Popov.jpg","datePublished":"2020-07-20T08:00:42+00:00","dateModified":"2023-03-14T07:59:18+00:00","description":"La rivista specializzata SicherheitsForum pubblicher\u00e0 un numero speciale sul tema della videosorveglianza il 25 agosto 2020.","breadcrumb":{"@id":"https:\/\/news.save.ch\/videoueberwachung-damit-das-volle-potenzial-ausgeschoepft-werden-kann\/#breadcrumb"},"inLanguage":"it-IT","potentialAction":[{"@type":"ReadAction","target":["https:\/\/news.save.ch\/videoueberwachung-damit-das-volle-potenzial-ausgeschoepft-werden-kann\/"]}]},{"@type":"ImageObject","inLanguage":"it-IT","@id":"https:\/\/news.save.ch\/videoueberwachung-damit-das-volle-potenzial-ausgeschoepft-werden-kann\/#primaryimage","url":"https:\/\/news.save.ch\/wp-content\/uploads\/2020\/07\/depositphotos-Andrey-Popov.jpg","contentUrl":"https:\/\/news.save.ch\/wp-content\/uploads\/2020\/07\/depositphotos-Andrey-Popov.jpg","width":999,"height":667,"caption":"\u00a9 depositphotos, Andrey Popov"},{"@type":"BreadcrumbList","@id":"https:\/\/news.save.ch\/videoueberwachung-damit-das-volle-potenzial-ausgeschoepft-werden-kann\/#breadcrumb","itemListElement":[{"@type":"ListItem","position":1,"name":"Home","item":"https:\/\/news.save.ch\/de\/"},{"@type":"ListItem","position":2,"name":"Video\u00fcberwachung: Damit das volle Potenzial ausgesch\u00f6pft werden kann"}]},{"@type":"WebSite","@id":"https:\/\/news.save.ch\/de\/#website","url":"https:\/\/news.save.ch\/de\/","name":"Risparmiare","description":"Rivista svizzera specializzata in sicurezza","publisher":{"@id":"https:\/\/news.save.ch\/de\/#organization"},"potentialAction":[{"@type":"SearchAction","target":{"@type":"EntryPoint","urlTemplate":"https:\/\/news.save.ch\/de\/?s={search_term_string}"},"query-input":{"@type":"PropertyValueSpecification","valueRequired":true,"valueName":"search_term_string"}}],"inLanguage":"it-IT"},{"@type":"Organization","@id":"https:\/\/news.save.ch\/de\/#organization","name":"Forum sulla sicurezza","url":"https:\/\/news.save.ch\/de\/","logo":{"@type":"ImageObject","inLanguage":"it-IT","@id":"https:\/\/news.save.ch\/de\/#\/schema\/logo\/image\/","url":"https:\/\/news.save.ch\/wp-content\/uploads\/2022\/06\/Logo_SF_2012.png","contentUrl":"https:\/\/news.save.ch\/wp-content\/uploads\/2022\/06\/Logo_SF_2012.png","width":1100,"height":91,"caption":"Sicherheitsforum"},"image":{"@id":"https:\/\/news.save.ch\/de\/#\/schema\/logo\/image\/"}},{"@type":"Person","@id":"https:\/\/news.save.ch\/de\/#\/schema\/person\/d5022db048e0e2b9785c50e5b24da5aa","name":"Roger Str\u00e4ssle","image":{"@type":"ImageObject","inLanguage":"it-IT","@id":"https:\/\/secure.gravatar.com\/avatar\/862a5569d087de48e5856e32f45d719a03804c891d6deb8d4f71a660e79e4a47?s=96&d=mm&r=g","url":"https:\/\/secure.gravatar.com\/avatar\/862a5569d087de48e5856e32f45d719a03804c891d6deb8d4f71a660e79e4a47?s=96&d=mm&r=g","contentUrl":"https:\/\/secure.gravatar.com\/avatar\/862a5569d087de48e5856e32f45d719a03804c891d6deb8d4f71a660e79e4a47?s=96&d=mm&r=g","caption":"Roger Str\u00e4ssle"},"url":"https:\/\/news.save.ch\/it\/author\/roger-straessle\/"}]}},"_links":{"self":[{"href":"https:\/\/news.save.ch\/it\/wp-json\/wp\/v2\/posts\/10411","targetHints":{"allow":["GET"]}}],"collection":[{"href":"https:\/\/news.save.ch\/it\/wp-json\/wp\/v2\/posts"}],"about":[{"href":"https:\/\/news.save.ch\/it\/wp-json\/wp\/v2\/types\/post"}],"author":[{"embeddable":true,"href":"https:\/\/news.save.ch\/it\/wp-json\/wp\/v2\/users\/8"}],"replies":[{"embeddable":true,"href":"https:\/\/news.save.ch\/it\/wp-json\/wp\/v2\/comments?post=10411"}],"version-history":[{"count":1,"href":"https:\/\/news.save.ch\/it\/wp-json\/wp\/v2\/posts\/10411\/revisions"}],"predecessor-version":[{"id":17910,"href":"https:\/\/news.save.ch\/it\/wp-json\/wp\/v2\/posts\/10411\/revisions\/17910"}],"wp:featuredmedia":[{"embeddable":true,"href":"https:\/\/news.save.ch\/it\/wp-json\/wp\/v2\/media\/10412"}],"wp:attachment":[{"href":"https:\/\/news.save.ch\/it\/wp-json\/wp\/v2\/media?parent=10411"}],"wp:term":[{"taxonomy":"category","embeddable":true,"href":"https:\/\/news.save.ch\/it\/wp-json\/wp\/v2\/categories?post=10411"},{"taxonomy":"post_tag","embeddable":true,"href":"https:\/\/news.save.ch\/it\/wp-json\/wp\/v2\/tags?post=10411"}],"curies":[{"name":"wp","href":"https:\/\/api.w.org\/{rel}","templated":true}]}}