{"id":10577,"date":"2020-09-11T14:36:06","date_gmt":"2020-09-11T12:36:06","guid":{"rendered":"https:\/\/news.save.ch\/?p=10577"},"modified":"2020-09-11T14:36:06","modified_gmt":"2020-09-11T12:36:06","slug":"weltkarte-zur-bewertung-der-covid-19-auswirkungen-lanciert","status":null,"type":"post","link":"https:\/\/news.save.ch\/it\/weltkarte-zur-bewertung-der-covid-19-auswirkungen-lanciert\/","title":{"rendered":"Lanciata la mappa di valutazione dell'impatto di Covid 19"},"content":{"rendered":"<figure id=\"attachment_10579\" aria-describedby=\"caption-attachment-10579\" style=\"width: 680px\" class=\"wp-caption aligncenter\"><img loading=\"lazy\" decoding=\"async\" class=\"wp-image-10579 size-medium\" src=\"https:\/\/news.save.ch\/wp-content\/uploads\/2020\/09\/map.jpg\" alt=\"&quot;Mappa dell&#039;impatto di Covid-19&quot;\" width=\"680\" height=\"417\" srcset=\"https:\/\/news.save.ch\/wp-content\/uploads\/2020\/09\/map.jpg 985w, https:\/\/news.save.ch\/wp-content\/uploads\/2020\/09\/map-375x230.jpg 375w\" sizes=\"auto, (max-width: 680px) 100vw, 680px\" \/><figcaption id=\"caption-attachment-10579\" class=\"wp-caption-text\">Il <a href=\"https:\/\/www.internationalsos.com\/medical-and-security-services\/covid-19\">\"Mappa dell'impatto di Covid-19\"<\/a>. \u00a9 SOS Internazionale<\/figcaption><\/figure>\n<p>Le aziende di tutto il mondo stanno riprendendo le loro attivit\u00e0. <a href=\"https:\/\/www.internationalsos.com\/\">SOS internazionale<\/a> li supporta con il nuovo <a href=\"https:\/\/www.internationalsos.com\/medical-and-security-services\/covid-19\">\"Mappa dell'impatto di Covid-19\"<\/a>La mappa mondiale presenta l'impatto del COVID-19 su salute, sicurezza e logistica, e quindi sulle operazioni commerciali locali, in una valutazione sintetica per tutti i Paesi. Prima nel suo genere, la mappa raggruppa informazioni e analisi sugli indicatori critici per le imprese (1) interessati da Covid-19, come scrive l'organizzazione nel suo comunicato stampa.<\/p>\n<p><strong>Supplemento alla \"Mappa dei rischi<\/strong><\/p>\n<p>La mappa dell'impatto di Covid-19 \u00e8 disponibile pubblicamente. Essa integra la Mappa internazionale dei rischi SOS, che gi\u00e0 copre la salute, la sicurezza e la protezione, compresa la sicurezza stradale.<\/p>\n<p>Per fornire alle aziende internazionali informazioni su tutti i Paesi del mondo (1), i dati su cui si basa la Covid-19 Impact Map vengono aggiornati quotidianamente. L'analisi tiene conto dei seguenti fattori:<\/p>\n<ul>\n<li>Numeri dei casi Covid 19 Media mobile a 14 giorni<\/li>\n<li>L'ambiente di rischio per la salute e la sicurezza<\/li>\n<li>Restrizioni agli spostamenti all'interno del rispettivo paese e restrizioni ai viaggi all'estero<\/li>\n<li>Misure esistenti contro Covid-19 e loro efficacia<\/li>\n<\/ul>\n<p>La \"Mappa d'impatto Covid-19\" aiuta i clienti a fornire ai loro piani d'azione locali e alla loro strategia globale informazioni concrete e aggiornate in tempo reale\", spiega C\u00e9dric Fraissinet, direttore generale per la Svizzera e l'Italia di International SOS. Questo permette loro di ridurre al minimo l'impatto della pandemia sui loro team e sulla loro attivit\u00e0.<\/p>\n<p><strong>Approccio olistico ai rischi di sicurezza<\/strong><\/p>\n<p>\"Oltre a Covid-19, le aziende devono essere consapevoli dei cosiddetti rischi di secondo e terzo grado per la salute e la sicurezza\", aggiunge Gautier Porot, direttore della sicurezza di International SOS. Disastri naturali, tensioni politiche, elezioni e disordini civili continueranno a verificarsi e la pandemia esacerber\u00e0 alcuni di questi eventi. Un approccio olistico \u00e8 essenziale per valutare tutti i rischi e implementare strategie adeguate. Questo per proteggere l'azienda e i suoi dipendenti, ma anche per garantire la continuit\u00e0 operativa e quindi la resilienza dell'azienda e dei suoi team.<\/p>\n<p><strong>\"Mappa dell'impatto di Covid-19\" <\/strong><\/p>\n<p>La mappa dell'impatto di Covid-19 \u00e8 riportata per rappresentare i seguenti impatti di Covid-19 sulle operazioni commerciali (vedi tabella):<\/p>\n<figure id=\"attachment_10578\" aria-describedby=\"caption-attachment-10578\" style=\"width: 680px\" class=\"wp-caption aligncenter\"><img loading=\"lazy\" decoding=\"async\" class=\"size-medium wp-image-10578\" src=\"https:\/\/news.save.ch\/wp-content\/uploads\/2020\/09\/International-Grafik_1.jpg\" alt=\"\" width=\"680\" height=\"267\" \/><figcaption id=\"caption-attachment-10578\" class=\"wp-caption-text\">\u00a9 SOS Internazionale<\/figcaption><\/figure>\n<p>Su questa base, SOS Internazionale aveva classificato la Svizzera con lo status \"Basso\". Il parametro tiene conto della dinamica dell'epidemia nel rispettivo Paese. Allo stato attuale, l'attivit\u00e0 economica \u00e8 possibile con lievi restrizioni. La maggior parte delle aziende di vari settori \u00e8 ancora attiva.<\/p>\n<p>Oltre alle valutazioni della Mappa d'impatto Covid-19, International SOS fornisce esclusivamente ai clienti informazioni logistiche dettagliate sui viaggi in entrata in paesi e regioni specifici (Scale d'impatto dei viaggi in entrata). Questo include, tra l'altro, informazioni sulle restrizioni del traffico aereo e sulle norme di ingresso. I clienti avranno inoltre accesso alle variabili alla base della mappa dell'impatto e alle raccomandazioni degli esperti per ridurre al minimo l'impatto della pandemia sulle attivit\u00e0 aziendali.<\/p>\n<p><em>(1) Per ogni Paese viene indicato un valore complessivo. Va notato, tuttavia, che gli effetti di Covid-19 possono essere molto diversi nelle singole localit\u00e0 di un Paese, per cui possono esserci differenze, ad esempio tra cantoni, comuni o citt\u00e0.<\/em><\/p>\n<p>&nbsp;<\/p>\n<p><em>Fonte: SOS internazionale <\/em><\/p>","protected":false},"excerpt":{"rendered":"<p>Weltweit sind Unternehmen dabei, ihre Gesch\u00e4ftst\u00e4tigkeit wieder hochzufahren \u2013 International SOS unterst\u00fctzt sie mit der neuen \u00abCovid-19 Impact Map\u00bb: Die Weltkarte stellt f\u00fcr alle L\u00e4nder die Auswirkungen von COVID-19 auf Gesundheit, Sicherheit und Logistik und damit auf den lokalen Gesch\u00e4ftsbetrieb in einer zusammenfassenden Bewertung dar. Als erste ihrer Art b\u00fcndelt die Karte Informationen und Analysen [&hellip;]<\/p>\n","protected":false},"author":8,"featured_media":10579,"comment_status":"closed","ping_status":"closed","sticky":false,"template":"","format":"standard","meta":{"_acf_changed":false,"pgc_sgb_lightbox_settings":"","footnotes":""},"categories":[1],"tags":[1011,1012,632,1010,1009],"class_list":["post-10577","post","type-post","status-publish","format-standard","has-post-thumbnail","hentry","category-allgemein","tag-covid-19-impact-map","tag-risk-map","tag-covid-19","tag-internationale-unternehmen","tag-sicherheitsrisiken"],"acf":[],"hkrextid":null,"publication":null,"issue":null,"workflow":null,"startPage":null,"spitzmarke":null,"_posts_by_tag_page_fields":{"widget_title":"","widget_tags":""},"_at_widget":"1","_yoast_wpseo_primary_category":"1","_yoast_wpseo_focuskw_text_input":"\u00abCovid-19 Impact Map\u00bb","_yoast_wpseo_opengraph-image":null,"_yoast_wpseo_opengraph-description":null,"_yoast_wpseo_opengraph-title":null,"enclosure":null,"_yoast_wpseo_twitter-title":null,"_yoast_wpseo_twitter-description":null,"_yoast_wpseo_twitter-image":null,"_wp_old_slug":null,"_yoast_wpseo_title":null,"_yoast_wpseo_canonical":null,"yoast_head":"<!-- This site is optimized with the Yoast SEO plugin v27.4 - https:\/\/yoast.com\/product\/yoast-seo-wordpress\/ -->\n<title>Karte zur Bewertung der Covid-19-Auswirkungen lanciert - Save<\/title>\n<meta name=\"description\" content=\"Die Organisation International SOS hat eine Karte zur Bewertung der Covid-19-Auswirkungen pro Land und auf deren Gesch\u00e4ftsbetrieb lanciert.\" \/>\n<meta name=\"robots\" content=\"index, follow, max-snippet:-1, max-image-preview:large, max-video-preview:-1\" \/>\n<link rel=\"canonical\" href=\"https:\/\/news.save.ch\/it\/weltkarte-zur-bewertung-der-covid-19-auswirkungen-lanciert\/\" \/>\n<meta property=\"og:locale\" content=\"it_IT\" \/>\n<meta property=\"og:type\" content=\"article\" \/>\n<meta property=\"og:title\" content=\"Karte zur Bewertung der Covid-19-Auswirkungen lanciert - Save\" \/>\n<meta property=\"og:description\" content=\"Die Organisation International SOS hat eine Karte zur Bewertung der Covid-19-Auswirkungen pro Land und auf deren Gesch\u00e4ftsbetrieb lanciert.\" \/>\n<meta property=\"og:url\" content=\"https:\/\/news.save.ch\/it\/weltkarte-zur-bewertung-der-covid-19-auswirkungen-lanciert\/\" \/>\n<meta property=\"og:site_name\" content=\"Save\" \/>\n<meta property=\"article:published_time\" content=\"2020-09-11T12:36:06+00:00\" \/>\n<meta property=\"og:image\" content=\"https:\/\/news.save.ch\/wp-content\/uploads\/2020\/09\/map.jpg\" \/>\n\t<meta property=\"og:image:width\" content=\"985\" \/>\n\t<meta property=\"og:image:height\" content=\"604\" \/>\n\t<meta property=\"og:image:type\" content=\"image\/jpeg\" \/>\n<meta name=\"author\" content=\"Roger Str\u00e4ssle\" \/>\n<meta name=\"twitter:card\" content=\"summary_large_image\" \/>\n<meta name=\"twitter:label1\" content=\"Scritto da\" \/>\n\t<meta name=\"twitter:data1\" content=\"Roger Str\u00e4ssle\" \/>\n\t<meta name=\"twitter:label2\" content=\"Tempo di lettura stimato\" \/>\n\t<meta name=\"twitter:data2\" content=\"3 minuti\" \/>\n<script type=\"application\/ld+json\" class=\"yoast-schema-graph\">{\"@context\":\"https:\\\/\\\/schema.org\",\"@graph\":[{\"@type\":\"Article\",\"@id\":\"https:\\\/\\\/news.save.ch\\\/weltkarte-zur-bewertung-der-covid-19-auswirkungen-lanciert\\\/#article\",\"isPartOf\":{\"@id\":\"https:\\\/\\\/news.save.ch\\\/weltkarte-zur-bewertung-der-covid-19-auswirkungen-lanciert\\\/\"},\"author\":{\"name\":\"Roger Str\u00e4ssle\",\"@id\":\"https:\\\/\\\/news.save.ch\\\/de\\\/#\\\/schema\\\/person\\\/d5022db048e0e2b9785c50e5b24da5aa\"},\"headline\":\"Karte zur Bewertung der Covid-19-Auswirkungen lanciert\",\"datePublished\":\"2020-09-11T12:36:06+00:00\",\"mainEntityOfPage\":{\"@id\":\"https:\\\/\\\/news.save.ch\\\/weltkarte-zur-bewertung-der-covid-19-auswirkungen-lanciert\\\/\"},\"wordCount\":544,\"publisher\":{\"@id\":\"https:\\\/\\\/news.save.ch\\\/de\\\/#organization\"},\"image\":{\"@id\":\"https:\\\/\\\/news.save.ch\\\/weltkarte-zur-bewertung-der-covid-19-auswirkungen-lanciert\\\/#primaryimage\"},\"thumbnailUrl\":\"https:\\\/\\\/news.save.ch\\\/wp-content\\\/uploads\\\/2020\\\/09\\\/map.jpg\",\"keywords\":[\"\u00abCovid-19 Impact Map\u00bb\",\"\u00abRisk Map\u00bb\",\"Covid-19\",\"internationale Unternehmen\",\"Sicherheitsrisiken\"],\"articleSection\":[\"ALLGEMEIN\"],\"inLanguage\":\"it-IT\"},{\"@type\":\"WebPage\",\"@id\":\"https:\\\/\\\/news.save.ch\\\/weltkarte-zur-bewertung-der-covid-19-auswirkungen-lanciert\\\/\",\"url\":\"https:\\\/\\\/news.save.ch\\\/weltkarte-zur-bewertung-der-covid-19-auswirkungen-lanciert\\\/\",\"name\":\"Karte zur Bewertung der Covid-19-Auswirkungen lanciert - Save\",\"isPartOf\":{\"@id\":\"https:\\\/\\\/news.save.ch\\\/de\\\/#website\"},\"primaryImageOfPage\":{\"@id\":\"https:\\\/\\\/news.save.ch\\\/weltkarte-zur-bewertung-der-covid-19-auswirkungen-lanciert\\\/#primaryimage\"},\"image\":{\"@id\":\"https:\\\/\\\/news.save.ch\\\/weltkarte-zur-bewertung-der-covid-19-auswirkungen-lanciert\\\/#primaryimage\"},\"thumbnailUrl\":\"https:\\\/\\\/news.save.ch\\\/wp-content\\\/uploads\\\/2020\\\/09\\\/map.jpg\",\"datePublished\":\"2020-09-11T12:36:06+00:00\",\"description\":\"Die Organisation International SOS hat eine Karte zur Bewertung der Covid-19-Auswirkungen pro Land und auf deren Gesch\u00e4ftsbetrieb lanciert.\",\"breadcrumb\":{\"@id\":\"https:\\\/\\\/news.save.ch\\\/weltkarte-zur-bewertung-der-covid-19-auswirkungen-lanciert\\\/#breadcrumb\"},\"inLanguage\":\"it-IT\",\"potentialAction\":[{\"@type\":\"ReadAction\",\"target\":[\"https:\\\/\\\/news.save.ch\\\/weltkarte-zur-bewertung-der-covid-19-auswirkungen-lanciert\\\/\"]}]},{\"@type\":\"ImageObject\",\"inLanguage\":\"it-IT\",\"@id\":\"https:\\\/\\\/news.save.ch\\\/weltkarte-zur-bewertung-der-covid-19-auswirkungen-lanciert\\\/#primaryimage\",\"url\":\"https:\\\/\\\/news.save.ch\\\/wp-content\\\/uploads\\\/2020\\\/09\\\/map.jpg\",\"contentUrl\":\"https:\\\/\\\/news.save.ch\\\/wp-content\\\/uploads\\\/2020\\\/09\\\/map.jpg\",\"width\":985,\"height\":604,\"caption\":\"\u00a9 International SOS\"},{\"@type\":\"BreadcrumbList\",\"@id\":\"https:\\\/\\\/news.save.ch\\\/weltkarte-zur-bewertung-der-covid-19-auswirkungen-lanciert\\\/#breadcrumb\",\"itemListElement\":[{\"@type\":\"ListItem\",\"position\":1,\"name\":\"Home\",\"item\":\"https:\\\/\\\/news.save.ch\\\/de\\\/\"},{\"@type\":\"ListItem\",\"position\":2,\"name\":\"Karte zur Bewertung der Covid-19-Auswirkungen lanciert\"}]},{\"@type\":\"WebSite\",\"@id\":\"https:\\\/\\\/news.save.ch\\\/de\\\/#website\",\"url\":\"https:\\\/\\\/news.save.ch\\\/de\\\/\",\"name\":\"Save\",\"description\":\"Schweizer Fachzeitschrift f\u00fcr Sicherheit\",\"publisher\":{\"@id\":\"https:\\\/\\\/news.save.ch\\\/de\\\/#organization\"},\"potentialAction\":[{\"@type\":\"SearchAction\",\"target\":{\"@type\":\"EntryPoint\",\"urlTemplate\":\"https:\\\/\\\/news.save.ch\\\/de\\\/?s={search_term_string}\"},\"query-input\":{\"@type\":\"PropertyValueSpecification\",\"valueRequired\":true,\"valueName\":\"search_term_string\"}}],\"inLanguage\":\"it-IT\"},{\"@type\":\"Organization\",\"@id\":\"https:\\\/\\\/news.save.ch\\\/de\\\/#organization\",\"name\":\"Sicherheitsforum\",\"url\":\"https:\\\/\\\/news.save.ch\\\/de\\\/\",\"logo\":{\"@type\":\"ImageObject\",\"inLanguage\":\"it-IT\",\"@id\":\"https:\\\/\\\/news.save.ch\\\/de\\\/#\\\/schema\\\/logo\\\/image\\\/\",\"url\":\"https:\\\/\\\/news.save.ch\\\/wp-content\\\/uploads\\\/2022\\\/06\\\/Logo_SF_2012.png\",\"contentUrl\":\"https:\\\/\\\/news.save.ch\\\/wp-content\\\/uploads\\\/2022\\\/06\\\/Logo_SF_2012.png\",\"width\":1100,\"height\":91,\"caption\":\"Sicherheitsforum\"},\"image\":{\"@id\":\"https:\\\/\\\/news.save.ch\\\/de\\\/#\\\/schema\\\/logo\\\/image\\\/\"}},{\"@type\":\"Person\",\"@id\":\"https:\\\/\\\/news.save.ch\\\/de\\\/#\\\/schema\\\/person\\\/d5022db048e0e2b9785c50e5b24da5aa\",\"name\":\"Roger Str\u00e4ssle\",\"image\":{\"@type\":\"ImageObject\",\"inLanguage\":\"it-IT\",\"@id\":\"https:\\\/\\\/secure.gravatar.com\\\/avatar\\\/862a5569d087de48e5856e32f45d719a03804c891d6deb8d4f71a660e79e4a47?s=96&d=mm&r=g\",\"url\":\"https:\\\/\\\/secure.gravatar.com\\\/avatar\\\/862a5569d087de48e5856e32f45d719a03804c891d6deb8d4f71a660e79e4a47?s=96&d=mm&r=g\",\"contentUrl\":\"https:\\\/\\\/secure.gravatar.com\\\/avatar\\\/862a5569d087de48e5856e32f45d719a03804c891d6deb8d4f71a660e79e4a47?s=96&d=mm&r=g\",\"caption\":\"Roger Str\u00e4ssle\"},\"url\":\"https:\\\/\\\/news.save.ch\\\/it\\\/author\\\/roger-straessle\\\/\"}]}<\/script>\n<!-- \/ Yoast SEO plugin. -->","yoast_head_json":{"title":"Lanciata la mappa di valutazione dell'impatto di Covid 19 - Save","description":"L'organizzazione International SOS ha lanciato una mappa per valutare l'impatto di Covid 19 su ciascun Paese e sulle sue operazioni commerciali.","robots":{"index":"index","follow":"follow","max-snippet":"max-snippet:-1","max-image-preview":"max-image-preview:large","max-video-preview":"max-video-preview:-1"},"canonical":"https:\/\/news.save.ch\/it\/weltkarte-zur-bewertung-der-covid-19-auswirkungen-lanciert\/","og_locale":"it_IT","og_type":"article","og_title":"Karte zur Bewertung der Covid-19-Auswirkungen lanciert - Save","og_description":"Die Organisation International SOS hat eine Karte zur Bewertung der Covid-19-Auswirkungen pro Land und auf deren Gesch\u00e4ftsbetrieb lanciert.","og_url":"https:\/\/news.save.ch\/it\/weltkarte-zur-bewertung-der-covid-19-auswirkungen-lanciert\/","og_site_name":"Save","article_published_time":"2020-09-11T12:36:06+00:00","og_image":[{"width":985,"height":604,"url":"https:\/\/news.save.ch\/wp-content\/uploads\/2020\/09\/map.jpg","type":"image\/jpeg"}],"author":"Roger Str\u00e4ssle","twitter_card":"summary_large_image","twitter_misc":{"Scritto da":"Roger Str\u00e4ssle","Tempo di lettura stimato":"3 minuti"},"schema":{"@context":"https:\/\/schema.org","@graph":[{"@type":"Article","@id":"https:\/\/news.save.ch\/weltkarte-zur-bewertung-der-covid-19-auswirkungen-lanciert\/#article","isPartOf":{"@id":"https:\/\/news.save.ch\/weltkarte-zur-bewertung-der-covid-19-auswirkungen-lanciert\/"},"author":{"name":"Roger Str\u00e4ssle","@id":"https:\/\/news.save.ch\/de\/#\/schema\/person\/d5022db048e0e2b9785c50e5b24da5aa"},"headline":"Karte zur Bewertung der Covid-19-Auswirkungen lanciert","datePublished":"2020-09-11T12:36:06+00:00","mainEntityOfPage":{"@id":"https:\/\/news.save.ch\/weltkarte-zur-bewertung-der-covid-19-auswirkungen-lanciert\/"},"wordCount":544,"publisher":{"@id":"https:\/\/news.save.ch\/de\/#organization"},"image":{"@id":"https:\/\/news.save.ch\/weltkarte-zur-bewertung-der-covid-19-auswirkungen-lanciert\/#primaryimage"},"thumbnailUrl":"https:\/\/news.save.ch\/wp-content\/uploads\/2020\/09\/map.jpg","keywords":["\u00abCovid-19 Impact Map\u00bb","\u00abRisk Map\u00bb","Covid-19","internationale Unternehmen","Sicherheitsrisiken"],"articleSection":["ALLGEMEIN"],"inLanguage":"it-IT"},{"@type":"WebPage","@id":"https:\/\/news.save.ch\/weltkarte-zur-bewertung-der-covid-19-auswirkungen-lanciert\/","url":"https:\/\/news.save.ch\/weltkarte-zur-bewertung-der-covid-19-auswirkungen-lanciert\/","name":"Lanciata la mappa di valutazione dell'impatto di Covid 19 - Save","isPartOf":{"@id":"https:\/\/news.save.ch\/de\/#website"},"primaryImageOfPage":{"@id":"https:\/\/news.save.ch\/weltkarte-zur-bewertung-der-covid-19-auswirkungen-lanciert\/#primaryimage"},"image":{"@id":"https:\/\/news.save.ch\/weltkarte-zur-bewertung-der-covid-19-auswirkungen-lanciert\/#primaryimage"},"thumbnailUrl":"https:\/\/news.save.ch\/wp-content\/uploads\/2020\/09\/map.jpg","datePublished":"2020-09-11T12:36:06+00:00","description":"L'organizzazione International SOS ha lanciato una mappa per valutare l'impatto di Covid 19 su ciascun Paese e sulle sue operazioni commerciali.","breadcrumb":{"@id":"https:\/\/news.save.ch\/weltkarte-zur-bewertung-der-covid-19-auswirkungen-lanciert\/#breadcrumb"},"inLanguage":"it-IT","potentialAction":[{"@type":"ReadAction","target":["https:\/\/news.save.ch\/weltkarte-zur-bewertung-der-covid-19-auswirkungen-lanciert\/"]}]},{"@type":"ImageObject","inLanguage":"it-IT","@id":"https:\/\/news.save.ch\/weltkarte-zur-bewertung-der-covid-19-auswirkungen-lanciert\/#primaryimage","url":"https:\/\/news.save.ch\/wp-content\/uploads\/2020\/09\/map.jpg","contentUrl":"https:\/\/news.save.ch\/wp-content\/uploads\/2020\/09\/map.jpg","width":985,"height":604,"caption":"\u00a9 International SOS"},{"@type":"BreadcrumbList","@id":"https:\/\/news.save.ch\/weltkarte-zur-bewertung-der-covid-19-auswirkungen-lanciert\/#breadcrumb","itemListElement":[{"@type":"ListItem","position":1,"name":"Home","item":"https:\/\/news.save.ch\/de\/"},{"@type":"ListItem","position":2,"name":"Karte zur Bewertung der Covid-19-Auswirkungen lanciert"}]},{"@type":"WebSite","@id":"https:\/\/news.save.ch\/de\/#website","url":"https:\/\/news.save.ch\/de\/","name":"Risparmiare","description":"Rivista svizzera specializzata in sicurezza","publisher":{"@id":"https:\/\/news.save.ch\/de\/#organization"},"potentialAction":[{"@type":"SearchAction","target":{"@type":"EntryPoint","urlTemplate":"https:\/\/news.save.ch\/de\/?s={search_term_string}"},"query-input":{"@type":"PropertyValueSpecification","valueRequired":true,"valueName":"search_term_string"}}],"inLanguage":"it-IT"},{"@type":"Organization","@id":"https:\/\/news.save.ch\/de\/#organization","name":"Forum sulla sicurezza","url":"https:\/\/news.save.ch\/de\/","logo":{"@type":"ImageObject","inLanguage":"it-IT","@id":"https:\/\/news.save.ch\/de\/#\/schema\/logo\/image\/","url":"https:\/\/news.save.ch\/wp-content\/uploads\/2022\/06\/Logo_SF_2012.png","contentUrl":"https:\/\/news.save.ch\/wp-content\/uploads\/2022\/06\/Logo_SF_2012.png","width":1100,"height":91,"caption":"Sicherheitsforum"},"image":{"@id":"https:\/\/news.save.ch\/de\/#\/schema\/logo\/image\/"}},{"@type":"Person","@id":"https:\/\/news.save.ch\/de\/#\/schema\/person\/d5022db048e0e2b9785c50e5b24da5aa","name":"Roger Str\u00e4ssle","image":{"@type":"ImageObject","inLanguage":"it-IT","@id":"https:\/\/secure.gravatar.com\/avatar\/862a5569d087de48e5856e32f45d719a03804c891d6deb8d4f71a660e79e4a47?s=96&d=mm&r=g","url":"https:\/\/secure.gravatar.com\/avatar\/862a5569d087de48e5856e32f45d719a03804c891d6deb8d4f71a660e79e4a47?s=96&d=mm&r=g","contentUrl":"https:\/\/secure.gravatar.com\/avatar\/862a5569d087de48e5856e32f45d719a03804c891d6deb8d4f71a660e79e4a47?s=96&d=mm&r=g","caption":"Roger Str\u00e4ssle"},"url":"https:\/\/news.save.ch\/it\/author\/roger-straessle\/"}]}},"_links":{"self":[{"href":"https:\/\/news.save.ch\/it\/wp-json\/wp\/v2\/posts\/10577","targetHints":{"allow":["GET"]}}],"collection":[{"href":"https:\/\/news.save.ch\/it\/wp-json\/wp\/v2\/posts"}],"about":[{"href":"https:\/\/news.save.ch\/it\/wp-json\/wp\/v2\/types\/post"}],"author":[{"embeddable":true,"href":"https:\/\/news.save.ch\/it\/wp-json\/wp\/v2\/users\/8"}],"replies":[{"embeddable":true,"href":"https:\/\/news.save.ch\/it\/wp-json\/wp\/v2\/comments?post=10577"}],"version-history":[{"count":0,"href":"https:\/\/news.save.ch\/it\/wp-json\/wp\/v2\/posts\/10577\/revisions"}],"wp:featuredmedia":[{"embeddable":true,"href":"https:\/\/news.save.ch\/it\/wp-json\/wp\/v2\/media\/10579"}],"wp:attachment":[{"href":"https:\/\/news.save.ch\/it\/wp-json\/wp\/v2\/media?parent=10577"}],"wp:term":[{"taxonomy":"category","embeddable":true,"href":"https:\/\/news.save.ch\/it\/wp-json\/wp\/v2\/categories?post=10577"},{"taxonomy":"post_tag","embeddable":true,"href":"https:\/\/news.save.ch\/it\/wp-json\/wp\/v2\/tags?post=10577"}],"curies":[{"name":"wp","href":"https:\/\/api.w.org\/{rel}","templated":true}]}}