{"id":107,"date":"2015-04-13T14:42:03","date_gmt":"2015-04-13T12:42:03","guid":{"rendered":"https:\/\/dev.sicherheitsforum.ch\/?p=107"},"modified":"2023-03-14T09:00:05","modified_gmt":"2023-03-14T08:00:05","slug":"gebaeudesicherheit-regionalausstellung","status":null,"type":"post","link":"https:\/\/news.save.ch\/it\/gebaeudesicherheit-regionalausstellung\/","title":{"rendered":"Sicurezza degli edifici: mostra regionale"},"content":{"rendered":"<figure id=\"attachment_108\" aria-describedby=\"caption-attachment-108\" style=\"width: 680px\" class=\"wp-caption alignnone\"><img loading=\"lazy\" decoding=\"async\" class=\"size-medium wp-image-108\" src=\"https:\/\/sicherheitsforum.ch\/wp-content\/uploads\/2016\/12\/552bdc0c7369b_Depositphotos_4948903_m_sicherheitsforum.jpg\" alt=\"Oltre alla videosorveglianza, i temi trattati sono i sistemi di accesso e la tecnologia di chiusura.\" width=\"680\" height=\"455\" \/><figcaption id=\"caption-attachment-108\" class=\"wp-caption-text\">Oltre alla videosorveglianza, i temi trattati sono i sistemi di accesso e la tecnologia di chiusura.<\/figcaption><\/figure>\n<p>Le tre aziende <a title=\"Link all&#039;azienda\" href=\"https:\/\/www.mobatime.ch\" target=\"_blank\" data-cke-saved-href=\"https:\/\/www.mobatime.ch\" rel=\"noopener\">Mobatime AG<\/a>, <a title=\"Link aziendale\" href=\"https:\/\/www.assaabloy.ch\" target=\"_blank\" data-cke-saved-href=\"https:\/\/www.assaabloy.ch\" rel=\"noopener\">Assa Abloy (Svizzera) AG<\/a> e <a title=\"Link aziendale\" href=\"https:\/\/www.audiovideo-sa.ch\" target=\"_blank\" data-cke-saved-href=\"https:\/\/www.audiovideo-sa.ch\" rel=\"noopener\">audio-video g+m s.a.<\/a> trasmettere il pi\u00f9 recente stato dell'arte su<\/p>\n<p>- Sistemi di accesso<br \/>\n- Tecnologia di chiusura<br \/>\n- Sistemi video<\/p>\n<p>Gli interessati possono beneficiare del know-how degli specialisti e trovare risposta alle loro domande sulla sicurezza degli edifici in loco. Alla mostra regionale saranno presentati anche diversi prodotti. Gli eventi si svolgeranno a breve (ciascuno dalle 9.00 alle 17.00), e precisamente nei seguenti giorni<\/p>\n<p>- 02 giugno, Holiday Inn Westside Bern<br \/>\n- 03 giugno, S\u00e4ntispark Abtwil<br \/>\n- 10 giugno, M\u00f6venpick Regensdorf<br \/>\n- 11 giugno, M\u00f6venpick Egerkingen.<\/p>\n<p>&nbsp;<\/p>","protected":false},"excerpt":{"rendered":"<p>Die drei Unternehmen Mobatime AG, Assa Abloy (Schweiz) AG und audio-video g+m s.a. vermitteln den neusten Stand der Technik \u00fcber &#8211; Zutrittssysteme &#8211; Verschlusstechnik &#8211; Videoanlagen Interessierte profitieren vom Know-how der Fachspezialisten und k\u00f6nnen ihre Fragen rund ums Thema Geb\u00e4udesicherheit vor Ort kl\u00e4ren lassen. Vorgestellt werden zudem an den Regionalausstellung diverse Produkte. Die Anl\u00e4sse finden [&hellip;]<\/p>\n","protected":false},"author":1,"featured_media":108,"comment_status":"open","ping_status":"open","sticky":false,"template":"","format":"standard","meta":{"_acf_changed":false,"pgc_sgb_lightbox_settings":"","footnotes":""},"categories":[3312],"tags":[84,92,88,89,78,90,91],"class_list":["post-107","post","type-post","status-publish","format-standard","has-post-thumbnail","hentry","category-sicherheit","tag-fachkongressfachmesse","tag-ueberfallmeldung","tag-verschlusstechnik","tag-videoanlagen","tag-videoueberwachung","tag-zutrittskontrollevideo-security","tag-zutrittsysteme"],"acf":[],"hkrextid":null,"publication":null,"issue":null,"workflow":null,"startPage":null,"spitzmarke":null,"_posts_by_tag_page_fields":{"widget_title":"","widget_tags":""},"_at_widget":"1","_yoast_wpseo_primary_category":"3303","_yoast_wpseo_focuskw_text_input":"Geb\u00e4udesicherheit","_yoast_wpseo_opengraph-image":"https:\/\/news.save.ch\/wp-content\/uploads\/2016\/12\/552bdc0c7369b_Depositphotos_4948903_m_sicherheitsforum.jpg","_yoast_wpseo_opengraph-description":"An verschiedenen Daten findet im Juni 2015 eine Regionalausstellung zur Geb\u00e4udesicherheit statt.","_yoast_wpseo_opengraph-title":"Geb\u00e4udesicherheit","enclosure":null,"_yoast_wpseo_twitter-title":null,"_yoast_wpseo_twitter-description":null,"_yoast_wpseo_twitter-image":null,"_wp_old_slug":null,"_yoast_wpseo_title":null,"_yoast_wpseo_canonical":null,"yoast_head":"<!-- This site is optimized with the Yoast SEO plugin v27.4 - https:\/\/yoast.com\/product\/yoast-seo-wordpress\/ -->\n<title>Geb\u00e4udesicherheit: Regionalausstellung - Save<\/title>\n<meta name=\"description\" content=\"An verschiedenen Daten findet im Juni 2015 eine Regionalausstellung zur Geb\u00e4udesicherheit statt.\" \/>\n<meta name=\"robots\" content=\"index, follow, max-snippet:-1, max-image-preview:large, max-video-preview:-1\" \/>\n<link rel=\"canonical\" href=\"https:\/\/news.save.ch\/it\/gebaeudesicherheit-regionalausstellung\/\" \/>\n<meta property=\"og:locale\" content=\"it_IT\" \/>\n<meta property=\"og:type\" content=\"article\" \/>\n<meta property=\"og:title\" content=\"Geb\u00e4udesicherheit\" \/>\n<meta property=\"og:description\" content=\"An verschiedenen Daten findet im Juni 2015 eine Regionalausstellung zur Geb\u00e4udesicherheit statt.\" \/>\n<meta property=\"og:url\" content=\"https:\/\/news.save.ch\/it\/gebaeudesicherheit-regionalausstellung\/\" \/>\n<meta property=\"og:site_name\" content=\"Save\" \/>\n<meta property=\"article:published_time\" content=\"2015-04-13T12:42:03+00:00\" \/>\n<meta property=\"article:modified_time\" content=\"2023-03-14T08:00:05+00:00\" \/>\n<meta property=\"og:image\" content=\"https:\/\/news.save.ch\/wp-content\/uploads\/2016\/12\/552bdc0c7369b_Depositphotos_4948903_m_sicherheitsforum.jpg\" \/>\n<meta name=\"author\" content=\"admin\" \/>\n<meta name=\"twitter:card\" content=\"summary_large_image\" \/>\n<meta name=\"twitter:label1\" content=\"Scritto da\" \/>\n\t<meta name=\"twitter:data1\" content=\"admin\" \/>\n\t<meta name=\"twitter:label2\" content=\"Tempo di lettura stimato\" \/>\n\t<meta name=\"twitter:data2\" content=\"1 minuto\" \/>\n<script type=\"application\/ld+json\" class=\"yoast-schema-graph\">{\"@context\":\"https:\\\/\\\/schema.org\",\"@graph\":[{\"@type\":\"Article\",\"@id\":\"https:\\\/\\\/news.save.ch\\\/gebaeudesicherheit-regionalausstellung\\\/#article\",\"isPartOf\":{\"@id\":\"https:\\\/\\\/news.save.ch\\\/gebaeudesicherheit-regionalausstellung\\\/\"},\"author\":{\"name\":\"admin\",\"@id\":\"https:\\\/\\\/news.save.ch\\\/de\\\/#\\\/schema\\\/person\\\/d49e199490bad7c70d64b9ab51142f2b\"},\"headline\":\"Geb\u00e4udesicherheit: Regionalausstellung\",\"datePublished\":\"2015-04-13T12:42:03+00:00\",\"dateModified\":\"2023-03-14T08:00:05+00:00\",\"mainEntityOfPage\":{\"@id\":\"https:\\\/\\\/news.save.ch\\\/gebaeudesicherheit-regionalausstellung\\\/\"},\"wordCount\":111,\"commentCount\":0,\"publisher\":{\"@id\":\"https:\\\/\\\/news.save.ch\\\/de\\\/#organization\"},\"image\":{\"@id\":\"https:\\\/\\\/news.save.ch\\\/gebaeudesicherheit-regionalausstellung\\\/#primaryimage\"},\"thumbnailUrl\":\"https:\\\/\\\/news.save.ch\\\/wp-content\\\/uploads\\\/2016\\\/12\\\/552bdc0c7369b_Depositphotos_4948903_m_sicherheitsforum-scaled.jpg\",\"keywords\":[\"Fachkongress\\\/Fachmesse\",\"\u00dcberfallmeldung\",\"Verschlusstechnik\",\"Videoanlagen\",\"Video\u00fcberwachung\",\"Zutrittskontrolle\\\/Video-Security\",\"Zutrittsysteme\"],\"articleSection\":[\"SICHERHEIT\"],\"inLanguage\":\"it-IT\"},{\"@type\":\"WebPage\",\"@id\":\"https:\\\/\\\/news.save.ch\\\/gebaeudesicherheit-regionalausstellung\\\/\",\"url\":\"https:\\\/\\\/news.save.ch\\\/gebaeudesicherheit-regionalausstellung\\\/\",\"name\":\"Geb\u00e4udesicherheit: Regionalausstellung - Save\",\"isPartOf\":{\"@id\":\"https:\\\/\\\/news.save.ch\\\/de\\\/#website\"},\"primaryImageOfPage\":{\"@id\":\"https:\\\/\\\/news.save.ch\\\/gebaeudesicherheit-regionalausstellung\\\/#primaryimage\"},\"image\":{\"@id\":\"https:\\\/\\\/news.save.ch\\\/gebaeudesicherheit-regionalausstellung\\\/#primaryimage\"},\"thumbnailUrl\":\"https:\\\/\\\/news.save.ch\\\/wp-content\\\/uploads\\\/2016\\\/12\\\/552bdc0c7369b_Depositphotos_4948903_m_sicherheitsforum-scaled.jpg\",\"datePublished\":\"2015-04-13T12:42:03+00:00\",\"dateModified\":\"2023-03-14T08:00:05+00:00\",\"description\":\"An verschiedenen Daten findet im Juni 2015 eine Regionalausstellung zur Geb\u00e4udesicherheit statt.\",\"breadcrumb\":{\"@id\":\"https:\\\/\\\/news.save.ch\\\/gebaeudesicherheit-regionalausstellung\\\/#breadcrumb\"},\"inLanguage\":\"it-IT\",\"potentialAction\":[{\"@type\":\"ReadAction\",\"target\":[\"https:\\\/\\\/news.save.ch\\\/gebaeudesicherheit-regionalausstellung\\\/\"]}]},{\"@type\":\"ImageObject\",\"inLanguage\":\"it-IT\",\"@id\":\"https:\\\/\\\/news.save.ch\\\/gebaeudesicherheit-regionalausstellung\\\/#primaryimage\",\"url\":\"https:\\\/\\\/news.save.ch\\\/wp-content\\\/uploads\\\/2016\\\/12\\\/552bdc0c7369b_Depositphotos_4948903_m_sicherheitsforum-scaled.jpg\",\"contentUrl\":\"https:\\\/\\\/news.save.ch\\\/wp-content\\\/uploads\\\/2016\\\/12\\\/552bdc0c7369b_Depositphotos_4948903_m_sicherheitsforum-scaled.jpg\",\"width\":1400,\"height\":937,\"caption\":\"Nebst Video\u00fcberwachung heissen die Themen Zutrittssysteme und Verschlusstechnik.\"},{\"@type\":\"BreadcrumbList\",\"@id\":\"https:\\\/\\\/news.save.ch\\\/gebaeudesicherheit-regionalausstellung\\\/#breadcrumb\",\"itemListElement\":[{\"@type\":\"ListItem\",\"position\":1,\"name\":\"Home\",\"item\":\"https:\\\/\\\/news.save.ch\\\/de\\\/\"},{\"@type\":\"ListItem\",\"position\":2,\"name\":\"Geb\u00e4udesicherheit: Regionalausstellung\"}]},{\"@type\":\"WebSite\",\"@id\":\"https:\\\/\\\/news.save.ch\\\/de\\\/#website\",\"url\":\"https:\\\/\\\/news.save.ch\\\/de\\\/\",\"name\":\"Save\",\"description\":\"Schweizer Fachzeitschrift f\u00fcr Sicherheit\",\"publisher\":{\"@id\":\"https:\\\/\\\/news.save.ch\\\/de\\\/#organization\"},\"potentialAction\":[{\"@type\":\"SearchAction\",\"target\":{\"@type\":\"EntryPoint\",\"urlTemplate\":\"https:\\\/\\\/news.save.ch\\\/de\\\/?s={search_term_string}\"},\"query-input\":{\"@type\":\"PropertyValueSpecification\",\"valueRequired\":true,\"valueName\":\"search_term_string\"}}],\"inLanguage\":\"it-IT\"},{\"@type\":\"Organization\",\"@id\":\"https:\\\/\\\/news.save.ch\\\/de\\\/#organization\",\"name\":\"Sicherheitsforum\",\"url\":\"https:\\\/\\\/news.save.ch\\\/de\\\/\",\"logo\":{\"@type\":\"ImageObject\",\"inLanguage\":\"it-IT\",\"@id\":\"https:\\\/\\\/news.save.ch\\\/de\\\/#\\\/schema\\\/logo\\\/image\\\/\",\"url\":\"https:\\\/\\\/news.save.ch\\\/wp-content\\\/uploads\\\/2022\\\/06\\\/Logo_SF_2012.png\",\"contentUrl\":\"https:\\\/\\\/news.save.ch\\\/wp-content\\\/uploads\\\/2022\\\/06\\\/Logo_SF_2012.png\",\"width\":1100,\"height\":91,\"caption\":\"Sicherheitsforum\"},\"image\":{\"@id\":\"https:\\\/\\\/news.save.ch\\\/de\\\/#\\\/schema\\\/logo\\\/image\\\/\"}},{\"@type\":\"Person\",\"@id\":\"https:\\\/\\\/news.save.ch\\\/de\\\/#\\\/schema\\\/person\\\/d49e199490bad7c70d64b9ab51142f2b\",\"name\":\"admin\",\"image\":{\"@type\":\"ImageObject\",\"inLanguage\":\"it-IT\",\"@id\":\"https:\\\/\\\/secure.gravatar.com\\\/avatar\\\/ae2f4d718e6c49043e314ce431e7e645d646302a24a5ef5a8bc8e3f5a032e319?s=96&d=mm&r=g\",\"url\":\"https:\\\/\\\/secure.gravatar.com\\\/avatar\\\/ae2f4d718e6c49043e314ce431e7e645d646302a24a5ef5a8bc8e3f5a032e319?s=96&d=mm&r=g\",\"contentUrl\":\"https:\\\/\\\/secure.gravatar.com\\\/avatar\\\/ae2f4d718e6c49043e314ce431e7e645d646302a24a5ef5a8bc8e3f5a032e319?s=96&d=mm&r=g\",\"caption\":\"admin\"},\"sameAs\":[\"https:\\\/\\\/develop.organisator.galledia.ch\"],\"url\":\"https:\\\/\\\/news.save.ch\\\/it\\\/author\\\/admin\\\/\"}]}<\/script>\n<!-- \/ Yoast SEO plugin. -->","yoast_head_json":{"title":"Sicurezza degli edifici: mostra regionale - Save","description":"Una mostra regionale sulla sicurezza degli edifici si terr\u00e0 in varie date nel giugno 2015.","robots":{"index":"index","follow":"follow","max-snippet":"max-snippet:-1","max-image-preview":"max-image-preview:large","max-video-preview":"max-video-preview:-1"},"canonical":"https:\/\/news.save.ch\/it\/gebaeudesicherheit-regionalausstellung\/","og_locale":"it_IT","og_type":"article","og_title":"Geb\u00e4udesicherheit","og_description":"An verschiedenen Daten findet im Juni 2015 eine Regionalausstellung zur Geb\u00e4udesicherheit statt.","og_url":"https:\/\/news.save.ch\/it\/gebaeudesicherheit-regionalausstellung\/","og_site_name":"Save","article_published_time":"2015-04-13T12:42:03+00:00","article_modified_time":"2023-03-14T08:00:05+00:00","og_image":[{"url":"https:\/\/news.save.ch\/wp-content\/uploads\/2016\/12\/552bdc0c7369b_Depositphotos_4948903_m_sicherheitsforum.jpg","type":"","width":"","height":""}],"author":"admin","twitter_card":"summary_large_image","twitter_misc":{"Scritto da":"admin","Tempo di lettura stimato":"1 minuto"},"schema":{"@context":"https:\/\/schema.org","@graph":[{"@type":"Article","@id":"https:\/\/news.save.ch\/gebaeudesicherheit-regionalausstellung\/#article","isPartOf":{"@id":"https:\/\/news.save.ch\/gebaeudesicherheit-regionalausstellung\/"},"author":{"name":"admin","@id":"https:\/\/news.save.ch\/de\/#\/schema\/person\/d49e199490bad7c70d64b9ab51142f2b"},"headline":"Geb\u00e4udesicherheit: Regionalausstellung","datePublished":"2015-04-13T12:42:03+00:00","dateModified":"2023-03-14T08:00:05+00:00","mainEntityOfPage":{"@id":"https:\/\/news.save.ch\/gebaeudesicherheit-regionalausstellung\/"},"wordCount":111,"commentCount":0,"publisher":{"@id":"https:\/\/news.save.ch\/de\/#organization"},"image":{"@id":"https:\/\/news.save.ch\/gebaeudesicherheit-regionalausstellung\/#primaryimage"},"thumbnailUrl":"https:\/\/news.save.ch\/wp-content\/uploads\/2016\/12\/552bdc0c7369b_Depositphotos_4948903_m_sicherheitsforum-scaled.jpg","keywords":["Fachkongress\/Fachmesse","\u00dcberfallmeldung","Verschlusstechnik","Videoanlagen","Video\u00fcberwachung","Zutrittskontrolle\/Video-Security","Zutrittsysteme"],"articleSection":["SICHERHEIT"],"inLanguage":"it-IT"},{"@type":"WebPage","@id":"https:\/\/news.save.ch\/gebaeudesicherheit-regionalausstellung\/","url":"https:\/\/news.save.ch\/gebaeudesicherheit-regionalausstellung\/","name":"Sicurezza degli edifici: mostra regionale - Save","isPartOf":{"@id":"https:\/\/news.save.ch\/de\/#website"},"primaryImageOfPage":{"@id":"https:\/\/news.save.ch\/gebaeudesicherheit-regionalausstellung\/#primaryimage"},"image":{"@id":"https:\/\/news.save.ch\/gebaeudesicherheit-regionalausstellung\/#primaryimage"},"thumbnailUrl":"https:\/\/news.save.ch\/wp-content\/uploads\/2016\/12\/552bdc0c7369b_Depositphotos_4948903_m_sicherheitsforum-scaled.jpg","datePublished":"2015-04-13T12:42:03+00:00","dateModified":"2023-03-14T08:00:05+00:00","description":"Una mostra regionale sulla sicurezza degli edifici si terr\u00e0 in varie date nel giugno 2015.","breadcrumb":{"@id":"https:\/\/news.save.ch\/gebaeudesicherheit-regionalausstellung\/#breadcrumb"},"inLanguage":"it-IT","potentialAction":[{"@type":"ReadAction","target":["https:\/\/news.save.ch\/gebaeudesicherheit-regionalausstellung\/"]}]},{"@type":"ImageObject","inLanguage":"it-IT","@id":"https:\/\/news.save.ch\/gebaeudesicherheit-regionalausstellung\/#primaryimage","url":"https:\/\/news.save.ch\/wp-content\/uploads\/2016\/12\/552bdc0c7369b_Depositphotos_4948903_m_sicherheitsforum-scaled.jpg","contentUrl":"https:\/\/news.save.ch\/wp-content\/uploads\/2016\/12\/552bdc0c7369b_Depositphotos_4948903_m_sicherheitsforum-scaled.jpg","width":1400,"height":937,"caption":"Nebst Video\u00fcberwachung heissen die Themen Zutrittssysteme und Verschlusstechnik."},{"@type":"BreadcrumbList","@id":"https:\/\/news.save.ch\/gebaeudesicherheit-regionalausstellung\/#breadcrumb","itemListElement":[{"@type":"ListItem","position":1,"name":"Home","item":"https:\/\/news.save.ch\/de\/"},{"@type":"ListItem","position":2,"name":"Geb\u00e4udesicherheit: Regionalausstellung"}]},{"@type":"WebSite","@id":"https:\/\/news.save.ch\/de\/#website","url":"https:\/\/news.save.ch\/de\/","name":"Risparmiare","description":"Rivista svizzera specializzata in sicurezza","publisher":{"@id":"https:\/\/news.save.ch\/de\/#organization"},"potentialAction":[{"@type":"SearchAction","target":{"@type":"EntryPoint","urlTemplate":"https:\/\/news.save.ch\/de\/?s={search_term_string}"},"query-input":{"@type":"PropertyValueSpecification","valueRequired":true,"valueName":"search_term_string"}}],"inLanguage":"it-IT"},{"@type":"Organization","@id":"https:\/\/news.save.ch\/de\/#organization","name":"Forum sulla sicurezza","url":"https:\/\/news.save.ch\/de\/","logo":{"@type":"ImageObject","inLanguage":"it-IT","@id":"https:\/\/news.save.ch\/de\/#\/schema\/logo\/image\/","url":"https:\/\/news.save.ch\/wp-content\/uploads\/2022\/06\/Logo_SF_2012.png","contentUrl":"https:\/\/news.save.ch\/wp-content\/uploads\/2022\/06\/Logo_SF_2012.png","width":1100,"height":91,"caption":"Sicherheitsforum"},"image":{"@id":"https:\/\/news.save.ch\/de\/#\/schema\/logo\/image\/"}},{"@type":"Person","@id":"https:\/\/news.save.ch\/de\/#\/schema\/person\/d49e199490bad7c70d64b9ab51142f2b","name":"amministratore","image":{"@type":"ImageObject","inLanguage":"it-IT","@id":"https:\/\/secure.gravatar.com\/avatar\/ae2f4d718e6c49043e314ce431e7e645d646302a24a5ef5a8bc8e3f5a032e319?s=96&d=mm&r=g","url":"https:\/\/secure.gravatar.com\/avatar\/ae2f4d718e6c49043e314ce431e7e645d646302a24a5ef5a8bc8e3f5a032e319?s=96&d=mm&r=g","contentUrl":"https:\/\/secure.gravatar.com\/avatar\/ae2f4d718e6c49043e314ce431e7e645d646302a24a5ef5a8bc8e3f5a032e319?s=96&d=mm&r=g","caption":"admin"},"sameAs":["https:\/\/develop.organisator.galledia.ch"],"url":"https:\/\/news.save.ch\/it\/author\/admin\/"}]}},"_links":{"self":[{"href":"https:\/\/news.save.ch\/it\/wp-json\/wp\/v2\/posts\/107","targetHints":{"allow":["GET"]}}],"collection":[{"href":"https:\/\/news.save.ch\/it\/wp-json\/wp\/v2\/posts"}],"about":[{"href":"https:\/\/news.save.ch\/it\/wp-json\/wp\/v2\/types\/post"}],"author":[{"embeddable":true,"href":"https:\/\/news.save.ch\/it\/wp-json\/wp\/v2\/users\/1"}],"replies":[{"embeddable":true,"href":"https:\/\/news.save.ch\/it\/wp-json\/wp\/v2\/comments?post=107"}],"version-history":[{"count":1,"href":"https:\/\/news.save.ch\/it\/wp-json\/wp\/v2\/posts\/107\/revisions"}],"predecessor-version":[{"id":18024,"href":"https:\/\/news.save.ch\/it\/wp-json\/wp\/v2\/posts\/107\/revisions\/18024"}],"wp:featuredmedia":[{"embeddable":true,"href":"https:\/\/news.save.ch\/it\/wp-json\/wp\/v2\/media\/108"}],"wp:attachment":[{"href":"https:\/\/news.save.ch\/it\/wp-json\/wp\/v2\/media?parent=107"}],"wp:term":[{"taxonomy":"category","embeddable":true,"href":"https:\/\/news.save.ch\/it\/wp-json\/wp\/v2\/categories?post=107"},{"taxonomy":"post_tag","embeddable":true,"href":"https:\/\/news.save.ch\/it\/wp-json\/wp\/v2\/tags?post=107"}],"curies":[{"name":"wp","href":"https:\/\/api.w.org\/{rel}","templated":true}]}}