{"id":10771,"date":"2020-11-04T12:00:59","date_gmt":"2020-11-04T11:00:59","guid":{"rendered":"https:\/\/news.save.ch\/?p=10771"},"modified":"2020-11-04T12:00:59","modified_gmt":"2020-11-04T11:00:59","slug":"mark-burkhard-wird-neuer-kkpks-praesident","status":null,"type":"post","link":"https:\/\/news.save.ch\/it\/mark-burkhard-wird-neuer-kkpks-praesident\/","title":{"rendered":"Mark Burkhard diventa il nuovo presidente della KKPKS"},"content":{"rendered":"<figure id=\"attachment_10773\" aria-describedby=\"caption-attachment-10773\" style=\"width: 680px\" class=\"wp-caption aligncenter\"><img loading=\"lazy\" decoding=\"async\" class=\"size-medium wp-image-10773\" src=\"https:\/\/news.save.ch\/wp-content\/uploads\/2020\/11\/Burkhard-1-1.jpg\" alt=\"\" width=\"680\" height=\"565\" \/><figcaption id=\"caption-attachment-10773\" class=\"wp-caption-text\">Il comandante della polizia di Basilea Mark Burkhard.<br \/>\u00a9 KKPKS<\/figcaption><\/figure>\n<p>Il <a href=\"https:\/\/www.kkpks.ch\/\">KKPKS<\/a> ha eletto Mark Burkhard come nuovo presidente in occasione dell'assemblea annuale del 3 novembre 2020. Il laureato in economia e ingegnere informatico \u00e8 comandante della polizia di Basilea Campagna dal 2013. Finora, in qualit\u00e0 di membro del consiglio di amministrazione del KKPKS, ha guidato anche i progetti di armonizzazione informatica della polizia svizzera. Mark Burkhard, 56 anni, non vede l'ora di affrontare la nuova sfida: \"Voglio che continuiamo a fornire servizi di polizia di alta qualit\u00e0 alla popolazione. Ci\u00f2 richiede una buona collaborazione tra le forze di polizia e i loro partner in tutti i corpi e i cantoni\". Inoltre, \u00e8 importante \"non perdere il contatto con gli sviluppi tecnologici nel campo della criminalit\u00e0\", afferma Burkhard.<\/p>\n<p><strong>Tre domande per il nuovo uomo al timone del KKPKS<\/strong><\/p>\n<p><em><strong>Attacchi terroristici in Francia e ora anche a Vienna: cosa significa per la sicurezza della Svizzera?<\/strong><\/em><\/p>\n<p><em>Burkhard:<\/em> Anche in Svizzera la minaccia terroristica \u00e8 aumentata da tempo. In seguito ai recenti attentati nei Paesi limitrofi, anche la situazione in Svizzera viene costantemente rivalutata. Su questa base, vengono riesaminati i dispositivi di sicurezza nei cantoni e, se necessario, vengono adottate misure aggiuntive, come l'aumento della presenza della polizia nelle aree pubbliche.<\/p>\n<p><em><strong>Quali sono le vostre principali sfide nel 2021?<\/strong><\/em><\/p>\n<p><em>Burkhard:<\/em> Il compito principale \u00e8 quello di gestire le conseguenze della pandemia di Corona. A seconda dell'evoluzione della situazione, la polizia sar\u00e0 chiamata a intervenire in misura maggiore o minore. Tuttavia, altri sviluppi possono cambiare questo orientamento in qualsiasi momento, come dimostrano gli attacchi in Francia e a Vienna. Inoltre, la polizia sta compiendo grandi sforzi per combattere il crimine informatico in rapida crescita.<\/p>\n<p><strong>Qual \u00e8 la posizione della Svizzera in questo ambito e dove lei, in qualit\u00e0 di presidente di CCPCA, deve fissare le priorit\u00e0 in materia di sicurezza informatica?\u00a0 <\/strong><\/p>\n<p><em>Burkhard:\u00a0<\/em>Per combattere la criminalit\u00e0 informatica, i corpi di polizia svizzeri hanno fondato la \"Rete per la lotta alla criminalit\u00e0 digitale\" (NEDIK). Il governo federale e tutte le forze di polizia cantonali collaborano in questa rete. Monitorano l'evoluzione del crimine, concordano i loro campi di attivit\u00e0 e coordinano le azioni congiunte. Questa cooperazione deve essere ulteriormente consolidata e ampliata. Inoltre, gli sforzi che i corpi di polizia stanno gi\u00e0 compiendo nella lotta contro la criminalit\u00e0 informatica devono essere comunicati meglio al pubblico.<\/p>\n<p><em>Intervista: R. Str\u00e4ssle<\/em><\/p>\n<blockquote>\n<p><strong>Stefan Bl\u00e4tter in carica dal 2014<\/strong><\/p>\n<p>Mark Burkhard succede a Stefan Bl\u00e4ttler, comandante della Polizia cantonale di Berna. Il 61enne guarda indietro a una presidenza ricca di eventi. Alla fine di ottobre 2014 \u00e8 stato eletto presidente della CCPCA, poco prima che gli attacchi terroristici nei Paesi vicini avessero un impatto duraturo sulla situazione della sicurezza in Svizzera e quindi sul lavoro della polizia. E la situazione di Corona, nel suo ultimo anno di presidenza, aveva messo in crisi anche il corpo di polizia svizzero e la CCPCA. Le pietre miliari raggiunte durante la sua presidenza sono state, tra l'altro, l'introduzione del nuovo concetto di politica educativa globale Polizia 2020 e la formazione del Network Investigation Support Digital Crime Fighting (NEDIK) nel 2018, come conclude il comunicato stampa della Conferenza dei Comandanti delle Polizie Cantonali della Svizzera.<\/p>\n<\/blockquote>\n<p>&nbsp;<\/p>","protected":false},"excerpt":{"rendered":"<p>Die KKPKS hat an ihrer Jahresversammlung vom 3. November 2020 Mark Burkhard zum neuen Pr\u00e4sidenten gew\u00e4hlt. Der diplomierte National\u00f6konom und Informatik-Ingenieur ist seit 2013 Kommandant der Polizei Basel-Landschaft. Bis anhin leitete er als Vorstandsmitglied der KKPKS auch die Vorhaben zur Harmonisierung der Schweizerischen Polizeiinformatik. Er freue sich auf die neue Herausforderung, sagt der 56-j\u00e4hrige Mark [&hellip;]<\/p>\n","protected":false},"author":8,"featured_media":10773,"comment_status":"closed","ping_status":"closed","sticky":false,"template":"","format":"standard","meta":{"_acf_changed":false,"pgc_sgb_lightbox_settings":"","footnotes":""},"categories":[1],"tags":[239,1065,1066],"class_list":["post-10771","post","type-post","status-publish","format-standard","has-post-thumbnail","hentry","category-allgemein","tag-kkpks","tag-mark-burkhard","tag-stefan-blaettler"],"acf":[],"hkrextid":null,"publication":null,"issue":null,"workflow":null,"startPage":null,"spitzmarke":null,"_posts_by_tag_page_fields":{"widget_title":"","widget_tags":""},"_at_widget":"1","_yoast_wpseo_primary_category":"1","_yoast_wpseo_focuskw_text_input":"KKPKS","_yoast_wpseo_opengraph-image":null,"_yoast_wpseo_opengraph-description":null,"_yoast_wpseo_opengraph-title":null,"enclosure":null,"_yoast_wpseo_twitter-title":null,"_yoast_wpseo_twitter-description":null,"_yoast_wpseo_twitter-image":null,"_wp_old_slug":null,"_yoast_wpseo_title":null,"_yoast_wpseo_canonical":null,"yoast_head":"<!-- This site is optimized with the Yoast SEO plugin v27.4 - https:\/\/yoast.com\/product\/yoast-seo-wordpress\/ -->\n<title>Mark Burkhard wird neuer KKPKS-Pr\u00e4sident - Save<\/title>\n<meta name=\"description\" content=\"Der neue Pr\u00e4sident der Konferenz der kantonalen Polizeikommandanten der Schweiz (KKPKS) heisst Mark Burkhard, er ist Baselbieter Polizeikommandant.\" \/>\n<meta name=\"robots\" content=\"index, follow, max-snippet:-1, max-image-preview:large, max-video-preview:-1\" \/>\n<link rel=\"canonical\" href=\"https:\/\/news.save.ch\/it\/mark-burkhard-wird-neuer-kkpks-praesident\/\" \/>\n<meta property=\"og:locale\" content=\"it_IT\" \/>\n<meta property=\"og:type\" content=\"article\" \/>\n<meta property=\"og:title\" content=\"Mark Burkhard wird neuer KKPKS-Pr\u00e4sident - Save\" \/>\n<meta property=\"og:description\" content=\"Der neue Pr\u00e4sident der Konferenz der kantonalen Polizeikommandanten der Schweiz (KKPKS) heisst Mark Burkhard, er ist Baselbieter Polizeikommandant.\" \/>\n<meta property=\"og:url\" content=\"https:\/\/news.save.ch\/it\/mark-burkhard-wird-neuer-kkpks-praesident\/\" \/>\n<meta property=\"og:site_name\" content=\"Save\" \/>\n<meta property=\"article:published_time\" content=\"2020-11-04T11:00:59+00:00\" \/>\n<meta property=\"og:image\" content=\"https:\/\/news.save.ch\/wp-content\/uploads\/2020\/11\/Burkhard-1-1-scaled.jpg\" \/>\n\t<meta property=\"og:image:width\" content=\"1400\" \/>\n\t<meta property=\"og:image:height\" content=\"1163\" \/>\n\t<meta property=\"og:image:type\" content=\"image\/jpeg\" \/>\n<meta name=\"author\" content=\"Roger Str\u00e4ssle\" \/>\n<meta name=\"twitter:card\" content=\"summary_large_image\" \/>\n<meta name=\"twitter:label1\" content=\"Scritto da\" \/>\n\t<meta name=\"twitter:data1\" content=\"Roger Str\u00e4ssle\" \/>\n\t<meta name=\"twitter:label2\" content=\"Tempo di lettura stimato\" \/>\n\t<meta name=\"twitter:data2\" content=\"3 minuti\" \/>\n<script type=\"application\/ld+json\" class=\"yoast-schema-graph\">{\"@context\":\"https:\\\/\\\/schema.org\",\"@graph\":[{\"@type\":\"Article\",\"@id\":\"https:\\\/\\\/news.save.ch\\\/mark-burkhard-wird-neuer-kkpks-praesident\\\/#article\",\"isPartOf\":{\"@id\":\"https:\\\/\\\/news.save.ch\\\/mark-burkhard-wird-neuer-kkpks-praesident\\\/\"},\"author\":{\"name\":\"Roger Str\u00e4ssle\",\"@id\":\"https:\\\/\\\/news.save.ch\\\/de\\\/#\\\/schema\\\/person\\\/d5022db048e0e2b9785c50e5b24da5aa\"},\"headline\":\"Mark Burkhard wird neuer KKPKS-Pr\u00e4sident\",\"datePublished\":\"2020-11-04T11:00:59+00:00\",\"mainEntityOfPage\":{\"@id\":\"https:\\\/\\\/news.save.ch\\\/mark-burkhard-wird-neuer-kkpks-praesident\\\/\"},\"wordCount\":507,\"publisher\":{\"@id\":\"https:\\\/\\\/news.save.ch\\\/de\\\/#organization\"},\"image\":{\"@id\":\"https:\\\/\\\/news.save.ch\\\/mark-burkhard-wird-neuer-kkpks-praesident\\\/#primaryimage\"},\"thumbnailUrl\":\"https:\\\/\\\/news.save.ch\\\/wp-content\\\/uploads\\\/2020\\\/11\\\/Burkhard-1-1-scaled.jpg\",\"keywords\":[\"KKPKS\",\"Mark Burkhard\",\"Stefan Bl\u00e4ttler\"],\"articleSection\":[\"ALLGEMEIN\"],\"inLanguage\":\"it-IT\"},{\"@type\":\"WebPage\",\"@id\":\"https:\\\/\\\/news.save.ch\\\/mark-burkhard-wird-neuer-kkpks-praesident\\\/\",\"url\":\"https:\\\/\\\/news.save.ch\\\/mark-burkhard-wird-neuer-kkpks-praesident\\\/\",\"name\":\"Mark Burkhard wird neuer KKPKS-Pr\u00e4sident - Save\",\"isPartOf\":{\"@id\":\"https:\\\/\\\/news.save.ch\\\/de\\\/#website\"},\"primaryImageOfPage\":{\"@id\":\"https:\\\/\\\/news.save.ch\\\/mark-burkhard-wird-neuer-kkpks-praesident\\\/#primaryimage\"},\"image\":{\"@id\":\"https:\\\/\\\/news.save.ch\\\/mark-burkhard-wird-neuer-kkpks-praesident\\\/#primaryimage\"},\"thumbnailUrl\":\"https:\\\/\\\/news.save.ch\\\/wp-content\\\/uploads\\\/2020\\\/11\\\/Burkhard-1-1-scaled.jpg\",\"datePublished\":\"2020-11-04T11:00:59+00:00\",\"description\":\"Der neue Pr\u00e4sident der Konferenz der kantonalen Polizeikommandanten der Schweiz (KKPKS) heisst Mark Burkhard, er ist Baselbieter Polizeikommandant.\",\"breadcrumb\":{\"@id\":\"https:\\\/\\\/news.save.ch\\\/mark-burkhard-wird-neuer-kkpks-praesident\\\/#breadcrumb\"},\"inLanguage\":\"it-IT\",\"potentialAction\":[{\"@type\":\"ReadAction\",\"target\":[\"https:\\\/\\\/news.save.ch\\\/mark-burkhard-wird-neuer-kkpks-praesident\\\/\"]}]},{\"@type\":\"ImageObject\",\"inLanguage\":\"it-IT\",\"@id\":\"https:\\\/\\\/news.save.ch\\\/mark-burkhard-wird-neuer-kkpks-praesident\\\/#primaryimage\",\"url\":\"https:\\\/\\\/news.save.ch\\\/wp-content\\\/uploads\\\/2020\\\/11\\\/Burkhard-1-1-scaled.jpg\",\"contentUrl\":\"https:\\\/\\\/news.save.ch\\\/wp-content\\\/uploads\\\/2020\\\/11\\\/Burkhard-1-1-scaled.jpg\",\"width\":1400,\"height\":1163,\"caption\":\"Der Baselbieter Polizeikommandant Mark Burkhard. \u00a9 KKPKS\"},{\"@type\":\"BreadcrumbList\",\"@id\":\"https:\\\/\\\/news.save.ch\\\/mark-burkhard-wird-neuer-kkpks-praesident\\\/#breadcrumb\",\"itemListElement\":[{\"@type\":\"ListItem\",\"position\":1,\"name\":\"Home\",\"item\":\"https:\\\/\\\/news.save.ch\\\/de\\\/\"},{\"@type\":\"ListItem\",\"position\":2,\"name\":\"Mark Burkhard wird neuer KKPKS-Pr\u00e4sident\"}]},{\"@type\":\"WebSite\",\"@id\":\"https:\\\/\\\/news.save.ch\\\/de\\\/#website\",\"url\":\"https:\\\/\\\/news.save.ch\\\/de\\\/\",\"name\":\"Save\",\"description\":\"Schweizer Fachzeitschrift f\u00fcr Sicherheit\",\"publisher\":{\"@id\":\"https:\\\/\\\/news.save.ch\\\/de\\\/#organization\"},\"potentialAction\":[{\"@type\":\"SearchAction\",\"target\":{\"@type\":\"EntryPoint\",\"urlTemplate\":\"https:\\\/\\\/news.save.ch\\\/de\\\/?s={search_term_string}\"},\"query-input\":{\"@type\":\"PropertyValueSpecification\",\"valueRequired\":true,\"valueName\":\"search_term_string\"}}],\"inLanguage\":\"it-IT\"},{\"@type\":\"Organization\",\"@id\":\"https:\\\/\\\/news.save.ch\\\/de\\\/#organization\",\"name\":\"Sicherheitsforum\",\"url\":\"https:\\\/\\\/news.save.ch\\\/de\\\/\",\"logo\":{\"@type\":\"ImageObject\",\"inLanguage\":\"it-IT\",\"@id\":\"https:\\\/\\\/news.save.ch\\\/de\\\/#\\\/schema\\\/logo\\\/image\\\/\",\"url\":\"https:\\\/\\\/news.save.ch\\\/wp-content\\\/uploads\\\/2022\\\/06\\\/Logo_SF_2012.png\",\"contentUrl\":\"https:\\\/\\\/news.save.ch\\\/wp-content\\\/uploads\\\/2022\\\/06\\\/Logo_SF_2012.png\",\"width\":1100,\"height\":91,\"caption\":\"Sicherheitsforum\"},\"image\":{\"@id\":\"https:\\\/\\\/news.save.ch\\\/de\\\/#\\\/schema\\\/logo\\\/image\\\/\"}},{\"@type\":\"Person\",\"@id\":\"https:\\\/\\\/news.save.ch\\\/de\\\/#\\\/schema\\\/person\\\/d5022db048e0e2b9785c50e5b24da5aa\",\"name\":\"Roger Str\u00e4ssle\",\"image\":{\"@type\":\"ImageObject\",\"inLanguage\":\"it-IT\",\"@id\":\"https:\\\/\\\/secure.gravatar.com\\\/avatar\\\/862a5569d087de48e5856e32f45d719a03804c891d6deb8d4f71a660e79e4a47?s=96&d=mm&r=g\",\"url\":\"https:\\\/\\\/secure.gravatar.com\\\/avatar\\\/862a5569d087de48e5856e32f45d719a03804c891d6deb8d4f71a660e79e4a47?s=96&d=mm&r=g\",\"contentUrl\":\"https:\\\/\\\/secure.gravatar.com\\\/avatar\\\/862a5569d087de48e5856e32f45d719a03804c891d6deb8d4f71a660e79e4a47?s=96&d=mm&r=g\",\"caption\":\"Roger Str\u00e4ssle\"},\"url\":\"https:\\\/\\\/news.save.ch\\\/it\\\/author\\\/roger-straessle\\\/\"}]}<\/script>\n<!-- \/ Yoast SEO plugin. -->","yoast_head_json":{"title":"Mark Burkhard diventa il nuovo presidente di KKPKS - Salva","description":"Il nuovo presidente della Conferenza dei comandanti delle polizie cantonali della Svizzera (CCPSC) \u00e8 Mark Burkhard, comandante della polizia di Basilea.","robots":{"index":"index","follow":"follow","max-snippet":"max-snippet:-1","max-image-preview":"max-image-preview:large","max-video-preview":"max-video-preview:-1"},"canonical":"https:\/\/news.save.ch\/it\/mark-burkhard-wird-neuer-kkpks-praesident\/","og_locale":"it_IT","og_type":"article","og_title":"Mark Burkhard wird neuer KKPKS-Pr\u00e4sident - Save","og_description":"Der neue Pr\u00e4sident der Konferenz der kantonalen Polizeikommandanten der Schweiz (KKPKS) heisst Mark Burkhard, er ist Baselbieter Polizeikommandant.","og_url":"https:\/\/news.save.ch\/it\/mark-burkhard-wird-neuer-kkpks-praesident\/","og_site_name":"Save","article_published_time":"2020-11-04T11:00:59+00:00","og_image":[{"width":1400,"height":1163,"url":"https:\/\/news.save.ch\/wp-content\/uploads\/2020\/11\/Burkhard-1-1-scaled.jpg","type":"image\/jpeg"}],"author":"Roger Str\u00e4ssle","twitter_card":"summary_large_image","twitter_misc":{"Scritto da":"Roger Str\u00e4ssle","Tempo di lettura stimato":"3 minuti"},"schema":{"@context":"https:\/\/schema.org","@graph":[{"@type":"Article","@id":"https:\/\/news.save.ch\/mark-burkhard-wird-neuer-kkpks-praesident\/#article","isPartOf":{"@id":"https:\/\/news.save.ch\/mark-burkhard-wird-neuer-kkpks-praesident\/"},"author":{"name":"Roger Str\u00e4ssle","@id":"https:\/\/news.save.ch\/de\/#\/schema\/person\/d5022db048e0e2b9785c50e5b24da5aa"},"headline":"Mark Burkhard wird neuer KKPKS-Pr\u00e4sident","datePublished":"2020-11-04T11:00:59+00:00","mainEntityOfPage":{"@id":"https:\/\/news.save.ch\/mark-burkhard-wird-neuer-kkpks-praesident\/"},"wordCount":507,"publisher":{"@id":"https:\/\/news.save.ch\/de\/#organization"},"image":{"@id":"https:\/\/news.save.ch\/mark-burkhard-wird-neuer-kkpks-praesident\/#primaryimage"},"thumbnailUrl":"https:\/\/news.save.ch\/wp-content\/uploads\/2020\/11\/Burkhard-1-1-scaled.jpg","keywords":["KKPKS","Mark Burkhard","Stefan Bl\u00e4ttler"],"articleSection":["ALLGEMEIN"],"inLanguage":"it-IT"},{"@type":"WebPage","@id":"https:\/\/news.save.ch\/mark-burkhard-wird-neuer-kkpks-praesident\/","url":"https:\/\/news.save.ch\/mark-burkhard-wird-neuer-kkpks-praesident\/","name":"Mark Burkhard diventa il nuovo presidente di KKPKS - Salva","isPartOf":{"@id":"https:\/\/news.save.ch\/de\/#website"},"primaryImageOfPage":{"@id":"https:\/\/news.save.ch\/mark-burkhard-wird-neuer-kkpks-praesident\/#primaryimage"},"image":{"@id":"https:\/\/news.save.ch\/mark-burkhard-wird-neuer-kkpks-praesident\/#primaryimage"},"thumbnailUrl":"https:\/\/news.save.ch\/wp-content\/uploads\/2020\/11\/Burkhard-1-1-scaled.jpg","datePublished":"2020-11-04T11:00:59+00:00","description":"Il nuovo presidente della Conferenza dei comandanti delle polizie cantonali della Svizzera (CCPSC) \u00e8 Mark Burkhard, comandante della polizia di Basilea.","breadcrumb":{"@id":"https:\/\/news.save.ch\/mark-burkhard-wird-neuer-kkpks-praesident\/#breadcrumb"},"inLanguage":"it-IT","potentialAction":[{"@type":"ReadAction","target":["https:\/\/news.save.ch\/mark-burkhard-wird-neuer-kkpks-praesident\/"]}]},{"@type":"ImageObject","inLanguage":"it-IT","@id":"https:\/\/news.save.ch\/mark-burkhard-wird-neuer-kkpks-praesident\/#primaryimage","url":"https:\/\/news.save.ch\/wp-content\/uploads\/2020\/11\/Burkhard-1-1-scaled.jpg","contentUrl":"https:\/\/news.save.ch\/wp-content\/uploads\/2020\/11\/Burkhard-1-1-scaled.jpg","width":1400,"height":1163,"caption":"Der Baselbieter Polizeikommandant Mark Burkhard. \u00a9 KKPKS"},{"@type":"BreadcrumbList","@id":"https:\/\/news.save.ch\/mark-burkhard-wird-neuer-kkpks-praesident\/#breadcrumb","itemListElement":[{"@type":"ListItem","position":1,"name":"Home","item":"https:\/\/news.save.ch\/de\/"},{"@type":"ListItem","position":2,"name":"Mark Burkhard wird neuer KKPKS-Pr\u00e4sident"}]},{"@type":"WebSite","@id":"https:\/\/news.save.ch\/de\/#website","url":"https:\/\/news.save.ch\/de\/","name":"Risparmiare","description":"Rivista svizzera specializzata in sicurezza","publisher":{"@id":"https:\/\/news.save.ch\/de\/#organization"},"potentialAction":[{"@type":"SearchAction","target":{"@type":"EntryPoint","urlTemplate":"https:\/\/news.save.ch\/de\/?s={search_term_string}"},"query-input":{"@type":"PropertyValueSpecification","valueRequired":true,"valueName":"search_term_string"}}],"inLanguage":"it-IT"},{"@type":"Organization","@id":"https:\/\/news.save.ch\/de\/#organization","name":"Forum sulla sicurezza","url":"https:\/\/news.save.ch\/de\/","logo":{"@type":"ImageObject","inLanguage":"it-IT","@id":"https:\/\/news.save.ch\/de\/#\/schema\/logo\/image\/","url":"https:\/\/news.save.ch\/wp-content\/uploads\/2022\/06\/Logo_SF_2012.png","contentUrl":"https:\/\/news.save.ch\/wp-content\/uploads\/2022\/06\/Logo_SF_2012.png","width":1100,"height":91,"caption":"Sicherheitsforum"},"image":{"@id":"https:\/\/news.save.ch\/de\/#\/schema\/logo\/image\/"}},{"@type":"Person","@id":"https:\/\/news.save.ch\/de\/#\/schema\/person\/d5022db048e0e2b9785c50e5b24da5aa","name":"Roger Str\u00e4ssle","image":{"@type":"ImageObject","inLanguage":"it-IT","@id":"https:\/\/secure.gravatar.com\/avatar\/862a5569d087de48e5856e32f45d719a03804c891d6deb8d4f71a660e79e4a47?s=96&d=mm&r=g","url":"https:\/\/secure.gravatar.com\/avatar\/862a5569d087de48e5856e32f45d719a03804c891d6deb8d4f71a660e79e4a47?s=96&d=mm&r=g","contentUrl":"https:\/\/secure.gravatar.com\/avatar\/862a5569d087de48e5856e32f45d719a03804c891d6deb8d4f71a660e79e4a47?s=96&d=mm&r=g","caption":"Roger Str\u00e4ssle"},"url":"https:\/\/news.save.ch\/it\/author\/roger-straessle\/"}]}},"_links":{"self":[{"href":"https:\/\/news.save.ch\/it\/wp-json\/wp\/v2\/posts\/10771","targetHints":{"allow":["GET"]}}],"collection":[{"href":"https:\/\/news.save.ch\/it\/wp-json\/wp\/v2\/posts"}],"about":[{"href":"https:\/\/news.save.ch\/it\/wp-json\/wp\/v2\/types\/post"}],"author":[{"embeddable":true,"href":"https:\/\/news.save.ch\/it\/wp-json\/wp\/v2\/users\/8"}],"replies":[{"embeddable":true,"href":"https:\/\/news.save.ch\/it\/wp-json\/wp\/v2\/comments?post=10771"}],"version-history":[{"count":0,"href":"https:\/\/news.save.ch\/it\/wp-json\/wp\/v2\/posts\/10771\/revisions"}],"wp:featuredmedia":[{"embeddable":true,"href":"https:\/\/news.save.ch\/it\/wp-json\/wp\/v2\/media\/10773"}],"wp:attachment":[{"href":"https:\/\/news.save.ch\/it\/wp-json\/wp\/v2\/media?parent=10771"}],"wp:term":[{"taxonomy":"category","embeddable":true,"href":"https:\/\/news.save.ch\/it\/wp-json\/wp\/v2\/categories?post=10771"},{"taxonomy":"post_tag","embeddable":true,"href":"https:\/\/news.save.ch\/it\/wp-json\/wp\/v2\/tags?post=10771"}],"curies":[{"name":"wp","href":"https:\/\/api.w.org\/{rel}","templated":true}]}}