{"id":10815,"date":"2020-11-14T08:00:25","date_gmt":"2020-11-14T07:00:25","guid":{"rendered":"https:\/\/news.save.ch\/?p=10815"},"modified":"2020-11-14T08:00:25","modified_gmt":"2020-11-14T07:00:25","slug":"terrorbekaempfung-engere-zusammenarbeit","status":null,"type":"post","link":"https:\/\/news.save.ch\/it\/terrorbekaempfung-engere-zusammenarbeit\/","title":{"rendered":"Antiterrorismo: una cooperazione pi\u00f9 stretta"},"content":{"rendered":"<figure id=\"attachment_10816\" aria-describedby=\"caption-attachment-10816\" style=\"width: 680px\" class=\"wp-caption aligncenter\"><img loading=\"lazy\" decoding=\"async\" class=\"size-medium wp-image-10816\" src=\"https:\/\/news.save.ch\/wp-content\/uploads\/2020\/11\/Depositphotos_61436309_s-2019.jpg\" alt=\"\" width=\"680\" height=\"454\" srcset=\"https:\/\/news.save.ch\/wp-content\/uploads\/2020\/11\/Depositphotos_61436309_s-2019.jpg 1000w, https:\/\/news.save.ch\/wp-content\/uploads\/2020\/11\/Depositphotos_61436309_s-2019-375x251.jpg 375w\" sizes=\"auto, (max-width: 680px) 100vw, 680px\" \/><figcaption id=\"caption-attachment-10816\" class=\"wp-caption-text\">\u00a9 depositphotos, Zerbor<\/figcaption><\/figure>\n<p>Il 13 novembre 2020 il Consiglio dei ministri europei della Giustizia e degli Affari interni ha convenuto che sono necessari approcci comuni. Gli Stati membri dell'UE e i Paesi associati a Schengen dovrebbero affrontare le stesse sfide e gli stessi movimenti estremisti violenti.<\/p>\n<p><strong>Keller-Sutter: la lotta al terrorismo si combatte solo insieme<\/strong><\/p>\n<p>Anche la Svizzera crede che una forte cooperazione in Europa sia un fattore chiave per prevenire e combattere il terrorismo, ha sottolineato il ministro della Giustizia Keller-Sutter: \"Il legame dell'attentatore di Vienna con la Svizzera dimostra che la lotta al terrorismo funziona solo insieme\". Per questo motivo, ha dichiarato, la Svizzera \u00e8 interessata a partecipare alle discussioni a livello europeo. Era fondamentale ricevere e scambiare informazioni corrette e complete in modo tempestivo.<\/p>\n<p>I ministri hanno convenuto che le autorit\u00e0 competenti in Europa devono sapere chi entra nell'area Schengen e chi si muove al suo interno. I movimenti di persone che rappresentano una minaccia terroristica o di estremismo violento sono una sfida importante per le autorit\u00e0 di sicurezza. Gli sviluppi di Schengen che sono stati avviati, come il Sistema d'informazione Schengen (SIS), l'interoperabilit\u00e0 e l'espansione di Frontex nell'Agenzia europea della guardia di frontiera e costiera, sono misure importanti per mantenere la libera circolazione delle persone nello spazio Schengen, garantendo al contempo un elevato livello di sicurezza.<\/p>\n<p><strong>La Svizzera ha rafforzato i suoi strumenti di lotta al terrorismo<\/strong><\/p>\n<p>Negli ultimi anni, la Svizzera ha rafforzato in modo costante e graduale i suoi strumenti di lotta al terrorismo, come scrive la Confederazione nella sua comunicazione. Dal 2017 la Svizzera dispone di un Piano d'azione nazionale (PAN) per prevenire e combattere la radicalizzazione e l'estremismo violento con misure preventive. Nell'autunno 2020, il Parlamento ha approvato la Legge federale sulle misure di polizia per la lotta al terrorismo (PMT), che fornisce alla polizia maggiori strumenti preventivi per affrontare le minacce terroristiche. Con la revisione parziale del Codice penale (CP), sono stati rafforzati anche gli strumenti di diritto penale. La messa al bando dei gruppi \"Al-Qaeda\", \"Stato Islamico\" e delle organizzazioni correlate \u00e8 stata trasferita nel diritto permanente e la pena \u00e8 stata adeguata con una condanna massima fino a 20 anni invece di cinque.<\/p>\n<p><em>Fonte: Dipartimento federale di giustizia e polizia<\/em><\/p>\n<blockquote>\n<p><strong>Proposta di un nuovo pacchetto migrazione e asilo\u00a0 <\/strong><\/p>\n<p>La \"riunione video\" dei Consigli Giustizia e Affari interni dell'UE<strong>\u00a0<\/strong>si \u00e8 svolta in due blocchi tematici. Nel blocco sulla proposta di un nuovo pacchetto migrazione e asilo, la Svizzera era rappresentata dal Segretario di Stato Mario Gattiker. La Presidenza tedesca del Consiglio dell'UE prevede di raggiungere un accordo politico sugli elementi fondamentali del pacchetto al Consiglio GAI del 4 dicembre. Il Segretario di Stato Gattiker ha accolto con favore il fatto che la Commissione europea intenda adottare un approccio globale alla questione della migrazione con il pacchetto. Ha inoltre sottolineato che le linee guida del pacchetto e la posizione della Svizzera sulle questioni migratorie coincidono in molti ambiti, in particolare l'auspicio di procedure rapide alle frontiere esterne, il rafforzamento della politica di rimpatrio, il sostegno agli Stati membri particolarmente colpiti e un'efficiente protezione delle frontiere esterne. Per quanto riguarda questi ultimi, \u00e8 importante che il principio di non respingimento e i diritti fondamentali siano sempre garantiti, secondo il Dipartimento federale di giustizia e polizia.<\/p>\n<\/blockquote>\n<p>&nbsp;<\/p>\n<p>&nbsp;<\/p>\n<p>&nbsp;<\/p>","protected":false},"excerpt":{"rendered":"<p>Der Rat der europ\u00e4ischen Justiz- und Innenminister war sich am 13. November 2020 einig, dass gemeinsame Ans\u00e4tze notwendig sind. Die EU-Mitgliedstaaten und die assoziierten Schengen-L\u00e4nder w\u00fcrden vor den gleichen Herausforderungen und \u00e4hnlich gewaltt\u00e4tigen extremistischen Bewegungen stehen, so der Tenor. Keller-Sutter: Terrorbek\u00e4mpfung funktioniert nur gemeinsam Auch die Schweiz ist der Ansicht, dass eine starke Zusammenarbeit in [&hellip;]<\/p>\n","protected":false},"author":8,"featured_media":10816,"comment_status":"closed","ping_status":"closed","sticky":false,"template":"","format":"standard","meta":{"_acf_changed":false,"pgc_sgb_lightbox_settings":"","footnotes":""},"categories":[1],"tags":[1077,1078,1079,385,1067,1080],"class_list":["post-10815","post","type-post","status-publish","format-standard","has-post-thumbnail","hentry","category-allgemein","tag-eu","tag-schengen-laender","tag-schweiz","tag-terror","tag-terroranschlag","tag-terrorbekaempfung"],"acf":[],"hkrextid":null,"publication":null,"issue":null,"workflow":null,"startPage":null,"spitzmarke":null,"_posts_by_tag_page_fields":{"widget_title":"","widget_tags":""},"_at_widget":"1","_yoast_wpseo_primary_category":"","_yoast_wpseo_focuskw_text_input":"Terrorbek\u00e4mpfung","_yoast_wpseo_opengraph-image":null,"_yoast_wpseo_opengraph-description":null,"_yoast_wpseo_opengraph-title":null,"enclosure":null,"_yoast_wpseo_twitter-title":null,"_yoast_wpseo_twitter-description":null,"_yoast_wpseo_twitter-image":null,"_wp_old_slug":null,"_yoast_wpseo_title":null,"_yoast_wpseo_canonical":null,"yoast_head":"<!-- This site is optimized with the Yoast SEO plugin v27.5 - https:\/\/yoast.com\/product\/yoast-seo-wordpress\/ -->\n<title>Terrorbek\u00e4mpfung: engere Zusammenarbeit - Save<\/title>\n<meta name=\"description\" content=\"Nach den j\u00fcngsten Terroranschl\u00e4gen in Frankreich und \u00d6sterreich wollen die EU-L\u00e4nder und die Schweiz enger zusammenarbeiten.\" \/>\n<meta name=\"robots\" content=\"index, follow, max-snippet:-1, max-image-preview:large, max-video-preview:-1\" \/>\n<link rel=\"canonical\" href=\"https:\/\/news.save.ch\/it\/terrorbekaempfung-engere-zusammenarbeit\/\" \/>\n<meta property=\"og:locale\" content=\"it_IT\" \/>\n<meta property=\"og:type\" content=\"article\" \/>\n<meta property=\"og:title\" content=\"Terrorbek\u00e4mpfung: engere Zusammenarbeit - Save\" \/>\n<meta property=\"og:description\" content=\"Nach den j\u00fcngsten Terroranschl\u00e4gen in Frankreich und \u00d6sterreich wollen die EU-L\u00e4nder und die Schweiz enger zusammenarbeiten.\" \/>\n<meta property=\"og:url\" content=\"https:\/\/news.save.ch\/it\/terrorbekaempfung-engere-zusammenarbeit\/\" \/>\n<meta property=\"og:site_name\" content=\"Save\" \/>\n<meta property=\"article:published_time\" content=\"2020-11-14T07:00:25+00:00\" \/>\n<meta property=\"og:image\" content=\"https:\/\/news.save.ch\/wp-content\/uploads\/2020\/11\/Depositphotos_61436309_s-2019.jpg\" \/>\n\t<meta property=\"og:image:width\" content=\"1000\" \/>\n\t<meta property=\"og:image:height\" content=\"668\" \/>\n\t<meta property=\"og:image:type\" content=\"image\/jpeg\" \/>\n<meta name=\"author\" content=\"Roger Str\u00e4ssle\" \/>\n<meta name=\"twitter:card\" content=\"summary_large_image\" \/>\n<meta name=\"twitter:label1\" content=\"Scritto da\" \/>\n\t<meta name=\"twitter:data1\" content=\"Roger Str\u00e4ssle\" \/>\n\t<meta name=\"twitter:label2\" content=\"Tempo di lettura stimato\" \/>\n\t<meta name=\"twitter:data2\" content=\"3 minuti\" \/>\n<script type=\"application\/ld+json\" class=\"yoast-schema-graph\">{\"@context\":\"https:\\\/\\\/schema.org\",\"@graph\":[{\"@type\":\"Article\",\"@id\":\"https:\\\/\\\/news.save.ch\\\/terrorbekaempfung-engere-zusammenarbeit\\\/#article\",\"isPartOf\":{\"@id\":\"https:\\\/\\\/news.save.ch\\\/terrorbekaempfung-engere-zusammenarbeit\\\/\"},\"author\":{\"name\":\"Roger Str\u00e4ssle\",\"@id\":\"https:\\\/\\\/news.save.ch\\\/de\\\/#\\\/schema\\\/person\\\/d5022db048e0e2b9785c50e5b24da5aa\"},\"headline\":\"Terrorbek\u00e4mpfung: engere Zusammenarbeit\",\"datePublished\":\"2020-11-14T07:00:25+00:00\",\"mainEntityOfPage\":{\"@id\":\"https:\\\/\\\/news.save.ch\\\/terrorbekaempfung-engere-zusammenarbeit\\\/\"},\"wordCount\":534,\"publisher\":{\"@id\":\"https:\\\/\\\/news.save.ch\\\/de\\\/#organization\"},\"image\":{\"@id\":\"https:\\\/\\\/news.save.ch\\\/terrorbekaempfung-engere-zusammenarbeit\\\/#primaryimage\"},\"thumbnailUrl\":\"https:\\\/\\\/news.save.ch\\\/wp-content\\\/uploads\\\/2020\\\/11\\\/Depositphotos_61436309_s-2019.jpg\",\"keywords\":[\"EU\",\"Schengen-L\u00e4nder\",\"Schweiz\",\"Terror\",\"Terroranschlag\",\"Terrorbek\u00e4mpfung\"],\"articleSection\":[\"ALLGEMEIN\"],\"inLanguage\":\"it-IT\"},{\"@type\":\"WebPage\",\"@id\":\"https:\\\/\\\/news.save.ch\\\/terrorbekaempfung-engere-zusammenarbeit\\\/\",\"url\":\"https:\\\/\\\/news.save.ch\\\/terrorbekaempfung-engere-zusammenarbeit\\\/\",\"name\":\"Terrorbek\u00e4mpfung: engere Zusammenarbeit - Save\",\"isPartOf\":{\"@id\":\"https:\\\/\\\/news.save.ch\\\/de\\\/#website\"},\"primaryImageOfPage\":{\"@id\":\"https:\\\/\\\/news.save.ch\\\/terrorbekaempfung-engere-zusammenarbeit\\\/#primaryimage\"},\"image\":{\"@id\":\"https:\\\/\\\/news.save.ch\\\/terrorbekaempfung-engere-zusammenarbeit\\\/#primaryimage\"},\"thumbnailUrl\":\"https:\\\/\\\/news.save.ch\\\/wp-content\\\/uploads\\\/2020\\\/11\\\/Depositphotos_61436309_s-2019.jpg\",\"datePublished\":\"2020-11-14T07:00:25+00:00\",\"description\":\"Nach den j\u00fcngsten Terroranschl\u00e4gen in Frankreich und \u00d6sterreich wollen die EU-L\u00e4nder und die Schweiz enger zusammenarbeiten.\",\"breadcrumb\":{\"@id\":\"https:\\\/\\\/news.save.ch\\\/terrorbekaempfung-engere-zusammenarbeit\\\/#breadcrumb\"},\"inLanguage\":\"it-IT\",\"potentialAction\":[{\"@type\":\"ReadAction\",\"target\":[\"https:\\\/\\\/news.save.ch\\\/terrorbekaempfung-engere-zusammenarbeit\\\/\"]}]},{\"@type\":\"ImageObject\",\"inLanguage\":\"it-IT\",\"@id\":\"https:\\\/\\\/news.save.ch\\\/terrorbekaempfung-engere-zusammenarbeit\\\/#primaryimage\",\"url\":\"https:\\\/\\\/news.save.ch\\\/wp-content\\\/uploads\\\/2020\\\/11\\\/Depositphotos_61436309_s-2019.jpg\",\"contentUrl\":\"https:\\\/\\\/news.save.ch\\\/wp-content\\\/uploads\\\/2020\\\/11\\\/Depositphotos_61436309_s-2019.jpg\",\"width\":1000,\"height\":668,\"caption\":\"\u00a9 depositphotos, Zerbor\"},{\"@type\":\"BreadcrumbList\",\"@id\":\"https:\\\/\\\/news.save.ch\\\/terrorbekaempfung-engere-zusammenarbeit\\\/#breadcrumb\",\"itemListElement\":[{\"@type\":\"ListItem\",\"position\":1,\"name\":\"Home\",\"item\":\"https:\\\/\\\/news.save.ch\\\/de\\\/\"},{\"@type\":\"ListItem\",\"position\":2,\"name\":\"Terrorbek\u00e4mpfung: engere Zusammenarbeit\"}]},{\"@type\":\"WebSite\",\"@id\":\"https:\\\/\\\/news.save.ch\\\/de\\\/#website\",\"url\":\"https:\\\/\\\/news.save.ch\\\/de\\\/\",\"name\":\"Save\",\"description\":\"Schweizer Fachzeitschrift f\u00fcr Sicherheit\",\"publisher\":{\"@id\":\"https:\\\/\\\/news.save.ch\\\/de\\\/#organization\"},\"potentialAction\":[{\"@type\":\"SearchAction\",\"target\":{\"@type\":\"EntryPoint\",\"urlTemplate\":\"https:\\\/\\\/news.save.ch\\\/de\\\/?s={search_term_string}\"},\"query-input\":{\"@type\":\"PropertyValueSpecification\",\"valueRequired\":true,\"valueName\":\"search_term_string\"}}],\"inLanguage\":\"it-IT\"},{\"@type\":\"Organization\",\"@id\":\"https:\\\/\\\/news.save.ch\\\/de\\\/#organization\",\"name\":\"Sicherheitsforum\",\"url\":\"https:\\\/\\\/news.save.ch\\\/de\\\/\",\"logo\":{\"@type\":\"ImageObject\",\"inLanguage\":\"it-IT\",\"@id\":\"https:\\\/\\\/news.save.ch\\\/de\\\/#\\\/schema\\\/logo\\\/image\\\/\",\"url\":\"https:\\\/\\\/news.save.ch\\\/wp-content\\\/uploads\\\/2022\\\/06\\\/Logo_SF_2012.png\",\"contentUrl\":\"https:\\\/\\\/news.save.ch\\\/wp-content\\\/uploads\\\/2022\\\/06\\\/Logo_SF_2012.png\",\"width\":1100,\"height\":91,\"caption\":\"Sicherheitsforum\"},\"image\":{\"@id\":\"https:\\\/\\\/news.save.ch\\\/de\\\/#\\\/schema\\\/logo\\\/image\\\/\"}},{\"@type\":\"Person\",\"@id\":\"https:\\\/\\\/news.save.ch\\\/de\\\/#\\\/schema\\\/person\\\/d5022db048e0e2b9785c50e5b24da5aa\",\"name\":\"Roger Str\u00e4ssle\",\"image\":{\"@type\":\"ImageObject\",\"inLanguage\":\"it-IT\",\"@id\":\"https:\\\/\\\/secure.gravatar.com\\\/avatar\\\/862a5569d087de48e5856e32f45d719a03804c891d6deb8d4f71a660e79e4a47?s=96&d=mm&r=g\",\"url\":\"https:\\\/\\\/secure.gravatar.com\\\/avatar\\\/862a5569d087de48e5856e32f45d719a03804c891d6deb8d4f71a660e79e4a47?s=96&d=mm&r=g\",\"contentUrl\":\"https:\\\/\\\/secure.gravatar.com\\\/avatar\\\/862a5569d087de48e5856e32f45d719a03804c891d6deb8d4f71a660e79e4a47?s=96&d=mm&r=g\",\"caption\":\"Roger Str\u00e4ssle\"},\"url\":\"https:\\\/\\\/news.save.ch\\\/it\\\/author\\\/roger-straessle\\\/\"}]}<\/script>\n<!-- \/ Yoast SEO plugin. -->","yoast_head_json":{"title":"Antiterrorismo: una cooperazione pi\u00f9 stretta - Save","description":"Dopo i recenti attacchi terroristici in Francia e in Austria, i Paesi dell'UE e la Svizzera vogliono collaborare pi\u00f9 strettamente.","robots":{"index":"index","follow":"follow","max-snippet":"max-snippet:-1","max-image-preview":"max-image-preview:large","max-video-preview":"max-video-preview:-1"},"canonical":"https:\/\/news.save.ch\/it\/terrorbekaempfung-engere-zusammenarbeit\/","og_locale":"it_IT","og_type":"article","og_title":"Terrorbek\u00e4mpfung: engere Zusammenarbeit - Save","og_description":"Nach den j\u00fcngsten Terroranschl\u00e4gen in Frankreich und \u00d6sterreich wollen die EU-L\u00e4nder und die Schweiz enger zusammenarbeiten.","og_url":"https:\/\/news.save.ch\/it\/terrorbekaempfung-engere-zusammenarbeit\/","og_site_name":"Save","article_published_time":"2020-11-14T07:00:25+00:00","og_image":[{"width":1000,"height":668,"url":"https:\/\/news.save.ch\/wp-content\/uploads\/2020\/11\/Depositphotos_61436309_s-2019.jpg","type":"image\/jpeg"}],"author":"Roger Str\u00e4ssle","twitter_card":"summary_large_image","twitter_misc":{"Scritto da":"Roger Str\u00e4ssle","Tempo di lettura stimato":"3 minuti"},"schema":{"@context":"https:\/\/schema.org","@graph":[{"@type":"Article","@id":"https:\/\/news.save.ch\/terrorbekaempfung-engere-zusammenarbeit\/#article","isPartOf":{"@id":"https:\/\/news.save.ch\/terrorbekaempfung-engere-zusammenarbeit\/"},"author":{"name":"Roger Str\u00e4ssle","@id":"https:\/\/news.save.ch\/de\/#\/schema\/person\/d5022db048e0e2b9785c50e5b24da5aa"},"headline":"Terrorbek\u00e4mpfung: engere Zusammenarbeit","datePublished":"2020-11-14T07:00:25+00:00","mainEntityOfPage":{"@id":"https:\/\/news.save.ch\/terrorbekaempfung-engere-zusammenarbeit\/"},"wordCount":534,"publisher":{"@id":"https:\/\/news.save.ch\/de\/#organization"},"image":{"@id":"https:\/\/news.save.ch\/terrorbekaempfung-engere-zusammenarbeit\/#primaryimage"},"thumbnailUrl":"https:\/\/news.save.ch\/wp-content\/uploads\/2020\/11\/Depositphotos_61436309_s-2019.jpg","keywords":["EU","Schengen-L\u00e4nder","Schweiz","Terror","Terroranschlag","Terrorbek\u00e4mpfung"],"articleSection":["ALLGEMEIN"],"inLanguage":"it-IT"},{"@type":"WebPage","@id":"https:\/\/news.save.ch\/terrorbekaempfung-engere-zusammenarbeit\/","url":"https:\/\/news.save.ch\/terrorbekaempfung-engere-zusammenarbeit\/","name":"Antiterrorismo: una cooperazione pi\u00f9 stretta - Save","isPartOf":{"@id":"https:\/\/news.save.ch\/de\/#website"},"primaryImageOfPage":{"@id":"https:\/\/news.save.ch\/terrorbekaempfung-engere-zusammenarbeit\/#primaryimage"},"image":{"@id":"https:\/\/news.save.ch\/terrorbekaempfung-engere-zusammenarbeit\/#primaryimage"},"thumbnailUrl":"https:\/\/news.save.ch\/wp-content\/uploads\/2020\/11\/Depositphotos_61436309_s-2019.jpg","datePublished":"2020-11-14T07:00:25+00:00","description":"Dopo i recenti attacchi terroristici in Francia e in Austria, i Paesi dell'UE e la Svizzera vogliono collaborare pi\u00f9 strettamente.","breadcrumb":{"@id":"https:\/\/news.save.ch\/terrorbekaempfung-engere-zusammenarbeit\/#breadcrumb"},"inLanguage":"it-IT","potentialAction":[{"@type":"ReadAction","target":["https:\/\/news.save.ch\/terrorbekaempfung-engere-zusammenarbeit\/"]}]},{"@type":"ImageObject","inLanguage":"it-IT","@id":"https:\/\/news.save.ch\/terrorbekaempfung-engere-zusammenarbeit\/#primaryimage","url":"https:\/\/news.save.ch\/wp-content\/uploads\/2020\/11\/Depositphotos_61436309_s-2019.jpg","contentUrl":"https:\/\/news.save.ch\/wp-content\/uploads\/2020\/11\/Depositphotos_61436309_s-2019.jpg","width":1000,"height":668,"caption":"\u00a9 depositphotos, Zerbor"},{"@type":"BreadcrumbList","@id":"https:\/\/news.save.ch\/terrorbekaempfung-engere-zusammenarbeit\/#breadcrumb","itemListElement":[{"@type":"ListItem","position":1,"name":"Home","item":"https:\/\/news.save.ch\/de\/"},{"@type":"ListItem","position":2,"name":"Terrorbek\u00e4mpfung: engere Zusammenarbeit"}]},{"@type":"WebSite","@id":"https:\/\/news.save.ch\/de\/#website","url":"https:\/\/news.save.ch\/de\/","name":"Risparmiare","description":"Rivista svizzera specializzata in sicurezza","publisher":{"@id":"https:\/\/news.save.ch\/de\/#organization"},"potentialAction":[{"@type":"SearchAction","target":{"@type":"EntryPoint","urlTemplate":"https:\/\/news.save.ch\/de\/?s={search_term_string}"},"query-input":{"@type":"PropertyValueSpecification","valueRequired":true,"valueName":"search_term_string"}}],"inLanguage":"it-IT"},{"@type":"Organization","@id":"https:\/\/news.save.ch\/de\/#organization","name":"Forum sulla sicurezza","url":"https:\/\/news.save.ch\/de\/","logo":{"@type":"ImageObject","inLanguage":"it-IT","@id":"https:\/\/news.save.ch\/de\/#\/schema\/logo\/image\/","url":"https:\/\/news.save.ch\/wp-content\/uploads\/2022\/06\/Logo_SF_2012.png","contentUrl":"https:\/\/news.save.ch\/wp-content\/uploads\/2022\/06\/Logo_SF_2012.png","width":1100,"height":91,"caption":"Sicherheitsforum"},"image":{"@id":"https:\/\/news.save.ch\/de\/#\/schema\/logo\/image\/"}},{"@type":"Person","@id":"https:\/\/news.save.ch\/de\/#\/schema\/person\/d5022db048e0e2b9785c50e5b24da5aa","name":"Roger Str\u00e4ssle","image":{"@type":"ImageObject","inLanguage":"it-IT","@id":"https:\/\/secure.gravatar.com\/avatar\/862a5569d087de48e5856e32f45d719a03804c891d6deb8d4f71a660e79e4a47?s=96&d=mm&r=g","url":"https:\/\/secure.gravatar.com\/avatar\/862a5569d087de48e5856e32f45d719a03804c891d6deb8d4f71a660e79e4a47?s=96&d=mm&r=g","contentUrl":"https:\/\/secure.gravatar.com\/avatar\/862a5569d087de48e5856e32f45d719a03804c891d6deb8d4f71a660e79e4a47?s=96&d=mm&r=g","caption":"Roger Str\u00e4ssle"},"url":"https:\/\/news.save.ch\/it\/author\/roger-straessle\/"}]}},"_links":{"self":[{"href":"https:\/\/news.save.ch\/it\/wp-json\/wp\/v2\/posts\/10815","targetHints":{"allow":["GET"]}}],"collection":[{"href":"https:\/\/news.save.ch\/it\/wp-json\/wp\/v2\/posts"}],"about":[{"href":"https:\/\/news.save.ch\/it\/wp-json\/wp\/v2\/types\/post"}],"author":[{"embeddable":true,"href":"https:\/\/news.save.ch\/it\/wp-json\/wp\/v2\/users\/8"}],"replies":[{"embeddable":true,"href":"https:\/\/news.save.ch\/it\/wp-json\/wp\/v2\/comments?post=10815"}],"version-history":[{"count":0,"href":"https:\/\/news.save.ch\/it\/wp-json\/wp\/v2\/posts\/10815\/revisions"}],"wp:featuredmedia":[{"embeddable":true,"href":"https:\/\/news.save.ch\/it\/wp-json\/wp\/v2\/media\/10816"}],"wp:attachment":[{"href":"https:\/\/news.save.ch\/it\/wp-json\/wp\/v2\/media?parent=10815"}],"wp:term":[{"taxonomy":"category","embeddable":true,"href":"https:\/\/news.save.ch\/it\/wp-json\/wp\/v2\/categories?post=10815"},{"taxonomy":"post_tag","embeddable":true,"href":"https:\/\/news.save.ch\/it\/wp-json\/wp\/v2\/tags?post=10815"}],"curies":[{"name":"wp","href":"https:\/\/api.w.org\/{rel}","templated":true}]}}