{"id":10833,"date":"2020-11-23T10:01:53","date_gmt":"2020-11-23T09:01:53","guid":{"rendered":"https:\/\/news.save.ch\/?p=10833"},"modified":"2023-03-14T08:56:32","modified_gmt":"2023-03-14T07:56:32","slug":"scsd-hybrides-konzept-und-mit-kmu-tag","status":null,"type":"post","link":"https:\/\/news.save.ch\/it\/scsd-hybrides-konzept-und-mit-kmu-tag\/","title":{"rendered":"SCSD: concetto ibrido e giornata PMI"},"content":{"rendered":"<figure id=\"attachment_10834\" aria-describedby=\"caption-attachment-10834\" style=\"width: 680px\" class=\"wp-caption aligncenter\"><img loading=\"lazy\" decoding=\"async\" class=\"wp-image-10834 size-medium\" src=\"https:\/\/news.save.ch\/wp-content\/uploads\/2020\/11\/Depositphotos_130540724_s-2019.jpg\" alt=\"Giornate svizzere della sicurezza informatica, SCSD\" width=\"680\" height=\"454\" srcset=\"https:\/\/news.save.ch\/wp-content\/uploads\/2020\/11\/Depositphotos_130540724_s-2019.jpg 1000w, https:\/\/news.save.ch\/wp-content\/uploads\/2020\/11\/Depositphotos_130540724_s-2019-375x250.jpg 375w\" sizes=\"auto, (max-width: 680px) 100vw, 680px\" \/><figcaption id=\"caption-attachment-10834\" class=\"wp-caption-text\">In occasione del prossimo SCSD \u00e8 prevista una giornata sulla sicurezza informatica rivolta specificamente alle PMI. \u00a9 depositphotos, duiwoy<\/figcaption><\/figure>\n<p>La terza edizione degli Swiss Cyber Security Days (<a href=\"https:\/\/www.swisscybersecuritydays.ch\">SCSD<\/a>) il 10 e l'11 marzo 2021 colmer\u00e0 il divario di conoscenze tra tecnologia e societ\u00e0 nel campo della sicurezza informatica e offrir\u00e0 approfondimenti sulle soluzioni attuali e future.<\/p>\n<p>A causa della pandemia in corso, lo SCSD sar\u00e0 realizzato con un concetto ibrido: da un lato, \u00e8 prevista una presenza con le conferenze, il networking e il catering in loco a Friburgo. D'altra parte, le conferenze saranno trasmesse in streaming in parallelo attraverso la piattaforma \"SCSD365\". SCSD365\" \u00e8 una piattaforma annuale per la sicurezza informatica.<\/p>\n<p><strong>Focus sulle PMI <\/strong><\/p>\n<p>L'11 marzo si terr\u00e0 una \"Giornata nazionale delle PMI\" presso lo SCSD. L'evento si concentrer\u00e0 sulle particolari esigenze di sicurezza informatica delle PMI. Verranno inoltre discussi casi concreti di attacchi a societ\u00e0 svizzere e le loro conseguenze. Anche in questo caso, l'SCSD si concentrer\u00e0 sui valori fondamentali della trasparenza, del trasferimento di conoscenze, della comunicazione aperta e della discussione.<\/p>\n<p><strong>Focus del programma Sicurezza nazionale<\/strong><\/p>\n<p>Nella parte principale della conferenza dello SCSD, oltre all'attualit\u00e0, l'attenzione si concentrer\u00e0 su argomenti che riportano il significato e lo scopo nel cyberspazio, nonch\u00e9 sull'influenza della digitalizzazione sulla societ\u00e0, sulla salute, sulla politica, sull'economia e sugli individui, attualmente orientata principalmente al profitto. Personalit\u00e0 di spicco come il capo dell'Esercito, il comandante di corpo Thomas S\u00fcssli, il presidente dell'EPF di Losanna, Martin Vetterli, e il delegato federale per la sicurezza informatica, Florian Sch\u00fctz, hanno gi\u00e0 confermato la loro partecipazione al tema centrale \"Sicurezza informatica nazionale\". Michael Hengartner, presidente del Consiglio dei PF, \u00e8 tra gli invitati al secondo tema di base, \"Identit\u00e0 e privacy\". Altri temi centrali sono l'e-government, la societ\u00e0 iperconnessa, la protezione dei dati, l'IoT, l'intelligenza artificiale e il 5G.<\/p>\n<p><em>Fonte: SCSD<\/em><\/p>","protected":false},"excerpt":{"rendered":"<p>Die dritten Swiss Cyber Security Days (SCSD) vom 10. und 11. M\u00e4rz 2021 schliessen im Bereich Cybersicherheit die Wissensschere zwischen Technologie und Gesellschaft und bieten Einblicke in aktuelle und zuk\u00fcnftige L\u00f6sungen. Als Folge der andauernden Pandemie werden die SCSD als hybrides Konzept umgesetzt: Einerseits ist eine Pr\u00e4senz mit den Keynotes sowie Networking und Catering vor [&hellip;]<\/p>\n","protected":false},"author":8,"featured_media":10834,"comment_status":"closed","ping_status":"closed","sticky":false,"template":"","format":"standard","meta":{"_acf_changed":false,"pgc_sgb_lightbox_settings":"","footnotes":""},"categories":[3313],"tags":[617,462,160],"class_list":["post-10833","post","type-post","status-publish","format-standard","has-post-thumbnail","hentry","category-digitalisierung","tag-scsd","tag-swiss-cyber-security-days","tag-veranstaltungen"],"acf":[],"hkrextid":null,"publication":null,"issue":null,"workflow":null,"startPage":null,"spitzmarke":null,"_posts_by_tag_page_fields":{"widget_title":"","widget_tags":""},"_at_widget":"1","_yoast_wpseo_primary_category":"2","_yoast_wpseo_focuskw_text_input":"Swiss Cyber Security Days","_yoast_wpseo_opengraph-image":null,"_yoast_wpseo_opengraph-description":null,"_yoast_wpseo_opengraph-title":null,"enclosure":null,"_yoast_wpseo_twitter-title":null,"_yoast_wpseo_twitter-description":null,"_yoast_wpseo_twitter-image":null,"_wp_old_slug":null,"_yoast_wpseo_title":null,"_yoast_wpseo_canonical":null,"yoast_head":"<!-- This site is optimized with the Yoast SEO plugin v27.4 - https:\/\/yoast.com\/product\/yoast-seo-wordpress\/ -->\n<title>SCSD: hybrides Konzept und KMU-Tag - Save<\/title>\n<meta name=\"robots\" content=\"index, follow, max-snippet:-1, max-image-preview:large, max-video-preview:-1\" \/>\n<link rel=\"canonical\" href=\"https:\/\/news.save.ch\/it\/scsd-hybrides-konzept-und-mit-kmu-tag\/\" \/>\n<meta property=\"og:locale\" content=\"it_IT\" \/>\n<meta property=\"og:type\" content=\"article\" \/>\n<meta property=\"og:title\" content=\"SCSD: hybrides Konzept und KMU-Tag - Save\" \/>\n<meta property=\"og:description\" content=\"Die dritten Swiss Cyber Security Days (SCSD) vom 10. und 11. M\u00e4rz 2021 schliessen im Bereich Cybersicherheit die Wissensschere zwischen Technologie und Gesellschaft und bieten Einblicke in aktuelle und zuk\u00fcnftige L\u00f6sungen. Als Folge der andauernden Pandemie werden die SCSD als hybrides Konzept umgesetzt: Einerseits ist eine Pr\u00e4senz mit den Keynotes sowie Networking und Catering vor [&hellip;]\" \/>\n<meta property=\"og:url\" content=\"https:\/\/news.save.ch\/it\/scsd-hybrides-konzept-und-mit-kmu-tag\/\" \/>\n<meta property=\"og:site_name\" content=\"Save\" \/>\n<meta property=\"article:published_time\" content=\"2020-11-23T09:01:53+00:00\" \/>\n<meta property=\"article:modified_time\" content=\"2023-03-14T07:56:32+00:00\" \/>\n<meta property=\"og:image\" content=\"https:\/\/news.save.ch\/wp-content\/uploads\/2020\/11\/Depositphotos_130540724_s-2019.jpg\" \/>\n\t<meta property=\"og:image:width\" content=\"1000\" \/>\n\t<meta property=\"og:image:height\" content=\"667\" \/>\n\t<meta property=\"og:image:type\" content=\"image\/jpeg\" \/>\n<meta name=\"author\" content=\"Roger Str\u00e4ssle\" \/>\n<meta name=\"twitter:card\" content=\"summary_large_image\" \/>\n<meta name=\"twitter:label1\" content=\"Scritto da\" \/>\n\t<meta name=\"twitter:data1\" content=\"Roger Str\u00e4ssle\" \/>\n\t<meta name=\"twitter:label2\" content=\"Tempo di lettura stimato\" \/>\n\t<meta name=\"twitter:data2\" content=\"1 minuto\" \/>\n<script type=\"application\/ld+json\" class=\"yoast-schema-graph\">{\"@context\":\"https:\\\/\\\/schema.org\",\"@graph\":[{\"@type\":\"Article\",\"@id\":\"https:\\\/\\\/news.save.ch\\\/scsd-hybrides-konzept-und-mit-kmu-tag\\\/#article\",\"isPartOf\":{\"@id\":\"https:\\\/\\\/news.save.ch\\\/scsd-hybrides-konzept-und-mit-kmu-tag\\\/\"},\"author\":{\"name\":\"Roger Str\u00e4ssle\",\"@id\":\"https:\\\/\\\/news.save.ch\\\/de\\\/#\\\/schema\\\/person\\\/d5022db048e0e2b9785c50e5b24da5aa\"},\"headline\":\"SCSD: hybrides Konzept und KMU-Tag\",\"datePublished\":\"2020-11-23T09:01:53+00:00\",\"dateModified\":\"2023-03-14T07:56:32+00:00\",\"mainEntityOfPage\":{\"@id\":\"https:\\\/\\\/news.save.ch\\\/scsd-hybrides-konzept-und-mit-kmu-tag\\\/\"},\"wordCount\":281,\"publisher\":{\"@id\":\"https:\\\/\\\/news.save.ch\\\/de\\\/#organization\"},\"image\":{\"@id\":\"https:\\\/\\\/news.save.ch\\\/scsd-hybrides-konzept-und-mit-kmu-tag\\\/#primaryimage\"},\"thumbnailUrl\":\"https:\\\/\\\/news.save.ch\\\/wp-content\\\/uploads\\\/2020\\\/11\\\/Depositphotos_130540724_s-2019.jpg\",\"keywords\":[\"SCSD\",\"Swiss Cyber Security Days\",\"Veranstaltungen\"],\"articleSection\":[\"DIGITALISIERUNG\"],\"inLanguage\":\"it-IT\"},{\"@type\":\"WebPage\",\"@id\":\"https:\\\/\\\/news.save.ch\\\/scsd-hybrides-konzept-und-mit-kmu-tag\\\/\",\"url\":\"https:\\\/\\\/news.save.ch\\\/scsd-hybrides-konzept-und-mit-kmu-tag\\\/\",\"name\":\"SCSD: hybrides Konzept und KMU-Tag - Save\",\"isPartOf\":{\"@id\":\"https:\\\/\\\/news.save.ch\\\/de\\\/#website\"},\"primaryImageOfPage\":{\"@id\":\"https:\\\/\\\/news.save.ch\\\/scsd-hybrides-konzept-und-mit-kmu-tag\\\/#primaryimage\"},\"image\":{\"@id\":\"https:\\\/\\\/news.save.ch\\\/scsd-hybrides-konzept-und-mit-kmu-tag\\\/#primaryimage\"},\"thumbnailUrl\":\"https:\\\/\\\/news.save.ch\\\/wp-content\\\/uploads\\\/2020\\\/11\\\/Depositphotos_130540724_s-2019.jpg\",\"datePublished\":\"2020-11-23T09:01:53+00:00\",\"dateModified\":\"2023-03-14T07:56:32+00:00\",\"breadcrumb\":{\"@id\":\"https:\\\/\\\/news.save.ch\\\/scsd-hybrides-konzept-und-mit-kmu-tag\\\/#breadcrumb\"},\"inLanguage\":\"it-IT\",\"potentialAction\":[{\"@type\":\"ReadAction\",\"target\":[\"https:\\\/\\\/news.save.ch\\\/scsd-hybrides-konzept-und-mit-kmu-tag\\\/\"]}]},{\"@type\":\"ImageObject\",\"inLanguage\":\"it-IT\",\"@id\":\"https:\\\/\\\/news.save.ch\\\/scsd-hybrides-konzept-und-mit-kmu-tag\\\/#primaryimage\",\"url\":\"https:\\\/\\\/news.save.ch\\\/wp-content\\\/uploads\\\/2020\\\/11\\\/Depositphotos_130540724_s-2019.jpg\",\"contentUrl\":\"https:\\\/\\\/news.save.ch\\\/wp-content\\\/uploads\\\/2020\\\/11\\\/Depositphotos_130540724_s-2019.jpg\",\"width\":1000,\"height\":667,\"caption\":\"\u00a9 depositphotos, duiwoy\"},{\"@type\":\"BreadcrumbList\",\"@id\":\"https:\\\/\\\/news.save.ch\\\/scsd-hybrides-konzept-und-mit-kmu-tag\\\/#breadcrumb\",\"itemListElement\":[{\"@type\":\"ListItem\",\"position\":1,\"name\":\"Home\",\"item\":\"https:\\\/\\\/news.save.ch\\\/de\\\/\"},{\"@type\":\"ListItem\",\"position\":2,\"name\":\"SCSD: hybrides Konzept und KMU-Tag\"}]},{\"@type\":\"WebSite\",\"@id\":\"https:\\\/\\\/news.save.ch\\\/de\\\/#website\",\"url\":\"https:\\\/\\\/news.save.ch\\\/de\\\/\",\"name\":\"Save\",\"description\":\"Schweizer Fachzeitschrift f\u00fcr Sicherheit\",\"publisher\":{\"@id\":\"https:\\\/\\\/news.save.ch\\\/de\\\/#organization\"},\"potentialAction\":[{\"@type\":\"SearchAction\",\"target\":{\"@type\":\"EntryPoint\",\"urlTemplate\":\"https:\\\/\\\/news.save.ch\\\/de\\\/?s={search_term_string}\"},\"query-input\":{\"@type\":\"PropertyValueSpecification\",\"valueRequired\":true,\"valueName\":\"search_term_string\"}}],\"inLanguage\":\"it-IT\"},{\"@type\":\"Organization\",\"@id\":\"https:\\\/\\\/news.save.ch\\\/de\\\/#organization\",\"name\":\"Sicherheitsforum\",\"url\":\"https:\\\/\\\/news.save.ch\\\/de\\\/\",\"logo\":{\"@type\":\"ImageObject\",\"inLanguage\":\"it-IT\",\"@id\":\"https:\\\/\\\/news.save.ch\\\/de\\\/#\\\/schema\\\/logo\\\/image\\\/\",\"url\":\"https:\\\/\\\/news.save.ch\\\/wp-content\\\/uploads\\\/2022\\\/06\\\/Logo_SF_2012.png\",\"contentUrl\":\"https:\\\/\\\/news.save.ch\\\/wp-content\\\/uploads\\\/2022\\\/06\\\/Logo_SF_2012.png\",\"width\":1100,\"height\":91,\"caption\":\"Sicherheitsforum\"},\"image\":{\"@id\":\"https:\\\/\\\/news.save.ch\\\/de\\\/#\\\/schema\\\/logo\\\/image\\\/\"}},{\"@type\":\"Person\",\"@id\":\"https:\\\/\\\/news.save.ch\\\/de\\\/#\\\/schema\\\/person\\\/d5022db048e0e2b9785c50e5b24da5aa\",\"name\":\"Roger Str\u00e4ssle\",\"image\":{\"@type\":\"ImageObject\",\"inLanguage\":\"it-IT\",\"@id\":\"https:\\\/\\\/secure.gravatar.com\\\/avatar\\\/862a5569d087de48e5856e32f45d719a03804c891d6deb8d4f71a660e79e4a47?s=96&d=mm&r=g\",\"url\":\"https:\\\/\\\/secure.gravatar.com\\\/avatar\\\/862a5569d087de48e5856e32f45d719a03804c891d6deb8d4f71a660e79e4a47?s=96&d=mm&r=g\",\"contentUrl\":\"https:\\\/\\\/secure.gravatar.com\\\/avatar\\\/862a5569d087de48e5856e32f45d719a03804c891d6deb8d4f71a660e79e4a47?s=96&d=mm&r=g\",\"caption\":\"Roger Str\u00e4ssle\"},\"url\":\"https:\\\/\\\/news.save.ch\\\/it\\\/author\\\/roger-straessle\\\/\"}]}<\/script>\n<!-- \/ Yoast SEO plugin. -->","yoast_head_json":{"title":"SCSD: concetto ibrido e giornata delle PMI - Salva","robots":{"index":"index","follow":"follow","max-snippet":"max-snippet:-1","max-image-preview":"max-image-preview:large","max-video-preview":"max-video-preview:-1"},"canonical":"https:\/\/news.save.ch\/it\/scsd-hybrides-konzept-und-mit-kmu-tag\/","og_locale":"it_IT","og_type":"article","og_title":"SCSD: hybrides Konzept und KMU-Tag - Save","og_description":"Die dritten Swiss Cyber Security Days (SCSD) vom 10. und 11. M\u00e4rz 2021 schliessen im Bereich Cybersicherheit die Wissensschere zwischen Technologie und Gesellschaft und bieten Einblicke in aktuelle und zuk\u00fcnftige L\u00f6sungen. Als Folge der andauernden Pandemie werden die SCSD als hybrides Konzept umgesetzt: Einerseits ist eine Pr\u00e4senz mit den Keynotes sowie Networking und Catering vor [&hellip;]","og_url":"https:\/\/news.save.ch\/it\/scsd-hybrides-konzept-und-mit-kmu-tag\/","og_site_name":"Save","article_published_time":"2020-11-23T09:01:53+00:00","article_modified_time":"2023-03-14T07:56:32+00:00","og_image":[{"width":1000,"height":667,"url":"https:\/\/news.save.ch\/wp-content\/uploads\/2020\/11\/Depositphotos_130540724_s-2019.jpg","type":"image\/jpeg"}],"author":"Roger Str\u00e4ssle","twitter_card":"summary_large_image","twitter_misc":{"Scritto da":"Roger Str\u00e4ssle","Tempo di lettura stimato":"1 minuto"},"schema":{"@context":"https:\/\/schema.org","@graph":[{"@type":"Article","@id":"https:\/\/news.save.ch\/scsd-hybrides-konzept-und-mit-kmu-tag\/#article","isPartOf":{"@id":"https:\/\/news.save.ch\/scsd-hybrides-konzept-und-mit-kmu-tag\/"},"author":{"name":"Roger Str\u00e4ssle","@id":"https:\/\/news.save.ch\/de\/#\/schema\/person\/d5022db048e0e2b9785c50e5b24da5aa"},"headline":"SCSD: hybrides Konzept und KMU-Tag","datePublished":"2020-11-23T09:01:53+00:00","dateModified":"2023-03-14T07:56:32+00:00","mainEntityOfPage":{"@id":"https:\/\/news.save.ch\/scsd-hybrides-konzept-und-mit-kmu-tag\/"},"wordCount":281,"publisher":{"@id":"https:\/\/news.save.ch\/de\/#organization"},"image":{"@id":"https:\/\/news.save.ch\/scsd-hybrides-konzept-und-mit-kmu-tag\/#primaryimage"},"thumbnailUrl":"https:\/\/news.save.ch\/wp-content\/uploads\/2020\/11\/Depositphotos_130540724_s-2019.jpg","keywords":["SCSD","Swiss Cyber Security Days","Veranstaltungen"],"articleSection":["DIGITALISIERUNG"],"inLanguage":"it-IT"},{"@type":"WebPage","@id":"https:\/\/news.save.ch\/scsd-hybrides-konzept-und-mit-kmu-tag\/","url":"https:\/\/news.save.ch\/scsd-hybrides-konzept-und-mit-kmu-tag\/","name":"SCSD: concetto ibrido e giornata delle PMI - Salva","isPartOf":{"@id":"https:\/\/news.save.ch\/de\/#website"},"primaryImageOfPage":{"@id":"https:\/\/news.save.ch\/scsd-hybrides-konzept-und-mit-kmu-tag\/#primaryimage"},"image":{"@id":"https:\/\/news.save.ch\/scsd-hybrides-konzept-und-mit-kmu-tag\/#primaryimage"},"thumbnailUrl":"https:\/\/news.save.ch\/wp-content\/uploads\/2020\/11\/Depositphotos_130540724_s-2019.jpg","datePublished":"2020-11-23T09:01:53+00:00","dateModified":"2023-03-14T07:56:32+00:00","breadcrumb":{"@id":"https:\/\/news.save.ch\/scsd-hybrides-konzept-und-mit-kmu-tag\/#breadcrumb"},"inLanguage":"it-IT","potentialAction":[{"@type":"ReadAction","target":["https:\/\/news.save.ch\/scsd-hybrides-konzept-und-mit-kmu-tag\/"]}]},{"@type":"ImageObject","inLanguage":"it-IT","@id":"https:\/\/news.save.ch\/scsd-hybrides-konzept-und-mit-kmu-tag\/#primaryimage","url":"https:\/\/news.save.ch\/wp-content\/uploads\/2020\/11\/Depositphotos_130540724_s-2019.jpg","contentUrl":"https:\/\/news.save.ch\/wp-content\/uploads\/2020\/11\/Depositphotos_130540724_s-2019.jpg","width":1000,"height":667,"caption":"\u00a9 depositphotos, duiwoy"},{"@type":"BreadcrumbList","@id":"https:\/\/news.save.ch\/scsd-hybrides-konzept-und-mit-kmu-tag\/#breadcrumb","itemListElement":[{"@type":"ListItem","position":1,"name":"Home","item":"https:\/\/news.save.ch\/de\/"},{"@type":"ListItem","position":2,"name":"SCSD: hybrides Konzept und KMU-Tag"}]},{"@type":"WebSite","@id":"https:\/\/news.save.ch\/de\/#website","url":"https:\/\/news.save.ch\/de\/","name":"Risparmiare","description":"Rivista svizzera specializzata in sicurezza","publisher":{"@id":"https:\/\/news.save.ch\/de\/#organization"},"potentialAction":[{"@type":"SearchAction","target":{"@type":"EntryPoint","urlTemplate":"https:\/\/news.save.ch\/de\/?s={search_term_string}"},"query-input":{"@type":"PropertyValueSpecification","valueRequired":true,"valueName":"search_term_string"}}],"inLanguage":"it-IT"},{"@type":"Organization","@id":"https:\/\/news.save.ch\/de\/#organization","name":"Forum sulla sicurezza","url":"https:\/\/news.save.ch\/de\/","logo":{"@type":"ImageObject","inLanguage":"it-IT","@id":"https:\/\/news.save.ch\/de\/#\/schema\/logo\/image\/","url":"https:\/\/news.save.ch\/wp-content\/uploads\/2022\/06\/Logo_SF_2012.png","contentUrl":"https:\/\/news.save.ch\/wp-content\/uploads\/2022\/06\/Logo_SF_2012.png","width":1100,"height":91,"caption":"Sicherheitsforum"},"image":{"@id":"https:\/\/news.save.ch\/de\/#\/schema\/logo\/image\/"}},{"@type":"Person","@id":"https:\/\/news.save.ch\/de\/#\/schema\/person\/d5022db048e0e2b9785c50e5b24da5aa","name":"Roger Str\u00e4ssle","image":{"@type":"ImageObject","inLanguage":"it-IT","@id":"https:\/\/secure.gravatar.com\/avatar\/862a5569d087de48e5856e32f45d719a03804c891d6deb8d4f71a660e79e4a47?s=96&d=mm&r=g","url":"https:\/\/secure.gravatar.com\/avatar\/862a5569d087de48e5856e32f45d719a03804c891d6deb8d4f71a660e79e4a47?s=96&d=mm&r=g","contentUrl":"https:\/\/secure.gravatar.com\/avatar\/862a5569d087de48e5856e32f45d719a03804c891d6deb8d4f71a660e79e4a47?s=96&d=mm&r=g","caption":"Roger Str\u00e4ssle"},"url":"https:\/\/news.save.ch\/it\/author\/roger-straessle\/"}]}},"_links":{"self":[{"href":"https:\/\/news.save.ch\/it\/wp-json\/wp\/v2\/posts\/10833","targetHints":{"allow":["GET"]}}],"collection":[{"href":"https:\/\/news.save.ch\/it\/wp-json\/wp\/v2\/posts"}],"about":[{"href":"https:\/\/news.save.ch\/it\/wp-json\/wp\/v2\/types\/post"}],"author":[{"embeddable":true,"href":"https:\/\/news.save.ch\/it\/wp-json\/wp\/v2\/users\/8"}],"replies":[{"embeddable":true,"href":"https:\/\/news.save.ch\/it\/wp-json\/wp\/v2\/comments?post=10833"}],"version-history":[{"count":1,"href":"https:\/\/news.save.ch\/it\/wp-json\/wp\/v2\/posts\/10833\/revisions"}],"predecessor-version":[{"id":17299,"href":"https:\/\/news.save.ch\/it\/wp-json\/wp\/v2\/posts\/10833\/revisions\/17299"}],"wp:featuredmedia":[{"embeddable":true,"href":"https:\/\/news.save.ch\/it\/wp-json\/wp\/v2\/media\/10834"}],"wp:attachment":[{"href":"https:\/\/news.save.ch\/it\/wp-json\/wp\/v2\/media?parent=10833"}],"wp:term":[{"taxonomy":"category","embeddable":true,"href":"https:\/\/news.save.ch\/it\/wp-json\/wp\/v2\/categories?post=10833"},{"taxonomy":"post_tag","embeddable":true,"href":"https:\/\/news.save.ch\/it\/wp-json\/wp\/v2\/tags?post=10833"}],"curies":[{"name":"wp","href":"https:\/\/api.w.org\/{rel}","templated":true}]}}