{"id":111,"date":"2015-04-15T14:46:53","date_gmt":"2015-04-15T12:46:53","guid":{"rendered":"https:\/\/dev.sicherheitsforum.ch\/?p=111"},"modified":"2015-04-15T14:46:53","modified_gmt":"2015-04-15T12:46:53","slug":"handelsregister-erhaelt-zentrale-datenbank","status":null,"type":"post","link":"https:\/\/news.save.ch\/it\/handelsregister-erhaelt-zentrale-datenbank\/","title":{"rendered":"Il registro delle imprese riceve un database centrale"},"content":{"rendered":"<figure id=\"attachment_112\" aria-describedby=\"caption-attachment-112\" style=\"width: 648px\" class=\"wp-caption alignnone\"><img loading=\"lazy\" decoding=\"async\" class=\"size-full wp-image-112\" src=\"https:\/\/sicherheitsforum.ch\/wp-content\/uploads\/2016\/12\/552e2dc3ccf81_adressbuchbetrueger-seco-warnung-handelsregister_sicherheitsforum.jpg\" alt=\"In futuro dovrebbe lavorare con un database centrale - l&#039;Ufficio del Registro di Commercio svizzero.\" width=\"648\" height=\"388\" srcset=\"https:\/\/news.save.ch\/wp-content\/uploads\/2016\/12\/552e2dc3ccf81_adressbuchbetrueger-seco-warnung-handelsregister_sicherheitsforum.jpg 648w, https:\/\/news.save.ch\/wp-content\/uploads\/2016\/12\/552e2dc3ccf81_adressbuchbetrueger-seco-warnung-handelsregister_sicherheitsforum-375x225.jpg 375w\" sizes=\"auto, (max-width: 648px) 100vw, 648px\" \/><figcaption id=\"caption-attachment-112\" class=\"wp-caption-text\">In futuro dovrebbe lavorare con un database centrale - l'Ufficio del Registro di Commercio svizzero.<\/figcaption><\/figure>\n<p>Il Consiglio federale intende modernizzare il registro delle imprese affinch\u00e9 possa continuare a svolgere la sua importante funzione al servizio della sicurezza e dell'efficienza delle transazioni legali. Questo \u00e8 stato il <a href=\"https:\/\/www.ejpd.admin.ch\" target=\"_blank\" data-cke-saved-href=\"https:\/\/www.ejpd.admin.ch\" rel=\"noopener\">Dipartimento federale di giustizia e polizia<\/a> (FDJP) ha recentemente comunicato.<\/p>\n<p>Dal 1937, le disposizioni sul registro di commercio nel Codice delle obbligazioni non sono state riviste in modo completo. Cinque anni fa la Commissione federale di esperti per il registro delle imprese ha elaborato una \"visione\" ed \u00e8 giunta alla conclusione che la modernizzazione era necessaria.<\/p>\n<p><strong>N. AVS come identificatore <\/strong><\/p>\n<p>Il numero di assicurazione AVS sar\u00e0 ora utilizzato sistematicamente anche nel registro delle imprese per identificare le persone fisiche, come gi\u00e0 previsto per altri registri di diritto privato. Il DFGP scrive che questo identificatore personale permanente migliora la gestione del registro, in particolare grazie alla qualit\u00e0 e alla tempestivit\u00e0 dei dati personali.<\/p>\n<p>Finora i dati personali sono stati registrati in modo decentralizzato nelle rispettive banche dati cantonali del registro di commercio. Pertanto, oggi non \u00e8 possibile determinare in tutta la Svizzera quale persona fisica sia iscritta nel registro delle imprese con quale funzione o con quale potere di firma presso diverse entit\u00e0 giuridiche. Questo problema sar\u00e0 risolto con la creazione di un database centrale.<\/p>\n<p><strong>Facilitazione per le societ\u00e0<\/strong><\/p>\n<p>Il progetto di legge del Consiglio federale prevede anche semplificazioni per le imprese. Secondo il DFGP, la \"dichiarazione della Stampa\" come documento separato deve essere abolita. Questa dichiarazione serve a confermare, in particolare in caso di iscrizione nel registro delle imprese di una societ\u00e0 per azioni, che non vi sono conferimenti in natura, acquisizioni in natura, compensazioni o prestazioni speciali diverse da quelle indicate nei documenti. Secondo il rapporto, anche la cessione di quote di una societ\u00e0 a responsabilit\u00e0 limitata tra soci \u00e8 parzialmente esente da requisiti formali.<\/p>\n<p>Secondo il DFGP, la revisione completa della legge sul registro commerciale rafforza la legalit\u00e0, l'uguaglianza giuridica e la chiarezza. Importanti contenuti dell'attuale Ordinanza sul registro di commercio del 17 ottobre 2007 verrebbero ancorati nel Codice delle obbligazioni.<\/p>\n<p>Il Consiglio federale ha appena adottato un messaggio sulla modifica del regolamento del registro di commercio.<\/p>","protected":false},"excerpt":{"rendered":"<p>Der Bundesrat will das Handelsregister modernisieren, damit es weiterhin seine wichtige Funktion im Dienst der Sicherheit und der Effizienz des Rechtsverkehrs erf\u00fcllen kann. Dies hat das Eidgen\u00f6ssische Justiz- und Polizeidepartement (EJPD) k\u00fcrzlich mitgeteilt. Seit dem Jahr 1937 sind die Vorschriften \u00fcber das Handelsregister im Obligationenrecht nicht mehr umfassend revidiert worden. Die Eidgen\u00f6ssische Expertenkommission f\u00fcr das [&hellip;]<\/p>\n","protected":false},"author":1,"featured_media":112,"comment_status":"open","ping_status":"open","sticky":false,"template":"","format":"standard","meta":{"_acf_changed":false,"pgc_sgb_lightbox_settings":"","footnotes":""},"categories":[1],"tags":[93,69,94],"class_list":["post-111","post","type-post","status-publish","format-standard","has-post-thumbnail","hentry","category-allgemein","tag-handelsregister","tag-justiz-polizei","tag-zentrale-datenbank"],"acf":[],"hkrextid":null,"publication":null,"issue":null,"workflow":null,"startPage":null,"spitzmarke":null,"_posts_by_tag_page_fields":{"widget_title":"","widget_tags":""},"_at_widget":"1","_yoast_wpseo_primary_category":"1","_yoast_wpseo_focuskw_text_input":"Handelsregister","_yoast_wpseo_opengraph-image":"https:\/\/news.save.ch\/wp-content\/uploads\/2016\/12\/552e2dc3ccf81_adressbuchbetrueger-seco-warnung-handelsregister_sicherheitsforum.jpg","_yoast_wpseo_opengraph-description":"Das schweizerische Handelsregister wird aufgefrischt.","_yoast_wpseo_opengraph-title":"Handelsregister","enclosure":null,"_yoast_wpseo_twitter-title":null,"_yoast_wpseo_twitter-description":null,"_yoast_wpseo_twitter-image":null,"_wp_old_slug":null,"_yoast_wpseo_title":null,"_yoast_wpseo_canonical":null,"yoast_head":"<!-- This site is optimized with the Yoast SEO plugin v27.4 - https:\/\/yoast.com\/product\/yoast-seo-wordpress\/ -->\n<title>Handelsregister erh\u00e4lt zentrale Datenbank - Save<\/title>\n<meta name=\"description\" content=\"Das schweizerische Handelsregister wird aufgefrischt.\" \/>\n<meta name=\"robots\" content=\"index, follow, max-snippet:-1, max-image-preview:large, max-video-preview:-1\" \/>\n<link rel=\"canonical\" href=\"https:\/\/news.save.ch\/it\/handelsregister-erhaelt-zentrale-datenbank\/\" \/>\n<meta property=\"og:locale\" content=\"it_IT\" \/>\n<meta property=\"og:type\" content=\"article\" \/>\n<meta property=\"og:title\" content=\"Handelsregister\" \/>\n<meta property=\"og:description\" content=\"Das schweizerische Handelsregister wird aufgefrischt.\" \/>\n<meta property=\"og:url\" content=\"https:\/\/news.save.ch\/it\/handelsregister-erhaelt-zentrale-datenbank\/\" \/>\n<meta property=\"og:site_name\" content=\"Save\" \/>\n<meta property=\"article:published_time\" content=\"2015-04-15T12:46:53+00:00\" \/>\n<meta property=\"og:image\" content=\"https:\/\/news.save.ch\/wp-content\/uploads\/2016\/12\/552e2dc3ccf81_adressbuchbetrueger-seco-warnung-handelsregister_sicherheitsforum.jpg\" \/>\n<meta name=\"author\" content=\"admin\" \/>\n<meta name=\"twitter:card\" content=\"summary_large_image\" \/>\n<meta name=\"twitter:label1\" content=\"Scritto da\" \/>\n\t<meta name=\"twitter:data1\" content=\"admin\" \/>\n\t<meta name=\"twitter:label2\" content=\"Tempo di lettura stimato\" \/>\n\t<meta name=\"twitter:data2\" content=\"2 minuti\" \/>\n<script type=\"application\/ld+json\" class=\"yoast-schema-graph\">{\"@context\":\"https:\\\/\\\/schema.org\",\"@graph\":[{\"@type\":\"Article\",\"@id\":\"https:\\\/\\\/news.save.ch\\\/handelsregister-erhaelt-zentrale-datenbank\\\/#article\",\"isPartOf\":{\"@id\":\"https:\\\/\\\/news.save.ch\\\/handelsregister-erhaelt-zentrale-datenbank\\\/\"},\"author\":{\"name\":\"admin\",\"@id\":\"https:\\\/\\\/news.save.ch\\\/de\\\/#\\\/schema\\\/person\\\/d49e199490bad7c70d64b9ab51142f2b\"},\"headline\":\"Handelsregister erh\u00e4lt zentrale Datenbank\",\"datePublished\":\"2015-04-15T12:46:53+00:00\",\"mainEntityOfPage\":{\"@id\":\"https:\\\/\\\/news.save.ch\\\/handelsregister-erhaelt-zentrale-datenbank\\\/\"},\"wordCount\":323,\"commentCount\":0,\"publisher\":{\"@id\":\"https:\\\/\\\/news.save.ch\\\/de\\\/#organization\"},\"image\":{\"@id\":\"https:\\\/\\\/news.save.ch\\\/handelsregister-erhaelt-zentrale-datenbank\\\/#primaryimage\"},\"thumbnailUrl\":\"https:\\\/\\\/news.save.ch\\\/wp-content\\\/uploads\\\/2016\\\/12\\\/552e2dc3ccf81_adressbuchbetrueger-seco-warnung-handelsregister_sicherheitsforum.jpg\",\"keywords\":[\"Handelsregister\",\"Justiz &amp; Polizei\",\"zentrale Datenbank\"],\"articleSection\":[\"ALLGEMEIN\"],\"inLanguage\":\"it-IT\"},{\"@type\":\"WebPage\",\"@id\":\"https:\\\/\\\/news.save.ch\\\/handelsregister-erhaelt-zentrale-datenbank\\\/\",\"url\":\"https:\\\/\\\/news.save.ch\\\/handelsregister-erhaelt-zentrale-datenbank\\\/\",\"name\":\"Handelsregister erh\u00e4lt zentrale Datenbank - Save\",\"isPartOf\":{\"@id\":\"https:\\\/\\\/news.save.ch\\\/de\\\/#website\"},\"primaryImageOfPage\":{\"@id\":\"https:\\\/\\\/news.save.ch\\\/handelsregister-erhaelt-zentrale-datenbank\\\/#primaryimage\"},\"image\":{\"@id\":\"https:\\\/\\\/news.save.ch\\\/handelsregister-erhaelt-zentrale-datenbank\\\/#primaryimage\"},\"thumbnailUrl\":\"https:\\\/\\\/news.save.ch\\\/wp-content\\\/uploads\\\/2016\\\/12\\\/552e2dc3ccf81_adressbuchbetrueger-seco-warnung-handelsregister_sicherheitsforum.jpg\",\"datePublished\":\"2015-04-15T12:46:53+00:00\",\"description\":\"Das schweizerische Handelsregister wird aufgefrischt.\",\"breadcrumb\":{\"@id\":\"https:\\\/\\\/news.save.ch\\\/handelsregister-erhaelt-zentrale-datenbank\\\/#breadcrumb\"},\"inLanguage\":\"it-IT\",\"potentialAction\":[{\"@type\":\"ReadAction\",\"target\":[\"https:\\\/\\\/news.save.ch\\\/handelsregister-erhaelt-zentrale-datenbank\\\/\"]}]},{\"@type\":\"ImageObject\",\"inLanguage\":\"it-IT\",\"@id\":\"https:\\\/\\\/news.save.ch\\\/handelsregister-erhaelt-zentrale-datenbank\\\/#primaryimage\",\"url\":\"https:\\\/\\\/news.save.ch\\\/wp-content\\\/uploads\\\/2016\\\/12\\\/552e2dc3ccf81_adressbuchbetrueger-seco-warnung-handelsregister_sicherheitsforum.jpg\",\"contentUrl\":\"https:\\\/\\\/news.save.ch\\\/wp-content\\\/uploads\\\/2016\\\/12\\\/552e2dc3ccf81_adressbuchbetrueger-seco-warnung-handelsregister_sicherheitsforum.jpg\",\"width\":648,\"height\":388,\"caption\":\"Soll in Zukunft mit einer zentralen Datenbank arbeiten - das schweizerische Handelsregisteramt.\"},{\"@type\":\"BreadcrumbList\",\"@id\":\"https:\\\/\\\/news.save.ch\\\/handelsregister-erhaelt-zentrale-datenbank\\\/#breadcrumb\",\"itemListElement\":[{\"@type\":\"ListItem\",\"position\":1,\"name\":\"Home\",\"item\":\"https:\\\/\\\/news.save.ch\\\/de\\\/\"},{\"@type\":\"ListItem\",\"position\":2,\"name\":\"Handelsregister erh\u00e4lt zentrale Datenbank\"}]},{\"@type\":\"WebSite\",\"@id\":\"https:\\\/\\\/news.save.ch\\\/de\\\/#website\",\"url\":\"https:\\\/\\\/news.save.ch\\\/de\\\/\",\"name\":\"Save\",\"description\":\"Schweizer Fachzeitschrift f\u00fcr Sicherheit\",\"publisher\":{\"@id\":\"https:\\\/\\\/news.save.ch\\\/de\\\/#organization\"},\"potentialAction\":[{\"@type\":\"SearchAction\",\"target\":{\"@type\":\"EntryPoint\",\"urlTemplate\":\"https:\\\/\\\/news.save.ch\\\/de\\\/?s={search_term_string}\"},\"query-input\":{\"@type\":\"PropertyValueSpecification\",\"valueRequired\":true,\"valueName\":\"search_term_string\"}}],\"inLanguage\":\"it-IT\"},{\"@type\":\"Organization\",\"@id\":\"https:\\\/\\\/news.save.ch\\\/de\\\/#organization\",\"name\":\"Sicherheitsforum\",\"url\":\"https:\\\/\\\/news.save.ch\\\/de\\\/\",\"logo\":{\"@type\":\"ImageObject\",\"inLanguage\":\"it-IT\",\"@id\":\"https:\\\/\\\/news.save.ch\\\/de\\\/#\\\/schema\\\/logo\\\/image\\\/\",\"url\":\"https:\\\/\\\/news.save.ch\\\/wp-content\\\/uploads\\\/2022\\\/06\\\/Logo_SF_2012.png\",\"contentUrl\":\"https:\\\/\\\/news.save.ch\\\/wp-content\\\/uploads\\\/2022\\\/06\\\/Logo_SF_2012.png\",\"width\":1100,\"height\":91,\"caption\":\"Sicherheitsforum\"},\"image\":{\"@id\":\"https:\\\/\\\/news.save.ch\\\/de\\\/#\\\/schema\\\/logo\\\/image\\\/\"}},{\"@type\":\"Person\",\"@id\":\"https:\\\/\\\/news.save.ch\\\/de\\\/#\\\/schema\\\/person\\\/d49e199490bad7c70d64b9ab51142f2b\",\"name\":\"admin\",\"image\":{\"@type\":\"ImageObject\",\"inLanguage\":\"it-IT\",\"@id\":\"https:\\\/\\\/secure.gravatar.com\\\/avatar\\\/ae2f4d718e6c49043e314ce431e7e645d646302a24a5ef5a8bc8e3f5a032e319?s=96&d=mm&r=g\",\"url\":\"https:\\\/\\\/secure.gravatar.com\\\/avatar\\\/ae2f4d718e6c49043e314ce431e7e645d646302a24a5ef5a8bc8e3f5a032e319?s=96&d=mm&r=g\",\"contentUrl\":\"https:\\\/\\\/secure.gravatar.com\\\/avatar\\\/ae2f4d718e6c49043e314ce431e7e645d646302a24a5ef5a8bc8e3f5a032e319?s=96&d=mm&r=g\",\"caption\":\"admin\"},\"sameAs\":[\"https:\\\/\\\/develop.organisator.galledia.ch\"],\"url\":\"https:\\\/\\\/news.save.ch\\\/it\\\/author\\\/admin\\\/\"}]}<\/script>\n<!-- \/ Yoast SEO plugin. -->","yoast_head_json":{"title":"Il registro delle imprese riceve una banca dati centrale - Salva","description":"Il Registro di commercio svizzero viene aggiornato.","robots":{"index":"index","follow":"follow","max-snippet":"max-snippet:-1","max-image-preview":"max-image-preview:large","max-video-preview":"max-video-preview:-1"},"canonical":"https:\/\/news.save.ch\/it\/handelsregister-erhaelt-zentrale-datenbank\/","og_locale":"it_IT","og_type":"article","og_title":"Handelsregister","og_description":"Das schweizerische Handelsregister wird aufgefrischt.","og_url":"https:\/\/news.save.ch\/it\/handelsregister-erhaelt-zentrale-datenbank\/","og_site_name":"Save","article_published_time":"2015-04-15T12:46:53+00:00","og_image":[{"url":"https:\/\/news.save.ch\/wp-content\/uploads\/2016\/12\/552e2dc3ccf81_adressbuchbetrueger-seco-warnung-handelsregister_sicherheitsforum.jpg","type":"","width":"","height":""}],"author":"admin","twitter_card":"summary_large_image","twitter_misc":{"Scritto da":"admin","Tempo di lettura stimato":"2 minuti"},"schema":{"@context":"https:\/\/schema.org","@graph":[{"@type":"Article","@id":"https:\/\/news.save.ch\/handelsregister-erhaelt-zentrale-datenbank\/#article","isPartOf":{"@id":"https:\/\/news.save.ch\/handelsregister-erhaelt-zentrale-datenbank\/"},"author":{"name":"admin","@id":"https:\/\/news.save.ch\/de\/#\/schema\/person\/d49e199490bad7c70d64b9ab51142f2b"},"headline":"Handelsregister erh\u00e4lt zentrale Datenbank","datePublished":"2015-04-15T12:46:53+00:00","mainEntityOfPage":{"@id":"https:\/\/news.save.ch\/handelsregister-erhaelt-zentrale-datenbank\/"},"wordCount":323,"commentCount":0,"publisher":{"@id":"https:\/\/news.save.ch\/de\/#organization"},"image":{"@id":"https:\/\/news.save.ch\/handelsregister-erhaelt-zentrale-datenbank\/#primaryimage"},"thumbnailUrl":"https:\/\/news.save.ch\/wp-content\/uploads\/2016\/12\/552e2dc3ccf81_adressbuchbetrueger-seco-warnung-handelsregister_sicherheitsforum.jpg","keywords":["Handelsregister","Justiz &amp; Polizei","zentrale Datenbank"],"articleSection":["ALLGEMEIN"],"inLanguage":"it-IT"},{"@type":"WebPage","@id":"https:\/\/news.save.ch\/handelsregister-erhaelt-zentrale-datenbank\/","url":"https:\/\/news.save.ch\/handelsregister-erhaelt-zentrale-datenbank\/","name":"Il registro delle imprese riceve una banca dati centrale - Salva","isPartOf":{"@id":"https:\/\/news.save.ch\/de\/#website"},"primaryImageOfPage":{"@id":"https:\/\/news.save.ch\/handelsregister-erhaelt-zentrale-datenbank\/#primaryimage"},"image":{"@id":"https:\/\/news.save.ch\/handelsregister-erhaelt-zentrale-datenbank\/#primaryimage"},"thumbnailUrl":"https:\/\/news.save.ch\/wp-content\/uploads\/2016\/12\/552e2dc3ccf81_adressbuchbetrueger-seco-warnung-handelsregister_sicherheitsforum.jpg","datePublished":"2015-04-15T12:46:53+00:00","description":"Il Registro di commercio svizzero viene aggiornato.","breadcrumb":{"@id":"https:\/\/news.save.ch\/handelsregister-erhaelt-zentrale-datenbank\/#breadcrumb"},"inLanguage":"it-IT","potentialAction":[{"@type":"ReadAction","target":["https:\/\/news.save.ch\/handelsregister-erhaelt-zentrale-datenbank\/"]}]},{"@type":"ImageObject","inLanguage":"it-IT","@id":"https:\/\/news.save.ch\/handelsregister-erhaelt-zentrale-datenbank\/#primaryimage","url":"https:\/\/news.save.ch\/wp-content\/uploads\/2016\/12\/552e2dc3ccf81_adressbuchbetrueger-seco-warnung-handelsregister_sicherheitsforum.jpg","contentUrl":"https:\/\/news.save.ch\/wp-content\/uploads\/2016\/12\/552e2dc3ccf81_adressbuchbetrueger-seco-warnung-handelsregister_sicherheitsforum.jpg","width":648,"height":388,"caption":"Soll in Zukunft mit einer zentralen Datenbank arbeiten - das schweizerische Handelsregisteramt."},{"@type":"BreadcrumbList","@id":"https:\/\/news.save.ch\/handelsregister-erhaelt-zentrale-datenbank\/#breadcrumb","itemListElement":[{"@type":"ListItem","position":1,"name":"Home","item":"https:\/\/news.save.ch\/de\/"},{"@type":"ListItem","position":2,"name":"Handelsregister erh\u00e4lt zentrale Datenbank"}]},{"@type":"WebSite","@id":"https:\/\/news.save.ch\/de\/#website","url":"https:\/\/news.save.ch\/de\/","name":"Risparmiare","description":"Rivista svizzera specializzata in sicurezza","publisher":{"@id":"https:\/\/news.save.ch\/de\/#organization"},"potentialAction":[{"@type":"SearchAction","target":{"@type":"EntryPoint","urlTemplate":"https:\/\/news.save.ch\/de\/?s={search_term_string}"},"query-input":{"@type":"PropertyValueSpecification","valueRequired":true,"valueName":"search_term_string"}}],"inLanguage":"it-IT"},{"@type":"Organization","@id":"https:\/\/news.save.ch\/de\/#organization","name":"Forum sulla sicurezza","url":"https:\/\/news.save.ch\/de\/","logo":{"@type":"ImageObject","inLanguage":"it-IT","@id":"https:\/\/news.save.ch\/de\/#\/schema\/logo\/image\/","url":"https:\/\/news.save.ch\/wp-content\/uploads\/2022\/06\/Logo_SF_2012.png","contentUrl":"https:\/\/news.save.ch\/wp-content\/uploads\/2022\/06\/Logo_SF_2012.png","width":1100,"height":91,"caption":"Sicherheitsforum"},"image":{"@id":"https:\/\/news.save.ch\/de\/#\/schema\/logo\/image\/"}},{"@type":"Person","@id":"https:\/\/news.save.ch\/de\/#\/schema\/person\/d49e199490bad7c70d64b9ab51142f2b","name":"amministratore","image":{"@type":"ImageObject","inLanguage":"it-IT","@id":"https:\/\/secure.gravatar.com\/avatar\/ae2f4d718e6c49043e314ce431e7e645d646302a24a5ef5a8bc8e3f5a032e319?s=96&d=mm&r=g","url":"https:\/\/secure.gravatar.com\/avatar\/ae2f4d718e6c49043e314ce431e7e645d646302a24a5ef5a8bc8e3f5a032e319?s=96&d=mm&r=g","contentUrl":"https:\/\/secure.gravatar.com\/avatar\/ae2f4d718e6c49043e314ce431e7e645d646302a24a5ef5a8bc8e3f5a032e319?s=96&d=mm&r=g","caption":"admin"},"sameAs":["https:\/\/develop.organisator.galledia.ch"],"url":"https:\/\/news.save.ch\/it\/author\/admin\/"}]}},"_links":{"self":[{"href":"https:\/\/news.save.ch\/it\/wp-json\/wp\/v2\/posts\/111","targetHints":{"allow":["GET"]}}],"collection":[{"href":"https:\/\/news.save.ch\/it\/wp-json\/wp\/v2\/posts"}],"about":[{"href":"https:\/\/news.save.ch\/it\/wp-json\/wp\/v2\/types\/post"}],"author":[{"embeddable":true,"href":"https:\/\/news.save.ch\/it\/wp-json\/wp\/v2\/users\/1"}],"replies":[{"embeddable":true,"href":"https:\/\/news.save.ch\/it\/wp-json\/wp\/v2\/comments?post=111"}],"version-history":[{"count":0,"href":"https:\/\/news.save.ch\/it\/wp-json\/wp\/v2\/posts\/111\/revisions"}],"wp:featuredmedia":[{"embeddable":true,"href":"https:\/\/news.save.ch\/it\/wp-json\/wp\/v2\/media\/112"}],"wp:attachment":[{"href":"https:\/\/news.save.ch\/it\/wp-json\/wp\/v2\/media?parent=111"}],"wp:term":[{"taxonomy":"category","embeddable":true,"href":"https:\/\/news.save.ch\/it\/wp-json\/wp\/v2\/categories?post=111"},{"taxonomy":"post_tag","embeddable":true,"href":"https:\/\/news.save.ch\/it\/wp-json\/wp\/v2\/tags?post=111"}],"curies":[{"name":"wp","href":"https:\/\/api.w.org\/{rel}","templated":true}]}}