{"id":11475,"date":"2021-02-05T09:13:51","date_gmt":"2021-02-05T08:13:51","guid":{"rendered":"https:\/\/news.save.ch\/?p=11475"},"modified":"2023-08-09T02:43:15","modified_gmt":"2023-08-09T00:43:15","slug":"dach-sicherheitstreffen-in-oesterreich-2","status":null,"type":"post","link":"https:\/\/news.save.ch\/it\/dach-sicherheitstreffen-in-oesterreich-2\/","title":{"rendered":"Riunione sulla sicurezza DACH in Austria"},"content":{"rendered":"<figure id=\"attachment_1709\" aria-describedby=\"caption-attachment-1709\" style=\"width: 1400px\" class=\"wp-caption alignnone\"><img loading=\"lazy\" decoding=\"async\" class=\"wp-image-1709 size-full\" src=\"https:\/\/news.save.ch\/wp-content\/uploads\/2016\/12\/DACH-Sicherheitstreffen-in-Oesterreich-sicherheitsforum-scaled.jpg\" alt=\"sicurezza\" width=\"1400\" height=\"910\" srcset=\"https:\/\/news.save.ch\/wp-content\/uploads\/2016\/12\/DACH-Sicherheitstreffen-in-Oesterreich-sicherheitsforum-scaled.jpg 1400w, https:\/\/news.save.ch\/wp-content\/uploads\/2016\/12\/DACH-Sicherheitstreffen-in-Oesterreich-sicherheitsforum-375x244.jpg 375w\" sizes=\"auto, (max-width: 1400px) 100vw, 1400px\" \/><figcaption id=\"caption-attachment-1709\" class=\"wp-caption-text\">Uno dei diversi temi dell'evento: la sicurezza e la gestione delle crisi.<\/figcaption><\/figure>\n<p>Il Forum DACH sulla sicurezza, che \u00e8 il\u00a0<a title=\"alla registrazione\" href=\"https:\/\/www.simedia.de\/\" target=\"_blank\" rel=\"noopener\" data-cke-saved-href=\"https:\/\/www.simedia.de\">Simedia\u00a0<\/a>il 27 e 28 aprile, si propone come una piattaforma esclusiva per scambiare e confrontare gli ultimi sviluppi e le soluzioni individuali delle singole aziende nei vari Paesi. L'ampio spettro di argomenti invita a discussioni interessanti e a uno scambio di conoscenze diversificato. I temi di quest'anno includono:<\/p>\n<ul>\n<li>Le fake news come sfida per la sicurezza aziendale<\/li>\n<li>La radicalizzazione nell'era digitale: rischi, traiettorie e strategie di prevenzione<\/li>\n<li>Esempio pratico BCE: concetto globale digitale innovativo e pionieristico per la tecnologia di sicurezza<\/li>\n<li>L'impatto delle attivit\u00e0 di spionaggio estero sull'economia austriaca<\/li>\n<li>Gestione delle crisi e BCM nell'ambito di Covid-19 presso le Ferrovie Federali Austriache<\/li>\n<li>Lotta di successo per la sopravvivenza dopo un grave attacco informatico<\/li>\n<li>Condanna di autori anonimi sul tavolo di dissezione linguistico<br \/>\nTra mondo VUCA ed era dell'informazione: il settore della sicurezza \u00e8 pronto per il futuro?<\/li>\n<\/ul>","protected":false},"excerpt":{"rendered":"<p>Das DACH-Sicherheitsforum,\u00a0das die\u00a0Simedia\u00a0am 27. und 28. April veranstaltet,\u00a0versteht sich als exklusive Plattform, um sich \u00fcber neuste Entwicklungen sowie\u00a0\u00fcber individuelle L\u00f6sungen in den einzelnen Unternehmen l\u00e4nder\u00fcbergreifend auszutauschen und zu vergleichen.\u00a0Das breite Themenspektrum l\u00e4dt zu einer interessanten Diskussion und vielf\u00e4ltigem Wissensaustausch ein. Zu den Themen in diesem Jahr z\u00e4hlen unter anderem: Fake News als Herausforderung f\u00fcr die [&hellip;]<\/p>\n","protected":false},"author":9,"featured_media":1709,"comment_status":"closed","ping_status":"closed","sticky":false,"template":"","format":"standard","meta":{"_acf_changed":false,"pgc_sgb_lightbox_settings":"","footnotes":""},"categories":[1,67],"tags":[5784,1247,5786,5785,3595],"class_list":["post-11475","post","type-post","status-publish","format-standard","has-post-thumbnail","hentry","category-allgemein","category-brandschutz","tag-dach-sicherheitsforum","tag-krisenbewaeltigung","tag-radikalisierung","tag-simedia","tag-unternehmenssicherheit"],"acf":[],"hkrextid":null,"publication":null,"issue":null,"workflow":null,"startPage":null,"spitzmarke":null,"_posts_by_tag_page_fields":{"widget_title":"","widget_tags":""},"_at_widget":"1","_yoast_wpseo_primary_category":"1","_yoast_wpseo_focuskw_text_input":null,"_yoast_wpseo_opengraph-image":null,"_yoast_wpseo_opengraph-description":null,"_yoast_wpseo_opengraph-title":null,"enclosure":null,"_yoast_wpseo_twitter-title":null,"_yoast_wpseo_twitter-description":null,"_yoast_wpseo_twitter-image":null,"_wp_old_slug":null,"_yoast_wpseo_title":null,"_yoast_wpseo_canonical":null,"yoast_head":"<!-- This site is optimized with the Yoast SEO plugin v27.5 - https:\/\/yoast.com\/product\/yoast-seo-wordpress\/ -->\n<title>DACH-Sicherheitstreffen in \u00d6sterreich - Save<\/title>\n<meta name=\"description\" content=\"Im bekannten Stanglwirt in Tirol tauschen sich Sicherheitsexperten und Wissenschaftler einmal mehr l\u00e4nder\u00fcbergreifend \u00fcber aktuelle Entwicklungen in der Unternehmenssicherheit aus.\" \/>\n<meta name=\"robots\" content=\"index, follow, max-snippet:-1, max-image-preview:large, max-video-preview:-1\" \/>\n<link rel=\"canonical\" href=\"https:\/\/news.save.ch\/it\/dach-sicherheitstreffen-in-oesterreich-2\/\" \/>\n<meta property=\"og:locale\" content=\"it_IT\" \/>\n<meta property=\"og:type\" content=\"article\" \/>\n<meta property=\"og:title\" content=\"DACH-Sicherheitstreffen in \u00d6sterreich - Save\" \/>\n<meta property=\"og:description\" content=\"Im bekannten Stanglwirt in Tirol tauschen sich Sicherheitsexperten und Wissenschaftler einmal mehr l\u00e4nder\u00fcbergreifend \u00fcber aktuelle Entwicklungen in der Unternehmenssicherheit aus.\" \/>\n<meta property=\"og:url\" content=\"https:\/\/news.save.ch\/it\/dach-sicherheitstreffen-in-oesterreich-2\/\" \/>\n<meta property=\"og:site_name\" content=\"Save\" \/>\n<meta property=\"article:published_time\" content=\"2021-02-05T08:13:51+00:00\" \/>\n<meta property=\"article:modified_time\" content=\"2023-08-09T00:43:15+00:00\" \/>\n<meta property=\"og:image\" content=\"https:\/\/news.save.ch\/wp-content\/uploads\/2016\/12\/DACH-Sicherheitstreffen-in-Oesterreich-sicherheitsforum-scaled.jpg\" \/>\n\t<meta property=\"og:image:width\" content=\"1400\" \/>\n\t<meta property=\"og:image:height\" content=\"910\" \/>\n\t<meta property=\"og:image:type\" content=\"image\/jpeg\" \/>\n<meta name=\"author\" content=\"Simon Gr\u00f6flin\" \/>\n<meta name=\"twitter:card\" content=\"summary_large_image\" \/>\n<meta name=\"twitter:label1\" content=\"Scritto da\" \/>\n\t<meta name=\"twitter:data1\" content=\"Simon Gr\u00f6flin\" \/>\n\t<meta name=\"twitter:label2\" content=\"Tempo di lettura stimato\" \/>\n\t<meta name=\"twitter:data2\" content=\"1 minuto\" \/>\n<script type=\"application\/ld+json\" class=\"yoast-schema-graph\">{\"@context\":\"https:\\\/\\\/schema.org\",\"@graph\":[{\"@type\":\"Article\",\"@id\":\"https:\\\/\\\/news.save.ch\\\/dach-sicherheitstreffen-in-oesterreich-2\\\/#article\",\"isPartOf\":{\"@id\":\"https:\\\/\\\/news.save.ch\\\/dach-sicherheitstreffen-in-oesterreich-2\\\/\"},\"author\":{\"name\":\"Simon Gr\u00f6flin\",\"@id\":\"https:\\\/\\\/news.save.ch\\\/de\\\/#\\\/schema\\\/person\\\/ad4ef21102fd6125312409ac57d5296d\"},\"headline\":\"DACH-Sicherheitstreffen in \u00d6sterreich\",\"datePublished\":\"2021-02-05T08:13:51+00:00\",\"dateModified\":\"2023-08-09T00:43:15+00:00\",\"mainEntityOfPage\":{\"@id\":\"https:\\\/\\\/news.save.ch\\\/dach-sicherheitstreffen-in-oesterreich-2\\\/\"},\"wordCount\":157,\"publisher\":{\"@id\":\"https:\\\/\\\/news.save.ch\\\/de\\\/#organization\"},\"image\":{\"@id\":\"https:\\\/\\\/news.save.ch\\\/dach-sicherheitstreffen-in-oesterreich-2\\\/#primaryimage\"},\"thumbnailUrl\":\"https:\\\/\\\/news.save.ch\\\/wp-content\\\/uploads\\\/2016\\\/12\\\/DACH-Sicherheitstreffen-in-Oesterreich-sicherheitsforum-scaled.jpg\",\"keywords\":[\"DACH-Sicherheitsforum\",\"Krisenbew\u00e4ltigung\",\"Radikalisierung\",\"Simedia\",\"Unternehmenssicherheit\"],\"articleSection\":[\"ALLGEMEIN\",\"BRANDSCHUTZ\"],\"inLanguage\":\"it-IT\"},{\"@type\":\"WebPage\",\"@id\":\"https:\\\/\\\/news.save.ch\\\/dach-sicherheitstreffen-in-oesterreich-2\\\/\",\"url\":\"https:\\\/\\\/news.save.ch\\\/dach-sicherheitstreffen-in-oesterreich-2\\\/\",\"name\":\"DACH-Sicherheitstreffen in \u00d6sterreich - Save\",\"isPartOf\":{\"@id\":\"https:\\\/\\\/news.save.ch\\\/de\\\/#website\"},\"primaryImageOfPage\":{\"@id\":\"https:\\\/\\\/news.save.ch\\\/dach-sicherheitstreffen-in-oesterreich-2\\\/#primaryimage\"},\"image\":{\"@id\":\"https:\\\/\\\/news.save.ch\\\/dach-sicherheitstreffen-in-oesterreich-2\\\/#primaryimage\"},\"thumbnailUrl\":\"https:\\\/\\\/news.save.ch\\\/wp-content\\\/uploads\\\/2016\\\/12\\\/DACH-Sicherheitstreffen-in-Oesterreich-sicherheitsforum-scaled.jpg\",\"datePublished\":\"2021-02-05T08:13:51+00:00\",\"dateModified\":\"2023-08-09T00:43:15+00:00\",\"description\":\"Im bekannten Stanglwirt in Tirol tauschen sich Sicherheitsexperten und Wissenschaftler einmal mehr l\u00e4nder\u00fcbergreifend \u00fcber aktuelle Entwicklungen in der Unternehmenssicherheit aus.\",\"breadcrumb\":{\"@id\":\"https:\\\/\\\/news.save.ch\\\/dach-sicherheitstreffen-in-oesterreich-2\\\/#breadcrumb\"},\"inLanguage\":\"it-IT\",\"potentialAction\":[{\"@type\":\"ReadAction\",\"target\":[\"https:\\\/\\\/news.save.ch\\\/dach-sicherheitstreffen-in-oesterreich-2\\\/\"]}]},{\"@type\":\"ImageObject\",\"inLanguage\":\"it-IT\",\"@id\":\"https:\\\/\\\/news.save.ch\\\/dach-sicherheitstreffen-in-oesterreich-2\\\/#primaryimage\",\"url\":\"https:\\\/\\\/news.save.ch\\\/wp-content\\\/uploads\\\/2016\\\/12\\\/DACH-Sicherheitstreffen-in-Oesterreich-sicherheitsforum-scaled.jpg\",\"contentUrl\":\"https:\\\/\\\/news.save.ch\\\/wp-content\\\/uploads\\\/2016\\\/12\\\/DACH-Sicherheitstreffen-in-Oesterreich-sicherheitsforum-scaled.jpg\",\"width\":1400,\"height\":910,\"caption\":\"Eines der diversen Themen an dem Anlass: Sicherheits- und Krisenmanagement.\"},{\"@type\":\"BreadcrumbList\",\"@id\":\"https:\\\/\\\/news.save.ch\\\/dach-sicherheitstreffen-in-oesterreich-2\\\/#breadcrumb\",\"itemListElement\":[{\"@type\":\"ListItem\",\"position\":1,\"name\":\"Home\",\"item\":\"https:\\\/\\\/news.save.ch\\\/de\\\/\"},{\"@type\":\"ListItem\",\"position\":2,\"name\":\"DACH-Sicherheitstreffen in \u00d6sterreich\"}]},{\"@type\":\"WebSite\",\"@id\":\"https:\\\/\\\/news.save.ch\\\/de\\\/#website\",\"url\":\"https:\\\/\\\/news.save.ch\\\/de\\\/\",\"name\":\"Save\",\"description\":\"Schweizer Fachzeitschrift f\u00fcr Sicherheit\",\"publisher\":{\"@id\":\"https:\\\/\\\/news.save.ch\\\/de\\\/#organization\"},\"potentialAction\":[{\"@type\":\"SearchAction\",\"target\":{\"@type\":\"EntryPoint\",\"urlTemplate\":\"https:\\\/\\\/news.save.ch\\\/de\\\/?s={search_term_string}\"},\"query-input\":{\"@type\":\"PropertyValueSpecification\",\"valueRequired\":true,\"valueName\":\"search_term_string\"}}],\"inLanguage\":\"it-IT\"},{\"@type\":\"Organization\",\"@id\":\"https:\\\/\\\/news.save.ch\\\/de\\\/#organization\",\"name\":\"Sicherheitsforum\",\"url\":\"https:\\\/\\\/news.save.ch\\\/de\\\/\",\"logo\":{\"@type\":\"ImageObject\",\"inLanguage\":\"it-IT\",\"@id\":\"https:\\\/\\\/news.save.ch\\\/de\\\/#\\\/schema\\\/logo\\\/image\\\/\",\"url\":\"https:\\\/\\\/news.save.ch\\\/wp-content\\\/uploads\\\/2022\\\/06\\\/Logo_SF_2012.png\",\"contentUrl\":\"https:\\\/\\\/news.save.ch\\\/wp-content\\\/uploads\\\/2022\\\/06\\\/Logo_SF_2012.png\",\"width\":1100,\"height\":91,\"caption\":\"Sicherheitsforum\"},\"image\":{\"@id\":\"https:\\\/\\\/news.save.ch\\\/de\\\/#\\\/schema\\\/logo\\\/image\\\/\"}},{\"@type\":\"Person\",\"@id\":\"https:\\\/\\\/news.save.ch\\\/de\\\/#\\\/schema\\\/person\\\/ad4ef21102fd6125312409ac57d5296d\",\"name\":\"Simon Gr\u00f6flin\",\"image\":{\"@type\":\"ImageObject\",\"inLanguage\":\"it-IT\",\"@id\":\"https:\\\/\\\/secure.gravatar.com\\\/avatar\\\/6ddceb80eb734354635539e0ea5140bb7c41e42de7c45c9a2ab9921b5d5c9a83?s=96&d=mm&r=g\",\"url\":\"https:\\\/\\\/secure.gravatar.com\\\/avatar\\\/6ddceb80eb734354635539e0ea5140bb7c41e42de7c45c9a2ab9921b5d5c9a83?s=96&d=mm&r=g\",\"contentUrl\":\"https:\\\/\\\/secure.gravatar.com\\\/avatar\\\/6ddceb80eb734354635539e0ea5140bb7c41e42de7c45c9a2ab9921b5d5c9a83?s=96&d=mm&r=g\",\"caption\":\"Simon Gr\u00f6flin\"},\"url\":\"https:\\\/\\\/news.save.ch\\\/it\\\/author\\\/simon-groeflin\\\/\"}]}<\/script>\n<!-- \/ Yoast SEO plugin. -->","yoast_head_json":{"title":"Incontro sulla sicurezza DACH in Austria - Salva","description":"Presso il noto Stanglwirt in Tirolo, esperti di sicurezza e scienziati si scambieranno ancora una volta informazioni sugli attuali sviluppi della sicurezza aziendale oltre i confini nazionali.","robots":{"index":"index","follow":"follow","max-snippet":"max-snippet:-1","max-image-preview":"max-image-preview:large","max-video-preview":"max-video-preview:-1"},"canonical":"https:\/\/news.save.ch\/it\/dach-sicherheitstreffen-in-oesterreich-2\/","og_locale":"it_IT","og_type":"article","og_title":"DACH-Sicherheitstreffen in \u00d6sterreich - Save","og_description":"Im bekannten Stanglwirt in Tirol tauschen sich Sicherheitsexperten und Wissenschaftler einmal mehr l\u00e4nder\u00fcbergreifend \u00fcber aktuelle Entwicklungen in der Unternehmenssicherheit aus.","og_url":"https:\/\/news.save.ch\/it\/dach-sicherheitstreffen-in-oesterreich-2\/","og_site_name":"Save","article_published_time":"2021-02-05T08:13:51+00:00","article_modified_time":"2023-08-09T00:43:15+00:00","og_image":[{"width":1400,"height":910,"url":"https:\/\/news.save.ch\/wp-content\/uploads\/2016\/12\/DACH-Sicherheitstreffen-in-Oesterreich-sicherheitsforum-scaled.jpg","type":"image\/jpeg"}],"author":"Simon Gr\u00f6flin","twitter_card":"summary_large_image","twitter_misc":{"Scritto da":"Simon Gr\u00f6flin","Tempo di lettura stimato":"1 minuto"},"schema":{"@context":"https:\/\/schema.org","@graph":[{"@type":"Article","@id":"https:\/\/news.save.ch\/dach-sicherheitstreffen-in-oesterreich-2\/#article","isPartOf":{"@id":"https:\/\/news.save.ch\/dach-sicherheitstreffen-in-oesterreich-2\/"},"author":{"name":"Simon Gr\u00f6flin","@id":"https:\/\/news.save.ch\/de\/#\/schema\/person\/ad4ef21102fd6125312409ac57d5296d"},"headline":"DACH-Sicherheitstreffen in \u00d6sterreich","datePublished":"2021-02-05T08:13:51+00:00","dateModified":"2023-08-09T00:43:15+00:00","mainEntityOfPage":{"@id":"https:\/\/news.save.ch\/dach-sicherheitstreffen-in-oesterreich-2\/"},"wordCount":157,"publisher":{"@id":"https:\/\/news.save.ch\/de\/#organization"},"image":{"@id":"https:\/\/news.save.ch\/dach-sicherheitstreffen-in-oesterreich-2\/#primaryimage"},"thumbnailUrl":"https:\/\/news.save.ch\/wp-content\/uploads\/2016\/12\/DACH-Sicherheitstreffen-in-Oesterreich-sicherheitsforum-scaled.jpg","keywords":["DACH-Sicherheitsforum","Krisenbew\u00e4ltigung","Radikalisierung","Simedia","Unternehmenssicherheit"],"articleSection":["ALLGEMEIN","BRANDSCHUTZ"],"inLanguage":"it-IT"},{"@type":"WebPage","@id":"https:\/\/news.save.ch\/dach-sicherheitstreffen-in-oesterreich-2\/","url":"https:\/\/news.save.ch\/dach-sicherheitstreffen-in-oesterreich-2\/","name":"Incontro sulla sicurezza DACH in Austria - Salva","isPartOf":{"@id":"https:\/\/news.save.ch\/de\/#website"},"primaryImageOfPage":{"@id":"https:\/\/news.save.ch\/dach-sicherheitstreffen-in-oesterreich-2\/#primaryimage"},"image":{"@id":"https:\/\/news.save.ch\/dach-sicherheitstreffen-in-oesterreich-2\/#primaryimage"},"thumbnailUrl":"https:\/\/news.save.ch\/wp-content\/uploads\/2016\/12\/DACH-Sicherheitstreffen-in-Oesterreich-sicherheitsforum-scaled.jpg","datePublished":"2021-02-05T08:13:51+00:00","dateModified":"2023-08-09T00:43:15+00:00","description":"Presso il noto Stanglwirt in Tirolo, esperti di sicurezza e scienziati si scambieranno ancora una volta informazioni sugli attuali sviluppi della sicurezza aziendale oltre i confini nazionali.","breadcrumb":{"@id":"https:\/\/news.save.ch\/dach-sicherheitstreffen-in-oesterreich-2\/#breadcrumb"},"inLanguage":"it-IT","potentialAction":[{"@type":"ReadAction","target":["https:\/\/news.save.ch\/dach-sicherheitstreffen-in-oesterreich-2\/"]}]},{"@type":"ImageObject","inLanguage":"it-IT","@id":"https:\/\/news.save.ch\/dach-sicherheitstreffen-in-oesterreich-2\/#primaryimage","url":"https:\/\/news.save.ch\/wp-content\/uploads\/2016\/12\/DACH-Sicherheitstreffen-in-Oesterreich-sicherheitsforum-scaled.jpg","contentUrl":"https:\/\/news.save.ch\/wp-content\/uploads\/2016\/12\/DACH-Sicherheitstreffen-in-Oesterreich-sicherheitsforum-scaled.jpg","width":1400,"height":910,"caption":"Eines der diversen Themen an dem Anlass: Sicherheits- und Krisenmanagement."},{"@type":"BreadcrumbList","@id":"https:\/\/news.save.ch\/dach-sicherheitstreffen-in-oesterreich-2\/#breadcrumb","itemListElement":[{"@type":"ListItem","position":1,"name":"Home","item":"https:\/\/news.save.ch\/de\/"},{"@type":"ListItem","position":2,"name":"DACH-Sicherheitstreffen in \u00d6sterreich"}]},{"@type":"WebSite","@id":"https:\/\/news.save.ch\/de\/#website","url":"https:\/\/news.save.ch\/de\/","name":"Risparmiare","description":"Rivista svizzera specializzata in sicurezza","publisher":{"@id":"https:\/\/news.save.ch\/de\/#organization"},"potentialAction":[{"@type":"SearchAction","target":{"@type":"EntryPoint","urlTemplate":"https:\/\/news.save.ch\/de\/?s={search_term_string}"},"query-input":{"@type":"PropertyValueSpecification","valueRequired":true,"valueName":"search_term_string"}}],"inLanguage":"it-IT"},{"@type":"Organization","@id":"https:\/\/news.save.ch\/de\/#organization","name":"Forum sulla sicurezza","url":"https:\/\/news.save.ch\/de\/","logo":{"@type":"ImageObject","inLanguage":"it-IT","@id":"https:\/\/news.save.ch\/de\/#\/schema\/logo\/image\/","url":"https:\/\/news.save.ch\/wp-content\/uploads\/2022\/06\/Logo_SF_2012.png","contentUrl":"https:\/\/news.save.ch\/wp-content\/uploads\/2022\/06\/Logo_SF_2012.png","width":1100,"height":91,"caption":"Sicherheitsforum"},"image":{"@id":"https:\/\/news.save.ch\/de\/#\/schema\/logo\/image\/"}},{"@type":"Person","@id":"https:\/\/news.save.ch\/de\/#\/schema\/person\/ad4ef21102fd6125312409ac57d5296d","name":"Simon Gr\u00f6flin","image":{"@type":"ImageObject","inLanguage":"it-IT","@id":"https:\/\/secure.gravatar.com\/avatar\/6ddceb80eb734354635539e0ea5140bb7c41e42de7c45c9a2ab9921b5d5c9a83?s=96&d=mm&r=g","url":"https:\/\/secure.gravatar.com\/avatar\/6ddceb80eb734354635539e0ea5140bb7c41e42de7c45c9a2ab9921b5d5c9a83?s=96&d=mm&r=g","contentUrl":"https:\/\/secure.gravatar.com\/avatar\/6ddceb80eb734354635539e0ea5140bb7c41e42de7c45c9a2ab9921b5d5c9a83?s=96&d=mm&r=g","caption":"Simon Gr\u00f6flin"},"url":"https:\/\/news.save.ch\/it\/author\/simon-groeflin\/"}]}},"_links":{"self":[{"href":"https:\/\/news.save.ch\/it\/wp-json\/wp\/v2\/posts\/11475","targetHints":{"allow":["GET"]}}],"collection":[{"href":"https:\/\/news.save.ch\/it\/wp-json\/wp\/v2\/posts"}],"about":[{"href":"https:\/\/news.save.ch\/it\/wp-json\/wp\/v2\/types\/post"}],"author":[{"embeddable":true,"href":"https:\/\/news.save.ch\/it\/wp-json\/wp\/v2\/users\/9"}],"replies":[{"embeddable":true,"href":"https:\/\/news.save.ch\/it\/wp-json\/wp\/v2\/comments?post=11475"}],"version-history":[{"count":3,"href":"https:\/\/news.save.ch\/it\/wp-json\/wp\/v2\/posts\/11475\/revisions"}],"predecessor-version":[{"id":21650,"href":"https:\/\/news.save.ch\/it\/wp-json\/wp\/v2\/posts\/11475\/revisions\/21650"}],"wp:featuredmedia":[{"embeddable":true,"href":"https:\/\/news.save.ch\/it\/wp-json\/wp\/v2\/media\/1709"}],"wp:attachment":[{"href":"https:\/\/news.save.ch\/it\/wp-json\/wp\/v2\/media?parent=11475"}],"wp:term":[{"taxonomy":"category","embeddable":true,"href":"https:\/\/news.save.ch\/it\/wp-json\/wp\/v2\/categories?post=11475"},{"taxonomy":"post_tag","embeddable":true,"href":"https:\/\/news.save.ch\/it\/wp-json\/wp\/v2\/tags?post=11475"}],"curies":[{"name":"wp","href":"https:\/\/api.w.org\/{rel}","templated":true}]}}