{"id":1200,"date":"2016-10-13T16:39:10","date_gmt":"2016-10-13T14:39:10","guid":{"rendered":"https:\/\/dev.sicherheitsforum.ch\/?p=1200"},"modified":"2023-03-14T08:57:11","modified_gmt":"2023-03-14T07:57:11","slug":"it-sa-ein-datenschutzaktivist-spricht","status":null,"type":"post","link":"https:\/\/news.save.ch\/it\/it-sa-ein-datenschutzaktivist-spricht\/","title":{"rendered":"it-sa: parla un attivista per la protezione dei dati personali"},"content":{"rendered":"<figure id=\"attachment_1201\" aria-describedby=\"caption-attachment-1201\" style=\"width: 460px\" class=\"wp-caption alignnone\"><img loading=\"lazy\" decoding=\"async\" class=\"size-full wp-image-1201\" src=\"https:\/\/sicherheitsforum.ch\/wp-content\/uploads\/2016\/12\/it-sa-Ein-Datenschutzaktivist-spricht-it-security.png\" alt=\"Foto: it-sa\" width=\"460\" height=\"307\" srcset=\"https:\/\/news.save.ch\/wp-content\/uploads\/2016\/12\/it-sa-Ein-Datenschutzaktivist-spricht-it-security.png 460w, https:\/\/news.save.ch\/wp-content\/uploads\/2016\/12\/it-sa-Ein-Datenschutzaktivist-spricht-it-security-375x250.png 375w\" sizes=\"auto, (max-width: 460px) 100vw, 460px\" \/><figcaption id=\"caption-attachment-1201\" class=\"wp-caption-text\">Foto: it-sa<\/figcaption><\/figure>\n<p>Con oltre 470 espositori, it-sa 2016 \u00e8 pi\u00f9 grande che mai, sottolineano gli organizzatori. \"Gli esperti di sicurezza informatica e i responsabili delle decisioni possono ottenere una panoramica completa del mercato visitando la fiera. Inoltre, beneficiano delle informazioni <a href=\"https:\/\/www.it-sa.de\/de\/events\" target=\"_blank\" rel=\"noreferrer noopener\" data-cke-saved-href=\"https:\/\/www.it-sa.de\/de\/events\">Programma quadro<\/a> con la sua offerta orientata ai gruppi target. <a href=\"https:\/\/www.it-sa.de\/de\/events\/1\/congressit-sa\/14180\" target=\"_blank\" rel=\"noreferrer noopener\" data-cke-saved-href=\"https:\/\/www.it-sa.de\/de\/events\/1\/congressit-sa\/14180\">Congresso@it-sa<\/a> offre un ulteriore know-how\", spiega Frank Venjakob, Direttore Esecutivo it-sa, N\u00fcrnbergMesse.<\/p>\n<p><strong>Programma di conferenze in tre forum aperti<\/strong><\/p>\n<p>I forum aperti consentono di orientarsi rapidamente nel programma di conferenze it-sa con un totale di circa 230 contributi: Mentre nel forum <a href=\"https:\/\/www.it-sa.de\/de\/events\/2\/forum-rot-\/14187\" target=\"_blank\" rel=\"noreferrer noopener\" data-cke-saved-href=\"https:\/\/www.it-sa.de\/de\/events\/2\/forum-rot-\/14187\">Rosso<\/a> L'importanza strategica ed economica della sicurezza informatica per le aziende \u00e8 al centro dell'attenzione, i contributi degli esperti nel forum tratteranno di <a href=\"https:\/\/www.it-sa.de\/de\/events\/2\/forum-blau-\/14186\" target=\"_blank\" rel=\"noreferrer noopener\" data-cke-saved-href=\"https:\/\/www.it-sa.de\/de\/events\/2\/forum-blau-\/14186\">Blu<\/a> con l'implementazione tecnica. Il <a href=\"https:\/\/www.it-sa.de\/de\/events\/2\/auditorium\/14185\" target=\"_blank\" rel=\"noreferrer noopener\" data-cke-saved-href=\"https:\/\/www.it-sa.de\/de\/events\/2\/auditorium\/14185\">Auditorium<\/a> completa la gamma di informazioni con conferenze sugli attuali sviluppi della sicurezza informatica ed \u00e8 un palcoscenico per le organizzazioni dell'industria e della politica.<\/p>\n<p>Tra gli altri, l'Internet Industry Association Eco fornir\u00e0 informazioni con una tavola rotonda sulle applicazioni web vulnerabili, un panel di TeleTrusT sulla sicurezza dell'Industria 4.0 e l'Ufficio federale per la sicurezza informatica sullo stato di attuazione della legge sulla sicurezza informatica. Il tema di un panel presentato da Krankenhaus IT-Journal merita un'attenzione particolare dopo il successo degli attacchi agli ospedali: quali sfide e investimenti devono affrontare ora i responsabili dell'IT nel settore sanitario?<\/p>\n<p><strong>Keynote dell'attivista per la protezione dei dati Schrems<\/strong><\/p>\n<p>L'avvocato e attivista per la protezione dei dati Maximilian Schrems, la cui causa contro Facebook davanti alla Corte di giustizia europea ha portato alla fine dell'accordo Safe Harbor con gli Stati Uniti, terr\u00e0 il discorso di apertura a it-sa (il 20 ottobre alle 12:30 nell'auditorium). Nella sua presentazione \"Pi\u00f9 protezione dei dati attraverso strutture IT sicure? Cosa richiedono le nuove regole dell'UE\", affronter\u00e0 l'importanza del nuovo regolamento, entrato in vigore a maggio, per i responsabili della sicurezza informatica.<\/p>\n<p><strong>Programma del congresso con un accento internazionale<\/strong><\/p>\n<p>Congress@it-sa offre ai responsabili della sicurezza informatica, ai responsabili delle decisioni, ai ricercatori, ecc. una gamma precisa degli ultimi sviluppi in materia di sicurezza informatica. Il programma del congresso comprende aspetti legali come il Regolamento generale sulla protezione dei dati dell'UE e informazioni specialistiche. In altri eventi, i relatori illustreranno le misure di protezione dell'IT aziendale e affronteranno la questione di quale sia la strategia di sicurezza pi\u00f9 adatta. La conferenza EICAR, orientata a livello internazionale, si terr\u00e0 per la prima volta parallelamente a it-sa. L'evento di due giorni inizia luned\u00ec 17 ottobre. La 24a edizione di quest'anno ha come tema l'affidabilit\u00e0 delle soluzioni di sicurezza informatica.<\/p>\n<p><em>Comunicato stampa it-sa<\/em><\/p>\n<p>&nbsp;<\/p>","protected":false},"excerpt":{"rendered":"<p>Mit mehr als 470 Ausstellern sei die it-sa 2016 gr\u00f6sser denn je, betonen die Organisatoren. \u201eIT-Security-Experten und Entscheider verschaffen sich mit einem Besuch der Fachmesse einen umfassenden Markt\u00fcberblick. Zus\u00e4tzlich profitieren sie vom informativen Rahmenprogramm mit seinem zielgruppengerechten Angebot. Congress@it-sa bietet zus\u00e4tzliches Know-how\u201c, erkl\u00e4rt Frank Venjakob, Executive Director it-sa, N\u00fcrnbergMesse. Vortragsprogramm in drei offenen Foren Die [&hellip;]<\/p>\n","protected":false},"author":1,"featured_media":1201,"comment_status":"open","ping_status":"open","sticky":false,"template":"","format":"standard","meta":{"_acf_changed":false,"pgc_sgb_lightbox_settings":"","footnotes":""},"categories":[3313],"tags":[109,84,63],"class_list":["post-1200","post","type-post","status-publish","format-standard","has-post-thumbnail","hentry","category-digitalisierung","tag-aus-und-weiterbildung","tag-fachkongressfachmesse","tag-it-security"],"acf":[],"hkrextid":null,"publication":null,"issue":null,"workflow":null,"startPage":null,"spitzmarke":null,"_posts_by_tag_page_fields":{"widget_title":"","widget_tags":""},"_at_widget":"1","_yoast_wpseo_primary_category":"2","_yoast_wpseo_focuskw_text_input":"it-sa","_yoast_wpseo_opengraph-image":"https:\/\/news.save.ch\/wp-content\/uploads\/2016\/12\/it-sa-Ein-Datenschutzaktivist-spricht-it-security.png","_yoast_wpseo_opengraph-description":"Vom 18. bis 20. Oktober informieren sich IT-Sicherheitsexperten auf der Fachveranstaltung it-sa \u00fcber aktuelle IT-Sicherheitsprodukte und -dienstleistungen. Besucher erwartet ein umfassendes Rahmenprogramm: Rund 230 Vortr\u00e4ge und Diskussionsrunden stehen ihnen in drei Foren offen.","_yoast_wpseo_opengraph-title":"it-sa: Ein Datenschutzaktivist spricht","enclosure":null,"_yoast_wpseo_twitter-title":null,"_yoast_wpseo_twitter-description":null,"_yoast_wpseo_twitter-image":null,"_wp_old_slug":null,"_yoast_wpseo_title":null,"_yoast_wpseo_canonical":null,"yoast_head":"<!-- This site is optimized with the Yoast SEO plugin v27.5 - https:\/\/yoast.com\/product\/yoast-seo-wordpress\/ -->\n<title>it-sa: Ein Datenschutzaktivist spricht - Save<\/title>\n<meta name=\"description\" content=\"Vom 18. bis 20. Oktober informieren sich IT-Sicherheitsexperten auf der Fachveranstaltung it-sa \u00fcber aktuelle IT-Sicherheitsprodukte und -dienstleistungen.\" \/>\n<meta name=\"robots\" content=\"index, follow, max-snippet:-1, max-image-preview:large, max-video-preview:-1\" \/>\n<link rel=\"canonical\" href=\"https:\/\/news.save.ch\/it\/it-sa-ein-datenschutzaktivist-spricht\/\" \/>\n<meta property=\"og:locale\" content=\"it_IT\" \/>\n<meta property=\"og:type\" content=\"article\" \/>\n<meta property=\"og:title\" content=\"it-sa: Ein Datenschutzaktivist spricht\" \/>\n<meta property=\"og:description\" content=\"Vom 18. bis 20. Oktober informieren sich IT-Sicherheitsexperten auf der Fachveranstaltung it-sa \u00fcber aktuelle IT-Sicherheitsprodukte und -dienstleistungen. Besucher erwartet ein umfassendes Rahmenprogramm: Rund 230 Vortr\u00e4ge und Diskussionsrunden stehen ihnen in drei Foren offen.\" \/>\n<meta property=\"og:url\" content=\"https:\/\/news.save.ch\/it\/it-sa-ein-datenschutzaktivist-spricht\/\" \/>\n<meta property=\"og:site_name\" content=\"Save\" \/>\n<meta property=\"article:published_time\" content=\"2016-10-13T14:39:10+00:00\" \/>\n<meta property=\"article:modified_time\" content=\"2023-03-14T07:57:11+00:00\" \/>\n<meta property=\"og:image\" content=\"https:\/\/news.save.ch\/wp-content\/uploads\/2016\/12\/it-sa-Ein-Datenschutzaktivist-spricht-it-security.png\" \/>\n<meta name=\"author\" content=\"admin\" \/>\n<meta name=\"twitter:card\" content=\"summary_large_image\" \/>\n<meta name=\"twitter:label1\" content=\"Scritto da\" \/>\n\t<meta name=\"twitter:data1\" content=\"admin\" \/>\n\t<meta name=\"twitter:label2\" content=\"Tempo di lettura stimato\" \/>\n\t<meta name=\"twitter:data2\" content=\"2 minuti\" \/>\n<script type=\"application\/ld+json\" class=\"yoast-schema-graph\">{\"@context\":\"https:\\\/\\\/schema.org\",\"@graph\":[{\"@type\":\"Article\",\"@id\":\"https:\\\/\\\/news.save.ch\\\/it-sa-ein-datenschutzaktivist-spricht\\\/#article\",\"isPartOf\":{\"@id\":\"https:\\\/\\\/news.save.ch\\\/it-sa-ein-datenschutzaktivist-spricht\\\/\"},\"author\":{\"name\":\"admin\",\"@id\":\"https:\\\/\\\/news.save.ch\\\/de\\\/#\\\/schema\\\/person\\\/d49e199490bad7c70d64b9ab51142f2b\"},\"headline\":\"it-sa: Ein Datenschutzaktivist spricht\",\"datePublished\":\"2016-10-13T14:39:10+00:00\",\"dateModified\":\"2023-03-14T07:57:11+00:00\",\"mainEntityOfPage\":{\"@id\":\"https:\\\/\\\/news.save.ch\\\/it-sa-ein-datenschutzaktivist-spricht\\\/\"},\"wordCount\":374,\"commentCount\":0,\"publisher\":{\"@id\":\"https:\\\/\\\/news.save.ch\\\/de\\\/#organization\"},\"image\":{\"@id\":\"https:\\\/\\\/news.save.ch\\\/it-sa-ein-datenschutzaktivist-spricht\\\/#primaryimage\"},\"thumbnailUrl\":\"https:\\\/\\\/news.save.ch\\\/wp-content\\\/uploads\\\/2016\\\/12\\\/it-sa-Ein-Datenschutzaktivist-spricht-it-security.png\",\"keywords\":[\"Aus- und Weiterbildung\",\"Fachkongress\\\/Fachmesse\",\"IT-SECURITY\"],\"articleSection\":[\"DIGITALISIERUNG\"],\"inLanguage\":\"it-IT\"},{\"@type\":\"WebPage\",\"@id\":\"https:\\\/\\\/news.save.ch\\\/it-sa-ein-datenschutzaktivist-spricht\\\/\",\"url\":\"https:\\\/\\\/news.save.ch\\\/it-sa-ein-datenschutzaktivist-spricht\\\/\",\"name\":\"it-sa: Ein Datenschutzaktivist spricht - Save\",\"isPartOf\":{\"@id\":\"https:\\\/\\\/news.save.ch\\\/de\\\/#website\"},\"primaryImageOfPage\":{\"@id\":\"https:\\\/\\\/news.save.ch\\\/it-sa-ein-datenschutzaktivist-spricht\\\/#primaryimage\"},\"image\":{\"@id\":\"https:\\\/\\\/news.save.ch\\\/it-sa-ein-datenschutzaktivist-spricht\\\/#primaryimage\"},\"thumbnailUrl\":\"https:\\\/\\\/news.save.ch\\\/wp-content\\\/uploads\\\/2016\\\/12\\\/it-sa-Ein-Datenschutzaktivist-spricht-it-security.png\",\"datePublished\":\"2016-10-13T14:39:10+00:00\",\"dateModified\":\"2023-03-14T07:57:11+00:00\",\"description\":\"Vom 18. bis 20. Oktober informieren sich IT-Sicherheitsexperten auf der Fachveranstaltung it-sa \u00fcber aktuelle IT-Sicherheitsprodukte und -dienstleistungen.\",\"breadcrumb\":{\"@id\":\"https:\\\/\\\/news.save.ch\\\/it-sa-ein-datenschutzaktivist-spricht\\\/#breadcrumb\"},\"inLanguage\":\"it-IT\",\"potentialAction\":[{\"@type\":\"ReadAction\",\"target\":[\"https:\\\/\\\/news.save.ch\\\/it-sa-ein-datenschutzaktivist-spricht\\\/\"]}]},{\"@type\":\"ImageObject\",\"inLanguage\":\"it-IT\",\"@id\":\"https:\\\/\\\/news.save.ch\\\/it-sa-ein-datenschutzaktivist-spricht\\\/#primaryimage\",\"url\":\"https:\\\/\\\/news.save.ch\\\/wp-content\\\/uploads\\\/2016\\\/12\\\/it-sa-Ein-Datenschutzaktivist-spricht-it-security.png\",\"contentUrl\":\"https:\\\/\\\/news.save.ch\\\/wp-content\\\/uploads\\\/2016\\\/12\\\/it-sa-Ein-Datenschutzaktivist-spricht-it-security.png\",\"width\":460,\"height\":307,\"caption\":\"Foto: it-sa\"},{\"@type\":\"BreadcrumbList\",\"@id\":\"https:\\\/\\\/news.save.ch\\\/it-sa-ein-datenschutzaktivist-spricht\\\/#breadcrumb\",\"itemListElement\":[{\"@type\":\"ListItem\",\"position\":1,\"name\":\"Home\",\"item\":\"https:\\\/\\\/news.save.ch\\\/de\\\/\"},{\"@type\":\"ListItem\",\"position\":2,\"name\":\"it-sa: Ein Datenschutzaktivist spricht\"}]},{\"@type\":\"WebSite\",\"@id\":\"https:\\\/\\\/news.save.ch\\\/de\\\/#website\",\"url\":\"https:\\\/\\\/news.save.ch\\\/de\\\/\",\"name\":\"Save\",\"description\":\"Schweizer Fachzeitschrift f\u00fcr Sicherheit\",\"publisher\":{\"@id\":\"https:\\\/\\\/news.save.ch\\\/de\\\/#organization\"},\"potentialAction\":[{\"@type\":\"SearchAction\",\"target\":{\"@type\":\"EntryPoint\",\"urlTemplate\":\"https:\\\/\\\/news.save.ch\\\/de\\\/?s={search_term_string}\"},\"query-input\":{\"@type\":\"PropertyValueSpecification\",\"valueRequired\":true,\"valueName\":\"search_term_string\"}}],\"inLanguage\":\"it-IT\"},{\"@type\":\"Organization\",\"@id\":\"https:\\\/\\\/news.save.ch\\\/de\\\/#organization\",\"name\":\"Sicherheitsforum\",\"url\":\"https:\\\/\\\/news.save.ch\\\/de\\\/\",\"logo\":{\"@type\":\"ImageObject\",\"inLanguage\":\"it-IT\",\"@id\":\"https:\\\/\\\/news.save.ch\\\/de\\\/#\\\/schema\\\/logo\\\/image\\\/\",\"url\":\"https:\\\/\\\/news.save.ch\\\/wp-content\\\/uploads\\\/2022\\\/06\\\/Logo_SF_2012.png\",\"contentUrl\":\"https:\\\/\\\/news.save.ch\\\/wp-content\\\/uploads\\\/2022\\\/06\\\/Logo_SF_2012.png\",\"width\":1100,\"height\":91,\"caption\":\"Sicherheitsforum\"},\"image\":{\"@id\":\"https:\\\/\\\/news.save.ch\\\/de\\\/#\\\/schema\\\/logo\\\/image\\\/\"}},{\"@type\":\"Person\",\"@id\":\"https:\\\/\\\/news.save.ch\\\/de\\\/#\\\/schema\\\/person\\\/d49e199490bad7c70d64b9ab51142f2b\",\"name\":\"admin\",\"image\":{\"@type\":\"ImageObject\",\"inLanguage\":\"it-IT\",\"@id\":\"https:\\\/\\\/secure.gravatar.com\\\/avatar\\\/ae2f4d718e6c49043e314ce431e7e645d646302a24a5ef5a8bc8e3f5a032e319?s=96&d=mm&r=g\",\"url\":\"https:\\\/\\\/secure.gravatar.com\\\/avatar\\\/ae2f4d718e6c49043e314ce431e7e645d646302a24a5ef5a8bc8e3f5a032e319?s=96&d=mm&r=g\",\"contentUrl\":\"https:\\\/\\\/secure.gravatar.com\\\/avatar\\\/ae2f4d718e6c49043e314ce431e7e645d646302a24a5ef5a8bc8e3f5a032e319?s=96&d=mm&r=g\",\"caption\":\"admin\"},\"sameAs\":[\"https:\\\/\\\/develop.organisator.galledia.ch\"],\"url\":\"https:\\\/\\\/news.save.ch\\\/it\\\/author\\\/admin\\\/\"}]}<\/script>\n<!-- \/ Yoast SEO plugin. -->","yoast_head_json":{"title":"it-sa: parla un attivista della protezione dei dati - Save","description":"Dal 18 al 20 ottobre, gli esperti di sicurezza informatica potranno scoprire le ultime novit\u00e0 in fatto di prodotti e servizi per la sicurezza informatica all'evento commerciale it-sa.","robots":{"index":"index","follow":"follow","max-snippet":"max-snippet:-1","max-image-preview":"max-image-preview:large","max-video-preview":"max-video-preview:-1"},"canonical":"https:\/\/news.save.ch\/it\/it-sa-ein-datenschutzaktivist-spricht\/","og_locale":"it_IT","og_type":"article","og_title":"it-sa: Ein Datenschutzaktivist spricht","og_description":"Vom 18. bis 20. Oktober informieren sich IT-Sicherheitsexperten auf der Fachveranstaltung it-sa \u00fcber aktuelle IT-Sicherheitsprodukte und -dienstleistungen. Besucher erwartet ein umfassendes Rahmenprogramm: Rund 230 Vortr\u00e4ge und Diskussionsrunden stehen ihnen in drei Foren offen.","og_url":"https:\/\/news.save.ch\/it\/it-sa-ein-datenschutzaktivist-spricht\/","og_site_name":"Save","article_published_time":"2016-10-13T14:39:10+00:00","article_modified_time":"2023-03-14T07:57:11+00:00","og_image":[{"url":"https:\/\/news.save.ch\/wp-content\/uploads\/2016\/12\/it-sa-Ein-Datenschutzaktivist-spricht-it-security.png","type":"","width":"","height":""}],"author":"admin","twitter_card":"summary_large_image","twitter_misc":{"Scritto da":"admin","Tempo di lettura stimato":"2 minuti"},"schema":{"@context":"https:\/\/schema.org","@graph":[{"@type":"Article","@id":"https:\/\/news.save.ch\/it-sa-ein-datenschutzaktivist-spricht\/#article","isPartOf":{"@id":"https:\/\/news.save.ch\/it-sa-ein-datenschutzaktivist-spricht\/"},"author":{"name":"admin","@id":"https:\/\/news.save.ch\/de\/#\/schema\/person\/d49e199490bad7c70d64b9ab51142f2b"},"headline":"it-sa: Ein Datenschutzaktivist spricht","datePublished":"2016-10-13T14:39:10+00:00","dateModified":"2023-03-14T07:57:11+00:00","mainEntityOfPage":{"@id":"https:\/\/news.save.ch\/it-sa-ein-datenschutzaktivist-spricht\/"},"wordCount":374,"commentCount":0,"publisher":{"@id":"https:\/\/news.save.ch\/de\/#organization"},"image":{"@id":"https:\/\/news.save.ch\/it-sa-ein-datenschutzaktivist-spricht\/#primaryimage"},"thumbnailUrl":"https:\/\/news.save.ch\/wp-content\/uploads\/2016\/12\/it-sa-Ein-Datenschutzaktivist-spricht-it-security.png","keywords":["Aus- und Weiterbildung","Fachkongress\/Fachmesse","IT-SECURITY"],"articleSection":["DIGITALISIERUNG"],"inLanguage":"it-IT"},{"@type":"WebPage","@id":"https:\/\/news.save.ch\/it-sa-ein-datenschutzaktivist-spricht\/","url":"https:\/\/news.save.ch\/it-sa-ein-datenschutzaktivist-spricht\/","name":"it-sa: parla un attivista della protezione dei dati - Save","isPartOf":{"@id":"https:\/\/news.save.ch\/de\/#website"},"primaryImageOfPage":{"@id":"https:\/\/news.save.ch\/it-sa-ein-datenschutzaktivist-spricht\/#primaryimage"},"image":{"@id":"https:\/\/news.save.ch\/it-sa-ein-datenschutzaktivist-spricht\/#primaryimage"},"thumbnailUrl":"https:\/\/news.save.ch\/wp-content\/uploads\/2016\/12\/it-sa-Ein-Datenschutzaktivist-spricht-it-security.png","datePublished":"2016-10-13T14:39:10+00:00","dateModified":"2023-03-14T07:57:11+00:00","description":"Dal 18 al 20 ottobre, gli esperti di sicurezza informatica potranno scoprire le ultime novit\u00e0 in fatto di prodotti e servizi per la sicurezza informatica all'evento commerciale it-sa.","breadcrumb":{"@id":"https:\/\/news.save.ch\/it-sa-ein-datenschutzaktivist-spricht\/#breadcrumb"},"inLanguage":"it-IT","potentialAction":[{"@type":"ReadAction","target":["https:\/\/news.save.ch\/it-sa-ein-datenschutzaktivist-spricht\/"]}]},{"@type":"ImageObject","inLanguage":"it-IT","@id":"https:\/\/news.save.ch\/it-sa-ein-datenschutzaktivist-spricht\/#primaryimage","url":"https:\/\/news.save.ch\/wp-content\/uploads\/2016\/12\/it-sa-Ein-Datenschutzaktivist-spricht-it-security.png","contentUrl":"https:\/\/news.save.ch\/wp-content\/uploads\/2016\/12\/it-sa-Ein-Datenschutzaktivist-spricht-it-security.png","width":460,"height":307,"caption":"Foto: it-sa"},{"@type":"BreadcrumbList","@id":"https:\/\/news.save.ch\/it-sa-ein-datenschutzaktivist-spricht\/#breadcrumb","itemListElement":[{"@type":"ListItem","position":1,"name":"Home","item":"https:\/\/news.save.ch\/de\/"},{"@type":"ListItem","position":2,"name":"it-sa: Ein Datenschutzaktivist spricht"}]},{"@type":"WebSite","@id":"https:\/\/news.save.ch\/de\/#website","url":"https:\/\/news.save.ch\/de\/","name":"Risparmiare","description":"Rivista svizzera specializzata in sicurezza","publisher":{"@id":"https:\/\/news.save.ch\/de\/#organization"},"potentialAction":[{"@type":"SearchAction","target":{"@type":"EntryPoint","urlTemplate":"https:\/\/news.save.ch\/de\/?s={search_term_string}"},"query-input":{"@type":"PropertyValueSpecification","valueRequired":true,"valueName":"search_term_string"}}],"inLanguage":"it-IT"},{"@type":"Organization","@id":"https:\/\/news.save.ch\/de\/#organization","name":"Forum sulla sicurezza","url":"https:\/\/news.save.ch\/de\/","logo":{"@type":"ImageObject","inLanguage":"it-IT","@id":"https:\/\/news.save.ch\/de\/#\/schema\/logo\/image\/","url":"https:\/\/news.save.ch\/wp-content\/uploads\/2022\/06\/Logo_SF_2012.png","contentUrl":"https:\/\/news.save.ch\/wp-content\/uploads\/2022\/06\/Logo_SF_2012.png","width":1100,"height":91,"caption":"Sicherheitsforum"},"image":{"@id":"https:\/\/news.save.ch\/de\/#\/schema\/logo\/image\/"}},{"@type":"Person","@id":"https:\/\/news.save.ch\/de\/#\/schema\/person\/d49e199490bad7c70d64b9ab51142f2b","name":"amministratore","image":{"@type":"ImageObject","inLanguage":"it-IT","@id":"https:\/\/secure.gravatar.com\/avatar\/ae2f4d718e6c49043e314ce431e7e645d646302a24a5ef5a8bc8e3f5a032e319?s=96&d=mm&r=g","url":"https:\/\/secure.gravatar.com\/avatar\/ae2f4d718e6c49043e314ce431e7e645d646302a24a5ef5a8bc8e3f5a032e319?s=96&d=mm&r=g","contentUrl":"https:\/\/secure.gravatar.com\/avatar\/ae2f4d718e6c49043e314ce431e7e645d646302a24a5ef5a8bc8e3f5a032e319?s=96&d=mm&r=g","caption":"admin"},"sameAs":["https:\/\/develop.organisator.galledia.ch"],"url":"https:\/\/news.save.ch\/it\/author\/admin\/"}]}},"_links":{"self":[{"href":"https:\/\/news.save.ch\/it\/wp-json\/wp\/v2\/posts\/1200","targetHints":{"allow":["GET"]}}],"collection":[{"href":"https:\/\/news.save.ch\/it\/wp-json\/wp\/v2\/posts"}],"about":[{"href":"https:\/\/news.save.ch\/it\/wp-json\/wp\/v2\/types\/post"}],"author":[{"embeddable":true,"href":"https:\/\/news.save.ch\/it\/wp-json\/wp\/v2\/users\/1"}],"replies":[{"embeddable":true,"href":"https:\/\/news.save.ch\/it\/wp-json\/wp\/v2\/comments?post=1200"}],"version-history":[{"count":1,"href":"https:\/\/news.save.ch\/it\/wp-json\/wp\/v2\/posts\/1200\/revisions"}],"predecessor-version":[{"id":17564,"href":"https:\/\/news.save.ch\/it\/wp-json\/wp\/v2\/posts\/1200\/revisions\/17564"}],"wp:featuredmedia":[{"embeddable":true,"href":"https:\/\/news.save.ch\/it\/wp-json\/wp\/v2\/media\/1201"}],"wp:attachment":[{"href":"https:\/\/news.save.ch\/it\/wp-json\/wp\/v2\/media?parent=1200"}],"wp:term":[{"taxonomy":"category","embeddable":true,"href":"https:\/\/news.save.ch\/it\/wp-json\/wp\/v2\/categories?post=1200"},{"taxonomy":"post_tag","embeddable":true,"href":"https:\/\/news.save.ch\/it\/wp-json\/wp\/v2\/tags?post=1200"}],"curies":[{"name":"wp","href":"https:\/\/api.w.org\/{rel}","templated":true}]}}