{"id":12021,"date":"2021-05-28T14:13:10","date_gmt":"2021-05-28T12:13:10","guid":{"rendered":"https:\/\/news.save.ch\/?p=12021"},"modified":"2023-07-19T06:19:35","modified_gmt":"2023-07-19T04:19:35","slug":"netz-tool-zur-auskunft-ueber-eigene-daten","status":null,"type":"post","link":"https:\/\/news.save.ch\/it\/netz-tool-zur-auskunft-ueber-eigene-daten\/","title":{"rendered":"Strumento di rete per informazioni sui propri dati"},"content":{"rendered":"<p><img loading=\"lazy\" decoding=\"async\" class=\"alignnone wp-image-12022 size-full\" src=\"https:\/\/news.save.ch\/wp-content\/uploads\/2021\/05\/Netztool.jpg\" alt=\"Societ\u00e0 digitale\" width=\"983\" height=\"812\" srcset=\"https:\/\/news.save.ch\/wp-content\/uploads\/2021\/05\/Netztool.jpg 983w, https:\/\/news.save.ch\/wp-content\/uploads\/2021\/05\/Netztool-363x300.jpg 363w\" sizes=\"auto, (max-width: 983px) 100vw, 983px\" \/><br \/>\n<em>Schermata: Societ\u00e0 digitale<\/em><\/p>\n<p>La Digitale Gesellschaft, una societ\u00e0 di rete senza scopo di lucro per i diritti digitali, ha lanciato un servizio web attraverso il quale gli interessati possono facilmente richiedere informazioni sui propri dati alle aziende e alle autorit\u00e0.<\/p>\n<p>Tramite lo strumento online all'indirizzo <a href=\"https:\/\/www.digitale-gesellschaft.ch\/\" target=\"_blank\" rel=\"noopener\">datenauskunftsbegehren.ch<\/a> le persone possono richiedere informazioni sui loro dati. \u00c8 inoltre possibile far correggere o cancellare i dati errati. Tra i dati che possono essere richiesti vi \u00e8, ad esempio, la conservazione dei dati da parte dei provider di telefonia mobile. Tuttavia, \u00e8 anche possibile richiedere i propri dati sanitari alle compagnie di assicurazione sanitaria o i dati sull'affidabilit\u00e0 creditizia alle banche dati di rating.<\/p>\n<p>Tali informazioni devono essere fornite integralmente entro 30 giorni. Nel generatore online \u00e8 stata prestata particolare attenzione alla facilit\u00e0 d'uso e alla \"privacy by design\", afferma Erik Sch\u00f6nberger, direttore generale della Digital Society e responsabile del progetto.<\/p>\n<p><em>Fonte: Societ\u00e0 digitale<\/em><\/p>\n<p>&nbsp;<\/p>","protected":false},"excerpt":{"rendered":"<p>Screenshot: Digitale Gesellschaft Die Digitale Gesellschaft, eine gemeinn\u00fctzige Netzgesellschaft f\u00fcr digitale Rechte, hat einen Webdienst lanciert, \u00fcber welchen Interessierte auf einfache Weise bei Unternehmen und Beh\u00f6rden Auskunft \u00fcber ihre eigenen Daten verlangen k\u00f6nnen. \u00dcber das Online-Tool unter datenauskunftsbegehren.ch k\u00f6nnen Personen Auskunft \u00fcber ihre Daten verlangen. Es ist auch m\u00f6glich, falsche Daten korrigieren oder Daten l\u00f6schen [&hellip;]<\/p>\n","protected":false},"author":9,"featured_media":12022,"comment_status":"closed","ping_status":"closed","sticky":false,"template":"","format":"standard","meta":{"_acf_changed":false,"pgc_sgb_lightbox_settings":"","footnotes":""},"categories":[1,3313],"tags":[4581,5512,118,1175,5513,5511],"class_list":["post-12021","post","type-post","status-publish","format-standard","has-post-thumbnail","hentry","category-allgemein","category-digitalisierung","tag-auskuenfte","tag-datenauskunftsbegehren-ch","tag-datenschutz","tag-digitale-gesellschaft","tag-privacy-by-design","tag-webdienst"],"acf":[],"hkrextid":null,"publication":null,"issue":null,"workflow":null,"startPage":null,"spitzmarke":null,"_posts_by_tag_page_fields":{"widget_title":"","widget_tags":""},"_at_widget":"1","_yoast_wpseo_primary_category":"","_yoast_wpseo_focuskw_text_input":null,"_yoast_wpseo_opengraph-image":null,"_yoast_wpseo_opengraph-description":null,"_yoast_wpseo_opengraph-title":null,"enclosure":null,"_yoast_wpseo_twitter-title":null,"_yoast_wpseo_twitter-description":null,"_yoast_wpseo_twitter-image":null,"_wp_old_slug":null,"_yoast_wpseo_title":null,"_yoast_wpseo_canonical":null,"yoast_head":"<!-- This site is optimized with the Yoast SEO plugin v27.5 - https:\/\/yoast.com\/product\/yoast-seo-wordpress\/ -->\n<title>Netz-Tool zur Auskunft \u00fcber eigene Daten - Save<\/title>\n<meta name=\"description\" content=\"Gem\u00e4ss Datenschutzgesetz hat jede Person das Recht zu erfahren, welche Daten \u00fcber sie gespeichert sind, und diese \u2013 wenn n\u00f6tig \u2013 l\u00f6schen oder korrigieren zu lassen. Die Netzgesellschaft Digitale Gesellschaft hat einen Online-Generator entwickelt, um schnell und einfach eine Datenanfrage an die entsprechenden Unternehmen zu \u00fcbermitteln.\" \/>\n<meta name=\"robots\" content=\"index, follow, max-snippet:-1, max-image-preview:large, max-video-preview:-1\" \/>\n<link rel=\"canonical\" href=\"https:\/\/news.save.ch\/it\/netz-tool-zur-auskunft-ueber-eigene-daten\/\" \/>\n<meta property=\"og:locale\" content=\"it_IT\" \/>\n<meta property=\"og:type\" content=\"article\" \/>\n<meta property=\"og:title\" content=\"Netz-Tool zur Auskunft \u00fcber eigene Daten - Save\" \/>\n<meta property=\"og:description\" content=\"Gem\u00e4ss Datenschutzgesetz hat jede Person das Recht zu erfahren, welche Daten \u00fcber sie gespeichert sind, und diese \u2013 wenn n\u00f6tig \u2013 l\u00f6schen oder korrigieren zu lassen. Die Netzgesellschaft Digitale Gesellschaft hat einen Online-Generator entwickelt, um schnell und einfach eine Datenanfrage an die entsprechenden Unternehmen zu \u00fcbermitteln.\" \/>\n<meta property=\"og:url\" content=\"https:\/\/news.save.ch\/it\/netz-tool-zur-auskunft-ueber-eigene-daten\/\" \/>\n<meta property=\"og:site_name\" content=\"Save\" \/>\n<meta property=\"article:published_time\" content=\"2021-05-28T12:13:10+00:00\" \/>\n<meta property=\"article:modified_time\" content=\"2023-07-19T04:19:35+00:00\" \/>\n<meta property=\"og:image\" content=\"https:\/\/news.save.ch\/wp-content\/uploads\/2021\/05\/Netztool.jpg\" \/>\n\t<meta property=\"og:image:width\" content=\"983\" \/>\n\t<meta property=\"og:image:height\" content=\"812\" \/>\n\t<meta property=\"og:image:type\" content=\"image\/jpeg\" \/>\n<meta name=\"author\" content=\"Simon Gr\u00f6flin\" \/>\n<meta name=\"twitter:card\" content=\"summary_large_image\" \/>\n<meta name=\"twitter:label1\" content=\"Scritto da\" \/>\n\t<meta name=\"twitter:data1\" content=\"Simon Gr\u00f6flin\" \/>\n\t<meta name=\"twitter:label2\" content=\"Tempo di lettura stimato\" \/>\n\t<meta name=\"twitter:data2\" content=\"1 minuto\" \/>\n<script type=\"application\/ld+json\" class=\"yoast-schema-graph\">{\"@context\":\"https:\\\/\\\/schema.org\",\"@graph\":[{\"@type\":\"Article\",\"@id\":\"https:\\\/\\\/news.save.ch\\\/netz-tool-zur-auskunft-ueber-eigene-daten\\\/#article\",\"isPartOf\":{\"@id\":\"https:\\\/\\\/news.save.ch\\\/netz-tool-zur-auskunft-ueber-eigene-daten\\\/\"},\"author\":{\"name\":\"Simon Gr\u00f6flin\",\"@id\":\"https:\\\/\\\/news.save.ch\\\/de\\\/#\\\/schema\\\/person\\\/ad4ef21102fd6125312409ac57d5296d\"},\"headline\":\"Netz-Tool zur Auskunft \u00fcber eigene Daten\",\"datePublished\":\"2021-05-28T12:13:10+00:00\",\"dateModified\":\"2023-07-19T04:19:35+00:00\",\"mainEntityOfPage\":{\"@id\":\"https:\\\/\\\/news.save.ch\\\/netz-tool-zur-auskunft-ueber-eigene-daten\\\/\"},\"wordCount\":152,\"publisher\":{\"@id\":\"https:\\\/\\\/news.save.ch\\\/de\\\/#organization\"},\"image\":{\"@id\":\"https:\\\/\\\/news.save.ch\\\/netz-tool-zur-auskunft-ueber-eigene-daten\\\/#primaryimage\"},\"thumbnailUrl\":\"https:\\\/\\\/news.save.ch\\\/wp-content\\\/uploads\\\/2021\\\/05\\\/Netztool.jpg\",\"keywords\":[\"Ausk\u00fcnfte\",\"datenauskunftsbegehren.ch\",\"Datenschutz\",\"Digitale Gesellschaft\",\"Privacy by Design\",\"Webdienst\"],\"articleSection\":[\"ALLGEMEIN\",\"DIGITALISIERUNG\"],\"inLanguage\":\"it-IT\"},{\"@type\":\"WebPage\",\"@id\":\"https:\\\/\\\/news.save.ch\\\/netz-tool-zur-auskunft-ueber-eigene-daten\\\/\",\"url\":\"https:\\\/\\\/news.save.ch\\\/netz-tool-zur-auskunft-ueber-eigene-daten\\\/\",\"name\":\"Netz-Tool zur Auskunft \u00fcber eigene Daten - Save\",\"isPartOf\":{\"@id\":\"https:\\\/\\\/news.save.ch\\\/de\\\/#website\"},\"primaryImageOfPage\":{\"@id\":\"https:\\\/\\\/news.save.ch\\\/netz-tool-zur-auskunft-ueber-eigene-daten\\\/#primaryimage\"},\"image\":{\"@id\":\"https:\\\/\\\/news.save.ch\\\/netz-tool-zur-auskunft-ueber-eigene-daten\\\/#primaryimage\"},\"thumbnailUrl\":\"https:\\\/\\\/news.save.ch\\\/wp-content\\\/uploads\\\/2021\\\/05\\\/Netztool.jpg\",\"datePublished\":\"2021-05-28T12:13:10+00:00\",\"dateModified\":\"2023-07-19T04:19:35+00:00\",\"description\":\"Gem\u00e4ss Datenschutzgesetz hat jede Person das Recht zu erfahren, welche Daten \u00fcber sie gespeichert sind, und diese \u2013 wenn n\u00f6tig \u2013 l\u00f6schen oder korrigieren zu lassen. Die Netzgesellschaft Digitale Gesellschaft hat einen Online-Generator entwickelt, um schnell und einfach eine Datenanfrage an die entsprechenden Unternehmen zu \u00fcbermitteln.\",\"breadcrumb\":{\"@id\":\"https:\\\/\\\/news.save.ch\\\/netz-tool-zur-auskunft-ueber-eigene-daten\\\/#breadcrumb\"},\"inLanguage\":\"it-IT\",\"potentialAction\":[{\"@type\":\"ReadAction\",\"target\":[\"https:\\\/\\\/news.save.ch\\\/netz-tool-zur-auskunft-ueber-eigene-daten\\\/\"]}]},{\"@type\":\"ImageObject\",\"inLanguage\":\"it-IT\",\"@id\":\"https:\\\/\\\/news.save.ch\\\/netz-tool-zur-auskunft-ueber-eigene-daten\\\/#primaryimage\",\"url\":\"https:\\\/\\\/news.save.ch\\\/wp-content\\\/uploads\\\/2021\\\/05\\\/Netztool.jpg\",\"contentUrl\":\"https:\\\/\\\/news.save.ch\\\/wp-content\\\/uploads\\\/2021\\\/05\\\/Netztool.jpg\",\"width\":983,\"height\":812},{\"@type\":\"BreadcrumbList\",\"@id\":\"https:\\\/\\\/news.save.ch\\\/netz-tool-zur-auskunft-ueber-eigene-daten\\\/#breadcrumb\",\"itemListElement\":[{\"@type\":\"ListItem\",\"position\":1,\"name\":\"Home\",\"item\":\"https:\\\/\\\/news.save.ch\\\/de\\\/\"},{\"@type\":\"ListItem\",\"position\":2,\"name\":\"Netz-Tool zur Auskunft \u00fcber eigene Daten\"}]},{\"@type\":\"WebSite\",\"@id\":\"https:\\\/\\\/news.save.ch\\\/de\\\/#website\",\"url\":\"https:\\\/\\\/news.save.ch\\\/de\\\/\",\"name\":\"Save\",\"description\":\"Schweizer Fachzeitschrift f\u00fcr Sicherheit\",\"publisher\":{\"@id\":\"https:\\\/\\\/news.save.ch\\\/de\\\/#organization\"},\"potentialAction\":[{\"@type\":\"SearchAction\",\"target\":{\"@type\":\"EntryPoint\",\"urlTemplate\":\"https:\\\/\\\/news.save.ch\\\/de\\\/?s={search_term_string}\"},\"query-input\":{\"@type\":\"PropertyValueSpecification\",\"valueRequired\":true,\"valueName\":\"search_term_string\"}}],\"inLanguage\":\"it-IT\"},{\"@type\":\"Organization\",\"@id\":\"https:\\\/\\\/news.save.ch\\\/de\\\/#organization\",\"name\":\"Sicherheitsforum\",\"url\":\"https:\\\/\\\/news.save.ch\\\/de\\\/\",\"logo\":{\"@type\":\"ImageObject\",\"inLanguage\":\"it-IT\",\"@id\":\"https:\\\/\\\/news.save.ch\\\/de\\\/#\\\/schema\\\/logo\\\/image\\\/\",\"url\":\"https:\\\/\\\/news.save.ch\\\/wp-content\\\/uploads\\\/2022\\\/06\\\/Logo_SF_2012.png\",\"contentUrl\":\"https:\\\/\\\/news.save.ch\\\/wp-content\\\/uploads\\\/2022\\\/06\\\/Logo_SF_2012.png\",\"width\":1100,\"height\":91,\"caption\":\"Sicherheitsforum\"},\"image\":{\"@id\":\"https:\\\/\\\/news.save.ch\\\/de\\\/#\\\/schema\\\/logo\\\/image\\\/\"}},{\"@type\":\"Person\",\"@id\":\"https:\\\/\\\/news.save.ch\\\/de\\\/#\\\/schema\\\/person\\\/ad4ef21102fd6125312409ac57d5296d\",\"name\":\"Simon Gr\u00f6flin\",\"image\":{\"@type\":\"ImageObject\",\"inLanguage\":\"it-IT\",\"@id\":\"https:\\\/\\\/secure.gravatar.com\\\/avatar\\\/6ddceb80eb734354635539e0ea5140bb7c41e42de7c45c9a2ab9921b5d5c9a83?s=96&d=mm&r=g\",\"url\":\"https:\\\/\\\/secure.gravatar.com\\\/avatar\\\/6ddceb80eb734354635539e0ea5140bb7c41e42de7c45c9a2ab9921b5d5c9a83?s=96&d=mm&r=g\",\"contentUrl\":\"https:\\\/\\\/secure.gravatar.com\\\/avatar\\\/6ddceb80eb734354635539e0ea5140bb7c41e42de7c45c9a2ab9921b5d5c9a83?s=96&d=mm&r=g\",\"caption\":\"Simon Gr\u00f6flin\"},\"url\":\"https:\\\/\\\/news.save.ch\\\/it\\\/author\\\/simon-groeflin\\\/\"}]}<\/script>\n<!-- \/ Yoast SEO plugin. -->","yoast_head_json":{"title":"Strumento di rete per informazioni sui propri dati - Salva","description":"Secondo la legge sulla protezione dei dati, ogni persona ha il diritto di sapere quali dati sono memorizzati su di lei e, se necessario, di farli cancellare o correggere. La Netzgesellschaft Digitale Gesellschaft ha sviluppato un generatore online per inoltrare in modo rapido e semplice una richiesta di dati alle aziende interessate.","robots":{"index":"index","follow":"follow","max-snippet":"max-snippet:-1","max-image-preview":"max-image-preview:large","max-video-preview":"max-video-preview:-1"},"canonical":"https:\/\/news.save.ch\/it\/netz-tool-zur-auskunft-ueber-eigene-daten\/","og_locale":"it_IT","og_type":"article","og_title":"Netz-Tool zur Auskunft \u00fcber eigene Daten - Save","og_description":"Gem\u00e4ss Datenschutzgesetz hat jede Person das Recht zu erfahren, welche Daten \u00fcber sie gespeichert sind, und diese \u2013 wenn n\u00f6tig \u2013 l\u00f6schen oder korrigieren zu lassen. Die Netzgesellschaft Digitale Gesellschaft hat einen Online-Generator entwickelt, um schnell und einfach eine Datenanfrage an die entsprechenden Unternehmen zu \u00fcbermitteln.","og_url":"https:\/\/news.save.ch\/it\/netz-tool-zur-auskunft-ueber-eigene-daten\/","og_site_name":"Save","article_published_time":"2021-05-28T12:13:10+00:00","article_modified_time":"2023-07-19T04:19:35+00:00","og_image":[{"width":983,"height":812,"url":"https:\/\/news.save.ch\/wp-content\/uploads\/2021\/05\/Netztool.jpg","type":"image\/jpeg"}],"author":"Simon Gr\u00f6flin","twitter_card":"summary_large_image","twitter_misc":{"Scritto da":"Simon Gr\u00f6flin","Tempo di lettura stimato":"1 minuto"},"schema":{"@context":"https:\/\/schema.org","@graph":[{"@type":"Article","@id":"https:\/\/news.save.ch\/netz-tool-zur-auskunft-ueber-eigene-daten\/#article","isPartOf":{"@id":"https:\/\/news.save.ch\/netz-tool-zur-auskunft-ueber-eigene-daten\/"},"author":{"name":"Simon Gr\u00f6flin","@id":"https:\/\/news.save.ch\/de\/#\/schema\/person\/ad4ef21102fd6125312409ac57d5296d"},"headline":"Netz-Tool zur Auskunft \u00fcber eigene Daten","datePublished":"2021-05-28T12:13:10+00:00","dateModified":"2023-07-19T04:19:35+00:00","mainEntityOfPage":{"@id":"https:\/\/news.save.ch\/netz-tool-zur-auskunft-ueber-eigene-daten\/"},"wordCount":152,"publisher":{"@id":"https:\/\/news.save.ch\/de\/#organization"},"image":{"@id":"https:\/\/news.save.ch\/netz-tool-zur-auskunft-ueber-eigene-daten\/#primaryimage"},"thumbnailUrl":"https:\/\/news.save.ch\/wp-content\/uploads\/2021\/05\/Netztool.jpg","keywords":["Ausk\u00fcnfte","datenauskunftsbegehren.ch","Datenschutz","Digitale Gesellschaft","Privacy by Design","Webdienst"],"articleSection":["ALLGEMEIN","DIGITALISIERUNG"],"inLanguage":"it-IT"},{"@type":"WebPage","@id":"https:\/\/news.save.ch\/netz-tool-zur-auskunft-ueber-eigene-daten\/","url":"https:\/\/news.save.ch\/netz-tool-zur-auskunft-ueber-eigene-daten\/","name":"Strumento di rete per informazioni sui propri dati - Salva","isPartOf":{"@id":"https:\/\/news.save.ch\/de\/#website"},"primaryImageOfPage":{"@id":"https:\/\/news.save.ch\/netz-tool-zur-auskunft-ueber-eigene-daten\/#primaryimage"},"image":{"@id":"https:\/\/news.save.ch\/netz-tool-zur-auskunft-ueber-eigene-daten\/#primaryimage"},"thumbnailUrl":"https:\/\/news.save.ch\/wp-content\/uploads\/2021\/05\/Netztool.jpg","datePublished":"2021-05-28T12:13:10+00:00","dateModified":"2023-07-19T04:19:35+00:00","description":"Secondo la legge sulla protezione dei dati, ogni persona ha il diritto di sapere quali dati sono memorizzati su di lei e, se necessario, di farli cancellare o correggere. La Netzgesellschaft Digitale Gesellschaft ha sviluppato un generatore online per inoltrare in modo rapido e semplice una richiesta di dati alle aziende interessate.","breadcrumb":{"@id":"https:\/\/news.save.ch\/netz-tool-zur-auskunft-ueber-eigene-daten\/#breadcrumb"},"inLanguage":"it-IT","potentialAction":[{"@type":"ReadAction","target":["https:\/\/news.save.ch\/netz-tool-zur-auskunft-ueber-eigene-daten\/"]}]},{"@type":"ImageObject","inLanguage":"it-IT","@id":"https:\/\/news.save.ch\/netz-tool-zur-auskunft-ueber-eigene-daten\/#primaryimage","url":"https:\/\/news.save.ch\/wp-content\/uploads\/2021\/05\/Netztool.jpg","contentUrl":"https:\/\/news.save.ch\/wp-content\/uploads\/2021\/05\/Netztool.jpg","width":983,"height":812},{"@type":"BreadcrumbList","@id":"https:\/\/news.save.ch\/netz-tool-zur-auskunft-ueber-eigene-daten\/#breadcrumb","itemListElement":[{"@type":"ListItem","position":1,"name":"Home","item":"https:\/\/news.save.ch\/de\/"},{"@type":"ListItem","position":2,"name":"Netz-Tool zur Auskunft \u00fcber eigene Daten"}]},{"@type":"WebSite","@id":"https:\/\/news.save.ch\/de\/#website","url":"https:\/\/news.save.ch\/de\/","name":"Risparmiare","description":"Rivista svizzera specializzata in sicurezza","publisher":{"@id":"https:\/\/news.save.ch\/de\/#organization"},"potentialAction":[{"@type":"SearchAction","target":{"@type":"EntryPoint","urlTemplate":"https:\/\/news.save.ch\/de\/?s={search_term_string}"},"query-input":{"@type":"PropertyValueSpecification","valueRequired":true,"valueName":"search_term_string"}}],"inLanguage":"it-IT"},{"@type":"Organization","@id":"https:\/\/news.save.ch\/de\/#organization","name":"Forum sulla sicurezza","url":"https:\/\/news.save.ch\/de\/","logo":{"@type":"ImageObject","inLanguage":"it-IT","@id":"https:\/\/news.save.ch\/de\/#\/schema\/logo\/image\/","url":"https:\/\/news.save.ch\/wp-content\/uploads\/2022\/06\/Logo_SF_2012.png","contentUrl":"https:\/\/news.save.ch\/wp-content\/uploads\/2022\/06\/Logo_SF_2012.png","width":1100,"height":91,"caption":"Sicherheitsforum"},"image":{"@id":"https:\/\/news.save.ch\/de\/#\/schema\/logo\/image\/"}},{"@type":"Person","@id":"https:\/\/news.save.ch\/de\/#\/schema\/person\/ad4ef21102fd6125312409ac57d5296d","name":"Simon Gr\u00f6flin","image":{"@type":"ImageObject","inLanguage":"it-IT","@id":"https:\/\/secure.gravatar.com\/avatar\/6ddceb80eb734354635539e0ea5140bb7c41e42de7c45c9a2ab9921b5d5c9a83?s=96&d=mm&r=g","url":"https:\/\/secure.gravatar.com\/avatar\/6ddceb80eb734354635539e0ea5140bb7c41e42de7c45c9a2ab9921b5d5c9a83?s=96&d=mm&r=g","contentUrl":"https:\/\/secure.gravatar.com\/avatar\/6ddceb80eb734354635539e0ea5140bb7c41e42de7c45c9a2ab9921b5d5c9a83?s=96&d=mm&r=g","caption":"Simon Gr\u00f6flin"},"url":"https:\/\/news.save.ch\/it\/author\/simon-groeflin\/"}]}},"_links":{"self":[{"href":"https:\/\/news.save.ch\/it\/wp-json\/wp\/v2\/posts\/12021","targetHints":{"allow":["GET"]}}],"collection":[{"href":"https:\/\/news.save.ch\/it\/wp-json\/wp\/v2\/posts"}],"about":[{"href":"https:\/\/news.save.ch\/it\/wp-json\/wp\/v2\/types\/post"}],"author":[{"embeddable":true,"href":"https:\/\/news.save.ch\/it\/wp-json\/wp\/v2\/users\/9"}],"replies":[{"embeddable":true,"href":"https:\/\/news.save.ch\/it\/wp-json\/wp\/v2\/comments?post=12021"}],"version-history":[{"count":3,"href":"https:\/\/news.save.ch\/it\/wp-json\/wp\/v2\/posts\/12021\/revisions"}],"predecessor-version":[{"id":21035,"href":"https:\/\/news.save.ch\/it\/wp-json\/wp\/v2\/posts\/12021\/revisions\/21035"}],"wp:featuredmedia":[{"embeddable":true,"href":"https:\/\/news.save.ch\/it\/wp-json\/wp\/v2\/media\/12022"}],"wp:attachment":[{"href":"https:\/\/news.save.ch\/it\/wp-json\/wp\/v2\/media?parent=12021"}],"wp:term":[{"taxonomy":"category","embeddable":true,"href":"https:\/\/news.save.ch\/it\/wp-json\/wp\/v2\/categories?post=12021"},{"taxonomy":"post_tag","embeddable":true,"href":"https:\/\/news.save.ch\/it\/wp-json\/wp\/v2\/tags?post=12021"}],"curies":[{"name":"wp","href":"https:\/\/api.w.org\/{rel}","templated":true}]}}