{"id":12113,"date":"2021-06-07T07:15:31","date_gmt":"2021-06-07T05:15:31","guid":{"rendered":"https:\/\/news.save.ch\/?p=12113"},"modified":"2023-07-19T05:19:34","modified_gmt":"2023-07-19T03:19:34","slug":"strombedarf-schweiz-importabhaengigkeit-fuehrt-zu-wesentlichen-risiken","status":null,"type":"post","link":"https:\/\/news.save.ch\/it\/strombedarf-schweiz-importabhaengigkeit-fuehrt-zu-wesentlichen-risiken\/","title":{"rendered":"Domanda di energia elettrica in Svizzera: la dipendenza dalle importazioni comporta rischi significativi"},"content":{"rendered":"<p><img loading=\"lazy\" decoding=\"async\" class=\"alignnone wp-image-12115 size-full\" src=\"https:\/\/news.save.ch\/wp-content\/uploads\/2021\/06\/Leibstadt_pixabay_teaser.jpg\" alt=\"Alimentazione\" width=\"960\" height=\"506\" srcset=\"https:\/\/news.save.ch\/wp-content\/uploads\/2021\/06\/Leibstadt_pixabay_teaser.jpg 960w, https:\/\/news.save.ch\/wp-content\/uploads\/2021\/06\/Leibstadt_pixabay_teaser-375x198.jpg 375w\" sizes=\"auto, (max-width: 960px) 100vw, 960px\" \/><br \/>\n<em>\u00a9 Pixabay<\/em><\/p>\n<p>Come mostra un rapporto della Commissione federale per l'energia elettrica (Elcom), l'elevata dipendenza della Svizzera dalle importazioni per il suo fabbisogno di energia elettrica comporta rischi significativi su un lungo periodo di tempo, soprattutto perch\u00e9 la capacit\u00e0 di esportazione dei Paesi vicini si riduce a causa della riduzione o della graduale eliminazione dell'energia nucleare e del carbone. Allo stesso tempo, aumenta la dipendenza dalle decisioni politiche prese all'estero, sia dagli organi dell'UE che dalle autorit\u00e0 di regolamentazione.<\/p>\n<p>Considerata l'enorme importanza di un approvvigionamento elettrico sicuro, sarebbe un rischio considerevole far funzionare il sistema al limite per anni. Sulla base di queste considerazioni, Elcom raccomanda di fornire almeno una produzione invernale sufficiente in Svizzera, in modo da non dover importare pi\u00f9 di 10 TWh nel semestre invernale.<\/p>\n<h2>Ottima qualit\u00e0 dell'assistenza in Svizzera<\/h2>\n<p>Tuttavia, la Svizzera fa parte del gruppo di Paesi con la pi\u00f9 alta qualit\u00e0 dell'offerta in Europa. Come negli anni precedenti, Elcom ha calcolato la qualit\u00e0 della fornitura di energia elettrica sulla base dei rapporti di interruzione di oltre tre minuti dei 94 maggiori gestori di rete in Svizzera. Questi rappresentano l'88% dell'energia immessa in Svizzera.<\/p>\n<p>Tuttavia, le cifre mostrano che i mancati recuperi si sviluppano in modo sproporzionato rispetto ai mancati recuperi. I gestori di rete devono addebitare gli interessi sui recuperi in eccesso a beneficio dei consumatori finali, mentre gli interessi possono essere addebitati sui recuperi in difetto.  Gli operatori di rete potrebbero anche creare deliberatamente sottocoperture al fine di ottenere profitti da interessi, grazie alle attuali possibilit\u00e0 di finanziamento favorevoli. Elcom intensificher\u00e0 le sue attivit\u00e0 per ridurre le sotto-recuperazioni nell'anno in corso.<\/p>\n<p>Tutti i documenti sono disponibili sul sito web della ElCom (<a href=\"https:\/\/www.elcom.admin.ch\" target=\"_blank\" rel=\"noopener\">www.elcom.admin.ch<\/a>) pu\u00f2 essere visualizzato.<\/p>","protected":false},"excerpt":{"rendered":"<p>\u00a9 Pixabay Wie ein Bericht der\u00a0Eidgen\u00f6ssische Elektrizit\u00e4tskommission (Elcom) zeigt, f\u00fchrt die hohe Importabh\u00e4ngigkeit der Schweiz beim Strombedarf zu wesentlichen Risiken w\u00e4hrend langer Zeit, zumal die Exportf\u00e4higkeit der Nachbarl\u00e4nder durch die Reduktion bzw. den Ausstieg aus Kern- und Kohleenergie verringert wird. Gleichzeitig steige die Abh\u00e4ngigkeit von politischen Entscheidungen im Ausland, sei dies von EU-Gremien oder von [&hellip;]<\/p>\n","protected":false},"author":9,"featured_media":12115,"comment_status":"closed","ping_status":"closed","sticky":false,"template":"","format":"standard","meta":{"_acf_changed":false,"pgc_sgb_lightbox_settings":"","footnotes":""},"categories":[1],"tags":[1214,5490,601,387,5492,5491],"class_list":["post-12113","post","type-post","status-publish","format-standard","has-post-thumbnail","hentry","category-allgemein","tag-elcom","tag-importabhaengigkeit","tag-kernkraftwerk","tag-stromversorgung","tag-unterdeckungen","tag-versorgungsqualitaet"],"acf":[],"hkrextid":null,"publication":null,"issue":null,"workflow":null,"startPage":null,"spitzmarke":null,"_posts_by_tag_page_fields":{"widget_title":"","widget_tags":""},"_at_widget":"1","_yoast_wpseo_primary_category":"1","_yoast_wpseo_focuskw_text_input":null,"_yoast_wpseo_opengraph-image":null,"_yoast_wpseo_opengraph-description":null,"_yoast_wpseo_opengraph-title":null,"enclosure":null,"_yoast_wpseo_twitter-title":null,"_yoast_wpseo_twitter-description":null,"_yoast_wpseo_twitter-image":null,"_wp_old_slug":null,"_yoast_wpseo_title":null,"_yoast_wpseo_canonical":null,"yoast_head":"<!-- This site is optimized with the Yoast SEO plugin v27.5 - https:\/\/yoast.com\/product\/yoast-seo-wordpress\/ -->\n<title>Strombedarf Schweiz: Importabh\u00e4ngigkeit f\u00fchrt zu wesentlichen Risiken - Save<\/title>\n<meta name=\"description\" content=\"In der Schweiz besteht nach wie vor Handlungsbedarf bei der Stromversorgung im Winter. Dennoch geh\u00f6rt die Schweiz zu den L\u00e4ndern mit der h\u00f6chsten Stromversorgungsqualit\u00e4t in Europa. Das folgert die Eidgen\u00f6ssische Elektrizit\u00e4tskommission Elcom in Ihrer Jahresmedienkonferenz.\" \/>\n<meta name=\"robots\" content=\"index, follow, max-snippet:-1, max-image-preview:large, max-video-preview:-1\" \/>\n<link rel=\"canonical\" href=\"https:\/\/news.save.ch\/it\/strombedarf-schweiz-importabhaengigkeit-fuehrt-zu-wesentlichen-risiken\/\" \/>\n<meta property=\"og:locale\" content=\"it_IT\" \/>\n<meta property=\"og:type\" content=\"article\" \/>\n<meta property=\"og:title\" content=\"Strombedarf Schweiz: Importabh\u00e4ngigkeit f\u00fchrt zu wesentlichen Risiken - Save\" \/>\n<meta property=\"og:description\" content=\"In der Schweiz besteht nach wie vor Handlungsbedarf bei der Stromversorgung im Winter. Dennoch geh\u00f6rt die Schweiz zu den L\u00e4ndern mit der h\u00f6chsten Stromversorgungsqualit\u00e4t in Europa. Das folgert die Eidgen\u00f6ssische Elektrizit\u00e4tskommission Elcom in Ihrer Jahresmedienkonferenz.\" \/>\n<meta property=\"og:url\" content=\"https:\/\/news.save.ch\/it\/strombedarf-schweiz-importabhaengigkeit-fuehrt-zu-wesentlichen-risiken\/\" \/>\n<meta property=\"og:site_name\" content=\"Save\" \/>\n<meta property=\"article:published_time\" content=\"2021-06-07T05:15:31+00:00\" \/>\n<meta property=\"article:modified_time\" content=\"2023-07-19T03:19:34+00:00\" \/>\n<meta property=\"og:image\" content=\"https:\/\/news.save.ch\/wp-content\/uploads\/2021\/06\/Leibstadt_pixabay_teaser.jpg\" \/>\n\t<meta property=\"og:image:width\" content=\"960\" \/>\n\t<meta property=\"og:image:height\" content=\"506\" \/>\n\t<meta property=\"og:image:type\" content=\"image\/jpeg\" \/>\n<meta name=\"author\" content=\"Simon Gr\u00f6flin\" \/>\n<meta name=\"twitter:card\" content=\"summary_large_image\" \/>\n<meta name=\"twitter:label1\" content=\"Scritto da\" \/>\n\t<meta name=\"twitter:data1\" content=\"Simon Gr\u00f6flin\" \/>\n\t<meta name=\"twitter:label2\" content=\"Tempo di lettura stimato\" \/>\n\t<meta name=\"twitter:data2\" content=\"2 minuti\" \/>\n<script type=\"application\/ld+json\" class=\"yoast-schema-graph\">{\"@context\":\"https:\\\/\\\/schema.org\",\"@graph\":[{\"@type\":\"Article\",\"@id\":\"https:\\\/\\\/news.save.ch\\\/strombedarf-schweiz-importabhaengigkeit-fuehrt-zu-wesentlichen-risiken\\\/#article\",\"isPartOf\":{\"@id\":\"https:\\\/\\\/news.save.ch\\\/strombedarf-schweiz-importabhaengigkeit-fuehrt-zu-wesentlichen-risiken\\\/\"},\"author\":{\"name\":\"Simon Gr\u00f6flin\",\"@id\":\"https:\\\/\\\/news.save.ch\\\/de\\\/#\\\/schema\\\/person\\\/ad4ef21102fd6125312409ac57d5296d\"},\"headline\":\"Strombedarf Schweiz: Importabh\u00e4ngigkeit f\u00fchrt zu wesentlichen Risiken\",\"datePublished\":\"2021-06-07T05:15:31+00:00\",\"dateModified\":\"2023-07-19T03:19:34+00:00\",\"mainEntityOfPage\":{\"@id\":\"https:\\\/\\\/news.save.ch\\\/strombedarf-schweiz-importabhaengigkeit-fuehrt-zu-wesentlichen-risiken\\\/\"},\"wordCount\":263,\"publisher\":{\"@id\":\"https:\\\/\\\/news.save.ch\\\/de\\\/#organization\"},\"image\":{\"@id\":\"https:\\\/\\\/news.save.ch\\\/strombedarf-schweiz-importabhaengigkeit-fuehrt-zu-wesentlichen-risiken\\\/#primaryimage\"},\"thumbnailUrl\":\"https:\\\/\\\/news.save.ch\\\/wp-content\\\/uploads\\\/2021\\\/06\\\/Leibstadt_pixabay_teaser.jpg\",\"keywords\":[\"Elcom\",\"Importabh\u00e4ngigkeit\",\"Kernkraftwerk\",\"Stromversorgung\",\"Unterdeckungen\",\"Versorgungsqualit\u00e4t\"],\"articleSection\":[\"ALLGEMEIN\"],\"inLanguage\":\"it-IT\"},{\"@type\":\"WebPage\",\"@id\":\"https:\\\/\\\/news.save.ch\\\/strombedarf-schweiz-importabhaengigkeit-fuehrt-zu-wesentlichen-risiken\\\/\",\"url\":\"https:\\\/\\\/news.save.ch\\\/strombedarf-schweiz-importabhaengigkeit-fuehrt-zu-wesentlichen-risiken\\\/\",\"name\":\"Strombedarf Schweiz: Importabh\u00e4ngigkeit f\u00fchrt zu wesentlichen Risiken - Save\",\"isPartOf\":{\"@id\":\"https:\\\/\\\/news.save.ch\\\/de\\\/#website\"},\"primaryImageOfPage\":{\"@id\":\"https:\\\/\\\/news.save.ch\\\/strombedarf-schweiz-importabhaengigkeit-fuehrt-zu-wesentlichen-risiken\\\/#primaryimage\"},\"image\":{\"@id\":\"https:\\\/\\\/news.save.ch\\\/strombedarf-schweiz-importabhaengigkeit-fuehrt-zu-wesentlichen-risiken\\\/#primaryimage\"},\"thumbnailUrl\":\"https:\\\/\\\/news.save.ch\\\/wp-content\\\/uploads\\\/2021\\\/06\\\/Leibstadt_pixabay_teaser.jpg\",\"datePublished\":\"2021-06-07T05:15:31+00:00\",\"dateModified\":\"2023-07-19T03:19:34+00:00\",\"description\":\"In der Schweiz besteht nach wie vor Handlungsbedarf bei der Stromversorgung im Winter. Dennoch geh\u00f6rt die Schweiz zu den L\u00e4ndern mit der h\u00f6chsten Stromversorgungsqualit\u00e4t in Europa. Das folgert die Eidgen\u00f6ssische Elektrizit\u00e4tskommission Elcom in Ihrer Jahresmedienkonferenz.\",\"breadcrumb\":{\"@id\":\"https:\\\/\\\/news.save.ch\\\/strombedarf-schweiz-importabhaengigkeit-fuehrt-zu-wesentlichen-risiken\\\/#breadcrumb\"},\"inLanguage\":\"it-IT\",\"potentialAction\":[{\"@type\":\"ReadAction\",\"target\":[\"https:\\\/\\\/news.save.ch\\\/strombedarf-schweiz-importabhaengigkeit-fuehrt-zu-wesentlichen-risiken\\\/\"]}]},{\"@type\":\"ImageObject\",\"inLanguage\":\"it-IT\",\"@id\":\"https:\\\/\\\/news.save.ch\\\/strombedarf-schweiz-importabhaengigkeit-fuehrt-zu-wesentlichen-risiken\\\/#primaryimage\",\"url\":\"https:\\\/\\\/news.save.ch\\\/wp-content\\\/uploads\\\/2021\\\/06\\\/Leibstadt_pixabay_teaser.jpg\",\"contentUrl\":\"https:\\\/\\\/news.save.ch\\\/wp-content\\\/uploads\\\/2021\\\/06\\\/Leibstadt_pixabay_teaser.jpg\",\"width\":960,\"height\":506},{\"@type\":\"BreadcrumbList\",\"@id\":\"https:\\\/\\\/news.save.ch\\\/strombedarf-schweiz-importabhaengigkeit-fuehrt-zu-wesentlichen-risiken\\\/#breadcrumb\",\"itemListElement\":[{\"@type\":\"ListItem\",\"position\":1,\"name\":\"Home\",\"item\":\"https:\\\/\\\/news.save.ch\\\/de\\\/\"},{\"@type\":\"ListItem\",\"position\":2,\"name\":\"Strombedarf Schweiz: Importabh\u00e4ngigkeit f\u00fchrt zu wesentlichen Risiken\"}]},{\"@type\":\"WebSite\",\"@id\":\"https:\\\/\\\/news.save.ch\\\/de\\\/#website\",\"url\":\"https:\\\/\\\/news.save.ch\\\/de\\\/\",\"name\":\"Save\",\"description\":\"Schweizer Fachzeitschrift f\u00fcr Sicherheit\",\"publisher\":{\"@id\":\"https:\\\/\\\/news.save.ch\\\/de\\\/#organization\"},\"potentialAction\":[{\"@type\":\"SearchAction\",\"target\":{\"@type\":\"EntryPoint\",\"urlTemplate\":\"https:\\\/\\\/news.save.ch\\\/de\\\/?s={search_term_string}\"},\"query-input\":{\"@type\":\"PropertyValueSpecification\",\"valueRequired\":true,\"valueName\":\"search_term_string\"}}],\"inLanguage\":\"it-IT\"},{\"@type\":\"Organization\",\"@id\":\"https:\\\/\\\/news.save.ch\\\/de\\\/#organization\",\"name\":\"Sicherheitsforum\",\"url\":\"https:\\\/\\\/news.save.ch\\\/de\\\/\",\"logo\":{\"@type\":\"ImageObject\",\"inLanguage\":\"it-IT\",\"@id\":\"https:\\\/\\\/news.save.ch\\\/de\\\/#\\\/schema\\\/logo\\\/image\\\/\",\"url\":\"https:\\\/\\\/news.save.ch\\\/wp-content\\\/uploads\\\/2022\\\/06\\\/Logo_SF_2012.png\",\"contentUrl\":\"https:\\\/\\\/news.save.ch\\\/wp-content\\\/uploads\\\/2022\\\/06\\\/Logo_SF_2012.png\",\"width\":1100,\"height\":91,\"caption\":\"Sicherheitsforum\"},\"image\":{\"@id\":\"https:\\\/\\\/news.save.ch\\\/de\\\/#\\\/schema\\\/logo\\\/image\\\/\"}},{\"@type\":\"Person\",\"@id\":\"https:\\\/\\\/news.save.ch\\\/de\\\/#\\\/schema\\\/person\\\/ad4ef21102fd6125312409ac57d5296d\",\"name\":\"Simon Gr\u00f6flin\",\"image\":{\"@type\":\"ImageObject\",\"inLanguage\":\"it-IT\",\"@id\":\"https:\\\/\\\/secure.gravatar.com\\\/avatar\\\/6ddceb80eb734354635539e0ea5140bb7c41e42de7c45c9a2ab9921b5d5c9a83?s=96&d=mm&r=g\",\"url\":\"https:\\\/\\\/secure.gravatar.com\\\/avatar\\\/6ddceb80eb734354635539e0ea5140bb7c41e42de7c45c9a2ab9921b5d5c9a83?s=96&d=mm&r=g\",\"contentUrl\":\"https:\\\/\\\/secure.gravatar.com\\\/avatar\\\/6ddceb80eb734354635539e0ea5140bb7c41e42de7c45c9a2ab9921b5d5c9a83?s=96&d=mm&r=g\",\"caption\":\"Simon Gr\u00f6flin\"},\"url\":\"https:\\\/\\\/news.save.ch\\\/it\\\/author\\\/simon-groeflin\\\/\"}]}<\/script>\n<!-- \/ Yoast SEO plugin. -->","yoast_head_json":{"title":"Domanda di elettricit\u00e0 in Svizzera: la dipendenza dalle importazioni comporta rischi significativi - Save","description":"In Svizzera \u00e8 ancora necessario intervenire sull'alimentazione elettrica in inverno. Tuttavia, la Svizzera \u00e8 uno dei Paesi con la pi\u00f9 alta qualit\u00e0 di fornitura elettrica in Europa. Questa \u00e8 la conclusione della Commissione federale dell'energia elettrica Elcom nella sua conferenza stampa annuale.","robots":{"index":"index","follow":"follow","max-snippet":"max-snippet:-1","max-image-preview":"max-image-preview:large","max-video-preview":"max-video-preview:-1"},"canonical":"https:\/\/news.save.ch\/it\/strombedarf-schweiz-importabhaengigkeit-fuehrt-zu-wesentlichen-risiken\/","og_locale":"it_IT","og_type":"article","og_title":"Strombedarf Schweiz: Importabh\u00e4ngigkeit f\u00fchrt zu wesentlichen Risiken - Save","og_description":"In der Schweiz besteht nach wie vor Handlungsbedarf bei der Stromversorgung im Winter. Dennoch geh\u00f6rt die Schweiz zu den L\u00e4ndern mit der h\u00f6chsten Stromversorgungsqualit\u00e4t in Europa. Das folgert die Eidgen\u00f6ssische Elektrizit\u00e4tskommission Elcom in Ihrer Jahresmedienkonferenz.","og_url":"https:\/\/news.save.ch\/it\/strombedarf-schweiz-importabhaengigkeit-fuehrt-zu-wesentlichen-risiken\/","og_site_name":"Save","article_published_time":"2021-06-07T05:15:31+00:00","article_modified_time":"2023-07-19T03:19:34+00:00","og_image":[{"width":960,"height":506,"url":"https:\/\/news.save.ch\/wp-content\/uploads\/2021\/06\/Leibstadt_pixabay_teaser.jpg","type":"image\/jpeg"}],"author":"Simon Gr\u00f6flin","twitter_card":"summary_large_image","twitter_misc":{"Scritto da":"Simon Gr\u00f6flin","Tempo di lettura stimato":"2 minuti"},"schema":{"@context":"https:\/\/schema.org","@graph":[{"@type":"Article","@id":"https:\/\/news.save.ch\/strombedarf-schweiz-importabhaengigkeit-fuehrt-zu-wesentlichen-risiken\/#article","isPartOf":{"@id":"https:\/\/news.save.ch\/strombedarf-schweiz-importabhaengigkeit-fuehrt-zu-wesentlichen-risiken\/"},"author":{"name":"Simon Gr\u00f6flin","@id":"https:\/\/news.save.ch\/de\/#\/schema\/person\/ad4ef21102fd6125312409ac57d5296d"},"headline":"Strombedarf Schweiz: Importabh\u00e4ngigkeit f\u00fchrt zu wesentlichen Risiken","datePublished":"2021-06-07T05:15:31+00:00","dateModified":"2023-07-19T03:19:34+00:00","mainEntityOfPage":{"@id":"https:\/\/news.save.ch\/strombedarf-schweiz-importabhaengigkeit-fuehrt-zu-wesentlichen-risiken\/"},"wordCount":263,"publisher":{"@id":"https:\/\/news.save.ch\/de\/#organization"},"image":{"@id":"https:\/\/news.save.ch\/strombedarf-schweiz-importabhaengigkeit-fuehrt-zu-wesentlichen-risiken\/#primaryimage"},"thumbnailUrl":"https:\/\/news.save.ch\/wp-content\/uploads\/2021\/06\/Leibstadt_pixabay_teaser.jpg","keywords":["Elcom","Importabh\u00e4ngigkeit","Kernkraftwerk","Stromversorgung","Unterdeckungen","Versorgungsqualit\u00e4t"],"articleSection":["ALLGEMEIN"],"inLanguage":"it-IT"},{"@type":"WebPage","@id":"https:\/\/news.save.ch\/strombedarf-schweiz-importabhaengigkeit-fuehrt-zu-wesentlichen-risiken\/","url":"https:\/\/news.save.ch\/strombedarf-schweiz-importabhaengigkeit-fuehrt-zu-wesentlichen-risiken\/","name":"Domanda di elettricit\u00e0 in Svizzera: la dipendenza dalle importazioni comporta rischi significativi - Save","isPartOf":{"@id":"https:\/\/news.save.ch\/de\/#website"},"primaryImageOfPage":{"@id":"https:\/\/news.save.ch\/strombedarf-schweiz-importabhaengigkeit-fuehrt-zu-wesentlichen-risiken\/#primaryimage"},"image":{"@id":"https:\/\/news.save.ch\/strombedarf-schweiz-importabhaengigkeit-fuehrt-zu-wesentlichen-risiken\/#primaryimage"},"thumbnailUrl":"https:\/\/news.save.ch\/wp-content\/uploads\/2021\/06\/Leibstadt_pixabay_teaser.jpg","datePublished":"2021-06-07T05:15:31+00:00","dateModified":"2023-07-19T03:19:34+00:00","description":"In Svizzera \u00e8 ancora necessario intervenire sull'alimentazione elettrica in inverno. Tuttavia, la Svizzera \u00e8 uno dei Paesi con la pi\u00f9 alta qualit\u00e0 di fornitura elettrica in Europa. Questa \u00e8 la conclusione della Commissione federale dell'energia elettrica Elcom nella sua conferenza stampa annuale.","breadcrumb":{"@id":"https:\/\/news.save.ch\/strombedarf-schweiz-importabhaengigkeit-fuehrt-zu-wesentlichen-risiken\/#breadcrumb"},"inLanguage":"it-IT","potentialAction":[{"@type":"ReadAction","target":["https:\/\/news.save.ch\/strombedarf-schweiz-importabhaengigkeit-fuehrt-zu-wesentlichen-risiken\/"]}]},{"@type":"ImageObject","inLanguage":"it-IT","@id":"https:\/\/news.save.ch\/strombedarf-schweiz-importabhaengigkeit-fuehrt-zu-wesentlichen-risiken\/#primaryimage","url":"https:\/\/news.save.ch\/wp-content\/uploads\/2021\/06\/Leibstadt_pixabay_teaser.jpg","contentUrl":"https:\/\/news.save.ch\/wp-content\/uploads\/2021\/06\/Leibstadt_pixabay_teaser.jpg","width":960,"height":506},{"@type":"BreadcrumbList","@id":"https:\/\/news.save.ch\/strombedarf-schweiz-importabhaengigkeit-fuehrt-zu-wesentlichen-risiken\/#breadcrumb","itemListElement":[{"@type":"ListItem","position":1,"name":"Home","item":"https:\/\/news.save.ch\/de\/"},{"@type":"ListItem","position":2,"name":"Strombedarf Schweiz: Importabh\u00e4ngigkeit f\u00fchrt zu wesentlichen Risiken"}]},{"@type":"WebSite","@id":"https:\/\/news.save.ch\/de\/#website","url":"https:\/\/news.save.ch\/de\/","name":"Risparmiare","description":"Rivista svizzera specializzata in sicurezza","publisher":{"@id":"https:\/\/news.save.ch\/de\/#organization"},"potentialAction":[{"@type":"SearchAction","target":{"@type":"EntryPoint","urlTemplate":"https:\/\/news.save.ch\/de\/?s={search_term_string}"},"query-input":{"@type":"PropertyValueSpecification","valueRequired":true,"valueName":"search_term_string"}}],"inLanguage":"it-IT"},{"@type":"Organization","@id":"https:\/\/news.save.ch\/de\/#organization","name":"Forum sulla sicurezza","url":"https:\/\/news.save.ch\/de\/","logo":{"@type":"ImageObject","inLanguage":"it-IT","@id":"https:\/\/news.save.ch\/de\/#\/schema\/logo\/image\/","url":"https:\/\/news.save.ch\/wp-content\/uploads\/2022\/06\/Logo_SF_2012.png","contentUrl":"https:\/\/news.save.ch\/wp-content\/uploads\/2022\/06\/Logo_SF_2012.png","width":1100,"height":91,"caption":"Sicherheitsforum"},"image":{"@id":"https:\/\/news.save.ch\/de\/#\/schema\/logo\/image\/"}},{"@type":"Person","@id":"https:\/\/news.save.ch\/de\/#\/schema\/person\/ad4ef21102fd6125312409ac57d5296d","name":"Simon Gr\u00f6flin","image":{"@type":"ImageObject","inLanguage":"it-IT","@id":"https:\/\/secure.gravatar.com\/avatar\/6ddceb80eb734354635539e0ea5140bb7c41e42de7c45c9a2ab9921b5d5c9a83?s=96&d=mm&r=g","url":"https:\/\/secure.gravatar.com\/avatar\/6ddceb80eb734354635539e0ea5140bb7c41e42de7c45c9a2ab9921b5d5c9a83?s=96&d=mm&r=g","contentUrl":"https:\/\/secure.gravatar.com\/avatar\/6ddceb80eb734354635539e0ea5140bb7c41e42de7c45c9a2ab9921b5d5c9a83?s=96&d=mm&r=g","caption":"Simon Gr\u00f6flin"},"url":"https:\/\/news.save.ch\/it\/author\/simon-groeflin\/"}]}},"_links":{"self":[{"href":"https:\/\/news.save.ch\/it\/wp-json\/wp\/v2\/posts\/12113","targetHints":{"allow":["GET"]}}],"collection":[{"href":"https:\/\/news.save.ch\/it\/wp-json\/wp\/v2\/posts"}],"about":[{"href":"https:\/\/news.save.ch\/it\/wp-json\/wp\/v2\/types\/post"}],"author":[{"embeddable":true,"href":"https:\/\/news.save.ch\/it\/wp-json\/wp\/v2\/users\/9"}],"replies":[{"embeddable":true,"href":"https:\/\/news.save.ch\/it\/wp-json\/wp\/v2\/comments?post=12113"}],"version-history":[{"count":2,"href":"https:\/\/news.save.ch\/it\/wp-json\/wp\/v2\/posts\/12113\/revisions"}],"predecessor-version":[{"id":21012,"href":"https:\/\/news.save.ch\/it\/wp-json\/wp\/v2\/posts\/12113\/revisions\/21012"}],"wp:featuredmedia":[{"embeddable":true,"href":"https:\/\/news.save.ch\/it\/wp-json\/wp\/v2\/media\/12115"}],"wp:attachment":[{"href":"https:\/\/news.save.ch\/it\/wp-json\/wp\/v2\/media?parent=12113"}],"wp:term":[{"taxonomy":"category","embeddable":true,"href":"https:\/\/news.save.ch\/it\/wp-json\/wp\/v2\/categories?post=12113"},{"taxonomy":"post_tag","embeddable":true,"href":"https:\/\/news.save.ch\/it\/wp-json\/wp\/v2\/tags?post=12113"}],"curies":[{"name":"wp","href":"https:\/\/api.w.org\/{rel}","templated":true}]}}