{"id":12206,"date":"2021-06-16T09:51:57","date_gmt":"2021-06-16T07:51:57","guid":{"rendered":"https:\/\/news.save.ch\/?p=12206"},"modified":"2023-07-17T00:28:41","modified_gmt":"2023-07-16T22:28:41","slug":"sicherheit-fuer-museen","status":null,"type":"post","link":"https:\/\/news.save.ch\/it\/sicherheit-fuer-museen\/","title":{"rendered":"Sicurezza per i musei"},"content":{"rendered":"<p><img loading=\"lazy\" decoding=\"async\" class=\"alignnone wp-image-12207 size-full\" src=\"https:\/\/news.save.ch\/wp-content\/uploads\/2021\/06\/Museum_pixabay.jpg\" alt=\"Sicurezza\" width=\"960\" height=\"638\" srcset=\"https:\/\/news.save.ch\/wp-content\/uploads\/2021\/06\/Museum_pixabay.jpg 960w, https:\/\/news.save.ch\/wp-content\/uploads\/2021\/06\/Museum_pixabay-375x249.jpg 375w\" sizes=\"auto, (max-width: 960px) 100vw, 960px\" \/><br \/>\n<em>Fonte: Pixabay<\/em><\/p>\n<p>Nei musei si nascondono tesori d'arte di altissimo valore, che sono anche storicamente o scientificamente significativi. Allo stesso tempo, i manufatti dovrebbero essere accessibili al pubblico. Tuttavia, rendere gli oggetti accessibili al pubblico comporta sempre molti rischi.<\/p>\n<p>I concetti di sicurezza per i musei devono quindi essere spesso progettati individualmente per adattarsi al funzionamento o al di fuori degli orari di apertura. Anche i visitatori, gli edifici e il personale dipendono dalle misure di sicurezza. Secondo l'Associazione Federale Tedesca per la Tecnologia della Sicurezza (Bundesverband Sicherheitstechnik e.V., BHE), \u00e8 opportuna una struttura a pi\u00f9 livelli delle misure di sicurezza. Inoltre, \u00e8 necessario rivedere le misure di protezione in qualsiasi momento in caso di cambiamento della situazione di rischio, ad esempio nel caso di nuovi reperti.<\/p>\n<p>Le possibilit\u00e0 offerte dalle moderne tecnologie di sicurezza per la protezione dei beni culturali e le modalit\u00e0 di personalizzazione della protezione sono illustrate in una nuova brochure che pu\u00f2 essere richiesta gratuitamente alla BHE (info@bhe.de).<\/p>\n<p><em>Fonte: BHE\u00a0<\/em><\/p>\n<p>&nbsp;<\/p>","protected":false},"excerpt":{"rendered":"<p>Quelle: Pixabay In Museen lauern Kunstsch\u00e4tze von sehr hohem Wert, die auch historisch oder naturwissenschaftlich von Bedeutung sind. Zugleich sollen die Artefakte auch der \u00d6ffentlichkeit zug\u00e4nglich sein. Die Zug\u00e4nglichkeit der Objekte f\u00fcr ein Publikum ist jedoch stets mit vielen Risiken verbunden. Sicherheitskonzepte f\u00fcr Museen m\u00fcssen daher oft individuell abgestimmt auf den Betrieb oder auch ausserhalb [&hellip;]<\/p>\n","protected":false},"author":9,"featured_media":12207,"comment_status":"closed","ping_status":"closed","sticky":false,"template":"","format":"standard","meta":{"_acf_changed":false,"pgc_sgb_lightbox_settings":"","footnotes":""},"categories":[1,67,3312],"tags":[280,5471,5469,5468,1224,310,5470],"class_list":["post-12206","post","type-post","status-publish","format-standard","has-post-thumbnail","hentry","category-allgemein","category-brandschutz","category-sicherheit","tag-bhe","tag-kulturgueter","tag-kunstschaetze","tag-museen","tag-museum","tag-sicherheit","tag-sicherheitskonzepte"],"acf":[],"hkrextid":null,"publication":null,"issue":null,"workflow":null,"startPage":null,"spitzmarke":null,"_posts_by_tag_page_fields":{"widget_title":"","widget_tags":""},"_at_widget":"1","_yoast_wpseo_primary_category":"1","_yoast_wpseo_focuskw_text_input":null,"_yoast_wpseo_opengraph-image":null,"_yoast_wpseo_opengraph-description":null,"_yoast_wpseo_opengraph-title":null,"enclosure":null,"_yoast_wpseo_twitter-title":null,"_yoast_wpseo_twitter-description":null,"_yoast_wpseo_twitter-image":null,"_wp_old_slug":null,"_yoast_wpseo_title":null,"_yoast_wpseo_canonical":null,"yoast_head":"<!-- This site is optimized with the Yoast SEO plugin v27.5 - https:\/\/yoast.com\/product\/yoast-seo-wordpress\/ -->\n<title>Sicherheit f\u00fcr Museen - Save<\/title>\n<meta name=\"description\" content=\"Der deutsche Bundesverband Sicherheitstechnik e.V. gibt in einer Brosch\u00fcre einen \u00dcberblick zu den M\u00f6glichkeiten moderner Sicherheitstechniken, die beim Schutz von Kulturg\u00fctern zur Anwendung gelangen.\" \/>\n<meta name=\"robots\" content=\"index, follow, max-snippet:-1, max-image-preview:large, max-video-preview:-1\" \/>\n<link rel=\"canonical\" href=\"https:\/\/news.save.ch\/it\/sicherheit-fuer-museen\/\" \/>\n<meta property=\"og:locale\" content=\"it_IT\" \/>\n<meta property=\"og:type\" content=\"article\" \/>\n<meta property=\"og:title\" content=\"Sicherheit f\u00fcr Museen - Save\" \/>\n<meta property=\"og:description\" content=\"Der deutsche Bundesverband Sicherheitstechnik e.V. gibt in einer Brosch\u00fcre einen \u00dcberblick zu den M\u00f6glichkeiten moderner Sicherheitstechniken, die beim Schutz von Kulturg\u00fctern zur Anwendung gelangen.\" \/>\n<meta property=\"og:url\" content=\"https:\/\/news.save.ch\/it\/sicherheit-fuer-museen\/\" \/>\n<meta property=\"og:site_name\" content=\"Save\" \/>\n<meta property=\"article:published_time\" content=\"2021-06-16T07:51:57+00:00\" \/>\n<meta property=\"article:modified_time\" content=\"2023-07-16T22:28:41+00:00\" \/>\n<meta property=\"og:image\" content=\"https:\/\/news.save.ch\/wp-content\/uploads\/2021\/06\/Museum_pixabay.jpg\" \/>\n\t<meta property=\"og:image:width\" content=\"960\" \/>\n\t<meta property=\"og:image:height\" content=\"638\" \/>\n\t<meta property=\"og:image:type\" content=\"image\/jpeg\" \/>\n<meta name=\"author\" content=\"Simon Gr\u00f6flin\" \/>\n<meta name=\"twitter:card\" content=\"summary_large_image\" \/>\n<meta name=\"twitter:label1\" content=\"Scritto da\" \/>\n\t<meta name=\"twitter:data1\" content=\"Simon Gr\u00f6flin\" \/>\n\t<meta name=\"twitter:label2\" content=\"Tempo di lettura stimato\" \/>\n\t<meta name=\"twitter:data2\" content=\"1 minuto\" \/>\n<script type=\"application\/ld+json\" class=\"yoast-schema-graph\">{\"@context\":\"https:\\\/\\\/schema.org\",\"@graph\":[{\"@type\":\"Article\",\"@id\":\"https:\\\/\\\/news.save.ch\\\/sicherheit-fuer-museen\\\/#article\",\"isPartOf\":{\"@id\":\"https:\\\/\\\/news.save.ch\\\/sicherheit-fuer-museen\\\/\"},\"author\":{\"name\":\"Simon Gr\u00f6flin\",\"@id\":\"https:\\\/\\\/news.save.ch\\\/de\\\/#\\\/schema\\\/person\\\/ad4ef21102fd6125312409ac57d5296d\"},\"headline\":\"Sicherheit f\u00fcr Museen\",\"datePublished\":\"2021-06-16T07:51:57+00:00\",\"dateModified\":\"2023-07-16T22:28:41+00:00\",\"mainEntityOfPage\":{\"@id\":\"https:\\\/\\\/news.save.ch\\\/sicherheit-fuer-museen\\\/\"},\"wordCount\":155,\"publisher\":{\"@id\":\"https:\\\/\\\/news.save.ch\\\/de\\\/#organization\"},\"image\":{\"@id\":\"https:\\\/\\\/news.save.ch\\\/sicherheit-fuer-museen\\\/#primaryimage\"},\"thumbnailUrl\":\"https:\\\/\\\/news.save.ch\\\/wp-content\\\/uploads\\\/2021\\\/06\\\/Museum_pixabay.jpg\",\"keywords\":[\"BHE\",\"Kulturg\u00fcter\",\"Kunstsch\u00e4tze\",\"Museen\",\"Museum\",\"Sicherheit\",\"Sicherheitskonzepte\"],\"articleSection\":[\"ALLGEMEIN\",\"BRANDSCHUTZ\",\"SICHERHEIT\"],\"inLanguage\":\"it-IT\"},{\"@type\":\"WebPage\",\"@id\":\"https:\\\/\\\/news.save.ch\\\/sicherheit-fuer-museen\\\/\",\"url\":\"https:\\\/\\\/news.save.ch\\\/sicherheit-fuer-museen\\\/\",\"name\":\"Sicherheit f\u00fcr Museen - Save\",\"isPartOf\":{\"@id\":\"https:\\\/\\\/news.save.ch\\\/de\\\/#website\"},\"primaryImageOfPage\":{\"@id\":\"https:\\\/\\\/news.save.ch\\\/sicherheit-fuer-museen\\\/#primaryimage\"},\"image\":{\"@id\":\"https:\\\/\\\/news.save.ch\\\/sicherheit-fuer-museen\\\/#primaryimage\"},\"thumbnailUrl\":\"https:\\\/\\\/news.save.ch\\\/wp-content\\\/uploads\\\/2021\\\/06\\\/Museum_pixabay.jpg\",\"datePublished\":\"2021-06-16T07:51:57+00:00\",\"dateModified\":\"2023-07-16T22:28:41+00:00\",\"description\":\"Der deutsche Bundesverband Sicherheitstechnik e.V. gibt in einer Brosch\u00fcre einen \u00dcberblick zu den M\u00f6glichkeiten moderner Sicherheitstechniken, die beim Schutz von Kulturg\u00fctern zur Anwendung gelangen.\",\"breadcrumb\":{\"@id\":\"https:\\\/\\\/news.save.ch\\\/sicherheit-fuer-museen\\\/#breadcrumb\"},\"inLanguage\":\"it-IT\",\"potentialAction\":[{\"@type\":\"ReadAction\",\"target\":[\"https:\\\/\\\/news.save.ch\\\/sicherheit-fuer-museen\\\/\"]}]},{\"@type\":\"ImageObject\",\"inLanguage\":\"it-IT\",\"@id\":\"https:\\\/\\\/news.save.ch\\\/sicherheit-fuer-museen\\\/#primaryimage\",\"url\":\"https:\\\/\\\/news.save.ch\\\/wp-content\\\/uploads\\\/2021\\\/06\\\/Museum_pixabay.jpg\",\"contentUrl\":\"https:\\\/\\\/news.save.ch\\\/wp-content\\\/uploads\\\/2021\\\/06\\\/Museum_pixabay.jpg\",\"width\":960,\"height\":638},{\"@type\":\"BreadcrumbList\",\"@id\":\"https:\\\/\\\/news.save.ch\\\/sicherheit-fuer-museen\\\/#breadcrumb\",\"itemListElement\":[{\"@type\":\"ListItem\",\"position\":1,\"name\":\"Home\",\"item\":\"https:\\\/\\\/news.save.ch\\\/de\\\/\"},{\"@type\":\"ListItem\",\"position\":2,\"name\":\"Sicherheit f\u00fcr Museen\"}]},{\"@type\":\"WebSite\",\"@id\":\"https:\\\/\\\/news.save.ch\\\/de\\\/#website\",\"url\":\"https:\\\/\\\/news.save.ch\\\/de\\\/\",\"name\":\"Save\",\"description\":\"Schweizer Fachzeitschrift f\u00fcr Sicherheit\",\"publisher\":{\"@id\":\"https:\\\/\\\/news.save.ch\\\/de\\\/#organization\"},\"potentialAction\":[{\"@type\":\"SearchAction\",\"target\":{\"@type\":\"EntryPoint\",\"urlTemplate\":\"https:\\\/\\\/news.save.ch\\\/de\\\/?s={search_term_string}\"},\"query-input\":{\"@type\":\"PropertyValueSpecification\",\"valueRequired\":true,\"valueName\":\"search_term_string\"}}],\"inLanguage\":\"it-IT\"},{\"@type\":\"Organization\",\"@id\":\"https:\\\/\\\/news.save.ch\\\/de\\\/#organization\",\"name\":\"Sicherheitsforum\",\"url\":\"https:\\\/\\\/news.save.ch\\\/de\\\/\",\"logo\":{\"@type\":\"ImageObject\",\"inLanguage\":\"it-IT\",\"@id\":\"https:\\\/\\\/news.save.ch\\\/de\\\/#\\\/schema\\\/logo\\\/image\\\/\",\"url\":\"https:\\\/\\\/news.save.ch\\\/wp-content\\\/uploads\\\/2022\\\/06\\\/Logo_SF_2012.png\",\"contentUrl\":\"https:\\\/\\\/news.save.ch\\\/wp-content\\\/uploads\\\/2022\\\/06\\\/Logo_SF_2012.png\",\"width\":1100,\"height\":91,\"caption\":\"Sicherheitsforum\"},\"image\":{\"@id\":\"https:\\\/\\\/news.save.ch\\\/de\\\/#\\\/schema\\\/logo\\\/image\\\/\"}},{\"@type\":\"Person\",\"@id\":\"https:\\\/\\\/news.save.ch\\\/de\\\/#\\\/schema\\\/person\\\/ad4ef21102fd6125312409ac57d5296d\",\"name\":\"Simon Gr\u00f6flin\",\"image\":{\"@type\":\"ImageObject\",\"inLanguage\":\"it-IT\",\"@id\":\"https:\\\/\\\/secure.gravatar.com\\\/avatar\\\/6ddceb80eb734354635539e0ea5140bb7c41e42de7c45c9a2ab9921b5d5c9a83?s=96&d=mm&r=g\",\"url\":\"https:\\\/\\\/secure.gravatar.com\\\/avatar\\\/6ddceb80eb734354635539e0ea5140bb7c41e42de7c45c9a2ab9921b5d5c9a83?s=96&d=mm&r=g\",\"contentUrl\":\"https:\\\/\\\/secure.gravatar.com\\\/avatar\\\/6ddceb80eb734354635539e0ea5140bb7c41e42de7c45c9a2ab9921b5d5c9a83?s=96&d=mm&r=g\",\"caption\":\"Simon Gr\u00f6flin\"},\"url\":\"https:\\\/\\\/news.save.ch\\\/it\\\/author\\\/simon-groeflin\\\/\"}]}<\/script>\n<!-- \/ Yoast SEO plugin. -->","yoast_head_json":{"title":"Sicurezza per i musei - Salva","description":"L'Associazione Federale Tedesca per la Tecnologia della Sicurezza (Bundesverband Sicherheitstechnik e.V.) ha pubblicato una brochure che fornisce una panoramica delle possibilit\u00e0 offerte dalle moderne tecnologie di sicurezza per la protezione dei beni culturali.","robots":{"index":"index","follow":"follow","max-snippet":"max-snippet:-1","max-image-preview":"max-image-preview:large","max-video-preview":"max-video-preview:-1"},"canonical":"https:\/\/news.save.ch\/it\/sicherheit-fuer-museen\/","og_locale":"it_IT","og_type":"article","og_title":"Sicherheit f\u00fcr Museen - Save","og_description":"Der deutsche Bundesverband Sicherheitstechnik e.V. gibt in einer Brosch\u00fcre einen \u00dcberblick zu den M\u00f6glichkeiten moderner Sicherheitstechniken, die beim Schutz von Kulturg\u00fctern zur Anwendung gelangen.","og_url":"https:\/\/news.save.ch\/it\/sicherheit-fuer-museen\/","og_site_name":"Save","article_published_time":"2021-06-16T07:51:57+00:00","article_modified_time":"2023-07-16T22:28:41+00:00","og_image":[{"width":960,"height":638,"url":"https:\/\/news.save.ch\/wp-content\/uploads\/2021\/06\/Museum_pixabay.jpg","type":"image\/jpeg"}],"author":"Simon Gr\u00f6flin","twitter_card":"summary_large_image","twitter_misc":{"Scritto da":"Simon Gr\u00f6flin","Tempo di lettura stimato":"1 minuto"},"schema":{"@context":"https:\/\/schema.org","@graph":[{"@type":"Article","@id":"https:\/\/news.save.ch\/sicherheit-fuer-museen\/#article","isPartOf":{"@id":"https:\/\/news.save.ch\/sicherheit-fuer-museen\/"},"author":{"name":"Simon Gr\u00f6flin","@id":"https:\/\/news.save.ch\/de\/#\/schema\/person\/ad4ef21102fd6125312409ac57d5296d"},"headline":"Sicherheit f\u00fcr Museen","datePublished":"2021-06-16T07:51:57+00:00","dateModified":"2023-07-16T22:28:41+00:00","mainEntityOfPage":{"@id":"https:\/\/news.save.ch\/sicherheit-fuer-museen\/"},"wordCount":155,"publisher":{"@id":"https:\/\/news.save.ch\/de\/#organization"},"image":{"@id":"https:\/\/news.save.ch\/sicherheit-fuer-museen\/#primaryimage"},"thumbnailUrl":"https:\/\/news.save.ch\/wp-content\/uploads\/2021\/06\/Museum_pixabay.jpg","keywords":["BHE","Kulturg\u00fcter","Kunstsch\u00e4tze","Museen","Museum","Sicherheit","Sicherheitskonzepte"],"articleSection":["ALLGEMEIN","BRANDSCHUTZ","SICHERHEIT"],"inLanguage":"it-IT"},{"@type":"WebPage","@id":"https:\/\/news.save.ch\/sicherheit-fuer-museen\/","url":"https:\/\/news.save.ch\/sicherheit-fuer-museen\/","name":"Sicurezza per i musei - Salva","isPartOf":{"@id":"https:\/\/news.save.ch\/de\/#website"},"primaryImageOfPage":{"@id":"https:\/\/news.save.ch\/sicherheit-fuer-museen\/#primaryimage"},"image":{"@id":"https:\/\/news.save.ch\/sicherheit-fuer-museen\/#primaryimage"},"thumbnailUrl":"https:\/\/news.save.ch\/wp-content\/uploads\/2021\/06\/Museum_pixabay.jpg","datePublished":"2021-06-16T07:51:57+00:00","dateModified":"2023-07-16T22:28:41+00:00","description":"L'Associazione Federale Tedesca per la Tecnologia della Sicurezza (Bundesverband Sicherheitstechnik e.V.) ha pubblicato una brochure che fornisce una panoramica delle possibilit\u00e0 offerte dalle moderne tecnologie di sicurezza per la protezione dei beni culturali.","breadcrumb":{"@id":"https:\/\/news.save.ch\/sicherheit-fuer-museen\/#breadcrumb"},"inLanguage":"it-IT","potentialAction":[{"@type":"ReadAction","target":["https:\/\/news.save.ch\/sicherheit-fuer-museen\/"]}]},{"@type":"ImageObject","inLanguage":"it-IT","@id":"https:\/\/news.save.ch\/sicherheit-fuer-museen\/#primaryimage","url":"https:\/\/news.save.ch\/wp-content\/uploads\/2021\/06\/Museum_pixabay.jpg","contentUrl":"https:\/\/news.save.ch\/wp-content\/uploads\/2021\/06\/Museum_pixabay.jpg","width":960,"height":638},{"@type":"BreadcrumbList","@id":"https:\/\/news.save.ch\/sicherheit-fuer-museen\/#breadcrumb","itemListElement":[{"@type":"ListItem","position":1,"name":"Home","item":"https:\/\/news.save.ch\/de\/"},{"@type":"ListItem","position":2,"name":"Sicherheit f\u00fcr Museen"}]},{"@type":"WebSite","@id":"https:\/\/news.save.ch\/de\/#website","url":"https:\/\/news.save.ch\/de\/","name":"Risparmiare","description":"Rivista svizzera specializzata in sicurezza","publisher":{"@id":"https:\/\/news.save.ch\/de\/#organization"},"potentialAction":[{"@type":"SearchAction","target":{"@type":"EntryPoint","urlTemplate":"https:\/\/news.save.ch\/de\/?s={search_term_string}"},"query-input":{"@type":"PropertyValueSpecification","valueRequired":true,"valueName":"search_term_string"}}],"inLanguage":"it-IT"},{"@type":"Organization","@id":"https:\/\/news.save.ch\/de\/#organization","name":"Forum sulla sicurezza","url":"https:\/\/news.save.ch\/de\/","logo":{"@type":"ImageObject","inLanguage":"it-IT","@id":"https:\/\/news.save.ch\/de\/#\/schema\/logo\/image\/","url":"https:\/\/news.save.ch\/wp-content\/uploads\/2022\/06\/Logo_SF_2012.png","contentUrl":"https:\/\/news.save.ch\/wp-content\/uploads\/2022\/06\/Logo_SF_2012.png","width":1100,"height":91,"caption":"Sicherheitsforum"},"image":{"@id":"https:\/\/news.save.ch\/de\/#\/schema\/logo\/image\/"}},{"@type":"Person","@id":"https:\/\/news.save.ch\/de\/#\/schema\/person\/ad4ef21102fd6125312409ac57d5296d","name":"Simon Gr\u00f6flin","image":{"@type":"ImageObject","inLanguage":"it-IT","@id":"https:\/\/secure.gravatar.com\/avatar\/6ddceb80eb734354635539e0ea5140bb7c41e42de7c45c9a2ab9921b5d5c9a83?s=96&d=mm&r=g","url":"https:\/\/secure.gravatar.com\/avatar\/6ddceb80eb734354635539e0ea5140bb7c41e42de7c45c9a2ab9921b5d5c9a83?s=96&d=mm&r=g","contentUrl":"https:\/\/secure.gravatar.com\/avatar\/6ddceb80eb734354635539e0ea5140bb7c41e42de7c45c9a2ab9921b5d5c9a83?s=96&d=mm&r=g","caption":"Simon Gr\u00f6flin"},"url":"https:\/\/news.save.ch\/it\/author\/simon-groeflin\/"}]}},"_links":{"self":[{"href":"https:\/\/news.save.ch\/it\/wp-json\/wp\/v2\/posts\/12206","targetHints":{"allow":["GET"]}}],"collection":[{"href":"https:\/\/news.save.ch\/it\/wp-json\/wp\/v2\/posts"}],"about":[{"href":"https:\/\/news.save.ch\/it\/wp-json\/wp\/v2\/types\/post"}],"author":[{"embeddable":true,"href":"https:\/\/news.save.ch\/it\/wp-json\/wp\/v2\/users\/9"}],"replies":[{"embeddable":true,"href":"https:\/\/news.save.ch\/it\/wp-json\/wp\/v2\/comments?post=12206"}],"version-history":[{"count":3,"href":"https:\/\/news.save.ch\/it\/wp-json\/wp\/v2\/posts\/12206\/revisions"}],"predecessor-version":[{"id":20986,"href":"https:\/\/news.save.ch\/it\/wp-json\/wp\/v2\/posts\/12206\/revisions\/20986"}],"wp:featuredmedia":[{"embeddable":true,"href":"https:\/\/news.save.ch\/it\/wp-json\/wp\/v2\/media\/12207"}],"wp:attachment":[{"href":"https:\/\/news.save.ch\/it\/wp-json\/wp\/v2\/media?parent=12206"}],"wp:term":[{"taxonomy":"category","embeddable":true,"href":"https:\/\/news.save.ch\/it\/wp-json\/wp\/v2\/categories?post=12206"},{"taxonomy":"post_tag","embeddable":true,"href":"https:\/\/news.save.ch\/it\/wp-json\/wp\/v2\/tags?post=12206"}],"curies":[{"name":"wp","href":"https:\/\/api.w.org\/{rel}","templated":true}]}}