{"id":1225,"date":"2016-04-25T16:47:50","date_gmt":"2016-04-25T14:47:50","guid":{"rendered":"https:\/\/dev.sicherheitsforum.ch\/?p=1225"},"modified":"2023-03-14T08:57:20","modified_gmt":"2023-03-14T07:57:20","slug":"informationssicherheit-und-datenschutz-beim-e-patientendossier","status":null,"type":"post","link":"https:\/\/news.save.ch\/it\/informationssicherheit-und-datenschutz-beim-e-patientendossier\/","title":{"rendered":"Sicurezza delle informazioni e protezione dei dati nel dossier elettronico del paziente"},"content":{"rendered":"<p><img loading=\"lazy\" decoding=\"async\" class=\"alignnone wp-image-1226 size-medium\" src=\"https:\/\/news.save.ch\/wp-content\/uploads\/2016\/12\/Informationssicherheit-und-Datenschutz-beim-E-Patientendossier-it-security.jpg\" alt=\"sicurezza delle informazioni e protezione dei dati nei dossier dei pazienti\" width=\"680\" height=\"454\" srcset=\"https:\/\/news.save.ch\/wp-content\/uploads\/2016\/12\/Informationssicherheit-und-Datenschutz-beim-E-Patientendossier-it-security.jpg 850w, https:\/\/news.save.ch\/wp-content\/uploads\/2016\/12\/Informationssicherheit-und-Datenschutz-beim-E-Patientendossier-it-security-375x250.jpg 375w\" sizes=\"auto, (max-width: 680px) 100vw, 680px\" \/><\/p>\n<p>Nel giugno 2015, la legge federale sul dossier elettronico del paziente (EPDG) \u00e8 stata approvata da entrambe le camere del Parlamento federale ed entrer\u00e0 in vigore nel 2017. Da allora, c'\u00e8 stata una certa incertezza su ci\u00f2 che i fornitori di servizi devono fare in termini di preparazione. C'\u00e8 molto da leggere sulle sfide operative e finanziarie. Ci\u00f2 che rimane un po' sullo sfondo, tuttavia, \u00e8 la questione della sicurezza e della protezione dei dati; a volte si ha l'impressione che questi argomenti vengano deliberatamente ignorati.<\/p>\n<p><em>Che cosa \u00e8 importante?<\/em><br \/>\nImmaginate che il farmaco prescritto sia stato cambiato per errore o intenzionalmente: Questo pu\u00f2 avere conseguenze fatali! Se i dati non sono disponibili in caso di emergenza, non \u00e8 possibile trattare la situazione in modo appropriato, il che sarebbe anche fatale. Infine, l'autenticit\u00e0 dei dati \u00e8 importante: chi ha registrato, mutato, cancellato, ecc. i dati? Questo \u00e8 importante per la tracciabilit\u00e0 e per eventuali sanzioni. Di recente si sono moltiplicati i casi di richieste di riscatto dopo l'infezione da \"ransomware\", anche nel settore ospedaliero. Gli ospedali possono essere ricattati o subire danni diretti: \u00e8 importante difendersi da questo!<\/p>\n<p><em>Cosa serve? <\/em><br \/>\nL'Universit\u00e0 di Scienze Applicate e Arti di Lucerna sta attualmente conducendo uno studio presso l'Ospedale di Svitto per identificare possibili deficit e rischi e raccomandare misure per mitigarli. I primi risultati mostrano che gli ospedali pi\u00f9 piccoli, in particolare, non dispongono delle risorse necessarie per pianificare la migrazione in modo isolato come i grandi centri ospedalieri. Per questo dipendono da fornitori di servizi esterni. Come universit\u00e0, stiamo sostenendo questo processo con studi e pareri di esperti per contribuire alla qualit\u00e0.<\/p>\n<p>Tuttavia, vorremmo anche offrire il nostro contributo alla formazione dei fornitori di servizi interessati. Sappiamo quanto sia difficile per gli operatori del settore sanitario confrontarsi con questo materiale nuovo, estraneo e complesso. In una conferenza di un giorno, marted\u00ec 14 giugno 2016 presso il Zentrum Dorfmatt Rotkreuz ZG, esperti dell'Ufficio federale della sanit\u00e0 pubblica, di ospedali, universit\u00e0 e professionisti forniranno assistenza per affrontare le sfide future. L'obiettivo principale della Information Security in Health Conference \u00e8 quindi quello di consentire a utenti, fornitori, pazienti e decisori di imparare a dialogare in modo pi\u00f9 significativo. Solo in questo modo sar\u00e0 possibile un'attuazione orientata alla pratica dei requisiti legali. Per ulteriori informazioni, visitare il sito: <a title=\"Link alla homepage\" href=\"https:\/\/www.hslu.ch\/infosec-health\" target=\"_blank\" data-cke-saved-href=\"https:\/\/www.hslu.ch\/infosec-health\" rel=\"noopener\">www.hslu.ch\/infosec-health<\/a>.<\/p>\n<p><em>Peter E. Fischer, responsabile del Centro di competenza per la sicurezza delle informazioni, Universit\u00e0 di Scienze Applicate e Arti di Lucerna - Tecnologia dell'informazione.<\/em><\/p>","protected":false},"excerpt":{"rendered":"<p>Im Juni 2015 wurde das Bundesgesetz zum elektronischen Patientendossier (EPDG) von beiden eidgen\u00f6ssischen R\u00e4ten verabschiedet, 2017 soll es in Kraft gesetzt werden. Seitdem herrscht eine gewisse Verunsicherung, was die Leistungstr\u00e4ger an Vorbereitung zu erbringen haben. \u00dcber die operativen und finanziellen Herausforderungen gibt es vieles zu lesen. Was dagegen etwas im Hintergrund bleibt, ist die Frage [&hellip;]<\/p>\n","protected":false},"author":1,"featured_media":1226,"comment_status":"open","ping_status":"open","sticky":false,"template":"","format":"standard","meta":{"_acf_changed":false,"pgc_sgb_lightbox_settings":"","footnotes":""},"categories":[3313],"tags":[96,62,63],"class_list":["post-1225","post","type-post","status-publish","format-standard","has-post-thumbnail","hentry","category-digitalisierung","tag-cyber-crime","tag-ict-sicherheit","tag-it-security"],"acf":[],"hkrextid":null,"publication":null,"issue":null,"workflow":null,"startPage":null,"spitzmarke":null,"_posts_by_tag_page_fields":{"widget_title":"","widget_tags":""},"_at_widget":"1","_yoast_wpseo_primary_category":"2","_yoast_wpseo_focuskw_text_input":"E-Patientendossier","_yoast_wpseo_opengraph-image":"https:\/\/news.save.ch\/wp-content\/uploads\/2016\/12\/Informationssicherheit-und-Datenschutz-beim-E-Patientendossier-it-security.jpg","_yoast_wpseo_opengraph-description":"Welche Massnahmen in Bezug auf Informationssicherheit des Patientendossiers schreibt das Gesetz vor? Wo liegen die Stolpersteine? Welche Erfahrungen aus der Praxis gibt es bereits? Informationssicherheit und Datenschutz sind Knackpunkte bei der Einf\u00fchrung des digitalen Datenverkehrs im Gesundheitswesen. Dazu kommt der zunehmende Kostendruck, dem die Leistungserbringer ausgesetzt sind. Vermittlungskompetenz zwischen Politik, Technik, Gesundheitswesen und Medizin wird wichtiger denn je.","_yoast_wpseo_opengraph-title":"Informationssicherheit und Datenschutz beim E-Patientendossier","enclosure":null,"_yoast_wpseo_twitter-title":null,"_yoast_wpseo_twitter-description":null,"_yoast_wpseo_twitter-image":null,"_wp_old_slug":null,"_yoast_wpseo_title":null,"_yoast_wpseo_canonical":null,"yoast_head":"<!-- This site is optimized with the Yoast SEO plugin v27.5 - https:\/\/yoast.com\/product\/yoast-seo-wordpress\/ -->\n<title>Informationssicherheit und Datenschutz beim E-Patientendossier - Save<\/title>\n<meta name=\"description\" content=\"Welche Massnahmen in Bezug auf Informationssicherheit des Patientendossiers schreibt das Gesetz vor?\" \/>\n<meta name=\"robots\" content=\"index, follow, max-snippet:-1, max-image-preview:large, max-video-preview:-1\" \/>\n<link rel=\"canonical\" href=\"https:\/\/news.save.ch\/it\/informationssicherheit-und-datenschutz-beim-e-patientendossier\/\" \/>\n<meta property=\"og:locale\" content=\"it_IT\" \/>\n<meta property=\"og:type\" content=\"article\" \/>\n<meta property=\"og:title\" content=\"Informationssicherheit und Datenschutz beim E-Patientendossier\" \/>\n<meta property=\"og:description\" content=\"Welche Massnahmen in Bezug auf Informationssicherheit des Patientendossiers schreibt das Gesetz vor? Wo liegen die Stolpersteine? Welche Erfahrungen aus der Praxis gibt es bereits? Informationssicherheit und Datenschutz sind Knackpunkte bei der Einf\u00fchrung des digitalen Datenverkehrs im Gesundheitswesen. Dazu kommt der zunehmende Kostendruck, dem die Leistungserbringer ausgesetzt sind. Vermittlungskompetenz zwischen Politik, Technik, Gesundheitswesen und Medizin wird wichtiger denn je.\" \/>\n<meta property=\"og:url\" content=\"https:\/\/news.save.ch\/it\/informationssicherheit-und-datenschutz-beim-e-patientendossier\/\" \/>\n<meta property=\"og:site_name\" content=\"Save\" \/>\n<meta property=\"article:published_time\" content=\"2016-04-25T14:47:50+00:00\" \/>\n<meta property=\"article:modified_time\" content=\"2023-03-14T07:57:20+00:00\" \/>\n<meta property=\"og:image\" content=\"https:\/\/news.save.ch\/wp-content\/uploads\/2016\/12\/Informationssicherheit-und-Datenschutz-beim-E-Patientendossier-it-security.jpg\" \/>\n<meta name=\"author\" content=\"admin\" \/>\n<meta name=\"twitter:card\" content=\"summary_large_image\" \/>\n<meta name=\"twitter:label1\" content=\"Scritto da\" \/>\n\t<meta name=\"twitter:data1\" content=\"admin\" \/>\n\t<meta name=\"twitter:label2\" content=\"Tempo di lettura stimato\" \/>\n\t<meta name=\"twitter:data2\" content=\"2 minuti\" \/>\n<script type=\"application\/ld+json\" class=\"yoast-schema-graph\">{\"@context\":\"https:\\\/\\\/schema.org\",\"@graph\":[{\"@type\":\"Article\",\"@id\":\"https:\\\/\\\/news.save.ch\\\/informationssicherheit-und-datenschutz-beim-e-patientendossier\\\/#article\",\"isPartOf\":{\"@id\":\"https:\\\/\\\/news.save.ch\\\/informationssicherheit-und-datenschutz-beim-e-patientendossier\\\/\"},\"author\":{\"name\":\"admin\",\"@id\":\"https:\\\/\\\/news.save.ch\\\/de\\\/#\\\/schema\\\/person\\\/d49e199490bad7c70d64b9ab51142f2b\"},\"headline\":\"Informationssicherheit und Datenschutz beim E-Patientendossier\",\"datePublished\":\"2016-04-25T14:47:50+00:00\",\"dateModified\":\"2023-03-14T07:57:20+00:00\",\"mainEntityOfPage\":{\"@id\":\"https:\\\/\\\/news.save.ch\\\/informationssicherheit-und-datenschutz-beim-e-patientendossier\\\/\"},\"wordCount\":381,\"commentCount\":0,\"publisher\":{\"@id\":\"https:\\\/\\\/news.save.ch\\\/de\\\/#organization\"},\"image\":{\"@id\":\"https:\\\/\\\/news.save.ch\\\/informationssicherheit-und-datenschutz-beim-e-patientendossier\\\/#primaryimage\"},\"thumbnailUrl\":\"https:\\\/\\\/news.save.ch\\\/wp-content\\\/uploads\\\/2016\\\/12\\\/Informationssicherheit-und-Datenschutz-beim-E-Patientendossier-it-security.jpg\",\"keywords\":[\"Cyber-Crime\",\"ICT-Sicherheit\",\"IT-SECURITY\"],\"articleSection\":[\"DIGITALISIERUNG\"],\"inLanguage\":\"it-IT\"},{\"@type\":\"WebPage\",\"@id\":\"https:\\\/\\\/news.save.ch\\\/informationssicherheit-und-datenschutz-beim-e-patientendossier\\\/\",\"url\":\"https:\\\/\\\/news.save.ch\\\/informationssicherheit-und-datenschutz-beim-e-patientendossier\\\/\",\"name\":\"Informationssicherheit und Datenschutz beim E-Patientendossier - Save\",\"isPartOf\":{\"@id\":\"https:\\\/\\\/news.save.ch\\\/de\\\/#website\"},\"primaryImageOfPage\":{\"@id\":\"https:\\\/\\\/news.save.ch\\\/informationssicherheit-und-datenschutz-beim-e-patientendossier\\\/#primaryimage\"},\"image\":{\"@id\":\"https:\\\/\\\/news.save.ch\\\/informationssicherheit-und-datenschutz-beim-e-patientendossier\\\/#primaryimage\"},\"thumbnailUrl\":\"https:\\\/\\\/news.save.ch\\\/wp-content\\\/uploads\\\/2016\\\/12\\\/Informationssicherheit-und-Datenschutz-beim-E-Patientendossier-it-security.jpg\",\"datePublished\":\"2016-04-25T14:47:50+00:00\",\"dateModified\":\"2023-03-14T07:57:20+00:00\",\"description\":\"Welche Massnahmen in Bezug auf Informationssicherheit des Patientendossiers schreibt das Gesetz vor?\",\"breadcrumb\":{\"@id\":\"https:\\\/\\\/news.save.ch\\\/informationssicherheit-und-datenschutz-beim-e-patientendossier\\\/#breadcrumb\"},\"inLanguage\":\"it-IT\",\"potentialAction\":[{\"@type\":\"ReadAction\",\"target\":[\"https:\\\/\\\/news.save.ch\\\/informationssicherheit-und-datenschutz-beim-e-patientendossier\\\/\"]}]},{\"@type\":\"ImageObject\",\"inLanguage\":\"it-IT\",\"@id\":\"https:\\\/\\\/news.save.ch\\\/informationssicherheit-und-datenschutz-beim-e-patientendossier\\\/#primaryimage\",\"url\":\"https:\\\/\\\/news.save.ch\\\/wp-content\\\/uploads\\\/2016\\\/12\\\/Informationssicherheit-und-Datenschutz-beim-E-Patientendossier-it-security.jpg\",\"contentUrl\":\"https:\\\/\\\/news.save.ch\\\/wp-content\\\/uploads\\\/2016\\\/12\\\/Informationssicherheit-und-Datenschutz-beim-E-Patientendossier-it-security.jpg\",\"width\":850,\"height\":567},{\"@type\":\"BreadcrumbList\",\"@id\":\"https:\\\/\\\/news.save.ch\\\/informationssicherheit-und-datenschutz-beim-e-patientendossier\\\/#breadcrumb\",\"itemListElement\":[{\"@type\":\"ListItem\",\"position\":1,\"name\":\"Home\",\"item\":\"https:\\\/\\\/news.save.ch\\\/de\\\/\"},{\"@type\":\"ListItem\",\"position\":2,\"name\":\"Informationssicherheit und Datenschutz beim E-Patientendossier\"}]},{\"@type\":\"WebSite\",\"@id\":\"https:\\\/\\\/news.save.ch\\\/de\\\/#website\",\"url\":\"https:\\\/\\\/news.save.ch\\\/de\\\/\",\"name\":\"Save\",\"description\":\"Schweizer Fachzeitschrift f\u00fcr Sicherheit\",\"publisher\":{\"@id\":\"https:\\\/\\\/news.save.ch\\\/de\\\/#organization\"},\"potentialAction\":[{\"@type\":\"SearchAction\",\"target\":{\"@type\":\"EntryPoint\",\"urlTemplate\":\"https:\\\/\\\/news.save.ch\\\/de\\\/?s={search_term_string}\"},\"query-input\":{\"@type\":\"PropertyValueSpecification\",\"valueRequired\":true,\"valueName\":\"search_term_string\"}}],\"inLanguage\":\"it-IT\"},{\"@type\":\"Organization\",\"@id\":\"https:\\\/\\\/news.save.ch\\\/de\\\/#organization\",\"name\":\"Sicherheitsforum\",\"url\":\"https:\\\/\\\/news.save.ch\\\/de\\\/\",\"logo\":{\"@type\":\"ImageObject\",\"inLanguage\":\"it-IT\",\"@id\":\"https:\\\/\\\/news.save.ch\\\/de\\\/#\\\/schema\\\/logo\\\/image\\\/\",\"url\":\"https:\\\/\\\/news.save.ch\\\/wp-content\\\/uploads\\\/2022\\\/06\\\/Logo_SF_2012.png\",\"contentUrl\":\"https:\\\/\\\/news.save.ch\\\/wp-content\\\/uploads\\\/2022\\\/06\\\/Logo_SF_2012.png\",\"width\":1100,\"height\":91,\"caption\":\"Sicherheitsforum\"},\"image\":{\"@id\":\"https:\\\/\\\/news.save.ch\\\/de\\\/#\\\/schema\\\/logo\\\/image\\\/\"}},{\"@type\":\"Person\",\"@id\":\"https:\\\/\\\/news.save.ch\\\/de\\\/#\\\/schema\\\/person\\\/d49e199490bad7c70d64b9ab51142f2b\",\"name\":\"admin\",\"image\":{\"@type\":\"ImageObject\",\"inLanguage\":\"it-IT\",\"@id\":\"https:\\\/\\\/secure.gravatar.com\\\/avatar\\\/ae2f4d718e6c49043e314ce431e7e645d646302a24a5ef5a8bc8e3f5a032e319?s=96&d=mm&r=g\",\"url\":\"https:\\\/\\\/secure.gravatar.com\\\/avatar\\\/ae2f4d718e6c49043e314ce431e7e645d646302a24a5ef5a8bc8e3f5a032e319?s=96&d=mm&r=g\",\"contentUrl\":\"https:\\\/\\\/secure.gravatar.com\\\/avatar\\\/ae2f4d718e6c49043e314ce431e7e645d646302a24a5ef5a8bc8e3f5a032e319?s=96&d=mm&r=g\",\"caption\":\"admin\"},\"sameAs\":[\"https:\\\/\\\/develop.organisator.galledia.ch\"],\"url\":\"https:\\\/\\\/news.save.ch\\\/it\\\/author\\\/admin\\\/\"}]}<\/script>\n<!-- \/ Yoast SEO plugin. -->","yoast_head_json":{"title":"Sicurezza delle informazioni e protezione dei dati nella cartella clinica elettronica - Save","description":"Quali misure per la sicurezza delle informazioni della cartella clinica prescrive la legge?","robots":{"index":"index","follow":"follow","max-snippet":"max-snippet:-1","max-image-preview":"max-image-preview:large","max-video-preview":"max-video-preview:-1"},"canonical":"https:\/\/news.save.ch\/it\/informationssicherheit-und-datenschutz-beim-e-patientendossier\/","og_locale":"it_IT","og_type":"article","og_title":"Informationssicherheit und Datenschutz beim E-Patientendossier","og_description":"Welche Massnahmen in Bezug auf Informationssicherheit des Patientendossiers schreibt das Gesetz vor? Wo liegen die Stolpersteine? Welche Erfahrungen aus der Praxis gibt es bereits? Informationssicherheit und Datenschutz sind Knackpunkte bei der Einf\u00fchrung des digitalen Datenverkehrs im Gesundheitswesen. Dazu kommt der zunehmende Kostendruck, dem die Leistungserbringer ausgesetzt sind. Vermittlungskompetenz zwischen Politik, Technik, Gesundheitswesen und Medizin wird wichtiger denn je.","og_url":"https:\/\/news.save.ch\/it\/informationssicherheit-und-datenschutz-beim-e-patientendossier\/","og_site_name":"Save","article_published_time":"2016-04-25T14:47:50+00:00","article_modified_time":"2023-03-14T07:57:20+00:00","og_image":[{"url":"https:\/\/news.save.ch\/wp-content\/uploads\/2016\/12\/Informationssicherheit-und-Datenschutz-beim-E-Patientendossier-it-security.jpg","type":"","width":"","height":""}],"author":"admin","twitter_card":"summary_large_image","twitter_misc":{"Scritto da":"admin","Tempo di lettura stimato":"2 minuti"},"schema":{"@context":"https:\/\/schema.org","@graph":[{"@type":"Article","@id":"https:\/\/news.save.ch\/informationssicherheit-und-datenschutz-beim-e-patientendossier\/#article","isPartOf":{"@id":"https:\/\/news.save.ch\/informationssicherheit-und-datenschutz-beim-e-patientendossier\/"},"author":{"name":"admin","@id":"https:\/\/news.save.ch\/de\/#\/schema\/person\/d49e199490bad7c70d64b9ab51142f2b"},"headline":"Informationssicherheit und Datenschutz beim E-Patientendossier","datePublished":"2016-04-25T14:47:50+00:00","dateModified":"2023-03-14T07:57:20+00:00","mainEntityOfPage":{"@id":"https:\/\/news.save.ch\/informationssicherheit-und-datenschutz-beim-e-patientendossier\/"},"wordCount":381,"commentCount":0,"publisher":{"@id":"https:\/\/news.save.ch\/de\/#organization"},"image":{"@id":"https:\/\/news.save.ch\/informationssicherheit-und-datenschutz-beim-e-patientendossier\/#primaryimage"},"thumbnailUrl":"https:\/\/news.save.ch\/wp-content\/uploads\/2016\/12\/Informationssicherheit-und-Datenschutz-beim-E-Patientendossier-it-security.jpg","keywords":["Cyber-Crime","ICT-Sicherheit","IT-SECURITY"],"articleSection":["DIGITALISIERUNG"],"inLanguage":"it-IT"},{"@type":"WebPage","@id":"https:\/\/news.save.ch\/informationssicherheit-und-datenschutz-beim-e-patientendossier\/","url":"https:\/\/news.save.ch\/informationssicherheit-und-datenschutz-beim-e-patientendossier\/","name":"Sicurezza delle informazioni e protezione dei dati nella cartella clinica elettronica - Save","isPartOf":{"@id":"https:\/\/news.save.ch\/de\/#website"},"primaryImageOfPage":{"@id":"https:\/\/news.save.ch\/informationssicherheit-und-datenschutz-beim-e-patientendossier\/#primaryimage"},"image":{"@id":"https:\/\/news.save.ch\/informationssicherheit-und-datenschutz-beim-e-patientendossier\/#primaryimage"},"thumbnailUrl":"https:\/\/news.save.ch\/wp-content\/uploads\/2016\/12\/Informationssicherheit-und-Datenschutz-beim-E-Patientendossier-it-security.jpg","datePublished":"2016-04-25T14:47:50+00:00","dateModified":"2023-03-14T07:57:20+00:00","description":"Quali misure per la sicurezza delle informazioni della cartella clinica prescrive la legge?","breadcrumb":{"@id":"https:\/\/news.save.ch\/informationssicherheit-und-datenschutz-beim-e-patientendossier\/#breadcrumb"},"inLanguage":"it-IT","potentialAction":[{"@type":"ReadAction","target":["https:\/\/news.save.ch\/informationssicherheit-und-datenschutz-beim-e-patientendossier\/"]}]},{"@type":"ImageObject","inLanguage":"it-IT","@id":"https:\/\/news.save.ch\/informationssicherheit-und-datenschutz-beim-e-patientendossier\/#primaryimage","url":"https:\/\/news.save.ch\/wp-content\/uploads\/2016\/12\/Informationssicherheit-und-Datenschutz-beim-E-Patientendossier-it-security.jpg","contentUrl":"https:\/\/news.save.ch\/wp-content\/uploads\/2016\/12\/Informationssicherheit-und-Datenschutz-beim-E-Patientendossier-it-security.jpg","width":850,"height":567},{"@type":"BreadcrumbList","@id":"https:\/\/news.save.ch\/informationssicherheit-und-datenschutz-beim-e-patientendossier\/#breadcrumb","itemListElement":[{"@type":"ListItem","position":1,"name":"Home","item":"https:\/\/news.save.ch\/de\/"},{"@type":"ListItem","position":2,"name":"Informationssicherheit und Datenschutz beim E-Patientendossier"}]},{"@type":"WebSite","@id":"https:\/\/news.save.ch\/de\/#website","url":"https:\/\/news.save.ch\/de\/","name":"Risparmiare","description":"Rivista svizzera specializzata in sicurezza","publisher":{"@id":"https:\/\/news.save.ch\/de\/#organization"},"potentialAction":[{"@type":"SearchAction","target":{"@type":"EntryPoint","urlTemplate":"https:\/\/news.save.ch\/de\/?s={search_term_string}"},"query-input":{"@type":"PropertyValueSpecification","valueRequired":true,"valueName":"search_term_string"}}],"inLanguage":"it-IT"},{"@type":"Organization","@id":"https:\/\/news.save.ch\/de\/#organization","name":"Forum sulla sicurezza","url":"https:\/\/news.save.ch\/de\/","logo":{"@type":"ImageObject","inLanguage":"it-IT","@id":"https:\/\/news.save.ch\/de\/#\/schema\/logo\/image\/","url":"https:\/\/news.save.ch\/wp-content\/uploads\/2022\/06\/Logo_SF_2012.png","contentUrl":"https:\/\/news.save.ch\/wp-content\/uploads\/2022\/06\/Logo_SF_2012.png","width":1100,"height":91,"caption":"Sicherheitsforum"},"image":{"@id":"https:\/\/news.save.ch\/de\/#\/schema\/logo\/image\/"}},{"@type":"Person","@id":"https:\/\/news.save.ch\/de\/#\/schema\/person\/d49e199490bad7c70d64b9ab51142f2b","name":"amministratore","image":{"@type":"ImageObject","inLanguage":"it-IT","@id":"https:\/\/secure.gravatar.com\/avatar\/ae2f4d718e6c49043e314ce431e7e645d646302a24a5ef5a8bc8e3f5a032e319?s=96&d=mm&r=g","url":"https:\/\/secure.gravatar.com\/avatar\/ae2f4d718e6c49043e314ce431e7e645d646302a24a5ef5a8bc8e3f5a032e319?s=96&d=mm&r=g","contentUrl":"https:\/\/secure.gravatar.com\/avatar\/ae2f4d718e6c49043e314ce431e7e645d646302a24a5ef5a8bc8e3f5a032e319?s=96&d=mm&r=g","caption":"admin"},"sameAs":["https:\/\/develop.organisator.galledia.ch"],"url":"https:\/\/news.save.ch\/it\/author\/admin\/"}]}},"_links":{"self":[{"href":"https:\/\/news.save.ch\/it\/wp-json\/wp\/v2\/posts\/1225","targetHints":{"allow":["GET"]}}],"collection":[{"href":"https:\/\/news.save.ch\/it\/wp-json\/wp\/v2\/posts"}],"about":[{"href":"https:\/\/news.save.ch\/it\/wp-json\/wp\/v2\/types\/post"}],"author":[{"embeddable":true,"href":"https:\/\/news.save.ch\/it\/wp-json\/wp\/v2\/users\/1"}],"replies":[{"embeddable":true,"href":"https:\/\/news.save.ch\/it\/wp-json\/wp\/v2\/comments?post=1225"}],"version-history":[{"count":1,"href":"https:\/\/news.save.ch\/it\/wp-json\/wp\/v2\/posts\/1225\/revisions"}],"predecessor-version":[{"id":17633,"href":"https:\/\/news.save.ch\/it\/wp-json\/wp\/v2\/posts\/1225\/revisions\/17633"}],"wp:featuredmedia":[{"embeddable":true,"href":"https:\/\/news.save.ch\/it\/wp-json\/wp\/v2\/media\/1226"}],"wp:attachment":[{"href":"https:\/\/news.save.ch\/it\/wp-json\/wp\/v2\/media?parent=1225"}],"wp:term":[{"taxonomy":"category","embeddable":true,"href":"https:\/\/news.save.ch\/it\/wp-json\/wp\/v2\/categories?post=1225"},{"taxonomy":"post_tag","embeddable":true,"href":"https:\/\/news.save.ch\/it\/wp-json\/wp\/v2\/tags?post=1225"}],"curies":[{"name":"wp","href":"https:\/\/api.w.org\/{rel}","templated":true}]}}