{"id":12390,"date":"2021-07-23T11:27:31","date_gmt":"2021-07-23T09:27:31","guid":{"rendered":"https:\/\/news.save.ch\/?p=12390"},"modified":"2023-07-16T17:13:09","modified_gmt":"2023-07-16T15:13:09","slug":"videoueberwachung-chancen-und-gefahren-der-gesichtserkennung","status":null,"type":"post","link":"https:\/\/news.save.ch\/it\/videoueberwachung-chancen-und-gefahren-der-gesichtserkennung\/","title":{"rendered":"Videosorveglianza: opportunit\u00e0 e pericoli del riconoscimento facciale"},"content":{"rendered":"<figure id=\"attachment_12392\" aria-describedby=\"caption-attachment-12392\" style=\"width: 1280px\" class=\"wp-caption alignnone\"><img loading=\"lazy\" decoding=\"async\" class=\"wp-image-12392 size-full\" src=\"https:\/\/news.save.ch\/wp-content\/uploads\/2021\/07\/face-detection-4791810_1280.jpg\" alt=\"Riconoscimento dei volti\" width=\"1280\" height=\"759\" srcset=\"https:\/\/news.save.ch\/wp-content\/uploads\/2021\/07\/face-detection-4791810_1280.jpg 1280w, https:\/\/news.save.ch\/wp-content\/uploads\/2021\/07\/face-detection-4791810_1280-375x222.jpg 375w\" sizes=\"auto, (max-width: 1280px) 100vw, 1280px\" \/><figcaption id=\"caption-attachment-12392\" class=\"wp-caption-text\">Pixabay<\/figcaption><\/figure>\n<p>L'Unione Europea (UE) vuole consentire la sorveglianza programmata delle persone attraverso il riconoscimento facciale automatizzato. <a href=\"https:\/\/ec.europa.eu\/germany\/news\/20210421-kuenstliche-intelligenz-eu_de\" target=\"_blank\" rel=\"noopener\">Secondo una bozza di regolamento di aprile<\/a> e consentire eccezioni solo se ci\u00f2 \u00e8 necessario per mantenere l'ordine pubblico e l'applicazione della legge. Secondo la Commissione UE, i requisiti minimi per tale applicazione includono l'utilizzo di dati \"neutri\", cio\u00e8 non discriminatori, ad esempio razzisti, per lo sviluppo dell'IA, e il mantenimento del controllo finale sulle misure da parte degli esseri umani, cio\u00e8 interventi legali.<\/p>\n<p>Con una normativa cos\u00ec restrittiva, l'utilizzabilit\u00e0 della tecnologia biometrica del futuro \u00e8 notevolmente limitata. Gi\u00e0 nel 2007 <a href=\"https:\/\/www.spiegel.de\/reise\/aktuell\/mainzer-hauptbahnhof-bka-startet-biometrie-ueberwachung-a-441758.html\" target=\"_blank\" rel=\"noopener\">avuto<\/a> il BKA tedesco ha raggiunto tassi di riconoscimento superiori al 70% con un tasso di falsa accettazione (FAR) dello 0,4% in un progetto di ricerca presso la stazione centrale di Magonza utilizzando immagini frontali alla luce del giorno. In un progetto pilota presso la stazione di Berlino S\u00fcdkreuz nel 2019, \u00e8 stata raggiunta una percentuale di riscontro superiore al 91% con un FAR dello 0,21-0,25%, a seconda delle dimensioni del database di riferimento.<\/p>\n<h2>Regolamentazione legale nel rispetto dei diritti umani<\/h2>\n<p>Sebbene il Ministro degli Interni tedesco, Seehofer, volesse inizialmente ancorare la possibilit\u00e0 del riconoscimento facciale nella Legge sulla Polizia Federale e far installare tali sistemi in 135 stazioni ferroviarie e 14 aeroporti, la bozza della nuova Legge sulla Polizia Federale non prevede pi\u00f9 questa possibilit\u00e0, soprattutto perch\u00e9 si intende aspettare che la tecnologia sia \"maturata\" a causa del FAR che \u00e8 stato istituito.<\/p>\n<p>L'eurodeputata verde Alexandra Geese, invece, considera il fatto che il regolamento UE non vieti completamente il riconoscimento facciale automatico negli spazi pubblici come uno \"schiaffo alla societ\u00e0 civile\". Dopo un <a href=\"https:\/\/www.spiegel.de\/netzwelt\/netzpolitik\/san-francisco-verbietet-einsatz-von-gesichtserkennung-durch-behoerden-a-1267495.html\" target=\"_blank\" rel=\"noopener\">Rapporto della rivista \"Spiegel<\/a> San Francisco \u00e8 diventata la prima citt\u00e0 degli Stati Uniti a vietare l'uso del riconoscimento facciale da parte delle autorit\u00e0. Secondo un articolo della \"S\u00fcddeutsche Zeitung\" del giugno 2020, anche le aziende Microsoft e Amazon hanno annunciato che sospenderanno la collaborazione con la polizia fino a quando il riconoscimento facciale non sar\u00e0 regolato legalmente nel rispetto dei diritti umani.<\/p>\n<p>N\u00e9 la Costituzione federale svizzera n\u00e9 la Legge fondamentale tedesca (GG) prevedono esplicitamente il diritto all'anonimato. Intendere il diritto all'anonimato come una caratteristica essenziale della dignit\u00e0 umana, che \u00e8 illimitata secondo entrambe le costituzioni, estenderebbe in modo sproporzionato questo \"diritto superfondamentale\". Il diritto all'anonimato \u00e8 piuttosto una componente del diritto generale della personalit\u00e0 sancito dall'articolo 10, paragrafo 2, della Costituzione svizzera e dall'articolo 2, paragrafo 1, della Legge fondamentale, che pu\u00f2 essere limitato alle condizioni dell'articolo 36 della Costituzione svizzera e dell'articolo 19 della Legge fondamentale. A<br \/>\n\u00c8 pertanto ammissibile una regolamentazione legale ai fini della prevenzione del pericolo e del perseguimento penale.<\/p>\n<p>L'intelligenza artificiale dei sistemi di riconoscimento facciale sta diventando sempre pi\u00f9 precisa grazie agli algoritmi di apprendimento. E i database di immagini sono in crescita. La start-up polacca Pimeyes ha creato un database di 900 milioni di volti memorizzati, mentre l'azienda cinese Megvii sta creando nuovi volti dopo una <a href=\"https:\/\/www.das-parlament.de\/2019\/33_34\/themenausgaben\/653964-653964\" target=\"_blank\" rel=\"noopener\">Rapporto del giornale \"Das Parlament<\/a>\u00a0una piattaforma di prodotti per il riconoscimento facciale che, secondo Forbes, pi\u00f9 di 300.000 aziende in 150 Paesi utilizzano per sviluppare le proprie applicazioni. Sempre pi\u00f9 aziende utilizzano il riconoscimento facciale nel settore dei diritti della casa.<\/p>\n<p>Ad esempio, l'alleanza di compagnie aeree Star Alliance vuole sostituire la carta d'imbarco con il riconoscimento facciale su base volontaria. L'azienda cinese Taigusys si \u00e8 addirittura specializzata nello sviluppo di software per il riconoscimento delle emozioni e ritiene che<a href=\"https:\/\/www.faz.net\/aktuell\/feuilleton\/debatten\/wie-kuenstliche-intelligenz-gefuehle-aus-gesichtern-liest-17291325.html\"> secondo un recente rapporto della FAZ<\/a>L'idea \u00e8 quella di poter anticipare i comportamenti pericolosi e rintracciare i criminali. Ma non ci sono prove scientifiche che lo stato emotivo di una persona possa essere letto in modo affidabile dalla sua espressione facciale.<\/p>\n<p>&nbsp;<\/p>","protected":false},"excerpt":{"rendered":"<p>Die Europ\u00e4ische Union (EU) will die planvolle \u00dcberwachung von Menschen mittels automatisierter Gesichtserkennung gem\u00e4ss eines Verordnungsentwurfs aus dem April verbieten und Ausnahmen nur noch zulassen, wenn das zur Aufrechterhaltung der \u00f6ffentlichen Ordnung und Strafverfolgung erforderlich ist. Zu den Mindestvoraussetzungen f\u00fcr eine solche Anwendung geh\u00f6rt nach der \u00dcberzeugung der EU-Kommission, dass f\u00fcr die Entwicklung der KI [&hellip;]<\/p>\n","protected":false},"author":9,"featured_media":12392,"comment_status":"closed","ping_status":"closed","sticky":false,"template":"","format":"standard","meta":{"_acf_changed":false,"pgc_sgb_lightbox_settings":"","footnotes":""},"categories":[1,3312],"tags":[5409,5406,618,464,5407,78,5408],"class_list":["post-12390","post","type-post","status-publish","format-standard","has-post-thumbnail","hentry","category-allgemein","category-sicherheit","tag-emotions-erkennungssoftware","tag-eu-verordnung","tag-gesichtserkennung","tag-kuenstliche-intelligenz","tag-persoenlichkeitsrecht","tag-videoueberwachung","tag-zukunftstechnologie"],"acf":[],"hkrextid":null,"publication":null,"issue":null,"workflow":null,"startPage":null,"spitzmarke":null,"_posts_by_tag_page_fields":{"widget_title":"","widget_tags":""},"_at_widget":"1","_yoast_wpseo_primary_category":"1","_yoast_wpseo_focuskw_text_input":null,"_yoast_wpseo_opengraph-image":null,"_yoast_wpseo_opengraph-description":null,"_yoast_wpseo_opengraph-title":null,"enclosure":null,"_yoast_wpseo_twitter-title":null,"_yoast_wpseo_twitter-description":null,"_yoast_wpseo_twitter-image":null,"_wp_old_slug":null,"_yoast_wpseo_title":null,"_yoast_wpseo_canonical":null,"yoast_head":"<!-- This site is optimized with the Yoast SEO plugin v27.5 - https:\/\/yoast.com\/product\/yoast-seo-wordpress\/ -->\n<title>Video\u00fcberwachung: Chancen und Gefahren der Gesichtserkennung - Save<\/title>\n<meta name=\"description\" content=\"Die k\u00fcnstliche Intelligenz (KI) der Gesichtserkennungssysteme wird durch intelligente Algorithmen immer pr\u00e4ziser. Die Europ\u00e4ische Union (EU) hat im April in einem Verordnungsentwurf neue Regeln zur Nutzung der KI-Technik in der Video\u00fcberwachung aufgestellt.\" \/>\n<meta name=\"robots\" content=\"index, follow, max-snippet:-1, max-image-preview:large, max-video-preview:-1\" \/>\n<link rel=\"canonical\" href=\"https:\/\/news.save.ch\/it\/videoueberwachung-chancen-und-gefahren-der-gesichtserkennung\/\" \/>\n<meta property=\"og:locale\" content=\"it_IT\" \/>\n<meta property=\"og:type\" content=\"article\" \/>\n<meta property=\"og:title\" content=\"Video\u00fcberwachung: Chancen und Gefahren der Gesichtserkennung - Save\" \/>\n<meta property=\"og:description\" content=\"Die k\u00fcnstliche Intelligenz (KI) der Gesichtserkennungssysteme wird durch intelligente Algorithmen immer pr\u00e4ziser. Die Europ\u00e4ische Union (EU) hat im April in einem Verordnungsentwurf neue Regeln zur Nutzung der KI-Technik in der Video\u00fcberwachung aufgestellt.\" \/>\n<meta property=\"og:url\" content=\"https:\/\/news.save.ch\/it\/videoueberwachung-chancen-und-gefahren-der-gesichtserkennung\/\" \/>\n<meta property=\"og:site_name\" content=\"Save\" \/>\n<meta property=\"article:published_time\" content=\"2021-07-23T09:27:31+00:00\" \/>\n<meta property=\"article:modified_time\" content=\"2023-07-16T15:13:09+00:00\" \/>\n<meta property=\"og:image\" content=\"https:\/\/news.save.ch\/wp-content\/uploads\/2021\/07\/face-detection-4791810_1280.jpg\" \/>\n\t<meta property=\"og:image:width\" content=\"1280\" \/>\n\t<meta property=\"og:image:height\" content=\"759\" \/>\n\t<meta property=\"og:image:type\" content=\"image\/jpeg\" \/>\n<meta name=\"author\" content=\"Simon Gr\u00f6flin\" \/>\n<meta name=\"twitter:card\" content=\"summary_large_image\" \/>\n<meta name=\"twitter:label1\" content=\"Scritto da\" \/>\n\t<meta name=\"twitter:data1\" content=\"Simon Gr\u00f6flin\" \/>\n\t<meta name=\"twitter:label2\" content=\"Tempo di lettura stimato\" \/>\n\t<meta name=\"twitter:data2\" content=\"4 minuti\" \/>\n<script type=\"application\/ld+json\" class=\"yoast-schema-graph\">{\"@context\":\"https:\\\/\\\/schema.org\",\"@graph\":[{\"@type\":\"Article\",\"@id\":\"https:\\\/\\\/news.save.ch\\\/videoueberwachung-chancen-und-gefahren-der-gesichtserkennung\\\/#article\",\"isPartOf\":{\"@id\":\"https:\\\/\\\/news.save.ch\\\/videoueberwachung-chancen-und-gefahren-der-gesichtserkennung\\\/\"},\"author\":{\"name\":\"Simon Gr\u00f6flin\",\"@id\":\"https:\\\/\\\/news.save.ch\\\/de\\\/#\\\/schema\\\/person\\\/ad4ef21102fd6125312409ac57d5296d\"},\"headline\":\"Video\u00fcberwachung: Chancen und Gefahren der Gesichtserkennung\",\"datePublished\":\"2021-07-23T09:27:31+00:00\",\"dateModified\":\"2023-07-16T15:13:09+00:00\",\"mainEntityOfPage\":{\"@id\":\"https:\\\/\\\/news.save.ch\\\/videoueberwachung-chancen-und-gefahren-der-gesichtserkennung\\\/\"},\"wordCount\":548,\"publisher\":{\"@id\":\"https:\\\/\\\/news.save.ch\\\/de\\\/#organization\"},\"image\":{\"@id\":\"https:\\\/\\\/news.save.ch\\\/videoueberwachung-chancen-und-gefahren-der-gesichtserkennung\\\/#primaryimage\"},\"thumbnailUrl\":\"https:\\\/\\\/news.save.ch\\\/wp-content\\\/uploads\\\/2021\\\/07\\\/face-detection-4791810_1280.jpg\",\"keywords\":[\"Emotions-Erkennungssoftware\",\"EU-Verordnung\",\"Gesichtserkennung\",\"K\u00fcnstliche Intelligenz\",\"Pers\u00f6nlichkeitsrecht\",\"Video\u00fcberwachung\",\"Zukunftstechnologie\"],\"articleSection\":[\"ALLGEMEIN\",\"SICHERHEIT\"],\"inLanguage\":\"it-IT\"},{\"@type\":\"WebPage\",\"@id\":\"https:\\\/\\\/news.save.ch\\\/videoueberwachung-chancen-und-gefahren-der-gesichtserkennung\\\/\",\"url\":\"https:\\\/\\\/news.save.ch\\\/videoueberwachung-chancen-und-gefahren-der-gesichtserkennung\\\/\",\"name\":\"Video\u00fcberwachung: Chancen und Gefahren der Gesichtserkennung - Save\",\"isPartOf\":{\"@id\":\"https:\\\/\\\/news.save.ch\\\/de\\\/#website\"},\"primaryImageOfPage\":{\"@id\":\"https:\\\/\\\/news.save.ch\\\/videoueberwachung-chancen-und-gefahren-der-gesichtserkennung\\\/#primaryimage\"},\"image\":{\"@id\":\"https:\\\/\\\/news.save.ch\\\/videoueberwachung-chancen-und-gefahren-der-gesichtserkennung\\\/#primaryimage\"},\"thumbnailUrl\":\"https:\\\/\\\/news.save.ch\\\/wp-content\\\/uploads\\\/2021\\\/07\\\/face-detection-4791810_1280.jpg\",\"datePublished\":\"2021-07-23T09:27:31+00:00\",\"dateModified\":\"2023-07-16T15:13:09+00:00\",\"description\":\"Die k\u00fcnstliche Intelligenz (KI) der Gesichtserkennungssysteme wird durch intelligente Algorithmen immer pr\u00e4ziser. Die Europ\u00e4ische Union (EU) hat im April in einem Verordnungsentwurf neue Regeln zur Nutzung der KI-Technik in der Video\u00fcberwachung aufgestellt.\",\"breadcrumb\":{\"@id\":\"https:\\\/\\\/news.save.ch\\\/videoueberwachung-chancen-und-gefahren-der-gesichtserkennung\\\/#breadcrumb\"},\"inLanguage\":\"it-IT\",\"potentialAction\":[{\"@type\":\"ReadAction\",\"target\":[\"https:\\\/\\\/news.save.ch\\\/videoueberwachung-chancen-und-gefahren-der-gesichtserkennung\\\/\"]}]},{\"@type\":\"ImageObject\",\"inLanguage\":\"it-IT\",\"@id\":\"https:\\\/\\\/news.save.ch\\\/videoueberwachung-chancen-und-gefahren-der-gesichtserkennung\\\/#primaryimage\",\"url\":\"https:\\\/\\\/news.save.ch\\\/wp-content\\\/uploads\\\/2021\\\/07\\\/face-detection-4791810_1280.jpg\",\"contentUrl\":\"https:\\\/\\\/news.save.ch\\\/wp-content\\\/uploads\\\/2021\\\/07\\\/face-detection-4791810_1280.jpg\",\"width\":1280,\"height\":759,\"caption\":\"Pixabay\"},{\"@type\":\"BreadcrumbList\",\"@id\":\"https:\\\/\\\/news.save.ch\\\/videoueberwachung-chancen-und-gefahren-der-gesichtserkennung\\\/#breadcrumb\",\"itemListElement\":[{\"@type\":\"ListItem\",\"position\":1,\"name\":\"Home\",\"item\":\"https:\\\/\\\/news.save.ch\\\/de\\\/\"},{\"@type\":\"ListItem\",\"position\":2,\"name\":\"Video\u00fcberwachung: Chancen und Gefahren der Gesichtserkennung\"}]},{\"@type\":\"WebSite\",\"@id\":\"https:\\\/\\\/news.save.ch\\\/de\\\/#website\",\"url\":\"https:\\\/\\\/news.save.ch\\\/de\\\/\",\"name\":\"Save\",\"description\":\"Schweizer Fachzeitschrift f\u00fcr Sicherheit\",\"publisher\":{\"@id\":\"https:\\\/\\\/news.save.ch\\\/de\\\/#organization\"},\"potentialAction\":[{\"@type\":\"SearchAction\",\"target\":{\"@type\":\"EntryPoint\",\"urlTemplate\":\"https:\\\/\\\/news.save.ch\\\/de\\\/?s={search_term_string}\"},\"query-input\":{\"@type\":\"PropertyValueSpecification\",\"valueRequired\":true,\"valueName\":\"search_term_string\"}}],\"inLanguage\":\"it-IT\"},{\"@type\":\"Organization\",\"@id\":\"https:\\\/\\\/news.save.ch\\\/de\\\/#organization\",\"name\":\"Sicherheitsforum\",\"url\":\"https:\\\/\\\/news.save.ch\\\/de\\\/\",\"logo\":{\"@type\":\"ImageObject\",\"inLanguage\":\"it-IT\",\"@id\":\"https:\\\/\\\/news.save.ch\\\/de\\\/#\\\/schema\\\/logo\\\/image\\\/\",\"url\":\"https:\\\/\\\/news.save.ch\\\/wp-content\\\/uploads\\\/2022\\\/06\\\/Logo_SF_2012.png\",\"contentUrl\":\"https:\\\/\\\/news.save.ch\\\/wp-content\\\/uploads\\\/2022\\\/06\\\/Logo_SF_2012.png\",\"width\":1100,\"height\":91,\"caption\":\"Sicherheitsforum\"},\"image\":{\"@id\":\"https:\\\/\\\/news.save.ch\\\/de\\\/#\\\/schema\\\/logo\\\/image\\\/\"}},{\"@type\":\"Person\",\"@id\":\"https:\\\/\\\/news.save.ch\\\/de\\\/#\\\/schema\\\/person\\\/ad4ef21102fd6125312409ac57d5296d\",\"name\":\"Simon Gr\u00f6flin\",\"image\":{\"@type\":\"ImageObject\",\"inLanguage\":\"it-IT\",\"@id\":\"https:\\\/\\\/secure.gravatar.com\\\/avatar\\\/6ddceb80eb734354635539e0ea5140bb7c41e42de7c45c9a2ab9921b5d5c9a83?s=96&d=mm&r=g\",\"url\":\"https:\\\/\\\/secure.gravatar.com\\\/avatar\\\/6ddceb80eb734354635539e0ea5140bb7c41e42de7c45c9a2ab9921b5d5c9a83?s=96&d=mm&r=g\",\"contentUrl\":\"https:\\\/\\\/secure.gravatar.com\\\/avatar\\\/6ddceb80eb734354635539e0ea5140bb7c41e42de7c45c9a2ab9921b5d5c9a83?s=96&d=mm&r=g\",\"caption\":\"Simon Gr\u00f6flin\"},\"url\":\"https:\\\/\\\/news.save.ch\\\/it\\\/author\\\/simon-groeflin\\\/\"}]}<\/script>\n<!-- \/ Yoast SEO plugin. -->","yoast_head_json":{"title":"Videosorveglianza: opportunit\u00e0 e pericoli del riconoscimento facciale - Save","description":"I sistemi di riconoscimento facciale con intelligenza artificiale (AI) stanno diventando sempre pi\u00f9 precisi grazie ad algoritmi intelligenti. Ad aprile, l'Unione Europea (UE) ha stabilito nuove regole sull'uso della tecnologia AI nella videosorveglianza in una bozza di regolamento.","robots":{"index":"index","follow":"follow","max-snippet":"max-snippet:-1","max-image-preview":"max-image-preview:large","max-video-preview":"max-video-preview:-1"},"canonical":"https:\/\/news.save.ch\/it\/videoueberwachung-chancen-und-gefahren-der-gesichtserkennung\/","og_locale":"it_IT","og_type":"article","og_title":"Video\u00fcberwachung: Chancen und Gefahren der Gesichtserkennung - Save","og_description":"Die k\u00fcnstliche Intelligenz (KI) der Gesichtserkennungssysteme wird durch intelligente Algorithmen immer pr\u00e4ziser. Die Europ\u00e4ische Union (EU) hat im April in einem Verordnungsentwurf neue Regeln zur Nutzung der KI-Technik in der Video\u00fcberwachung aufgestellt.","og_url":"https:\/\/news.save.ch\/it\/videoueberwachung-chancen-und-gefahren-der-gesichtserkennung\/","og_site_name":"Save","article_published_time":"2021-07-23T09:27:31+00:00","article_modified_time":"2023-07-16T15:13:09+00:00","og_image":[{"width":1280,"height":759,"url":"https:\/\/news.save.ch\/wp-content\/uploads\/2021\/07\/face-detection-4791810_1280.jpg","type":"image\/jpeg"}],"author":"Simon Gr\u00f6flin","twitter_card":"summary_large_image","twitter_misc":{"Scritto da":"Simon Gr\u00f6flin","Tempo di lettura stimato":"4 minuti"},"schema":{"@context":"https:\/\/schema.org","@graph":[{"@type":"Article","@id":"https:\/\/news.save.ch\/videoueberwachung-chancen-und-gefahren-der-gesichtserkennung\/#article","isPartOf":{"@id":"https:\/\/news.save.ch\/videoueberwachung-chancen-und-gefahren-der-gesichtserkennung\/"},"author":{"name":"Simon Gr\u00f6flin","@id":"https:\/\/news.save.ch\/de\/#\/schema\/person\/ad4ef21102fd6125312409ac57d5296d"},"headline":"Video\u00fcberwachung: Chancen und Gefahren der Gesichtserkennung","datePublished":"2021-07-23T09:27:31+00:00","dateModified":"2023-07-16T15:13:09+00:00","mainEntityOfPage":{"@id":"https:\/\/news.save.ch\/videoueberwachung-chancen-und-gefahren-der-gesichtserkennung\/"},"wordCount":548,"publisher":{"@id":"https:\/\/news.save.ch\/de\/#organization"},"image":{"@id":"https:\/\/news.save.ch\/videoueberwachung-chancen-und-gefahren-der-gesichtserkennung\/#primaryimage"},"thumbnailUrl":"https:\/\/news.save.ch\/wp-content\/uploads\/2021\/07\/face-detection-4791810_1280.jpg","keywords":["Emotions-Erkennungssoftware","EU-Verordnung","Gesichtserkennung","K\u00fcnstliche Intelligenz","Pers\u00f6nlichkeitsrecht","Video\u00fcberwachung","Zukunftstechnologie"],"articleSection":["ALLGEMEIN","SICHERHEIT"],"inLanguage":"it-IT"},{"@type":"WebPage","@id":"https:\/\/news.save.ch\/videoueberwachung-chancen-und-gefahren-der-gesichtserkennung\/","url":"https:\/\/news.save.ch\/videoueberwachung-chancen-und-gefahren-der-gesichtserkennung\/","name":"Videosorveglianza: opportunit\u00e0 e pericoli del riconoscimento facciale - Save","isPartOf":{"@id":"https:\/\/news.save.ch\/de\/#website"},"primaryImageOfPage":{"@id":"https:\/\/news.save.ch\/videoueberwachung-chancen-und-gefahren-der-gesichtserkennung\/#primaryimage"},"image":{"@id":"https:\/\/news.save.ch\/videoueberwachung-chancen-und-gefahren-der-gesichtserkennung\/#primaryimage"},"thumbnailUrl":"https:\/\/news.save.ch\/wp-content\/uploads\/2021\/07\/face-detection-4791810_1280.jpg","datePublished":"2021-07-23T09:27:31+00:00","dateModified":"2023-07-16T15:13:09+00:00","description":"I sistemi di riconoscimento facciale con intelligenza artificiale (AI) stanno diventando sempre pi\u00f9 precisi grazie ad algoritmi intelligenti. Ad aprile, l'Unione Europea (UE) ha stabilito nuove regole sull'uso della tecnologia AI nella videosorveglianza in una bozza di regolamento.","breadcrumb":{"@id":"https:\/\/news.save.ch\/videoueberwachung-chancen-und-gefahren-der-gesichtserkennung\/#breadcrumb"},"inLanguage":"it-IT","potentialAction":[{"@type":"ReadAction","target":["https:\/\/news.save.ch\/videoueberwachung-chancen-und-gefahren-der-gesichtserkennung\/"]}]},{"@type":"ImageObject","inLanguage":"it-IT","@id":"https:\/\/news.save.ch\/videoueberwachung-chancen-und-gefahren-der-gesichtserkennung\/#primaryimage","url":"https:\/\/news.save.ch\/wp-content\/uploads\/2021\/07\/face-detection-4791810_1280.jpg","contentUrl":"https:\/\/news.save.ch\/wp-content\/uploads\/2021\/07\/face-detection-4791810_1280.jpg","width":1280,"height":759,"caption":"Pixabay"},{"@type":"BreadcrumbList","@id":"https:\/\/news.save.ch\/videoueberwachung-chancen-und-gefahren-der-gesichtserkennung\/#breadcrumb","itemListElement":[{"@type":"ListItem","position":1,"name":"Home","item":"https:\/\/news.save.ch\/de\/"},{"@type":"ListItem","position":2,"name":"Video\u00fcberwachung: Chancen und Gefahren der Gesichtserkennung"}]},{"@type":"WebSite","@id":"https:\/\/news.save.ch\/de\/#website","url":"https:\/\/news.save.ch\/de\/","name":"Risparmiare","description":"Rivista svizzera specializzata in sicurezza","publisher":{"@id":"https:\/\/news.save.ch\/de\/#organization"},"potentialAction":[{"@type":"SearchAction","target":{"@type":"EntryPoint","urlTemplate":"https:\/\/news.save.ch\/de\/?s={search_term_string}"},"query-input":{"@type":"PropertyValueSpecification","valueRequired":true,"valueName":"search_term_string"}}],"inLanguage":"it-IT"},{"@type":"Organization","@id":"https:\/\/news.save.ch\/de\/#organization","name":"Forum sulla sicurezza","url":"https:\/\/news.save.ch\/de\/","logo":{"@type":"ImageObject","inLanguage":"it-IT","@id":"https:\/\/news.save.ch\/de\/#\/schema\/logo\/image\/","url":"https:\/\/news.save.ch\/wp-content\/uploads\/2022\/06\/Logo_SF_2012.png","contentUrl":"https:\/\/news.save.ch\/wp-content\/uploads\/2022\/06\/Logo_SF_2012.png","width":1100,"height":91,"caption":"Sicherheitsforum"},"image":{"@id":"https:\/\/news.save.ch\/de\/#\/schema\/logo\/image\/"}},{"@type":"Person","@id":"https:\/\/news.save.ch\/de\/#\/schema\/person\/ad4ef21102fd6125312409ac57d5296d","name":"Simon Gr\u00f6flin","image":{"@type":"ImageObject","inLanguage":"it-IT","@id":"https:\/\/secure.gravatar.com\/avatar\/6ddceb80eb734354635539e0ea5140bb7c41e42de7c45c9a2ab9921b5d5c9a83?s=96&d=mm&r=g","url":"https:\/\/secure.gravatar.com\/avatar\/6ddceb80eb734354635539e0ea5140bb7c41e42de7c45c9a2ab9921b5d5c9a83?s=96&d=mm&r=g","contentUrl":"https:\/\/secure.gravatar.com\/avatar\/6ddceb80eb734354635539e0ea5140bb7c41e42de7c45c9a2ab9921b5d5c9a83?s=96&d=mm&r=g","caption":"Simon Gr\u00f6flin"},"url":"https:\/\/news.save.ch\/it\/author\/simon-groeflin\/"}]}},"_links":{"self":[{"href":"https:\/\/news.save.ch\/it\/wp-json\/wp\/v2\/posts\/12390","targetHints":{"allow":["GET"]}}],"collection":[{"href":"https:\/\/news.save.ch\/it\/wp-json\/wp\/v2\/posts"}],"about":[{"href":"https:\/\/news.save.ch\/it\/wp-json\/wp\/v2\/types\/post"}],"author":[{"embeddable":true,"href":"https:\/\/news.save.ch\/it\/wp-json\/wp\/v2\/users\/9"}],"replies":[{"embeddable":true,"href":"https:\/\/news.save.ch\/it\/wp-json\/wp\/v2\/comments?post=12390"}],"version-history":[{"count":3,"href":"https:\/\/news.save.ch\/it\/wp-json\/wp\/v2\/posts\/12390\/revisions"}],"predecessor-version":[{"id":20947,"href":"https:\/\/news.save.ch\/it\/wp-json\/wp\/v2\/posts\/12390\/revisions\/20947"}],"wp:featuredmedia":[{"embeddable":true,"href":"https:\/\/news.save.ch\/it\/wp-json\/wp\/v2\/media\/12392"}],"wp:attachment":[{"href":"https:\/\/news.save.ch\/it\/wp-json\/wp\/v2\/media?parent=12390"}],"wp:term":[{"taxonomy":"category","embeddable":true,"href":"https:\/\/news.save.ch\/it\/wp-json\/wp\/v2\/categories?post=12390"},{"taxonomy":"post_tag","embeddable":true,"href":"https:\/\/news.save.ch\/it\/wp-json\/wp\/v2\/tags?post=12390"}],"curies":[{"name":"wp","href":"https:\/\/api.w.org\/{rel}","templated":true}]}}