{"id":12421,"date":"2021-08-02T10:59:44","date_gmt":"2021-08-02T08:59:44","guid":{"rendered":"https:\/\/news.save.ch\/?p=12421"},"modified":"2023-07-15T18:31:59","modified_gmt":"2023-07-15T16:31:59","slug":"4000-meineimpfungen-ch-nutzer-haben-ihr-geld-zurueckerhalten","status":null,"type":"post","link":"https:\/\/news.save.ch\/it\/4000-meineimpfungen-ch-nutzer-haben-ihr-geld-zurueckerhalten\/","title":{"rendered":"4000 utenti di Meineimpfungen.ch hanno riavuto indietro i loro soldi"},"content":{"rendered":"<figure id=\"attachment_12423\" aria-describedby=\"caption-attachment-12423\" style=\"width: 842px\" class=\"wp-caption alignnone\"><img loading=\"lazy\" decoding=\"async\" class=\"wp-image-12423 size-full\" src=\"https:\/\/news.save.ch\/wp-content\/uploads\/2021\/08\/meineimpfungen.jpg\" alt=\"Rimborso\" width=\"842\" height=\"537\" srcset=\"https:\/\/news.save.ch\/wp-content\/uploads\/2021\/08\/meineimpfungen.jpg 842w, https:\/\/news.save.ch\/wp-content\/uploads\/2021\/08\/meineimpfungen-375x239.jpg 375w\" sizes=\"auto, (max-width: 842px) 100vw, 842px\" \/><figcaption id=\"caption-attachment-12423\" class=\"wp-caption-text\">myvaccinations.ch<\/figcaption><\/figure>\n<p>A marzo, l'Incaricato federale per la protezione dei dati e l'informazione (FDPIC) ha pubblicato una <a href=\"https:\/\/news.save.ch\/it\/datenleck-bei-impfplattform-datenschuetzer-eroeffnet-verfahren\/\" target=\"_blank\" rel=\"noopener\">procedura formale<\/a> contro gli operatori della piattaforma www.meineimpfungen.ch. In primavera la piattaforma \u00e8 stata criticata dagli esperti di protezione dei dati. Centinaia di migliaia di dati, compresi quelli dei consiglieri federali, erano accessibili agli hacker.<\/p>\n<p>Il portale web \u00e8 stato poi <a href=\"https:\/\/news.save.ch\/it\/plattform-meineimpfungen-ch-wird-eingestellt\/\" target=\"_blank\" rel=\"noopener\">set<\/a>. Inoltre, sono emersi casi di vaccinazioni erroneamente assegnate. <a href=\"https:\/\/www.konsumentenschutz.ch\/online-ratgeber\/was-kann-ich-tun-wenn-meineimpfungen-ch-mein-loeschungsbegehren-nicht-akzeptiert\/\" target=\"_blank\" rel=\"noopener\">Secondo la Fondazione per la protezione dei consumatori<\/a> anche il controllo delle richieste di cancellazione di altri documenti ha richiesto molto tempo.<\/p>\n<p>Come afferma la piattaforma sul suo sito web <a href=\"https:\/\/meineimpfungen.ch\/\" target=\"_blank\" rel=\"noopener\">scrive<\/a>Nel frattempo, 4000 utenti hanno gi\u00e0 ricevuto un rimborso. La richiesta di rimborso sussisterebbe se i costi per la digitalizzazione della tessera di vaccinazione fossero gi\u00e0 stati pagati, ma il servizio non potesse essere fornito a causa della chiusura della piattaforma.<\/p>\n<p><em>Fonte: meineimpfungen.ch<\/em><\/p>","protected":false},"excerpt":{"rendered":"<p>Der Eidg. Datenschutz- und \u00d6ffentlichkeitsbeautragte (ED\u00d6B) hat im M\u00e4rz ein formuelles Verfahren gegen die Betreiber der Plattform www.meineimpfungen.ch er\u00f6ffnet. Die Plattform stand im Fr\u00fchjahr in der Kritik von Datensch\u00fctzern. Hunderttausende Datens\u00e4tze, darunter auch solche von Bundesr\u00e4tin, waren f\u00fcr Hacker einsehbar. Das Webportal wurde darauf hin eingestellt. Zudem kamen auch F\u00e4lle falsch zugewiesener Impfungen ans Licht. [&hellip;]<\/p>\n","protected":false},"author":9,"featured_media":12423,"comment_status":"closed","ping_status":"closed","sticky":false,"template":"","format":"standard","meta":{"_acf_changed":false,"pgc_sgb_lightbox_settings":"","footnotes":""},"categories":[1],"tags":[632,118,1215,5389,4478,5388],"class_list":["post-12421","post","type-post","status-publish","format-standard","has-post-thumbnail","hentry","category-allgemein","tag-covid-19","tag-datenschutz","tag-edoeb","tag-impfausweis","tag-meineimpfungen-ch","tag-rueckerstattung"],"acf":[],"hkrextid":null,"publication":null,"issue":null,"workflow":null,"startPage":null,"spitzmarke":null,"_posts_by_tag_page_fields":{"widget_title":"","widget_tags":""},"_at_widget":"1","_yoast_wpseo_primary_category":"","_yoast_wpseo_focuskw_text_input":null,"_yoast_wpseo_opengraph-image":null,"_yoast_wpseo_opengraph-description":null,"_yoast_wpseo_opengraph-title":null,"enclosure":null,"_yoast_wpseo_twitter-title":null,"_yoast_wpseo_twitter-description":null,"_yoast_wpseo_twitter-image":null,"_wp_old_slug":null,"_yoast_wpseo_title":null,"_yoast_wpseo_canonical":null,"yoast_head":"<!-- This site is optimized with the Yoast SEO plugin v27.5 - https:\/\/yoast.com\/product\/yoast-seo-wordpress\/ -->\n<title>4000 Meineimpfungen.ch-Nutzer haben ihr Geld zur\u00fcckerhalten - Save<\/title>\n<meta name=\"description\" content=\"Rund 4000 Nutzer des Portals meineimpfungen.ch haben ihr Geld zur L\u00f6schung ihrer Daten zur\u00fcckerhalten. Anspruch auf eine R\u00fcckererstattung bestand laut dem Portal, wenn f\u00fcr die Digitalisierung des Impfausweises bereits bezahlt wurde.\" \/>\n<meta name=\"robots\" content=\"index, follow, max-snippet:-1, max-image-preview:large, max-video-preview:-1\" \/>\n<link rel=\"canonical\" href=\"https:\/\/news.save.ch\/it\/4000-meineimpfungen-ch-nutzer-haben-ihr-geld-zurueckerhalten\/\" \/>\n<meta property=\"og:locale\" content=\"it_IT\" \/>\n<meta property=\"og:type\" content=\"article\" \/>\n<meta property=\"og:title\" content=\"4000 Meineimpfungen.ch-Nutzer haben ihr Geld zur\u00fcckerhalten - Save\" \/>\n<meta property=\"og:description\" content=\"Rund 4000 Nutzer des Portals meineimpfungen.ch haben ihr Geld zur L\u00f6schung ihrer Daten zur\u00fcckerhalten. Anspruch auf eine R\u00fcckererstattung bestand laut dem Portal, wenn f\u00fcr die Digitalisierung des Impfausweises bereits bezahlt wurde.\" \/>\n<meta property=\"og:url\" content=\"https:\/\/news.save.ch\/it\/4000-meineimpfungen-ch-nutzer-haben-ihr-geld-zurueckerhalten\/\" \/>\n<meta property=\"og:site_name\" content=\"Save\" \/>\n<meta property=\"article:published_time\" content=\"2021-08-02T08:59:44+00:00\" \/>\n<meta property=\"article:modified_time\" content=\"2023-07-15T16:31:59+00:00\" \/>\n<meta property=\"og:image\" content=\"https:\/\/news.save.ch\/wp-content\/uploads\/2021\/08\/meineimpfungen.jpg\" \/>\n\t<meta property=\"og:image:width\" content=\"842\" \/>\n\t<meta property=\"og:image:height\" content=\"537\" \/>\n\t<meta property=\"og:image:type\" content=\"image\/jpeg\" \/>\n<meta name=\"author\" content=\"Simon Gr\u00f6flin\" \/>\n<meta name=\"twitter:card\" content=\"summary_large_image\" \/>\n<meta name=\"twitter:label1\" content=\"Scritto da\" \/>\n\t<meta name=\"twitter:data1\" content=\"Simon Gr\u00f6flin\" \/>\n\t<meta name=\"twitter:label2\" content=\"Tempo di lettura stimato\" \/>\n\t<meta name=\"twitter:data2\" content=\"1 minuto\" \/>\n<script type=\"application\/ld+json\" class=\"yoast-schema-graph\">{\"@context\":\"https:\\\/\\\/schema.org\",\"@graph\":[{\"@type\":\"Article\",\"@id\":\"https:\\\/\\\/news.save.ch\\\/4000-meineimpfungen-ch-nutzer-haben-ihr-geld-zurueckerhalten\\\/#article\",\"isPartOf\":{\"@id\":\"https:\\\/\\\/news.save.ch\\\/4000-meineimpfungen-ch-nutzer-haben-ihr-geld-zurueckerhalten\\\/\"},\"author\":{\"name\":\"Simon Gr\u00f6flin\",\"@id\":\"https:\\\/\\\/news.save.ch\\\/de\\\/#\\\/schema\\\/person\\\/ad4ef21102fd6125312409ac57d5296d\"},\"headline\":\"4000 Meineimpfungen.ch-Nutzer haben ihr Geld zur\u00fcckerhalten\",\"datePublished\":\"2021-08-02T08:59:44+00:00\",\"dateModified\":\"2023-07-15T16:31:59+00:00\",\"mainEntityOfPage\":{\"@id\":\"https:\\\/\\\/news.save.ch\\\/4000-meineimpfungen-ch-nutzer-haben-ihr-geld-zurueckerhalten\\\/\"},\"wordCount\":151,\"publisher\":{\"@id\":\"https:\\\/\\\/news.save.ch\\\/de\\\/#organization\"},\"image\":{\"@id\":\"https:\\\/\\\/news.save.ch\\\/4000-meineimpfungen-ch-nutzer-haben-ihr-geld-zurueckerhalten\\\/#primaryimage\"},\"thumbnailUrl\":\"https:\\\/\\\/news.save.ch\\\/wp-content\\\/uploads\\\/2021\\\/08\\\/meineimpfungen.jpg\",\"keywords\":[\"Covid-19\",\"Datenschutz\",\"ED\u00d6B\",\"Impfausweis\",\"meineimpfungen.ch\",\"R\u00fcckerstattung\"],\"articleSection\":[\"ALLGEMEIN\"],\"inLanguage\":\"it-IT\"},{\"@type\":\"WebPage\",\"@id\":\"https:\\\/\\\/news.save.ch\\\/4000-meineimpfungen-ch-nutzer-haben-ihr-geld-zurueckerhalten\\\/\",\"url\":\"https:\\\/\\\/news.save.ch\\\/4000-meineimpfungen-ch-nutzer-haben-ihr-geld-zurueckerhalten\\\/\",\"name\":\"4000 Meineimpfungen.ch-Nutzer haben ihr Geld zur\u00fcckerhalten - Save\",\"isPartOf\":{\"@id\":\"https:\\\/\\\/news.save.ch\\\/de\\\/#website\"},\"primaryImageOfPage\":{\"@id\":\"https:\\\/\\\/news.save.ch\\\/4000-meineimpfungen-ch-nutzer-haben-ihr-geld-zurueckerhalten\\\/#primaryimage\"},\"image\":{\"@id\":\"https:\\\/\\\/news.save.ch\\\/4000-meineimpfungen-ch-nutzer-haben-ihr-geld-zurueckerhalten\\\/#primaryimage\"},\"thumbnailUrl\":\"https:\\\/\\\/news.save.ch\\\/wp-content\\\/uploads\\\/2021\\\/08\\\/meineimpfungen.jpg\",\"datePublished\":\"2021-08-02T08:59:44+00:00\",\"dateModified\":\"2023-07-15T16:31:59+00:00\",\"description\":\"Rund 4000 Nutzer des Portals meineimpfungen.ch haben ihr Geld zur L\u00f6schung ihrer Daten zur\u00fcckerhalten. Anspruch auf eine R\u00fcckererstattung bestand laut dem Portal, wenn f\u00fcr die Digitalisierung des Impfausweises bereits bezahlt wurde.\",\"breadcrumb\":{\"@id\":\"https:\\\/\\\/news.save.ch\\\/4000-meineimpfungen-ch-nutzer-haben-ihr-geld-zurueckerhalten\\\/#breadcrumb\"},\"inLanguage\":\"it-IT\",\"potentialAction\":[{\"@type\":\"ReadAction\",\"target\":[\"https:\\\/\\\/news.save.ch\\\/4000-meineimpfungen-ch-nutzer-haben-ihr-geld-zurueckerhalten\\\/\"]}]},{\"@type\":\"ImageObject\",\"inLanguage\":\"it-IT\",\"@id\":\"https:\\\/\\\/news.save.ch\\\/4000-meineimpfungen-ch-nutzer-haben-ihr-geld-zurueckerhalten\\\/#primaryimage\",\"url\":\"https:\\\/\\\/news.save.ch\\\/wp-content\\\/uploads\\\/2021\\\/08\\\/meineimpfungen.jpg\",\"contentUrl\":\"https:\\\/\\\/news.save.ch\\\/wp-content\\\/uploads\\\/2021\\\/08\\\/meineimpfungen.jpg\",\"width\":842,\"height\":537,\"caption\":\"meineimpfungen.ch\"},{\"@type\":\"BreadcrumbList\",\"@id\":\"https:\\\/\\\/news.save.ch\\\/4000-meineimpfungen-ch-nutzer-haben-ihr-geld-zurueckerhalten\\\/#breadcrumb\",\"itemListElement\":[{\"@type\":\"ListItem\",\"position\":1,\"name\":\"Home\",\"item\":\"https:\\\/\\\/news.save.ch\\\/de\\\/\"},{\"@type\":\"ListItem\",\"position\":2,\"name\":\"4000 Meineimpfungen.ch-Nutzer haben ihr Geld zur\u00fcckerhalten\"}]},{\"@type\":\"WebSite\",\"@id\":\"https:\\\/\\\/news.save.ch\\\/de\\\/#website\",\"url\":\"https:\\\/\\\/news.save.ch\\\/de\\\/\",\"name\":\"Save\",\"description\":\"Schweizer Fachzeitschrift f\u00fcr Sicherheit\",\"publisher\":{\"@id\":\"https:\\\/\\\/news.save.ch\\\/de\\\/#organization\"},\"potentialAction\":[{\"@type\":\"SearchAction\",\"target\":{\"@type\":\"EntryPoint\",\"urlTemplate\":\"https:\\\/\\\/news.save.ch\\\/de\\\/?s={search_term_string}\"},\"query-input\":{\"@type\":\"PropertyValueSpecification\",\"valueRequired\":true,\"valueName\":\"search_term_string\"}}],\"inLanguage\":\"it-IT\"},{\"@type\":\"Organization\",\"@id\":\"https:\\\/\\\/news.save.ch\\\/de\\\/#organization\",\"name\":\"Sicherheitsforum\",\"url\":\"https:\\\/\\\/news.save.ch\\\/de\\\/\",\"logo\":{\"@type\":\"ImageObject\",\"inLanguage\":\"it-IT\",\"@id\":\"https:\\\/\\\/news.save.ch\\\/de\\\/#\\\/schema\\\/logo\\\/image\\\/\",\"url\":\"https:\\\/\\\/news.save.ch\\\/wp-content\\\/uploads\\\/2022\\\/06\\\/Logo_SF_2012.png\",\"contentUrl\":\"https:\\\/\\\/news.save.ch\\\/wp-content\\\/uploads\\\/2022\\\/06\\\/Logo_SF_2012.png\",\"width\":1100,\"height\":91,\"caption\":\"Sicherheitsforum\"},\"image\":{\"@id\":\"https:\\\/\\\/news.save.ch\\\/de\\\/#\\\/schema\\\/logo\\\/image\\\/\"}},{\"@type\":\"Person\",\"@id\":\"https:\\\/\\\/news.save.ch\\\/de\\\/#\\\/schema\\\/person\\\/ad4ef21102fd6125312409ac57d5296d\",\"name\":\"Simon Gr\u00f6flin\",\"image\":{\"@type\":\"ImageObject\",\"inLanguage\":\"it-IT\",\"@id\":\"https:\\\/\\\/secure.gravatar.com\\\/avatar\\\/6ddceb80eb734354635539e0ea5140bb7c41e42de7c45c9a2ab9921b5d5c9a83?s=96&d=mm&r=g\",\"url\":\"https:\\\/\\\/secure.gravatar.com\\\/avatar\\\/6ddceb80eb734354635539e0ea5140bb7c41e42de7c45c9a2ab9921b5d5c9a83?s=96&d=mm&r=g\",\"contentUrl\":\"https:\\\/\\\/secure.gravatar.com\\\/avatar\\\/6ddceb80eb734354635539e0ea5140bb7c41e42de7c45c9a2ab9921b5d5c9a83?s=96&d=mm&r=g\",\"caption\":\"Simon Gr\u00f6flin\"},\"url\":\"https:\\\/\\\/news.save.ch\\\/it\\\/author\\\/simon-groeflin\\\/\"}]}<\/script>\n<!-- \/ Yoast SEO plugin. -->","yoast_head_json":{"title":"4000 utenti di Meineimpfungen.ch hanno recuperato i loro soldi - Salva","description":"Circa 4000 utenti del portale meineimpfungen.ch hanno ricevuto il rimborso per la cancellazione dei loro dati. Secondo il portale, c'era il diritto al rimborso se la digitalizzazione della tessera di vaccinazione era gi\u00e0 stata pagata.","robots":{"index":"index","follow":"follow","max-snippet":"max-snippet:-1","max-image-preview":"max-image-preview:large","max-video-preview":"max-video-preview:-1"},"canonical":"https:\/\/news.save.ch\/it\/4000-meineimpfungen-ch-nutzer-haben-ihr-geld-zurueckerhalten\/","og_locale":"it_IT","og_type":"article","og_title":"4000 Meineimpfungen.ch-Nutzer haben ihr Geld zur\u00fcckerhalten - Save","og_description":"Rund 4000 Nutzer des Portals meineimpfungen.ch haben ihr Geld zur L\u00f6schung ihrer Daten zur\u00fcckerhalten. Anspruch auf eine R\u00fcckererstattung bestand laut dem Portal, wenn f\u00fcr die Digitalisierung des Impfausweises bereits bezahlt wurde.","og_url":"https:\/\/news.save.ch\/it\/4000-meineimpfungen-ch-nutzer-haben-ihr-geld-zurueckerhalten\/","og_site_name":"Save","article_published_time":"2021-08-02T08:59:44+00:00","article_modified_time":"2023-07-15T16:31:59+00:00","og_image":[{"width":842,"height":537,"url":"https:\/\/news.save.ch\/wp-content\/uploads\/2021\/08\/meineimpfungen.jpg","type":"image\/jpeg"}],"author":"Simon Gr\u00f6flin","twitter_card":"summary_large_image","twitter_misc":{"Scritto da":"Simon Gr\u00f6flin","Tempo di lettura stimato":"1 minuto"},"schema":{"@context":"https:\/\/schema.org","@graph":[{"@type":"Article","@id":"https:\/\/news.save.ch\/4000-meineimpfungen-ch-nutzer-haben-ihr-geld-zurueckerhalten\/#article","isPartOf":{"@id":"https:\/\/news.save.ch\/4000-meineimpfungen-ch-nutzer-haben-ihr-geld-zurueckerhalten\/"},"author":{"name":"Simon Gr\u00f6flin","@id":"https:\/\/news.save.ch\/de\/#\/schema\/person\/ad4ef21102fd6125312409ac57d5296d"},"headline":"4000 Meineimpfungen.ch-Nutzer haben ihr Geld zur\u00fcckerhalten","datePublished":"2021-08-02T08:59:44+00:00","dateModified":"2023-07-15T16:31:59+00:00","mainEntityOfPage":{"@id":"https:\/\/news.save.ch\/4000-meineimpfungen-ch-nutzer-haben-ihr-geld-zurueckerhalten\/"},"wordCount":151,"publisher":{"@id":"https:\/\/news.save.ch\/de\/#organization"},"image":{"@id":"https:\/\/news.save.ch\/4000-meineimpfungen-ch-nutzer-haben-ihr-geld-zurueckerhalten\/#primaryimage"},"thumbnailUrl":"https:\/\/news.save.ch\/wp-content\/uploads\/2021\/08\/meineimpfungen.jpg","keywords":["Covid-19","Datenschutz","ED\u00d6B","Impfausweis","meineimpfungen.ch","R\u00fcckerstattung"],"articleSection":["ALLGEMEIN"],"inLanguage":"it-IT"},{"@type":"WebPage","@id":"https:\/\/news.save.ch\/4000-meineimpfungen-ch-nutzer-haben-ihr-geld-zurueckerhalten\/","url":"https:\/\/news.save.ch\/4000-meineimpfungen-ch-nutzer-haben-ihr-geld-zurueckerhalten\/","name":"4000 utenti di Meineimpfungen.ch hanno recuperato i loro soldi - Salva","isPartOf":{"@id":"https:\/\/news.save.ch\/de\/#website"},"primaryImageOfPage":{"@id":"https:\/\/news.save.ch\/4000-meineimpfungen-ch-nutzer-haben-ihr-geld-zurueckerhalten\/#primaryimage"},"image":{"@id":"https:\/\/news.save.ch\/4000-meineimpfungen-ch-nutzer-haben-ihr-geld-zurueckerhalten\/#primaryimage"},"thumbnailUrl":"https:\/\/news.save.ch\/wp-content\/uploads\/2021\/08\/meineimpfungen.jpg","datePublished":"2021-08-02T08:59:44+00:00","dateModified":"2023-07-15T16:31:59+00:00","description":"Circa 4000 utenti del portale meineimpfungen.ch hanno ricevuto il rimborso per la cancellazione dei loro dati. Secondo il portale, c'era il diritto al rimborso se la digitalizzazione della tessera di vaccinazione era gi\u00e0 stata pagata.","breadcrumb":{"@id":"https:\/\/news.save.ch\/4000-meineimpfungen-ch-nutzer-haben-ihr-geld-zurueckerhalten\/#breadcrumb"},"inLanguage":"it-IT","potentialAction":[{"@type":"ReadAction","target":["https:\/\/news.save.ch\/4000-meineimpfungen-ch-nutzer-haben-ihr-geld-zurueckerhalten\/"]}]},{"@type":"ImageObject","inLanguage":"it-IT","@id":"https:\/\/news.save.ch\/4000-meineimpfungen-ch-nutzer-haben-ihr-geld-zurueckerhalten\/#primaryimage","url":"https:\/\/news.save.ch\/wp-content\/uploads\/2021\/08\/meineimpfungen.jpg","contentUrl":"https:\/\/news.save.ch\/wp-content\/uploads\/2021\/08\/meineimpfungen.jpg","width":842,"height":537,"caption":"meineimpfungen.ch"},{"@type":"BreadcrumbList","@id":"https:\/\/news.save.ch\/4000-meineimpfungen-ch-nutzer-haben-ihr-geld-zurueckerhalten\/#breadcrumb","itemListElement":[{"@type":"ListItem","position":1,"name":"Home","item":"https:\/\/news.save.ch\/de\/"},{"@type":"ListItem","position":2,"name":"4000 Meineimpfungen.ch-Nutzer haben ihr Geld zur\u00fcckerhalten"}]},{"@type":"WebSite","@id":"https:\/\/news.save.ch\/de\/#website","url":"https:\/\/news.save.ch\/de\/","name":"Risparmiare","description":"Rivista svizzera specializzata in sicurezza","publisher":{"@id":"https:\/\/news.save.ch\/de\/#organization"},"potentialAction":[{"@type":"SearchAction","target":{"@type":"EntryPoint","urlTemplate":"https:\/\/news.save.ch\/de\/?s={search_term_string}"},"query-input":{"@type":"PropertyValueSpecification","valueRequired":true,"valueName":"search_term_string"}}],"inLanguage":"it-IT"},{"@type":"Organization","@id":"https:\/\/news.save.ch\/de\/#organization","name":"Forum sulla sicurezza","url":"https:\/\/news.save.ch\/de\/","logo":{"@type":"ImageObject","inLanguage":"it-IT","@id":"https:\/\/news.save.ch\/de\/#\/schema\/logo\/image\/","url":"https:\/\/news.save.ch\/wp-content\/uploads\/2022\/06\/Logo_SF_2012.png","contentUrl":"https:\/\/news.save.ch\/wp-content\/uploads\/2022\/06\/Logo_SF_2012.png","width":1100,"height":91,"caption":"Sicherheitsforum"},"image":{"@id":"https:\/\/news.save.ch\/de\/#\/schema\/logo\/image\/"}},{"@type":"Person","@id":"https:\/\/news.save.ch\/de\/#\/schema\/person\/ad4ef21102fd6125312409ac57d5296d","name":"Simon Gr\u00f6flin","image":{"@type":"ImageObject","inLanguage":"it-IT","@id":"https:\/\/secure.gravatar.com\/avatar\/6ddceb80eb734354635539e0ea5140bb7c41e42de7c45c9a2ab9921b5d5c9a83?s=96&d=mm&r=g","url":"https:\/\/secure.gravatar.com\/avatar\/6ddceb80eb734354635539e0ea5140bb7c41e42de7c45c9a2ab9921b5d5c9a83?s=96&d=mm&r=g","contentUrl":"https:\/\/secure.gravatar.com\/avatar\/6ddceb80eb734354635539e0ea5140bb7c41e42de7c45c9a2ab9921b5d5c9a83?s=96&d=mm&r=g","caption":"Simon Gr\u00f6flin"},"url":"https:\/\/news.save.ch\/it\/author\/simon-groeflin\/"}]}},"_links":{"self":[{"href":"https:\/\/news.save.ch\/it\/wp-json\/wp\/v2\/posts\/12421","targetHints":{"allow":["GET"]}}],"collection":[{"href":"https:\/\/news.save.ch\/it\/wp-json\/wp\/v2\/posts"}],"about":[{"href":"https:\/\/news.save.ch\/it\/wp-json\/wp\/v2\/types\/post"}],"author":[{"embeddable":true,"href":"https:\/\/news.save.ch\/it\/wp-json\/wp\/v2\/users\/9"}],"replies":[{"embeddable":true,"href":"https:\/\/news.save.ch\/it\/wp-json\/wp\/v2\/comments?post=12421"}],"version-history":[{"count":1,"href":"https:\/\/news.save.ch\/it\/wp-json\/wp\/v2\/posts\/12421\/revisions"}],"predecessor-version":[{"id":20931,"href":"https:\/\/news.save.ch\/it\/wp-json\/wp\/v2\/posts\/12421\/revisions\/20931"}],"wp:featuredmedia":[{"embeddable":true,"href":"https:\/\/news.save.ch\/it\/wp-json\/wp\/v2\/media\/12423"}],"wp:attachment":[{"href":"https:\/\/news.save.ch\/it\/wp-json\/wp\/v2\/media?parent=12421"}],"wp:term":[{"taxonomy":"category","embeddable":true,"href":"https:\/\/news.save.ch\/it\/wp-json\/wp\/v2\/categories?post=12421"},{"taxonomy":"post_tag","embeddable":true,"href":"https:\/\/news.save.ch\/it\/wp-json\/wp\/v2\/tags?post=12421"}],"curies":[{"name":"wp","href":"https:\/\/api.w.org\/{rel}","templated":true}]}}