{"id":12436,"date":"2021-08-04T08:45:28","date_gmt":"2021-08-04T06:45:28","guid":{"rendered":"https:\/\/news.save.ch\/?p=12436"},"modified":"2023-07-15T18:16:37","modified_gmt":"2023-07-15T16:16:37","slug":"nationales-flugrouten-netz-fuer-helikopter-wird-ausgebaut","status":null,"type":"post","link":"https:\/\/news.save.ch\/it\/nationales-flugrouten-netz-fuer-helikopter-wird-ausgebaut\/","title":{"rendered":"Ampliamento della rete nazionale di rotte di volo per elicotteri"},"content":{"rendered":"<figure id=\"attachment_12439\" aria-describedby=\"caption-attachment-12439\" style=\"width: 960px\" class=\"wp-caption alignnone\"><img loading=\"lazy\" decoding=\"async\" class=\"wp-image-12439 size-full\" src=\"https:\/\/news.save.ch\/wp-content\/uploads\/2021\/08\/Heliswiss_pixabay_teaser.jpg\" alt=\"Rete di volo a bassa quota\" width=\"960\" height=\"640\" srcset=\"https:\/\/news.save.ch\/wp-content\/uploads\/2021\/08\/Heliswiss_pixabay_teaser.jpg 960w, https:\/\/news.save.ch\/wp-content\/uploads\/2021\/08\/Heliswiss_pixabay_teaser-375x250.jpg 375w\" sizes=\"auto, (max-width: 960px) 100vw, 960px\" \/><figcaption id=\"caption-attachment-12439\" class=\"wp-caption-text\">Pixabay<\/figcaption><\/figure>\n<p>Il Low Flight Network (LFN) \u00e8 stato originariamente creato su iniziativa della Rega e delle Forze aeree svizzere. L'obiettivo: grazie a una rete nazionale di rotte di volo strumentali, gli equipaggi degli elicotteri dovrebbero essere in grado di effettuare voli importanti, come missioni di salvataggio o voli di rifornimento ed evacuazione in caso di catastrofe, anche in caso di maltempo. La rete esistente verr\u00e0 ora ulteriormente ampliata e integrata nei prossimi anni.<\/p>\n<p>Verranno cos\u00ec create ulteriori rotte di volo, soprattutto sulla rotta ovest-est nel Giura e nel Vallese o nella Svizzera occidentale. In futuro, secondo l'Ufficio federale dell'aviazione civile, sar\u00e0 disponibile anche per altre compagnie di soccorso aereo e per le forze di polizia, a condizione che i loro elicotteri siano adeguatamente equipaggiati e i loro equipaggi qualificati.<\/p>\n<p>In linea di principio, \u00e8 previsto che la Confederazione si assuma i costi della rete di rotte e dei punti di arrivo e partenza che sono di interesse nazionale. In caso di esigenze regionali o di interessi particolari (ad esempio, collegamenti con ospedali regionali e basi Rega), i Cantoni o gli utenti devono farsi carico del finanziamento. Oltre alla Rega e alle Forze aeree svizzere, anche altri fornitori di voli di soccorso dovrebbero poter utilizzare la LFN, a condizione che le missioni servano gli interessi nazionali, che i loro elicotteri siano adeguatamente equipaggiati e che i loro equipaggi siano addestrati e autorizzati a volare secondo le procedure di volo strumentale.<\/p>\n<p>&nbsp;<\/p>\n<blockquote><p><b>Che cos'\u00e8 la Rete del Volo Basso?<br \/>\n<\/b>La Low Flight Network (LFN) pu\u00f2 essere paragonata a una rete autostradale (anche se raramente utilizzata). Su rotte predefinite, gli elicotteri possono volare in volo strumentale, ad esempio dal Ticino a Lucerna o Zurigo, anche in condizioni di scarsa visibilit\u00e0. La novit\u00e0 dell'LFN \u00e8 che questi voli possono essere effettuati anche negli spazi aerei inferiori, che altrimenti sono destinati solo al traffico aereo secondo le regole del volo a vista (VFR) e possono essere effettuati solo in condizioni di visibilit\u00e0 sufficienti. Grazie all'LFN, i voli di soccorso medico e le operazioni in elicottero al servizio della sicurezza nazionale sono possibili anche in caso di maltempo. Per andare dall'\"autostrada\" a un ospedale, la LFN ha il cosiddetto PinS (Point in Space). Questi punti virtuali sopra un ospedale o un campo d'aviazione consentono un approccio diretto grazie alla tecnologia GPS. Da questo punto virtuale, l'elicottero pu\u00f2 partire per l'atterraggio, ma deve essere disponibile una visibilit\u00e0 sufficiente per quest'ultimo breve tratto della rotta. Non si tratta quindi di un \"sistema di atterraggio cieco\" come quello conosciuto nei grandi aeroporti e negli aerei ad ala fissa.<\/p><\/blockquote>\n<div class=\"mceTemp\"><\/div>\n<p><em>Fonte: Bazl<\/em><\/p>","protected":false},"excerpt":{"rendered":"<p>Das Low Flight Network (LFN) entstand urspr\u00fcnglich auf Initiative der Rega und der Luftwaffe. Das Ziel: Dank einem schweizweiten Netzwerk aus Instrumentenflugrouten sollen Helikopter-Crews auch bei schlechtem Wetter wichtige Fl\u00fcge, wie zum Beispiel Rettungseins\u00e4tze oder Versorgungs- und Evakuationsfl\u00fcge im Katastrophenfall, durchf\u00fchren k\u00f6nnen. Das bestehende Netz wird nun in den n\u00e4chsten Jahren weiter ausgebaut und erg\u00e4nzt. [&hellip;]<\/p>\n","protected":false},"author":9,"featured_media":12439,"comment_status":"closed","ping_status":"closed","sticky":false,"template":"","format":"standard","meta":{"_acf_changed":false,"pgc_sgb_lightbox_settings":"","footnotes":""},"categories":[1],"tags":[416,1252,5381,5382,5380,1437,386],"class_list":["post-12436","post","type-post","status-publish","format-standard","has-post-thumbnail","hentry","category-allgemein","tag-flugbetrieb","tag-flugverkehr","tag-helikopter","tag-instrumentenflugrouten","tag-low-flight-network","tag-luftwaffe","tag-rega"],"acf":[],"hkrextid":null,"publication":null,"issue":null,"workflow":null,"startPage":null,"spitzmarke":null,"_posts_by_tag_page_fields":{"widget_title":"","widget_tags":""},"_at_widget":"1","_yoast_wpseo_primary_category":"","_yoast_wpseo_focuskw_text_input":null,"_yoast_wpseo_opengraph-image":null,"_yoast_wpseo_opengraph-description":null,"_yoast_wpseo_opengraph-title":null,"enclosure":null,"_yoast_wpseo_twitter-title":null,"_yoast_wpseo_twitter-description":null,"_yoast_wpseo_twitter-image":null,"_wp_old_slug":null,"_yoast_wpseo_title":null,"_yoast_wpseo_canonical":null,"yoast_head":"<!-- This site is optimized with the Yoast SEO plugin v27.5 - https:\/\/yoast.com\/product\/yoast-seo-wordpress\/ -->\n<title>Nationales Flugrouten-Netz f\u00fcr Helikopter wird ausgebaut - Save<\/title>\n<meta name=\"description\" content=\"Das bisher von der Schweizerischen Rettungsflugwacht Rega und der Luftwaffe genutzte Flugnetz \u00abLow Flight Network\u00bb wird laufend ausgebaut. Es wird in Zukunft auch anderen Luftrettungsunternehmen sowie Polizeikr\u00e4ften zur Verf\u00fcgung stehen.\" \/>\n<meta name=\"robots\" content=\"index, follow, max-snippet:-1, max-image-preview:large, max-video-preview:-1\" \/>\n<link rel=\"canonical\" href=\"https:\/\/news.save.ch\/it\/nationales-flugrouten-netz-fuer-helikopter-wird-ausgebaut\/\" \/>\n<meta property=\"og:locale\" content=\"it_IT\" \/>\n<meta property=\"og:type\" content=\"article\" \/>\n<meta property=\"og:title\" content=\"Nationales Flugrouten-Netz f\u00fcr Helikopter wird ausgebaut - Save\" \/>\n<meta property=\"og:description\" content=\"Das bisher von der Schweizerischen Rettungsflugwacht Rega und der Luftwaffe genutzte Flugnetz \u00abLow Flight Network\u00bb wird laufend ausgebaut. Es wird in Zukunft auch anderen Luftrettungsunternehmen sowie Polizeikr\u00e4ften zur Verf\u00fcgung stehen.\" \/>\n<meta property=\"og:url\" content=\"https:\/\/news.save.ch\/it\/nationales-flugrouten-netz-fuer-helikopter-wird-ausgebaut\/\" \/>\n<meta property=\"og:site_name\" content=\"Save\" \/>\n<meta property=\"article:published_time\" content=\"2021-08-04T06:45:28+00:00\" \/>\n<meta property=\"article:modified_time\" content=\"2023-07-15T16:16:37+00:00\" \/>\n<meta property=\"og:image\" content=\"https:\/\/news.save.ch\/wp-content\/uploads\/2021\/08\/Heliswiss_pixabay_teaser.jpg\" \/>\n\t<meta property=\"og:image:width\" content=\"960\" \/>\n\t<meta property=\"og:image:height\" content=\"640\" \/>\n\t<meta property=\"og:image:type\" content=\"image\/jpeg\" \/>\n<meta name=\"author\" content=\"Simon Gr\u00f6flin\" \/>\n<meta name=\"twitter:card\" content=\"summary_large_image\" \/>\n<meta name=\"twitter:label1\" content=\"Scritto da\" \/>\n\t<meta name=\"twitter:data1\" content=\"Simon Gr\u00f6flin\" \/>\n\t<meta name=\"twitter:label2\" content=\"Tempo di lettura stimato\" \/>\n\t<meta name=\"twitter:data2\" content=\"3 minuti\" \/>\n<script type=\"application\/ld+json\" class=\"yoast-schema-graph\">{\"@context\":\"https:\\\/\\\/schema.org\",\"@graph\":[{\"@type\":\"Article\",\"@id\":\"https:\\\/\\\/news.save.ch\\\/nationales-flugrouten-netz-fuer-helikopter-wird-ausgebaut\\\/#article\",\"isPartOf\":{\"@id\":\"https:\\\/\\\/news.save.ch\\\/nationales-flugrouten-netz-fuer-helikopter-wird-ausgebaut\\\/\"},\"author\":{\"name\":\"Simon Gr\u00f6flin\",\"@id\":\"https:\\\/\\\/news.save.ch\\\/de\\\/#\\\/schema\\\/person\\\/ad4ef21102fd6125312409ac57d5296d\"},\"headline\":\"Nationales Flugrouten-Netz f\u00fcr Helikopter wird ausgebaut\",\"datePublished\":\"2021-08-04T06:45:28+00:00\",\"dateModified\":\"2023-07-15T16:16:37+00:00\",\"mainEntityOfPage\":{\"@id\":\"https:\\\/\\\/news.save.ch\\\/nationales-flugrouten-netz-fuer-helikopter-wird-ausgebaut\\\/\"},\"wordCount\":408,\"publisher\":{\"@id\":\"https:\\\/\\\/news.save.ch\\\/de\\\/#organization\"},\"image\":{\"@id\":\"https:\\\/\\\/news.save.ch\\\/nationales-flugrouten-netz-fuer-helikopter-wird-ausgebaut\\\/#primaryimage\"},\"thumbnailUrl\":\"https:\\\/\\\/news.save.ch\\\/wp-content\\\/uploads\\\/2021\\\/08\\\/Heliswiss_pixabay_teaser.jpg\",\"keywords\":[\"Flugbetrieb\",\"Flugverkehr\",\"Helikopter\",\"Instrumentenflugrouten\",\"Low Flight Network\",\"Luftwaffe\",\"Rega\"],\"articleSection\":[\"ALLGEMEIN\"],\"inLanguage\":\"it-IT\"},{\"@type\":\"WebPage\",\"@id\":\"https:\\\/\\\/news.save.ch\\\/nationales-flugrouten-netz-fuer-helikopter-wird-ausgebaut\\\/\",\"url\":\"https:\\\/\\\/news.save.ch\\\/nationales-flugrouten-netz-fuer-helikopter-wird-ausgebaut\\\/\",\"name\":\"Nationales Flugrouten-Netz f\u00fcr Helikopter wird ausgebaut - Save\",\"isPartOf\":{\"@id\":\"https:\\\/\\\/news.save.ch\\\/de\\\/#website\"},\"primaryImageOfPage\":{\"@id\":\"https:\\\/\\\/news.save.ch\\\/nationales-flugrouten-netz-fuer-helikopter-wird-ausgebaut\\\/#primaryimage\"},\"image\":{\"@id\":\"https:\\\/\\\/news.save.ch\\\/nationales-flugrouten-netz-fuer-helikopter-wird-ausgebaut\\\/#primaryimage\"},\"thumbnailUrl\":\"https:\\\/\\\/news.save.ch\\\/wp-content\\\/uploads\\\/2021\\\/08\\\/Heliswiss_pixabay_teaser.jpg\",\"datePublished\":\"2021-08-04T06:45:28+00:00\",\"dateModified\":\"2023-07-15T16:16:37+00:00\",\"description\":\"Das bisher von der Schweizerischen Rettungsflugwacht Rega und der Luftwaffe genutzte Flugnetz \u00abLow Flight Network\u00bb wird laufend ausgebaut. Es wird in Zukunft auch anderen Luftrettungsunternehmen sowie Polizeikr\u00e4ften zur Verf\u00fcgung stehen.\",\"breadcrumb\":{\"@id\":\"https:\\\/\\\/news.save.ch\\\/nationales-flugrouten-netz-fuer-helikopter-wird-ausgebaut\\\/#breadcrumb\"},\"inLanguage\":\"it-IT\",\"potentialAction\":[{\"@type\":\"ReadAction\",\"target\":[\"https:\\\/\\\/news.save.ch\\\/nationales-flugrouten-netz-fuer-helikopter-wird-ausgebaut\\\/\"]}]},{\"@type\":\"ImageObject\",\"inLanguage\":\"it-IT\",\"@id\":\"https:\\\/\\\/news.save.ch\\\/nationales-flugrouten-netz-fuer-helikopter-wird-ausgebaut\\\/#primaryimage\",\"url\":\"https:\\\/\\\/news.save.ch\\\/wp-content\\\/uploads\\\/2021\\\/08\\\/Heliswiss_pixabay_teaser.jpg\",\"contentUrl\":\"https:\\\/\\\/news.save.ch\\\/wp-content\\\/uploads\\\/2021\\\/08\\\/Heliswiss_pixabay_teaser.jpg\",\"width\":960,\"height\":640,\"caption\":\"Pixabay\"},{\"@type\":\"BreadcrumbList\",\"@id\":\"https:\\\/\\\/news.save.ch\\\/nationales-flugrouten-netz-fuer-helikopter-wird-ausgebaut\\\/#breadcrumb\",\"itemListElement\":[{\"@type\":\"ListItem\",\"position\":1,\"name\":\"Home\",\"item\":\"https:\\\/\\\/news.save.ch\\\/de\\\/\"},{\"@type\":\"ListItem\",\"position\":2,\"name\":\"Nationales Flugrouten-Netz f\u00fcr Helikopter wird ausgebaut\"}]},{\"@type\":\"WebSite\",\"@id\":\"https:\\\/\\\/news.save.ch\\\/de\\\/#website\",\"url\":\"https:\\\/\\\/news.save.ch\\\/de\\\/\",\"name\":\"Save\",\"description\":\"Schweizer Fachzeitschrift f\u00fcr Sicherheit\",\"publisher\":{\"@id\":\"https:\\\/\\\/news.save.ch\\\/de\\\/#organization\"},\"potentialAction\":[{\"@type\":\"SearchAction\",\"target\":{\"@type\":\"EntryPoint\",\"urlTemplate\":\"https:\\\/\\\/news.save.ch\\\/de\\\/?s={search_term_string}\"},\"query-input\":{\"@type\":\"PropertyValueSpecification\",\"valueRequired\":true,\"valueName\":\"search_term_string\"}}],\"inLanguage\":\"it-IT\"},{\"@type\":\"Organization\",\"@id\":\"https:\\\/\\\/news.save.ch\\\/de\\\/#organization\",\"name\":\"Sicherheitsforum\",\"url\":\"https:\\\/\\\/news.save.ch\\\/de\\\/\",\"logo\":{\"@type\":\"ImageObject\",\"inLanguage\":\"it-IT\",\"@id\":\"https:\\\/\\\/news.save.ch\\\/de\\\/#\\\/schema\\\/logo\\\/image\\\/\",\"url\":\"https:\\\/\\\/news.save.ch\\\/wp-content\\\/uploads\\\/2022\\\/06\\\/Logo_SF_2012.png\",\"contentUrl\":\"https:\\\/\\\/news.save.ch\\\/wp-content\\\/uploads\\\/2022\\\/06\\\/Logo_SF_2012.png\",\"width\":1100,\"height\":91,\"caption\":\"Sicherheitsforum\"},\"image\":{\"@id\":\"https:\\\/\\\/news.save.ch\\\/de\\\/#\\\/schema\\\/logo\\\/image\\\/\"}},{\"@type\":\"Person\",\"@id\":\"https:\\\/\\\/news.save.ch\\\/de\\\/#\\\/schema\\\/person\\\/ad4ef21102fd6125312409ac57d5296d\",\"name\":\"Simon Gr\u00f6flin\",\"image\":{\"@type\":\"ImageObject\",\"inLanguage\":\"it-IT\",\"@id\":\"https:\\\/\\\/secure.gravatar.com\\\/avatar\\\/6ddceb80eb734354635539e0ea5140bb7c41e42de7c45c9a2ab9921b5d5c9a83?s=96&d=mm&r=g\",\"url\":\"https:\\\/\\\/secure.gravatar.com\\\/avatar\\\/6ddceb80eb734354635539e0ea5140bb7c41e42de7c45c9a2ab9921b5d5c9a83?s=96&d=mm&r=g\",\"contentUrl\":\"https:\\\/\\\/secure.gravatar.com\\\/avatar\\\/6ddceb80eb734354635539e0ea5140bb7c41e42de7c45c9a2ab9921b5d5c9a83?s=96&d=mm&r=g\",\"caption\":\"Simon Gr\u00f6flin\"},\"url\":\"https:\\\/\\\/news.save.ch\\\/it\\\/author\\\/simon-groeflin\\\/\"}]}<\/script>\n<!-- \/ Yoast SEO plugin. -->","yoast_head_json":{"title":"Ampliamento della rete nazionale di rotte di volo per elicotteri - Save","description":"La \"Rete di volo a bassa quota\", utilizzata in precedenza dalla Guardia aerea svizzera di soccorso Rega e dalle Forze aeree svizzere, viene continuamente ampliata. In futuro sar\u00e0 disponibile anche per altre compagnie di soccorso aereo e forze di polizia.","robots":{"index":"index","follow":"follow","max-snippet":"max-snippet:-1","max-image-preview":"max-image-preview:large","max-video-preview":"max-video-preview:-1"},"canonical":"https:\/\/news.save.ch\/it\/nationales-flugrouten-netz-fuer-helikopter-wird-ausgebaut\/","og_locale":"it_IT","og_type":"article","og_title":"Nationales Flugrouten-Netz f\u00fcr Helikopter wird ausgebaut - Save","og_description":"Das bisher von der Schweizerischen Rettungsflugwacht Rega und der Luftwaffe genutzte Flugnetz \u00abLow Flight Network\u00bb wird laufend ausgebaut. Es wird in Zukunft auch anderen Luftrettungsunternehmen sowie Polizeikr\u00e4ften zur Verf\u00fcgung stehen.","og_url":"https:\/\/news.save.ch\/it\/nationales-flugrouten-netz-fuer-helikopter-wird-ausgebaut\/","og_site_name":"Save","article_published_time":"2021-08-04T06:45:28+00:00","article_modified_time":"2023-07-15T16:16:37+00:00","og_image":[{"width":960,"height":640,"url":"https:\/\/news.save.ch\/wp-content\/uploads\/2021\/08\/Heliswiss_pixabay_teaser.jpg","type":"image\/jpeg"}],"author":"Simon Gr\u00f6flin","twitter_card":"summary_large_image","twitter_misc":{"Scritto da":"Simon Gr\u00f6flin","Tempo di lettura stimato":"3 minuti"},"schema":{"@context":"https:\/\/schema.org","@graph":[{"@type":"Article","@id":"https:\/\/news.save.ch\/nationales-flugrouten-netz-fuer-helikopter-wird-ausgebaut\/#article","isPartOf":{"@id":"https:\/\/news.save.ch\/nationales-flugrouten-netz-fuer-helikopter-wird-ausgebaut\/"},"author":{"name":"Simon Gr\u00f6flin","@id":"https:\/\/news.save.ch\/de\/#\/schema\/person\/ad4ef21102fd6125312409ac57d5296d"},"headline":"Nationales Flugrouten-Netz f\u00fcr Helikopter wird ausgebaut","datePublished":"2021-08-04T06:45:28+00:00","dateModified":"2023-07-15T16:16:37+00:00","mainEntityOfPage":{"@id":"https:\/\/news.save.ch\/nationales-flugrouten-netz-fuer-helikopter-wird-ausgebaut\/"},"wordCount":408,"publisher":{"@id":"https:\/\/news.save.ch\/de\/#organization"},"image":{"@id":"https:\/\/news.save.ch\/nationales-flugrouten-netz-fuer-helikopter-wird-ausgebaut\/#primaryimage"},"thumbnailUrl":"https:\/\/news.save.ch\/wp-content\/uploads\/2021\/08\/Heliswiss_pixabay_teaser.jpg","keywords":["Flugbetrieb","Flugverkehr","Helikopter","Instrumentenflugrouten","Low Flight Network","Luftwaffe","Rega"],"articleSection":["ALLGEMEIN"],"inLanguage":"it-IT"},{"@type":"WebPage","@id":"https:\/\/news.save.ch\/nationales-flugrouten-netz-fuer-helikopter-wird-ausgebaut\/","url":"https:\/\/news.save.ch\/nationales-flugrouten-netz-fuer-helikopter-wird-ausgebaut\/","name":"Ampliamento della rete nazionale di rotte di volo per elicotteri - Save","isPartOf":{"@id":"https:\/\/news.save.ch\/de\/#website"},"primaryImageOfPage":{"@id":"https:\/\/news.save.ch\/nationales-flugrouten-netz-fuer-helikopter-wird-ausgebaut\/#primaryimage"},"image":{"@id":"https:\/\/news.save.ch\/nationales-flugrouten-netz-fuer-helikopter-wird-ausgebaut\/#primaryimage"},"thumbnailUrl":"https:\/\/news.save.ch\/wp-content\/uploads\/2021\/08\/Heliswiss_pixabay_teaser.jpg","datePublished":"2021-08-04T06:45:28+00:00","dateModified":"2023-07-15T16:16:37+00:00","description":"La \"Rete di volo a bassa quota\", utilizzata in precedenza dalla Guardia aerea svizzera di soccorso Rega e dalle Forze aeree svizzere, viene continuamente ampliata. In futuro sar\u00e0 disponibile anche per altre compagnie di soccorso aereo e forze di polizia.","breadcrumb":{"@id":"https:\/\/news.save.ch\/nationales-flugrouten-netz-fuer-helikopter-wird-ausgebaut\/#breadcrumb"},"inLanguage":"it-IT","potentialAction":[{"@type":"ReadAction","target":["https:\/\/news.save.ch\/nationales-flugrouten-netz-fuer-helikopter-wird-ausgebaut\/"]}]},{"@type":"ImageObject","inLanguage":"it-IT","@id":"https:\/\/news.save.ch\/nationales-flugrouten-netz-fuer-helikopter-wird-ausgebaut\/#primaryimage","url":"https:\/\/news.save.ch\/wp-content\/uploads\/2021\/08\/Heliswiss_pixabay_teaser.jpg","contentUrl":"https:\/\/news.save.ch\/wp-content\/uploads\/2021\/08\/Heliswiss_pixabay_teaser.jpg","width":960,"height":640,"caption":"Pixabay"},{"@type":"BreadcrumbList","@id":"https:\/\/news.save.ch\/nationales-flugrouten-netz-fuer-helikopter-wird-ausgebaut\/#breadcrumb","itemListElement":[{"@type":"ListItem","position":1,"name":"Home","item":"https:\/\/news.save.ch\/de\/"},{"@type":"ListItem","position":2,"name":"Nationales Flugrouten-Netz f\u00fcr Helikopter wird ausgebaut"}]},{"@type":"WebSite","@id":"https:\/\/news.save.ch\/de\/#website","url":"https:\/\/news.save.ch\/de\/","name":"Risparmiare","description":"Rivista svizzera specializzata in sicurezza","publisher":{"@id":"https:\/\/news.save.ch\/de\/#organization"},"potentialAction":[{"@type":"SearchAction","target":{"@type":"EntryPoint","urlTemplate":"https:\/\/news.save.ch\/de\/?s={search_term_string}"},"query-input":{"@type":"PropertyValueSpecification","valueRequired":true,"valueName":"search_term_string"}}],"inLanguage":"it-IT"},{"@type":"Organization","@id":"https:\/\/news.save.ch\/de\/#organization","name":"Forum sulla sicurezza","url":"https:\/\/news.save.ch\/de\/","logo":{"@type":"ImageObject","inLanguage":"it-IT","@id":"https:\/\/news.save.ch\/de\/#\/schema\/logo\/image\/","url":"https:\/\/news.save.ch\/wp-content\/uploads\/2022\/06\/Logo_SF_2012.png","contentUrl":"https:\/\/news.save.ch\/wp-content\/uploads\/2022\/06\/Logo_SF_2012.png","width":1100,"height":91,"caption":"Sicherheitsforum"},"image":{"@id":"https:\/\/news.save.ch\/de\/#\/schema\/logo\/image\/"}},{"@type":"Person","@id":"https:\/\/news.save.ch\/de\/#\/schema\/person\/ad4ef21102fd6125312409ac57d5296d","name":"Simon Gr\u00f6flin","image":{"@type":"ImageObject","inLanguage":"it-IT","@id":"https:\/\/secure.gravatar.com\/avatar\/6ddceb80eb734354635539e0ea5140bb7c41e42de7c45c9a2ab9921b5d5c9a83?s=96&d=mm&r=g","url":"https:\/\/secure.gravatar.com\/avatar\/6ddceb80eb734354635539e0ea5140bb7c41e42de7c45c9a2ab9921b5d5c9a83?s=96&d=mm&r=g","contentUrl":"https:\/\/secure.gravatar.com\/avatar\/6ddceb80eb734354635539e0ea5140bb7c41e42de7c45c9a2ab9921b5d5c9a83?s=96&d=mm&r=g","caption":"Simon Gr\u00f6flin"},"url":"https:\/\/news.save.ch\/it\/author\/simon-groeflin\/"}]}},"_links":{"self":[{"href":"https:\/\/news.save.ch\/it\/wp-json\/wp\/v2\/posts\/12436","targetHints":{"allow":["GET"]}}],"collection":[{"href":"https:\/\/news.save.ch\/it\/wp-json\/wp\/v2\/posts"}],"about":[{"href":"https:\/\/news.save.ch\/it\/wp-json\/wp\/v2\/types\/post"}],"author":[{"embeddable":true,"href":"https:\/\/news.save.ch\/it\/wp-json\/wp\/v2\/users\/9"}],"replies":[{"embeddable":true,"href":"https:\/\/news.save.ch\/it\/wp-json\/wp\/v2\/comments?post=12436"}],"version-history":[{"count":1,"href":"https:\/\/news.save.ch\/it\/wp-json\/wp\/v2\/posts\/12436\/revisions"}],"predecessor-version":[{"id":20928,"href":"https:\/\/news.save.ch\/it\/wp-json\/wp\/v2\/posts\/12436\/revisions\/20928"}],"wp:featuredmedia":[{"embeddable":true,"href":"https:\/\/news.save.ch\/it\/wp-json\/wp\/v2\/media\/12439"}],"wp:attachment":[{"href":"https:\/\/news.save.ch\/it\/wp-json\/wp\/v2\/media?parent=12436"}],"wp:term":[{"taxonomy":"category","embeddable":true,"href":"https:\/\/news.save.ch\/it\/wp-json\/wp\/v2\/categories?post=12436"},{"taxonomy":"post_tag","embeddable":true,"href":"https:\/\/news.save.ch\/it\/wp-json\/wp\/v2\/tags?post=12436"}],"curies":[{"name":"wp","href":"https:\/\/api.w.org\/{rel}","templated":true}]}}