{"id":126,"date":"2015-04-18T13:13:54","date_gmt":"2015-04-18T11:13:54","guid":{"rendered":"https:\/\/dev.sicherheitsforum.ch\/?p=126"},"modified":"2015-04-18T13:13:54","modified_gmt":"2015-04-18T11:13:54","slug":"baselbieter-setzen-vermehrt-auf-private-sicherheitsfirmen","status":null,"type":"post","link":"https:\/\/news.save.ch\/it\/baselbieter-setzen-vermehrt-auf-private-sicherheitsfirmen\/","title":{"rendered":"Le autorit\u00e0 cantonali di Basilea si affidano sempre pi\u00f9 a societ\u00e0 di sicurezza private"},"content":{"rendered":"<figure id=\"attachment_127\" aria-describedby=\"caption-attachment-127\" style=\"width: 680px\" class=\"wp-caption alignnone\"><img loading=\"lazy\" decoding=\"async\" class=\"size-medium wp-image-127\" src=\"https:\/\/sicherheitsforum.ch\/wp-content\/uploads\/2016\/12\/Baselbieter-setzen-vermehrt-auf-private-Sicherheitsfirmen__sicherheitsforum.jpg\" alt=\"In Baselland si ricorre sempre pi\u00f9 spesso a societ\u00e0 di sicurezza private.\" width=\"680\" height=\"997\" \/><figcaption id=\"caption-attachment-127\" class=\"wp-caption-text\">In Baselland si ricorre sempre pi\u00f9 spesso a societ\u00e0 di sicurezza private.<\/figcaption><\/figure>\n<p>Nel settore della polizia si sta diffondendo un'ondata di privatizzazioni. In base alla nuova legge sulla polizia del Cantone di Basilea Campagna, pi\u00f9 di 80 comuni dovevano decidere entro la fine di febbraio chi avrebbe dovuto garantire la pace e l'ordine sul loro territorio in futuro. La nuova legge prevede una rigida separazione tra i servizi di polizia comunale e cantonale. In concreto, questo significa: i comuni organizzano (e pagano) da soli il lavoro di 24 ore o ricevono anche un sostegno cantonale? Il comune deve saldare qualsiasi accordo di servizio con la polizia cantonale con una somma forfettaria, calcolata in base al numero di abitanti.<\/p>\n<p>Oggi \u00e8 evidente che sia i comuni pi\u00f9 grandi che quelli pi\u00f9 piccoli di Basilea Campagna stanno esternalizzando alcuni dei loro compiti di polizia a societ\u00e0 di sicurezza private. Il motivo: il risparmio \u00e8 all'ordine del giorno. Questo \u00e8 anche il caso di M\u00fcnchenstein, un comune con circa 12.000 abitanti e 8.000 posti di lavoro, che \u00e8 anche un'importante sede occupazionale e commerciale della regione. Il presidente della municipalit\u00e0 ha dichiarato alla televisione svizzera che, ricorrendo a societ\u00e0 di sicurezza private, risparmia tra i 5.000 e i 10.000 franchi svizzeri all'anno.<\/p>\n<p>Come altrove, la polizia municipale di M\u00fcnchenstein non \u00e8 in grado di offrire un servizio 24 ore su 24. Per questo motivo, in passato, i servizi aggiuntivi sono stati assunti dalla polizia cantonale. Ma questo costa, soprattutto perch\u00e9 il Cantone sta lavorando con un nuovo modello di finanziamento che, secondo M\u00fcnchenstein, comporta ingenti spese aggiuntive. Per questo motivo, dalla fine di marzo il comune ha fatto a meno del servizio della polizia cantonale.<\/p>\n<p>Se il telefono squilla alla stazione di polizia di M\u00fcnchenstein, il cittadino pu\u00f2 essere automaticamente inoltrato a una societ\u00e0 di sicurezza convenzionata. Per il momento, ci\u00f2 avverr\u00e0 in via sperimentale fino alla fine di marzo 2016. Poi i cittadini di M\u00fcnchenstein faranno un bilancio e valuteranno se la \"privatizzazione parziale\" della polizia ha avuto successo. <em>(rs)<\/em><\/p>\n<p><em>(Modificato il 23.4.2015)<\/em><\/p>","protected":false},"excerpt":{"rendered":"<p>Im Polizeiwesen macht sich eine Privatisierungswelle breit. Gest\u00fctzt auf das neue Polizeigesetz des Kantons Basel-Landschaft mussten dort \u00fcber 80 Gemeinden bis Ende Februar entscheiden, wer in Zukunft auf ihrem Territorium f\u00fcr Ruhe und Ordnung sorgen soll. Das neue Gesetz sieht eine strikte Trennung zwischen den kommunalen und den kantonalen Polizeidiensten vor. Konkret bedeutet das: Organisieren [&hellip;]<\/p>\n","protected":false},"author":1,"featured_media":127,"comment_status":"open","ping_status":"open","sticky":false,"template":"","format":"standard","meta":{"_acf_changed":false,"pgc_sgb_lightbox_settings":"","footnotes":""},"categories":[1],"tags":[69,102,103,104],"class_list":["post-126","post","type-post","status-publish","format-standard","has-post-thumbnail","hentry","category-allgemein","tag-justiz-polizei","tag-polizeigesetz-kanton-basel-land","tag-private-sicherheitsfirma","tag-ruhe-und-ordnung"],"acf":[],"hkrextid":null,"publication":null,"issue":null,"workflow":null,"startPage":null,"spitzmarke":null,"_posts_by_tag_page_fields":{"widget_title":"","widget_tags":""},"_at_widget":"1","_yoast_wpseo_primary_category":"1","_yoast_wpseo_focuskw_text_input":"private Sicherheitsfirma","_yoast_wpseo_opengraph-image":"https:\/\/sicherheitsforum.ch\/wp-content\/uploads\/2016\/12\/Baselbieter-setzen-vermehrt-auf-private-Sicherheitsfirmen__sicherheitsforum.jpg","_yoast_wpseo_opengraph-description":"In Baselland weichen verschiedene Gemeinden auf private Sicherheitsfirmen aus, um f\u00fcr Ruhe und Ordnung zu sorgen.","_yoast_wpseo_opengraph-title":"Baselbieter setzen vermehrt auf private Sicherheitsfirmen","enclosure":null,"_yoast_wpseo_twitter-title":null,"_yoast_wpseo_twitter-description":null,"_yoast_wpseo_twitter-image":null,"_wp_old_slug":null,"_yoast_wpseo_title":null,"_yoast_wpseo_canonical":null,"yoast_head":"<!-- This site is optimized with the Yoast SEO plugin v27.4 - https:\/\/yoast.com\/product\/yoast-seo-wordpress\/ -->\n<title>Baselbieter setzen vermehrt auf private Sicherheitsfirmen - Save<\/title>\n<meta name=\"description\" content=\"In Baselland weichen verschiedene Gemeinden auf private Sicherheitsfirmen aus, um f\u00fcr Ruhe und Ordnung zu sorgen.\" \/>\n<meta name=\"robots\" content=\"index, follow, max-snippet:-1, max-image-preview:large, max-video-preview:-1\" \/>\n<link rel=\"canonical\" href=\"https:\/\/news.save.ch\/it\/baselbieter-setzen-vermehrt-auf-private-sicherheitsfirmen\/\" \/>\n<meta property=\"og:locale\" content=\"it_IT\" \/>\n<meta property=\"og:type\" content=\"article\" \/>\n<meta property=\"og:title\" content=\"Baselbieter setzen vermehrt auf private Sicherheitsfirmen\" \/>\n<meta property=\"og:description\" content=\"In Baselland weichen verschiedene Gemeinden auf private Sicherheitsfirmen aus, um f\u00fcr Ruhe und Ordnung zu sorgen.\" \/>\n<meta property=\"og:url\" content=\"https:\/\/news.save.ch\/it\/baselbieter-setzen-vermehrt-auf-private-sicherheitsfirmen\/\" \/>\n<meta property=\"og:site_name\" content=\"Save\" \/>\n<meta property=\"article:published_time\" content=\"2015-04-18T11:13:54+00:00\" \/>\n<meta property=\"og:image\" content=\"https:\/\/sicherheitsforum.ch\/wp-content\/uploads\/2016\/12\/Baselbieter-setzen-vermehrt-auf-private-Sicherheitsfirmen__sicherheitsforum.jpg\" \/>\n<meta name=\"author\" content=\"admin\" \/>\n<meta name=\"twitter:card\" content=\"summary_large_image\" \/>\n<meta name=\"twitter:label1\" content=\"Scritto da\" \/>\n\t<meta name=\"twitter:data1\" content=\"admin\" \/>\n\t<meta name=\"twitter:label2\" content=\"Tempo di lettura stimato\" \/>\n\t<meta name=\"twitter:data2\" content=\"1 minuto\" \/>\n<script type=\"application\/ld+json\" class=\"yoast-schema-graph\">{\"@context\":\"https:\\\/\\\/schema.org\",\"@graph\":[{\"@type\":\"Article\",\"@id\":\"https:\\\/\\\/news.save.ch\\\/baselbieter-setzen-vermehrt-auf-private-sicherheitsfirmen\\\/#article\",\"isPartOf\":{\"@id\":\"https:\\\/\\\/news.save.ch\\\/baselbieter-setzen-vermehrt-auf-private-sicherheitsfirmen\\\/\"},\"author\":{\"name\":\"admin\",\"@id\":\"https:\\\/\\\/news.save.ch\\\/de\\\/#\\\/schema\\\/person\\\/d49e199490bad7c70d64b9ab51142f2b\"},\"headline\":\"Baselbieter setzen vermehrt auf private Sicherheitsfirmen\",\"datePublished\":\"2015-04-18T11:13:54+00:00\",\"mainEntityOfPage\":{\"@id\":\"https:\\\/\\\/news.save.ch\\\/baselbieter-setzen-vermehrt-auf-private-sicherheitsfirmen\\\/\"},\"wordCount\":294,\"commentCount\":0,\"publisher\":{\"@id\":\"https:\\\/\\\/news.save.ch\\\/de\\\/#organization\"},\"image\":{\"@id\":\"https:\\\/\\\/news.save.ch\\\/baselbieter-setzen-vermehrt-auf-private-sicherheitsfirmen\\\/#primaryimage\"},\"thumbnailUrl\":\"https:\\\/\\\/news.save.ch\\\/wp-content\\\/uploads\\\/2016\\\/12\\\/Baselbieter-setzen-vermehrt-auf-private-Sicherheitsfirmen__sicherheitsforum-scaled.jpg\",\"keywords\":[\"Justiz &amp; Polizei\",\"Polizeigesetz Kanton Basel-Land\",\"Private Sicherheitsfirma\",\"Ruhe und Ordnung\"],\"articleSection\":[\"ALLGEMEIN\"],\"inLanguage\":\"it-IT\"},{\"@type\":\"WebPage\",\"@id\":\"https:\\\/\\\/news.save.ch\\\/baselbieter-setzen-vermehrt-auf-private-sicherheitsfirmen\\\/\",\"url\":\"https:\\\/\\\/news.save.ch\\\/baselbieter-setzen-vermehrt-auf-private-sicherheitsfirmen\\\/\",\"name\":\"Baselbieter setzen vermehrt auf private Sicherheitsfirmen - Save\",\"isPartOf\":{\"@id\":\"https:\\\/\\\/news.save.ch\\\/de\\\/#website\"},\"primaryImageOfPage\":{\"@id\":\"https:\\\/\\\/news.save.ch\\\/baselbieter-setzen-vermehrt-auf-private-sicherheitsfirmen\\\/#primaryimage\"},\"image\":{\"@id\":\"https:\\\/\\\/news.save.ch\\\/baselbieter-setzen-vermehrt-auf-private-sicherheitsfirmen\\\/#primaryimage\"},\"thumbnailUrl\":\"https:\\\/\\\/news.save.ch\\\/wp-content\\\/uploads\\\/2016\\\/12\\\/Baselbieter-setzen-vermehrt-auf-private-Sicherheitsfirmen__sicherheitsforum-scaled.jpg\",\"datePublished\":\"2015-04-18T11:13:54+00:00\",\"description\":\"In Baselland weichen verschiedene Gemeinden auf private Sicherheitsfirmen aus, um f\u00fcr Ruhe und Ordnung zu sorgen.\",\"breadcrumb\":{\"@id\":\"https:\\\/\\\/news.save.ch\\\/baselbieter-setzen-vermehrt-auf-private-sicherheitsfirmen\\\/#breadcrumb\"},\"inLanguage\":\"it-IT\",\"potentialAction\":[{\"@type\":\"ReadAction\",\"target\":[\"https:\\\/\\\/news.save.ch\\\/baselbieter-setzen-vermehrt-auf-private-sicherheitsfirmen\\\/\"]}]},{\"@type\":\"ImageObject\",\"inLanguage\":\"it-IT\",\"@id\":\"https:\\\/\\\/news.save.ch\\\/baselbieter-setzen-vermehrt-auf-private-sicherheitsfirmen\\\/#primaryimage\",\"url\":\"https:\\\/\\\/news.save.ch\\\/wp-content\\\/uploads\\\/2016\\\/12\\\/Baselbieter-setzen-vermehrt-auf-private-Sicherheitsfirmen__sicherheitsforum-scaled.jpg\",\"contentUrl\":\"https:\\\/\\\/news.save.ch\\\/wp-content\\\/uploads\\\/2016\\\/12\\\/Baselbieter-setzen-vermehrt-auf-private-Sicherheitsfirmen__sicherheitsforum-scaled.jpg\",\"width\":955,\"height\":1400,\"caption\":\"In Baselland kommen vermehrt private Sicherheitsfirmen zum Einsatz.\"},{\"@type\":\"BreadcrumbList\",\"@id\":\"https:\\\/\\\/news.save.ch\\\/baselbieter-setzen-vermehrt-auf-private-sicherheitsfirmen\\\/#breadcrumb\",\"itemListElement\":[{\"@type\":\"ListItem\",\"position\":1,\"name\":\"Home\",\"item\":\"https:\\\/\\\/news.save.ch\\\/de\\\/\"},{\"@type\":\"ListItem\",\"position\":2,\"name\":\"Baselbieter setzen vermehrt auf private Sicherheitsfirmen\"}]},{\"@type\":\"WebSite\",\"@id\":\"https:\\\/\\\/news.save.ch\\\/de\\\/#website\",\"url\":\"https:\\\/\\\/news.save.ch\\\/de\\\/\",\"name\":\"Save\",\"description\":\"Schweizer Fachzeitschrift f\u00fcr Sicherheit\",\"publisher\":{\"@id\":\"https:\\\/\\\/news.save.ch\\\/de\\\/#organization\"},\"potentialAction\":[{\"@type\":\"SearchAction\",\"target\":{\"@type\":\"EntryPoint\",\"urlTemplate\":\"https:\\\/\\\/news.save.ch\\\/de\\\/?s={search_term_string}\"},\"query-input\":{\"@type\":\"PropertyValueSpecification\",\"valueRequired\":true,\"valueName\":\"search_term_string\"}}],\"inLanguage\":\"it-IT\"},{\"@type\":\"Organization\",\"@id\":\"https:\\\/\\\/news.save.ch\\\/de\\\/#organization\",\"name\":\"Sicherheitsforum\",\"url\":\"https:\\\/\\\/news.save.ch\\\/de\\\/\",\"logo\":{\"@type\":\"ImageObject\",\"inLanguage\":\"it-IT\",\"@id\":\"https:\\\/\\\/news.save.ch\\\/de\\\/#\\\/schema\\\/logo\\\/image\\\/\",\"url\":\"https:\\\/\\\/news.save.ch\\\/wp-content\\\/uploads\\\/2022\\\/06\\\/Logo_SF_2012.png\",\"contentUrl\":\"https:\\\/\\\/news.save.ch\\\/wp-content\\\/uploads\\\/2022\\\/06\\\/Logo_SF_2012.png\",\"width\":1100,\"height\":91,\"caption\":\"Sicherheitsforum\"},\"image\":{\"@id\":\"https:\\\/\\\/news.save.ch\\\/de\\\/#\\\/schema\\\/logo\\\/image\\\/\"}},{\"@type\":\"Person\",\"@id\":\"https:\\\/\\\/news.save.ch\\\/de\\\/#\\\/schema\\\/person\\\/d49e199490bad7c70d64b9ab51142f2b\",\"name\":\"admin\",\"image\":{\"@type\":\"ImageObject\",\"inLanguage\":\"it-IT\",\"@id\":\"https:\\\/\\\/secure.gravatar.com\\\/avatar\\\/ae2f4d718e6c49043e314ce431e7e645d646302a24a5ef5a8bc8e3f5a032e319?s=96&d=mm&r=g\",\"url\":\"https:\\\/\\\/secure.gravatar.com\\\/avatar\\\/ae2f4d718e6c49043e314ce431e7e645d646302a24a5ef5a8bc8e3f5a032e319?s=96&d=mm&r=g\",\"contentUrl\":\"https:\\\/\\\/secure.gravatar.com\\\/avatar\\\/ae2f4d718e6c49043e314ce431e7e645d646302a24a5ef5a8bc8e3f5a032e319?s=96&d=mm&r=g\",\"caption\":\"admin\"},\"sameAs\":[\"https:\\\/\\\/develop.organisator.galledia.ch\"],\"url\":\"https:\\\/\\\/news.save.ch\\\/it\\\/author\\\/admin\\\/\"}]}<\/script>\n<!-- \/ Yoast SEO plugin. -->","yoast_head_json":{"title":"Le autorit\u00e0 cantonali di Basilea si affidano sempre pi\u00f9 a societ\u00e0 di sicurezza private - Save","description":"In Baselland, diversi comuni si rivolgono a societ\u00e0 di sicurezza private per garantire la pace e l'ordine.","robots":{"index":"index","follow":"follow","max-snippet":"max-snippet:-1","max-image-preview":"max-image-preview:large","max-video-preview":"max-video-preview:-1"},"canonical":"https:\/\/news.save.ch\/it\/baselbieter-setzen-vermehrt-auf-private-sicherheitsfirmen\/","og_locale":"it_IT","og_type":"article","og_title":"Baselbieter setzen vermehrt auf private Sicherheitsfirmen","og_description":"In Baselland weichen verschiedene Gemeinden auf private Sicherheitsfirmen aus, um f\u00fcr Ruhe und Ordnung zu sorgen.","og_url":"https:\/\/news.save.ch\/it\/baselbieter-setzen-vermehrt-auf-private-sicherheitsfirmen\/","og_site_name":"Save","article_published_time":"2015-04-18T11:13:54+00:00","og_image":[{"url":"https:\/\/sicherheitsforum.ch\/wp-content\/uploads\/2016\/12\/Baselbieter-setzen-vermehrt-auf-private-Sicherheitsfirmen__sicherheitsforum.jpg","type":"","width":"","height":""}],"author":"admin","twitter_card":"summary_large_image","twitter_misc":{"Scritto da":"admin","Tempo di lettura stimato":"1 minuto"},"schema":{"@context":"https:\/\/schema.org","@graph":[{"@type":"Article","@id":"https:\/\/news.save.ch\/baselbieter-setzen-vermehrt-auf-private-sicherheitsfirmen\/#article","isPartOf":{"@id":"https:\/\/news.save.ch\/baselbieter-setzen-vermehrt-auf-private-sicherheitsfirmen\/"},"author":{"name":"admin","@id":"https:\/\/news.save.ch\/de\/#\/schema\/person\/d49e199490bad7c70d64b9ab51142f2b"},"headline":"Baselbieter setzen vermehrt auf private Sicherheitsfirmen","datePublished":"2015-04-18T11:13:54+00:00","mainEntityOfPage":{"@id":"https:\/\/news.save.ch\/baselbieter-setzen-vermehrt-auf-private-sicherheitsfirmen\/"},"wordCount":294,"commentCount":0,"publisher":{"@id":"https:\/\/news.save.ch\/de\/#organization"},"image":{"@id":"https:\/\/news.save.ch\/baselbieter-setzen-vermehrt-auf-private-sicherheitsfirmen\/#primaryimage"},"thumbnailUrl":"https:\/\/news.save.ch\/wp-content\/uploads\/2016\/12\/Baselbieter-setzen-vermehrt-auf-private-Sicherheitsfirmen__sicherheitsforum-scaled.jpg","keywords":["Justiz &amp; Polizei","Polizeigesetz Kanton Basel-Land","Private Sicherheitsfirma","Ruhe und Ordnung"],"articleSection":["ALLGEMEIN"],"inLanguage":"it-IT"},{"@type":"WebPage","@id":"https:\/\/news.save.ch\/baselbieter-setzen-vermehrt-auf-private-sicherheitsfirmen\/","url":"https:\/\/news.save.ch\/baselbieter-setzen-vermehrt-auf-private-sicherheitsfirmen\/","name":"Le autorit\u00e0 cantonali di Basilea si affidano sempre pi\u00f9 a societ\u00e0 di sicurezza private - Save","isPartOf":{"@id":"https:\/\/news.save.ch\/de\/#website"},"primaryImageOfPage":{"@id":"https:\/\/news.save.ch\/baselbieter-setzen-vermehrt-auf-private-sicherheitsfirmen\/#primaryimage"},"image":{"@id":"https:\/\/news.save.ch\/baselbieter-setzen-vermehrt-auf-private-sicherheitsfirmen\/#primaryimage"},"thumbnailUrl":"https:\/\/news.save.ch\/wp-content\/uploads\/2016\/12\/Baselbieter-setzen-vermehrt-auf-private-Sicherheitsfirmen__sicherheitsforum-scaled.jpg","datePublished":"2015-04-18T11:13:54+00:00","description":"In Baselland, diversi comuni si rivolgono a societ\u00e0 di sicurezza private per garantire la pace e l'ordine.","breadcrumb":{"@id":"https:\/\/news.save.ch\/baselbieter-setzen-vermehrt-auf-private-sicherheitsfirmen\/#breadcrumb"},"inLanguage":"it-IT","potentialAction":[{"@type":"ReadAction","target":["https:\/\/news.save.ch\/baselbieter-setzen-vermehrt-auf-private-sicherheitsfirmen\/"]}]},{"@type":"ImageObject","inLanguage":"it-IT","@id":"https:\/\/news.save.ch\/baselbieter-setzen-vermehrt-auf-private-sicherheitsfirmen\/#primaryimage","url":"https:\/\/news.save.ch\/wp-content\/uploads\/2016\/12\/Baselbieter-setzen-vermehrt-auf-private-Sicherheitsfirmen__sicherheitsforum-scaled.jpg","contentUrl":"https:\/\/news.save.ch\/wp-content\/uploads\/2016\/12\/Baselbieter-setzen-vermehrt-auf-private-Sicherheitsfirmen__sicherheitsforum-scaled.jpg","width":955,"height":1400,"caption":"In Baselland kommen vermehrt private Sicherheitsfirmen zum Einsatz."},{"@type":"BreadcrumbList","@id":"https:\/\/news.save.ch\/baselbieter-setzen-vermehrt-auf-private-sicherheitsfirmen\/#breadcrumb","itemListElement":[{"@type":"ListItem","position":1,"name":"Home","item":"https:\/\/news.save.ch\/de\/"},{"@type":"ListItem","position":2,"name":"Baselbieter setzen vermehrt auf private Sicherheitsfirmen"}]},{"@type":"WebSite","@id":"https:\/\/news.save.ch\/de\/#website","url":"https:\/\/news.save.ch\/de\/","name":"Risparmiare","description":"Rivista svizzera specializzata in sicurezza","publisher":{"@id":"https:\/\/news.save.ch\/de\/#organization"},"potentialAction":[{"@type":"SearchAction","target":{"@type":"EntryPoint","urlTemplate":"https:\/\/news.save.ch\/de\/?s={search_term_string}"},"query-input":{"@type":"PropertyValueSpecification","valueRequired":true,"valueName":"search_term_string"}}],"inLanguage":"it-IT"},{"@type":"Organization","@id":"https:\/\/news.save.ch\/de\/#organization","name":"Forum sulla sicurezza","url":"https:\/\/news.save.ch\/de\/","logo":{"@type":"ImageObject","inLanguage":"it-IT","@id":"https:\/\/news.save.ch\/de\/#\/schema\/logo\/image\/","url":"https:\/\/news.save.ch\/wp-content\/uploads\/2022\/06\/Logo_SF_2012.png","contentUrl":"https:\/\/news.save.ch\/wp-content\/uploads\/2022\/06\/Logo_SF_2012.png","width":1100,"height":91,"caption":"Sicherheitsforum"},"image":{"@id":"https:\/\/news.save.ch\/de\/#\/schema\/logo\/image\/"}},{"@type":"Person","@id":"https:\/\/news.save.ch\/de\/#\/schema\/person\/d49e199490bad7c70d64b9ab51142f2b","name":"amministratore","image":{"@type":"ImageObject","inLanguage":"it-IT","@id":"https:\/\/secure.gravatar.com\/avatar\/ae2f4d718e6c49043e314ce431e7e645d646302a24a5ef5a8bc8e3f5a032e319?s=96&d=mm&r=g","url":"https:\/\/secure.gravatar.com\/avatar\/ae2f4d718e6c49043e314ce431e7e645d646302a24a5ef5a8bc8e3f5a032e319?s=96&d=mm&r=g","contentUrl":"https:\/\/secure.gravatar.com\/avatar\/ae2f4d718e6c49043e314ce431e7e645d646302a24a5ef5a8bc8e3f5a032e319?s=96&d=mm&r=g","caption":"admin"},"sameAs":["https:\/\/develop.organisator.galledia.ch"],"url":"https:\/\/news.save.ch\/it\/author\/admin\/"}]}},"_links":{"self":[{"href":"https:\/\/news.save.ch\/it\/wp-json\/wp\/v2\/posts\/126","targetHints":{"allow":["GET"]}}],"collection":[{"href":"https:\/\/news.save.ch\/it\/wp-json\/wp\/v2\/posts"}],"about":[{"href":"https:\/\/news.save.ch\/it\/wp-json\/wp\/v2\/types\/post"}],"author":[{"embeddable":true,"href":"https:\/\/news.save.ch\/it\/wp-json\/wp\/v2\/users\/1"}],"replies":[{"embeddable":true,"href":"https:\/\/news.save.ch\/it\/wp-json\/wp\/v2\/comments?post=126"}],"version-history":[{"count":0,"href":"https:\/\/news.save.ch\/it\/wp-json\/wp\/v2\/posts\/126\/revisions"}],"wp:featuredmedia":[{"embeddable":true,"href":"https:\/\/news.save.ch\/it\/wp-json\/wp\/v2\/media\/127"}],"wp:attachment":[{"href":"https:\/\/news.save.ch\/it\/wp-json\/wp\/v2\/media?parent=126"}],"wp:term":[{"taxonomy":"category","embeddable":true,"href":"https:\/\/news.save.ch\/it\/wp-json\/wp\/v2\/categories?post=126"},{"taxonomy":"post_tag","embeddable":true,"href":"https:\/\/news.save.ch\/it\/wp-json\/wp\/v2\/tags?post=126"}],"curies":[{"name":"wp","href":"https:\/\/api.w.org\/{rel}","templated":true}]}}