{"id":12864,"date":"2021-10-29T10:52:12","date_gmt":"2021-10-29T08:52:12","guid":{"rendered":"https:\/\/news.save.ch\/?p=12864"},"modified":"2023-07-13T13:05:40","modified_gmt":"2023-07-13T11:05:40","slug":"schweizer-kriegsdenkmaeler-auf-swisstopo","status":null,"type":"post","link":"https:\/\/news.save.ch\/it\/schweizer-kriegsdenkmaeler-auf-swisstopo\/","title":{"rendered":"Monumenti ai caduti svizzeri su Swisstopo"},"content":{"rendered":"<figure id=\"attachment_12866\" aria-describedby=\"caption-attachment-12866\" style=\"width: 546px\" class=\"wp-caption alignnone\"><img loading=\"lazy\" decoding=\"async\" class=\"wp-image-12866 size-full\" src=\"https:\/\/news.save.ch\/wp-content\/uploads\/2021\/10\/Swisstopo_teaser.png\" alt=\"Esercito svizzero\" width=\"546\" height=\"343\" srcset=\"https:\/\/news.save.ch\/wp-content\/uploads\/2021\/10\/Swisstopo_teaser.png 546w, https:\/\/news.save.ch\/wp-content\/uploads\/2021\/10\/Swisstopo_teaser-375x236.png 375w\" sizes=\"auto, (max-width: 546px) 100vw, 546px\" \/><figcaption id=\"caption-attachment-12866\" class=\"wp-caption-text\">Immagine: Screenshot\/Swisstopo<\/figcaption><\/figure>\n<p>In molti luoghi della Svizzera si trovano numerose sculture, obelischi e targhe commemorative che ricordano le battaglie all'epoca dell'Antica Confederazione, le guerre europee o la presenza dell'esercito. Solo alcuni di essi sono noti, come il Monumento di Forch a K\u00fcsnacht o il Monumento del Leone a Lucerna. La maggior parte dei cartelli commemorativi, tuttavia, si trova in modo poco visibile ai bordi delle strade o appesa ai muri delle case.<\/p>\n<p>Un inventario raccoglie ora per la prima volta questi monumenti e d\u00e0 loro visibilit\u00e0 in una visione d'insieme. I monumenti che si riferiscono a battaglie della vecchia Confederazione svizzera o a servizi attivi delle forze armate sono stati presentati e classificati. Ma sono elencati anche i monumenti in memoria di unit\u00e0 militari, personaggi della storia militare o incidenti dell'esercito. Quasi 300 monumenti ricordano la presenza di truppe straniere in Svizzera.<\/p>\n<p>L'inventario \u00e8 <a href=\"https:\/\/www.vtg.admin.ch\/de\/die-schweizer-armee\/geschichte-der-schweizer-armee\/inventario.html\" target=\"_blank\" rel=\"noopener\">sul sito web dell'Esercito svizzero<\/a> pubblicato. I monumenti sono suddivisi in categorie e registrati fotograficamente. Una breve relazione contestualizza e spiega l'inventario. L'Ufficio federale di topografia <a href=\"https:\/\/bit.ly\/3nDoOyz\" target=\"_blank\" rel=\"noopener\">Swisstopo<\/a> ha anche trasferito i monumenti come strati nella mappa nazionale.<\/p>\n<p>L'inventario dei monumenti dell'esercito e dei monumenti di guerra \u00e8 collegato al sito dei monumenti ai defunti delle forze armate. Questo sar\u00e0 costruito nei prossimi anni presso il Centro di addestramento delle forze armate di Lucerna (AAL). In questo contesto, l'inventario diventer\u00e0 anche uno spazio virtuale di ricordo e ringraziamento per i membri delle forze armate che hanno prestato servizio per la sicurezza e la libert\u00e0 della Svizzera.<\/p>\n<p><em>Fonte: Consiglio federale<\/em><\/p>","protected":false},"excerpt":{"rendered":"<p>Vielerorts in der Schweiz finden sich zahlreiche Skulpturen, Obelisken und Gedenktafeln, die an Gefechte zur Zeit der Alten Eidgenossenschaft, an europ\u00e4ische Kriege oder die Pr\u00e4senz der Armee erinnern. Bekannt sind nur wenige davon, wie beispielsweise das Forchdenkmal in K\u00fcsnacht oder das L\u00f6wendenkmal in Luzern. Die meisten Erinnerungszeichen stehen aber unscheinbar an Wegr\u00e4ndern oder h\u00e4ngen an [&hellip;]<\/p>\n","protected":false},"author":9,"featured_media":12866,"comment_status":"closed","ping_status":"closed","sticky":false,"template":"","format":"standard","meta":{"_acf_changed":false,"pgc_sgb_lightbox_settings":"","footnotes":""},"categories":[1,67],"tags":[5176,1301,5177,5175,5178,1173,1346,310],"class_list":["post-12864","post","type-post","status-publish","format-standard","has-post-thumbnail","hentry","category-allgemein","category-brandschutz","tag-denkmaeler","tag-denkmalschutz","tag-erinnerungszeichen","tag-inventar","tag-kriegsgeschichte","tag-militaer","tag-schweizer-armee","tag-sicherheit"],"acf":[],"hkrextid":null,"publication":null,"issue":null,"workflow":null,"startPage":null,"spitzmarke":null,"_posts_by_tag_page_fields":{"widget_title":"","widget_tags":""},"_at_widget":"1","_yoast_wpseo_primary_category":"1","_yoast_wpseo_focuskw_text_input":null,"_yoast_wpseo_opengraph-image":null,"_yoast_wpseo_opengraph-description":null,"_yoast_wpseo_opengraph-title":null,"enclosure":null,"_yoast_wpseo_twitter-title":null,"_yoast_wpseo_twitter-description":null,"_yoast_wpseo_twitter-image":null,"_wp_old_slug":null,"_yoast_wpseo_title":null,"_yoast_wpseo_canonical":null,"yoast_head":"<!-- This site is optimized with the Yoast SEO plugin v27.5 - https:\/\/yoast.com\/product\/yoast-seo-wordpress\/ -->\n<title>Schweizer Kriegsdenkm\u00e4ler auf Swisstopo - Save<\/title>\n<meta name=\"description\" content=\"Die Schweizer Armee hat ein Inventar der in der Schweiz bestehenden Armee- und Kriegsdenkm\u00e4ler erstellt und online publiziert. Das Verzeichnis schafft in digitaler Form einen \u00dcberblick \u00fcber rund 900 Erinnerungszeichen.\u00a0\" \/>\n<meta name=\"robots\" content=\"index, follow, max-snippet:-1, max-image-preview:large, max-video-preview:-1\" \/>\n<link rel=\"canonical\" href=\"https:\/\/news.save.ch\/it\/schweizer-kriegsdenkmaeler-auf-swisstopo\/\" \/>\n<meta property=\"og:locale\" content=\"it_IT\" \/>\n<meta property=\"og:type\" content=\"article\" \/>\n<meta property=\"og:title\" content=\"Schweizer Kriegsdenkm\u00e4ler auf Swisstopo - Save\" \/>\n<meta property=\"og:description\" content=\"Die Schweizer Armee hat ein Inventar der in der Schweiz bestehenden Armee- und Kriegsdenkm\u00e4ler erstellt und online publiziert. Das Verzeichnis schafft in digitaler Form einen \u00dcberblick \u00fcber rund 900 Erinnerungszeichen.\u00a0\" \/>\n<meta property=\"og:url\" content=\"https:\/\/news.save.ch\/it\/schweizer-kriegsdenkmaeler-auf-swisstopo\/\" \/>\n<meta property=\"og:site_name\" content=\"Save\" \/>\n<meta property=\"article:published_time\" content=\"2021-10-29T08:52:12+00:00\" \/>\n<meta property=\"article:modified_time\" content=\"2023-07-13T11:05:40+00:00\" \/>\n<meta property=\"og:image\" content=\"https:\/\/news.save.ch\/wp-content\/uploads\/2021\/10\/Swisstopo_teaser.png\" \/>\n\t<meta property=\"og:image:width\" content=\"546\" \/>\n\t<meta property=\"og:image:height\" content=\"343\" \/>\n\t<meta property=\"og:image:type\" content=\"image\/png\" \/>\n<meta name=\"author\" content=\"Simon Gr\u00f6flin\" \/>\n<meta name=\"twitter:card\" content=\"summary_large_image\" \/>\n<meta name=\"twitter:label1\" content=\"Scritto da\" \/>\n\t<meta name=\"twitter:data1\" content=\"Simon Gr\u00f6flin\" \/>\n\t<meta name=\"twitter:label2\" content=\"Tempo di lettura stimato\" \/>\n\t<meta name=\"twitter:data2\" content=\"2 minuti\" \/>\n<script type=\"application\/ld+json\" class=\"yoast-schema-graph\">{\"@context\":\"https:\\\/\\\/schema.org\",\"@graph\":[{\"@type\":\"Article\",\"@id\":\"https:\\\/\\\/news.save.ch\\\/schweizer-kriegsdenkmaeler-auf-swisstopo\\\/#article\",\"isPartOf\":{\"@id\":\"https:\\\/\\\/news.save.ch\\\/schweizer-kriegsdenkmaeler-auf-swisstopo\\\/\"},\"author\":{\"name\":\"Simon Gr\u00f6flin\",\"@id\":\"https:\\\/\\\/news.save.ch\\\/de\\\/#\\\/schema\\\/person\\\/ad4ef21102fd6125312409ac57d5296d\"},\"headline\":\"Schweizer Kriegsdenkm\u00e4ler auf Swisstopo\",\"datePublished\":\"2021-10-29T08:52:12+00:00\",\"dateModified\":\"2023-07-13T11:05:40+00:00\",\"mainEntityOfPage\":{\"@id\":\"https:\\\/\\\/news.save.ch\\\/schweizer-kriegsdenkmaeler-auf-swisstopo\\\/\"},\"wordCount\":259,\"publisher\":{\"@id\":\"https:\\\/\\\/news.save.ch\\\/de\\\/#organization\"},\"image\":{\"@id\":\"https:\\\/\\\/news.save.ch\\\/schweizer-kriegsdenkmaeler-auf-swisstopo\\\/#primaryimage\"},\"thumbnailUrl\":\"https:\\\/\\\/news.save.ch\\\/wp-content\\\/uploads\\\/2021\\\/10\\\/Swisstopo_teaser.png\",\"keywords\":[\"Denkm\u00e4ler\",\"Denkmalschutz\",\"Erinnerungszeichen\",\"Inventar\",\"Kriegsgeschichte\",\"Milit\u00e4r\",\"Schweizer Armee\",\"Sicherheit\"],\"articleSection\":[\"ALLGEMEIN\",\"BRANDSCHUTZ\"],\"inLanguage\":\"it-IT\"},{\"@type\":\"WebPage\",\"@id\":\"https:\\\/\\\/news.save.ch\\\/schweizer-kriegsdenkmaeler-auf-swisstopo\\\/\",\"url\":\"https:\\\/\\\/news.save.ch\\\/schweizer-kriegsdenkmaeler-auf-swisstopo\\\/\",\"name\":\"Schweizer Kriegsdenkm\u00e4ler auf Swisstopo - Save\",\"isPartOf\":{\"@id\":\"https:\\\/\\\/news.save.ch\\\/de\\\/#website\"},\"primaryImageOfPage\":{\"@id\":\"https:\\\/\\\/news.save.ch\\\/schweizer-kriegsdenkmaeler-auf-swisstopo\\\/#primaryimage\"},\"image\":{\"@id\":\"https:\\\/\\\/news.save.ch\\\/schweizer-kriegsdenkmaeler-auf-swisstopo\\\/#primaryimage\"},\"thumbnailUrl\":\"https:\\\/\\\/news.save.ch\\\/wp-content\\\/uploads\\\/2021\\\/10\\\/Swisstopo_teaser.png\",\"datePublished\":\"2021-10-29T08:52:12+00:00\",\"dateModified\":\"2023-07-13T11:05:40+00:00\",\"description\":\"Die Schweizer Armee hat ein Inventar der in der Schweiz bestehenden Armee- und Kriegsdenkm\u00e4ler erstellt und online publiziert. Das Verzeichnis schafft in digitaler Form einen \u00dcberblick \u00fcber rund 900 Erinnerungszeichen.\u00a0\",\"breadcrumb\":{\"@id\":\"https:\\\/\\\/news.save.ch\\\/schweizer-kriegsdenkmaeler-auf-swisstopo\\\/#breadcrumb\"},\"inLanguage\":\"it-IT\",\"potentialAction\":[{\"@type\":\"ReadAction\",\"target\":[\"https:\\\/\\\/news.save.ch\\\/schweizer-kriegsdenkmaeler-auf-swisstopo\\\/\"]}]},{\"@type\":\"ImageObject\",\"inLanguage\":\"it-IT\",\"@id\":\"https:\\\/\\\/news.save.ch\\\/schweizer-kriegsdenkmaeler-auf-swisstopo\\\/#primaryimage\",\"url\":\"https:\\\/\\\/news.save.ch\\\/wp-content\\\/uploads\\\/2021\\\/10\\\/Swisstopo_teaser.png\",\"contentUrl\":\"https:\\\/\\\/news.save.ch\\\/wp-content\\\/uploads\\\/2021\\\/10\\\/Swisstopo_teaser.png\",\"width\":546,\"height\":343,\"caption\":\"Bild: Screenshot\\\/Swisstopo\"},{\"@type\":\"BreadcrumbList\",\"@id\":\"https:\\\/\\\/news.save.ch\\\/schweizer-kriegsdenkmaeler-auf-swisstopo\\\/#breadcrumb\",\"itemListElement\":[{\"@type\":\"ListItem\",\"position\":1,\"name\":\"Home\",\"item\":\"https:\\\/\\\/news.save.ch\\\/de\\\/\"},{\"@type\":\"ListItem\",\"position\":2,\"name\":\"Schweizer Kriegsdenkm\u00e4ler auf Swisstopo\"}]},{\"@type\":\"WebSite\",\"@id\":\"https:\\\/\\\/news.save.ch\\\/de\\\/#website\",\"url\":\"https:\\\/\\\/news.save.ch\\\/de\\\/\",\"name\":\"Save\",\"description\":\"Schweizer Fachzeitschrift f\u00fcr Sicherheit\",\"publisher\":{\"@id\":\"https:\\\/\\\/news.save.ch\\\/de\\\/#organization\"},\"potentialAction\":[{\"@type\":\"SearchAction\",\"target\":{\"@type\":\"EntryPoint\",\"urlTemplate\":\"https:\\\/\\\/news.save.ch\\\/de\\\/?s={search_term_string}\"},\"query-input\":{\"@type\":\"PropertyValueSpecification\",\"valueRequired\":true,\"valueName\":\"search_term_string\"}}],\"inLanguage\":\"it-IT\"},{\"@type\":\"Organization\",\"@id\":\"https:\\\/\\\/news.save.ch\\\/de\\\/#organization\",\"name\":\"Sicherheitsforum\",\"url\":\"https:\\\/\\\/news.save.ch\\\/de\\\/\",\"logo\":{\"@type\":\"ImageObject\",\"inLanguage\":\"it-IT\",\"@id\":\"https:\\\/\\\/news.save.ch\\\/de\\\/#\\\/schema\\\/logo\\\/image\\\/\",\"url\":\"https:\\\/\\\/news.save.ch\\\/wp-content\\\/uploads\\\/2022\\\/06\\\/Logo_SF_2012.png\",\"contentUrl\":\"https:\\\/\\\/news.save.ch\\\/wp-content\\\/uploads\\\/2022\\\/06\\\/Logo_SF_2012.png\",\"width\":1100,\"height\":91,\"caption\":\"Sicherheitsforum\"},\"image\":{\"@id\":\"https:\\\/\\\/news.save.ch\\\/de\\\/#\\\/schema\\\/logo\\\/image\\\/\"}},{\"@type\":\"Person\",\"@id\":\"https:\\\/\\\/news.save.ch\\\/de\\\/#\\\/schema\\\/person\\\/ad4ef21102fd6125312409ac57d5296d\",\"name\":\"Simon Gr\u00f6flin\",\"image\":{\"@type\":\"ImageObject\",\"inLanguage\":\"it-IT\",\"@id\":\"https:\\\/\\\/secure.gravatar.com\\\/avatar\\\/6ddceb80eb734354635539e0ea5140bb7c41e42de7c45c9a2ab9921b5d5c9a83?s=96&d=mm&r=g\",\"url\":\"https:\\\/\\\/secure.gravatar.com\\\/avatar\\\/6ddceb80eb734354635539e0ea5140bb7c41e42de7c45c9a2ab9921b5d5c9a83?s=96&d=mm&r=g\",\"contentUrl\":\"https:\\\/\\\/secure.gravatar.com\\\/avatar\\\/6ddceb80eb734354635539e0ea5140bb7c41e42de7c45c9a2ab9921b5d5c9a83?s=96&d=mm&r=g\",\"caption\":\"Simon Gr\u00f6flin\"},\"url\":\"https:\\\/\\\/news.save.ch\\\/it\\\/author\\\/simon-groeflin\\\/\"}]}<\/script>\n<!-- \/ Yoast SEO plugin. -->","yoast_head_json":{"title":"Monumenti ai caduti svizzeri su Swisstopo - Save","description":"L'Esercito svizzero ha redatto e pubblicato online un inventario dei memoriali dell'esercito e di guerra esistenti in Svizzera. L'inventario fornisce una panoramica di circa 900 monumenti commemorativi in formato digitale.\u00a0","robots":{"index":"index","follow":"follow","max-snippet":"max-snippet:-1","max-image-preview":"max-image-preview:large","max-video-preview":"max-video-preview:-1"},"canonical":"https:\/\/news.save.ch\/it\/schweizer-kriegsdenkmaeler-auf-swisstopo\/","og_locale":"it_IT","og_type":"article","og_title":"Schweizer Kriegsdenkm\u00e4ler auf Swisstopo - Save","og_description":"Die Schweizer Armee hat ein Inventar der in der Schweiz bestehenden Armee- und Kriegsdenkm\u00e4ler erstellt und online publiziert. Das Verzeichnis schafft in digitaler Form einen \u00dcberblick \u00fcber rund 900 Erinnerungszeichen.\u00a0","og_url":"https:\/\/news.save.ch\/it\/schweizer-kriegsdenkmaeler-auf-swisstopo\/","og_site_name":"Save","article_published_time":"2021-10-29T08:52:12+00:00","article_modified_time":"2023-07-13T11:05:40+00:00","og_image":[{"width":546,"height":343,"url":"https:\/\/news.save.ch\/wp-content\/uploads\/2021\/10\/Swisstopo_teaser.png","type":"image\/png"}],"author":"Simon Gr\u00f6flin","twitter_card":"summary_large_image","twitter_misc":{"Scritto da":"Simon Gr\u00f6flin","Tempo di lettura stimato":"2 minuti"},"schema":{"@context":"https:\/\/schema.org","@graph":[{"@type":"Article","@id":"https:\/\/news.save.ch\/schweizer-kriegsdenkmaeler-auf-swisstopo\/#article","isPartOf":{"@id":"https:\/\/news.save.ch\/schweizer-kriegsdenkmaeler-auf-swisstopo\/"},"author":{"name":"Simon Gr\u00f6flin","@id":"https:\/\/news.save.ch\/de\/#\/schema\/person\/ad4ef21102fd6125312409ac57d5296d"},"headline":"Schweizer Kriegsdenkm\u00e4ler auf Swisstopo","datePublished":"2021-10-29T08:52:12+00:00","dateModified":"2023-07-13T11:05:40+00:00","mainEntityOfPage":{"@id":"https:\/\/news.save.ch\/schweizer-kriegsdenkmaeler-auf-swisstopo\/"},"wordCount":259,"publisher":{"@id":"https:\/\/news.save.ch\/de\/#organization"},"image":{"@id":"https:\/\/news.save.ch\/schweizer-kriegsdenkmaeler-auf-swisstopo\/#primaryimage"},"thumbnailUrl":"https:\/\/news.save.ch\/wp-content\/uploads\/2021\/10\/Swisstopo_teaser.png","keywords":["Denkm\u00e4ler","Denkmalschutz","Erinnerungszeichen","Inventar","Kriegsgeschichte","Milit\u00e4r","Schweizer Armee","Sicherheit"],"articleSection":["ALLGEMEIN","BRANDSCHUTZ"],"inLanguage":"it-IT"},{"@type":"WebPage","@id":"https:\/\/news.save.ch\/schweizer-kriegsdenkmaeler-auf-swisstopo\/","url":"https:\/\/news.save.ch\/schweizer-kriegsdenkmaeler-auf-swisstopo\/","name":"Monumenti ai caduti svizzeri su Swisstopo - Save","isPartOf":{"@id":"https:\/\/news.save.ch\/de\/#website"},"primaryImageOfPage":{"@id":"https:\/\/news.save.ch\/schweizer-kriegsdenkmaeler-auf-swisstopo\/#primaryimage"},"image":{"@id":"https:\/\/news.save.ch\/schweizer-kriegsdenkmaeler-auf-swisstopo\/#primaryimage"},"thumbnailUrl":"https:\/\/news.save.ch\/wp-content\/uploads\/2021\/10\/Swisstopo_teaser.png","datePublished":"2021-10-29T08:52:12+00:00","dateModified":"2023-07-13T11:05:40+00:00","description":"L'Esercito svizzero ha redatto e pubblicato online un inventario dei memoriali dell'esercito e di guerra esistenti in Svizzera. L'inventario fornisce una panoramica di circa 900 monumenti commemorativi in formato digitale.\u00a0","breadcrumb":{"@id":"https:\/\/news.save.ch\/schweizer-kriegsdenkmaeler-auf-swisstopo\/#breadcrumb"},"inLanguage":"it-IT","potentialAction":[{"@type":"ReadAction","target":["https:\/\/news.save.ch\/schweizer-kriegsdenkmaeler-auf-swisstopo\/"]}]},{"@type":"ImageObject","inLanguage":"it-IT","@id":"https:\/\/news.save.ch\/schweizer-kriegsdenkmaeler-auf-swisstopo\/#primaryimage","url":"https:\/\/news.save.ch\/wp-content\/uploads\/2021\/10\/Swisstopo_teaser.png","contentUrl":"https:\/\/news.save.ch\/wp-content\/uploads\/2021\/10\/Swisstopo_teaser.png","width":546,"height":343,"caption":"Bild: Screenshot\/Swisstopo"},{"@type":"BreadcrumbList","@id":"https:\/\/news.save.ch\/schweizer-kriegsdenkmaeler-auf-swisstopo\/#breadcrumb","itemListElement":[{"@type":"ListItem","position":1,"name":"Home","item":"https:\/\/news.save.ch\/de\/"},{"@type":"ListItem","position":2,"name":"Schweizer Kriegsdenkm\u00e4ler auf Swisstopo"}]},{"@type":"WebSite","@id":"https:\/\/news.save.ch\/de\/#website","url":"https:\/\/news.save.ch\/de\/","name":"Risparmiare","description":"Rivista svizzera specializzata in sicurezza","publisher":{"@id":"https:\/\/news.save.ch\/de\/#organization"},"potentialAction":[{"@type":"SearchAction","target":{"@type":"EntryPoint","urlTemplate":"https:\/\/news.save.ch\/de\/?s={search_term_string}"},"query-input":{"@type":"PropertyValueSpecification","valueRequired":true,"valueName":"search_term_string"}}],"inLanguage":"it-IT"},{"@type":"Organization","@id":"https:\/\/news.save.ch\/de\/#organization","name":"Forum sulla sicurezza","url":"https:\/\/news.save.ch\/de\/","logo":{"@type":"ImageObject","inLanguage":"it-IT","@id":"https:\/\/news.save.ch\/de\/#\/schema\/logo\/image\/","url":"https:\/\/news.save.ch\/wp-content\/uploads\/2022\/06\/Logo_SF_2012.png","contentUrl":"https:\/\/news.save.ch\/wp-content\/uploads\/2022\/06\/Logo_SF_2012.png","width":1100,"height":91,"caption":"Sicherheitsforum"},"image":{"@id":"https:\/\/news.save.ch\/de\/#\/schema\/logo\/image\/"}},{"@type":"Person","@id":"https:\/\/news.save.ch\/de\/#\/schema\/person\/ad4ef21102fd6125312409ac57d5296d","name":"Simon Gr\u00f6flin","image":{"@type":"ImageObject","inLanguage":"it-IT","@id":"https:\/\/secure.gravatar.com\/avatar\/6ddceb80eb734354635539e0ea5140bb7c41e42de7c45c9a2ab9921b5d5c9a83?s=96&d=mm&r=g","url":"https:\/\/secure.gravatar.com\/avatar\/6ddceb80eb734354635539e0ea5140bb7c41e42de7c45c9a2ab9921b5d5c9a83?s=96&d=mm&r=g","contentUrl":"https:\/\/secure.gravatar.com\/avatar\/6ddceb80eb734354635539e0ea5140bb7c41e42de7c45c9a2ab9921b5d5c9a83?s=96&d=mm&r=g","caption":"Simon Gr\u00f6flin"},"url":"https:\/\/news.save.ch\/it\/author\/simon-groeflin\/"}]}},"_links":{"self":[{"href":"https:\/\/news.save.ch\/it\/wp-json\/wp\/v2\/posts\/12864","targetHints":{"allow":["GET"]}}],"collection":[{"href":"https:\/\/news.save.ch\/it\/wp-json\/wp\/v2\/posts"}],"about":[{"href":"https:\/\/news.save.ch\/it\/wp-json\/wp\/v2\/types\/post"}],"author":[{"embeddable":true,"href":"https:\/\/news.save.ch\/it\/wp-json\/wp\/v2\/users\/9"}],"replies":[{"embeddable":true,"href":"https:\/\/news.save.ch\/it\/wp-json\/wp\/v2\/comments?post=12864"}],"version-history":[{"count":2,"href":"https:\/\/news.save.ch\/it\/wp-json\/wp\/v2\/posts\/12864\/revisions"}],"predecessor-version":[{"id":20803,"href":"https:\/\/news.save.ch\/it\/wp-json\/wp\/v2\/posts\/12864\/revisions\/20803"}],"wp:featuredmedia":[{"embeddable":true,"href":"https:\/\/news.save.ch\/it\/wp-json\/wp\/v2\/media\/12866"}],"wp:attachment":[{"href":"https:\/\/news.save.ch\/it\/wp-json\/wp\/v2\/media?parent=12864"}],"wp:term":[{"taxonomy":"category","embeddable":true,"href":"https:\/\/news.save.ch\/it\/wp-json\/wp\/v2\/categories?post=12864"},{"taxonomy":"post_tag","embeddable":true,"href":"https:\/\/news.save.ch\/it\/wp-json\/wp\/v2\/tags?post=12864"}],"curies":[{"name":"wp","href":"https:\/\/api.w.org\/{rel}","templated":true}]}}