{"id":12929,"date":"2021-11-09T10:07:45","date_gmt":"2021-11-09T09:07:45","guid":{"rendered":"https:\/\/news.save.ch\/?p=12929"},"modified":"2023-07-13T11:07:10","modified_gmt":"2023-07-13T09:07:10","slug":"zuerichs-daten-mehrheitlich-in-der-cloud","status":null,"type":"post","link":"https:\/\/news.save.ch\/it\/zuerichs-daten-mehrheitlich-in-der-cloud\/","title":{"rendered":"I dati di Zurich sono perlopi\u00f9 di fornitori svizzeri"},"content":{"rendered":"<figure id=\"attachment_12933\" aria-describedby=\"caption-attachment-12933\" style=\"width: 905px\" class=\"wp-caption alignnone\"><img loading=\"lazy\" decoding=\"async\" class=\"wp-image-12933 size-full\" src=\"https:\/\/news.save.ch\/wp-content\/uploads\/2021\/11\/Swissdata_teaser.jpg\" alt=\"Centri dati\" width=\"905\" height=\"456\" srcset=\"https:\/\/news.save.ch\/wp-content\/uploads\/2021\/11\/Swissdata_teaser.jpg 905w, https:\/\/news.save.ch\/wp-content\/uploads\/2021\/11\/Swissdata_teaser-375x189.jpg 375w\" sizes=\"auto, (max-width: 905px) 100vw, 905px\" \/><figcaption id=\"caption-attachment-12933\" class=\"wp-caption-text\">\u00a9 Depositphoto<\/figcaption><\/figure>\n<p>Il Cantone di Zurigo sta costruendo due centri dati ridondanti per i dati sensibili. A luglio, due consiglieri cantonali e una consigliera cantonale donna del PLR, dell'UDE e dell'SVP hanno presentato una richiesta al Consiglio di governo di Zurigo. <a href=\"https:\/\/www.zh.ch\/bin\/zhweb\/publish\/regierungsratsbeschluss-unterlagen.\/2021\/1176\/RRB-2021-1176.pdf\" target=\"_blank\" rel=\"noopener\">Richiesta<\/a> presentato.<\/p>\n<p>In risposta alla domanda su come vengono attualmente archiviati ed elaborati i dati del Cantone di Zurigo, la risposta afferma che la maggior parte dei dati del Cantone di Zurigo sono archiviati nei propri centri dati o conservati tramite sistemi on-premise in centri dati di fornitori privati con sede in Svizzera. Occasionalmente, nel Cantone di Zurigo vengono utilizzate anche soluzioni di cloud pubblico provenienti dall'Europa, come scrive il consiglio governativo.<\/p>\n<h2>Due centri dati ridondanti per i dati sensibili<\/h2>\n<p>In risposta alla domanda su come i dati svizzeri siano protetti per impedire l'accesso a terzi, il Consiglio di Stato scrive che in questo caso si tratta di Paesi \"con un livello adeguato di protezione dei dati\". In caso contrario, di solito vengono adottate \"ulteriori misure come la crittografia dei dati\" e si deve rinunciare all'esternalizzazione dei dati.<\/p>\n<p>Una domanda riguardava i piani a medio e lungo termine del Consiglio di Stato per l'archiviazione e l'elaborazione dei dati. In questo caso, il Consiglio di Stato persegue una \"strategia duale\" a lungo termine: con la gestione di due centri dati, si fornirebbero i mezzi necessari per l'archiviazione e l'elaborazione dei dati, che richiedono in particolare l'archiviazione dei dati nei centri dati del Cantone secondo i requisiti di legge. In parallelo, verrebbero applicati fornitori di cloud e soluzioni cloud.<\/p>\n<p><em>Fonte: SDA\/Cantone di Zurigo<\/em><\/p>","protected":false},"excerpt":{"rendered":"<p>Zurzeit errichtet der Kanton Z\u00fcrich zwei eigene, redundante Rechenzentren f\u00fcr sensible Daten. Zwei Kantonsr\u00e4te und eine Kantonsr\u00e4tin von der FDP, EDU und SVP hatten im Juli an den Z\u00fcrcher Regierungsrat eine Anfrage eingereicht. Auf die Frage, wie Daten aus dem Kanton Z\u00fcrich aktuell gespeichert und verarbeitet werden, heisst es im Antwortschreiben, dass die Daten des [&hellip;]<\/p>\n","protected":false},"author":9,"featured_media":12933,"comment_status":"closed","ping_status":"closed","sticky":false,"template":"","format":"standard","meta":{"_acf_changed":false,"pgc_sgb_lightbox_settings":"","footnotes":""},"categories":[1,3313],"tags":[362,5143,5145,363,3658,5144,1525,1079],"class_list":["post-12929","post","type-post","status-publish","format-standard","has-post-thumbnail","hentry","category-allgemein","category-digitalisierung","tag-cloud","tag-cloud-anbieter","tag-data-governance","tag-daten","tag-datenspeicherung","tag-datenverschluesselung","tag-rechenzentren","tag-schweiz"],"acf":[],"hkrextid":null,"publication":null,"issue":null,"workflow":null,"startPage":null,"spitzmarke":null,"_posts_by_tag_page_fields":{"widget_title":"","widget_tags":""},"_at_widget":"1","_yoast_wpseo_primary_category":"1","_yoast_wpseo_focuskw_text_input":null,"_yoast_wpseo_opengraph-image":null,"_yoast_wpseo_opengraph-description":null,"_yoast_wpseo_opengraph-title":null,"enclosure":null,"_yoast_wpseo_twitter-title":null,"_yoast_wpseo_twitter-description":null,"_yoast_wpseo_twitter-image":null,"_wp_old_slug":null,"_yoast_wpseo_title":null,"_yoast_wpseo_canonical":null,"yoast_head":"<!-- This site is optimized with the Yoast SEO plugin v27.5 - https:\/\/yoast.com\/product\/yoast-seo-wordpress\/ -->\n<title>Z\u00fcrichs Daten mehrheitlich bei Schweizer Anbietern - Save<\/title>\n<meta name=\"description\" content=\"Die meisten Daten das Kantons Z\u00fcrich werden in Schweizer Rechenzentren gehortet. Allerdings wird auch vereinzelt auf Cloud-Anbieter in Deutschland und in den Niederlanden ausgewichen. Zurzeit baut der Kanton zwei eigene, redundante Rechenzentren f\u00fcr sensible Daten.\" \/>\n<meta name=\"robots\" content=\"index, follow, max-snippet:-1, max-image-preview:large, max-video-preview:-1\" \/>\n<link rel=\"canonical\" href=\"https:\/\/news.save.ch\/it\/zuerichs-daten-mehrheitlich-in-der-cloud\/\" \/>\n<meta property=\"og:locale\" content=\"it_IT\" \/>\n<meta property=\"og:type\" content=\"article\" \/>\n<meta property=\"og:title\" content=\"Z\u00fcrichs Daten mehrheitlich bei Schweizer Anbietern - Save\" \/>\n<meta property=\"og:description\" content=\"Die meisten Daten das Kantons Z\u00fcrich werden in Schweizer Rechenzentren gehortet. Allerdings wird auch vereinzelt auf Cloud-Anbieter in Deutschland und in den Niederlanden ausgewichen. Zurzeit baut der Kanton zwei eigene, redundante Rechenzentren f\u00fcr sensible Daten.\" \/>\n<meta property=\"og:url\" content=\"https:\/\/news.save.ch\/it\/zuerichs-daten-mehrheitlich-in-der-cloud\/\" \/>\n<meta property=\"og:site_name\" content=\"Save\" \/>\n<meta property=\"article:published_time\" content=\"2021-11-09T09:07:45+00:00\" \/>\n<meta property=\"article:modified_time\" content=\"2023-07-13T09:07:10+00:00\" \/>\n<meta property=\"og:image\" content=\"https:\/\/news.save.ch\/wp-content\/uploads\/2021\/11\/Swissdata_teaser.jpg\" \/>\n\t<meta property=\"og:image:width\" content=\"905\" \/>\n\t<meta property=\"og:image:height\" content=\"456\" \/>\n\t<meta property=\"og:image:type\" content=\"image\/jpeg\" \/>\n<meta name=\"author\" content=\"Simon Gr\u00f6flin\" \/>\n<meta name=\"twitter:card\" content=\"summary_large_image\" \/>\n<meta name=\"twitter:label1\" content=\"Scritto da\" \/>\n\t<meta name=\"twitter:data1\" content=\"Simon Gr\u00f6flin\" \/>\n\t<meta name=\"twitter:label2\" content=\"Tempo di lettura stimato\" \/>\n\t<meta name=\"twitter:data2\" content=\"2 minuti\" \/>\n<script type=\"application\/ld+json\" class=\"yoast-schema-graph\">{\"@context\":\"https:\\\/\\\/schema.org\",\"@graph\":[{\"@type\":\"Article\",\"@id\":\"https:\\\/\\\/news.save.ch\\\/zuerichs-daten-mehrheitlich-in-der-cloud\\\/#article\",\"isPartOf\":{\"@id\":\"https:\\\/\\\/news.save.ch\\\/zuerichs-daten-mehrheitlich-in-der-cloud\\\/\"},\"author\":{\"name\":\"Simon Gr\u00f6flin\",\"@id\":\"https:\\\/\\\/news.save.ch\\\/de\\\/#\\\/schema\\\/person\\\/ad4ef21102fd6125312409ac57d5296d\"},\"headline\":\"Z\u00fcrichs Daten mehrheitlich bei Schweizer Anbietern\",\"datePublished\":\"2021-11-09T09:07:45+00:00\",\"dateModified\":\"2023-07-13T09:07:10+00:00\",\"mainEntityOfPage\":{\"@id\":\"https:\\\/\\\/news.save.ch\\\/zuerichs-daten-mehrheitlich-in-der-cloud\\\/\"},\"wordCount\":254,\"publisher\":{\"@id\":\"https:\\\/\\\/news.save.ch\\\/de\\\/#organization\"},\"image\":{\"@id\":\"https:\\\/\\\/news.save.ch\\\/zuerichs-daten-mehrheitlich-in-der-cloud\\\/#primaryimage\"},\"thumbnailUrl\":\"https:\\\/\\\/news.save.ch\\\/wp-content\\\/uploads\\\/2021\\\/11\\\/Swissdata_teaser.jpg\",\"keywords\":[\"Cloud\",\"Cloud-Anbieter\",\"Data Governance\",\"Daten\",\"Datenspeicherung\",\"Datenverschl\u00fcsselung\",\"Rechenzentren\",\"Schweiz\"],\"articleSection\":[\"ALLGEMEIN\",\"DIGITALISIERUNG\"],\"inLanguage\":\"it-IT\"},{\"@type\":\"WebPage\",\"@id\":\"https:\\\/\\\/news.save.ch\\\/zuerichs-daten-mehrheitlich-in-der-cloud\\\/\",\"url\":\"https:\\\/\\\/news.save.ch\\\/zuerichs-daten-mehrheitlich-in-der-cloud\\\/\",\"name\":\"Z\u00fcrichs Daten mehrheitlich bei Schweizer Anbietern - Save\",\"isPartOf\":{\"@id\":\"https:\\\/\\\/news.save.ch\\\/de\\\/#website\"},\"primaryImageOfPage\":{\"@id\":\"https:\\\/\\\/news.save.ch\\\/zuerichs-daten-mehrheitlich-in-der-cloud\\\/#primaryimage\"},\"image\":{\"@id\":\"https:\\\/\\\/news.save.ch\\\/zuerichs-daten-mehrheitlich-in-der-cloud\\\/#primaryimage\"},\"thumbnailUrl\":\"https:\\\/\\\/news.save.ch\\\/wp-content\\\/uploads\\\/2021\\\/11\\\/Swissdata_teaser.jpg\",\"datePublished\":\"2021-11-09T09:07:45+00:00\",\"dateModified\":\"2023-07-13T09:07:10+00:00\",\"description\":\"Die meisten Daten das Kantons Z\u00fcrich werden in Schweizer Rechenzentren gehortet. Allerdings wird auch vereinzelt auf Cloud-Anbieter in Deutschland und in den Niederlanden ausgewichen. Zurzeit baut der Kanton zwei eigene, redundante Rechenzentren f\u00fcr sensible Daten.\",\"breadcrumb\":{\"@id\":\"https:\\\/\\\/news.save.ch\\\/zuerichs-daten-mehrheitlich-in-der-cloud\\\/#breadcrumb\"},\"inLanguage\":\"it-IT\",\"potentialAction\":[{\"@type\":\"ReadAction\",\"target\":[\"https:\\\/\\\/news.save.ch\\\/zuerichs-daten-mehrheitlich-in-der-cloud\\\/\"]}]},{\"@type\":\"ImageObject\",\"inLanguage\":\"it-IT\",\"@id\":\"https:\\\/\\\/news.save.ch\\\/zuerichs-daten-mehrheitlich-in-der-cloud\\\/#primaryimage\",\"url\":\"https:\\\/\\\/news.save.ch\\\/wp-content\\\/uploads\\\/2021\\\/11\\\/Swissdata_teaser.jpg\",\"contentUrl\":\"https:\\\/\\\/news.save.ch\\\/wp-content\\\/uploads\\\/2021\\\/11\\\/Swissdata_teaser.jpg\",\"width\":905,\"height\":456},{\"@type\":\"BreadcrumbList\",\"@id\":\"https:\\\/\\\/news.save.ch\\\/zuerichs-daten-mehrheitlich-in-der-cloud\\\/#breadcrumb\",\"itemListElement\":[{\"@type\":\"ListItem\",\"position\":1,\"name\":\"Home\",\"item\":\"https:\\\/\\\/news.save.ch\\\/de\\\/\"},{\"@type\":\"ListItem\",\"position\":2,\"name\":\"Z\u00fcrichs Daten mehrheitlich bei Schweizer Anbietern\"}]},{\"@type\":\"WebSite\",\"@id\":\"https:\\\/\\\/news.save.ch\\\/de\\\/#website\",\"url\":\"https:\\\/\\\/news.save.ch\\\/de\\\/\",\"name\":\"Save\",\"description\":\"Schweizer Fachzeitschrift f\u00fcr Sicherheit\",\"publisher\":{\"@id\":\"https:\\\/\\\/news.save.ch\\\/de\\\/#organization\"},\"potentialAction\":[{\"@type\":\"SearchAction\",\"target\":{\"@type\":\"EntryPoint\",\"urlTemplate\":\"https:\\\/\\\/news.save.ch\\\/de\\\/?s={search_term_string}\"},\"query-input\":{\"@type\":\"PropertyValueSpecification\",\"valueRequired\":true,\"valueName\":\"search_term_string\"}}],\"inLanguage\":\"it-IT\"},{\"@type\":\"Organization\",\"@id\":\"https:\\\/\\\/news.save.ch\\\/de\\\/#organization\",\"name\":\"Sicherheitsforum\",\"url\":\"https:\\\/\\\/news.save.ch\\\/de\\\/\",\"logo\":{\"@type\":\"ImageObject\",\"inLanguage\":\"it-IT\",\"@id\":\"https:\\\/\\\/news.save.ch\\\/de\\\/#\\\/schema\\\/logo\\\/image\\\/\",\"url\":\"https:\\\/\\\/news.save.ch\\\/wp-content\\\/uploads\\\/2022\\\/06\\\/Logo_SF_2012.png\",\"contentUrl\":\"https:\\\/\\\/news.save.ch\\\/wp-content\\\/uploads\\\/2022\\\/06\\\/Logo_SF_2012.png\",\"width\":1100,\"height\":91,\"caption\":\"Sicherheitsforum\"},\"image\":{\"@id\":\"https:\\\/\\\/news.save.ch\\\/de\\\/#\\\/schema\\\/logo\\\/image\\\/\"}},{\"@type\":\"Person\",\"@id\":\"https:\\\/\\\/news.save.ch\\\/de\\\/#\\\/schema\\\/person\\\/ad4ef21102fd6125312409ac57d5296d\",\"name\":\"Simon Gr\u00f6flin\",\"image\":{\"@type\":\"ImageObject\",\"inLanguage\":\"it-IT\",\"@id\":\"https:\\\/\\\/secure.gravatar.com\\\/avatar\\\/6ddceb80eb734354635539e0ea5140bb7c41e42de7c45c9a2ab9921b5d5c9a83?s=96&d=mm&r=g\",\"url\":\"https:\\\/\\\/secure.gravatar.com\\\/avatar\\\/6ddceb80eb734354635539e0ea5140bb7c41e42de7c45c9a2ab9921b5d5c9a83?s=96&d=mm&r=g\",\"contentUrl\":\"https:\\\/\\\/secure.gravatar.com\\\/avatar\\\/6ddceb80eb734354635539e0ea5140bb7c41e42de7c45c9a2ab9921b5d5c9a83?s=96&d=mm&r=g\",\"caption\":\"Simon Gr\u00f6flin\"},\"url\":\"https:\\\/\\\/news.save.ch\\\/it\\\/author\\\/simon-groeflin\\\/\"}]}<\/script>\n<!-- \/ Yoast SEO plugin. -->","yoast_head_json":{"title":"I dati di Zurich per lo pi\u00f9 con fornitori svizzeri - Save","description":"La maggior parte dei dati del Cantone di Zurigo \u00e8 conservata nei centri dati svizzeri. Tuttavia, in alcuni casi vengono utilizzati anche fornitori di cloud in Germania e nei Paesi Bassi. Il Cantone sta costruendo due centri dati ridondanti per i dati sensibili.","robots":{"index":"index","follow":"follow","max-snippet":"max-snippet:-1","max-image-preview":"max-image-preview:large","max-video-preview":"max-video-preview:-1"},"canonical":"https:\/\/news.save.ch\/it\/zuerichs-daten-mehrheitlich-in-der-cloud\/","og_locale":"it_IT","og_type":"article","og_title":"Z\u00fcrichs Daten mehrheitlich bei Schweizer Anbietern - Save","og_description":"Die meisten Daten das Kantons Z\u00fcrich werden in Schweizer Rechenzentren gehortet. Allerdings wird auch vereinzelt auf Cloud-Anbieter in Deutschland und in den Niederlanden ausgewichen. Zurzeit baut der Kanton zwei eigene, redundante Rechenzentren f\u00fcr sensible Daten.","og_url":"https:\/\/news.save.ch\/it\/zuerichs-daten-mehrheitlich-in-der-cloud\/","og_site_name":"Save","article_published_time":"2021-11-09T09:07:45+00:00","article_modified_time":"2023-07-13T09:07:10+00:00","og_image":[{"width":905,"height":456,"url":"https:\/\/news.save.ch\/wp-content\/uploads\/2021\/11\/Swissdata_teaser.jpg","type":"image\/jpeg"}],"author":"Simon Gr\u00f6flin","twitter_card":"summary_large_image","twitter_misc":{"Scritto da":"Simon Gr\u00f6flin","Tempo di lettura stimato":"2 minuti"},"schema":{"@context":"https:\/\/schema.org","@graph":[{"@type":"Article","@id":"https:\/\/news.save.ch\/zuerichs-daten-mehrheitlich-in-der-cloud\/#article","isPartOf":{"@id":"https:\/\/news.save.ch\/zuerichs-daten-mehrheitlich-in-der-cloud\/"},"author":{"name":"Simon Gr\u00f6flin","@id":"https:\/\/news.save.ch\/de\/#\/schema\/person\/ad4ef21102fd6125312409ac57d5296d"},"headline":"Z\u00fcrichs Daten mehrheitlich bei Schweizer Anbietern","datePublished":"2021-11-09T09:07:45+00:00","dateModified":"2023-07-13T09:07:10+00:00","mainEntityOfPage":{"@id":"https:\/\/news.save.ch\/zuerichs-daten-mehrheitlich-in-der-cloud\/"},"wordCount":254,"publisher":{"@id":"https:\/\/news.save.ch\/de\/#organization"},"image":{"@id":"https:\/\/news.save.ch\/zuerichs-daten-mehrheitlich-in-der-cloud\/#primaryimage"},"thumbnailUrl":"https:\/\/news.save.ch\/wp-content\/uploads\/2021\/11\/Swissdata_teaser.jpg","keywords":["Cloud","Cloud-Anbieter","Data Governance","Daten","Datenspeicherung","Datenverschl\u00fcsselung","Rechenzentren","Schweiz"],"articleSection":["ALLGEMEIN","DIGITALISIERUNG"],"inLanguage":"it-IT"},{"@type":"WebPage","@id":"https:\/\/news.save.ch\/zuerichs-daten-mehrheitlich-in-der-cloud\/","url":"https:\/\/news.save.ch\/zuerichs-daten-mehrheitlich-in-der-cloud\/","name":"I dati di Zurich per lo pi\u00f9 con fornitori svizzeri - Save","isPartOf":{"@id":"https:\/\/news.save.ch\/de\/#website"},"primaryImageOfPage":{"@id":"https:\/\/news.save.ch\/zuerichs-daten-mehrheitlich-in-der-cloud\/#primaryimage"},"image":{"@id":"https:\/\/news.save.ch\/zuerichs-daten-mehrheitlich-in-der-cloud\/#primaryimage"},"thumbnailUrl":"https:\/\/news.save.ch\/wp-content\/uploads\/2021\/11\/Swissdata_teaser.jpg","datePublished":"2021-11-09T09:07:45+00:00","dateModified":"2023-07-13T09:07:10+00:00","description":"La maggior parte dei dati del Cantone di Zurigo \u00e8 conservata nei centri dati svizzeri. Tuttavia, in alcuni casi vengono utilizzati anche fornitori di cloud in Germania e nei Paesi Bassi. Il Cantone sta costruendo due centri dati ridondanti per i dati sensibili.","breadcrumb":{"@id":"https:\/\/news.save.ch\/zuerichs-daten-mehrheitlich-in-der-cloud\/#breadcrumb"},"inLanguage":"it-IT","potentialAction":[{"@type":"ReadAction","target":["https:\/\/news.save.ch\/zuerichs-daten-mehrheitlich-in-der-cloud\/"]}]},{"@type":"ImageObject","inLanguage":"it-IT","@id":"https:\/\/news.save.ch\/zuerichs-daten-mehrheitlich-in-der-cloud\/#primaryimage","url":"https:\/\/news.save.ch\/wp-content\/uploads\/2021\/11\/Swissdata_teaser.jpg","contentUrl":"https:\/\/news.save.ch\/wp-content\/uploads\/2021\/11\/Swissdata_teaser.jpg","width":905,"height":456},{"@type":"BreadcrumbList","@id":"https:\/\/news.save.ch\/zuerichs-daten-mehrheitlich-in-der-cloud\/#breadcrumb","itemListElement":[{"@type":"ListItem","position":1,"name":"Home","item":"https:\/\/news.save.ch\/de\/"},{"@type":"ListItem","position":2,"name":"Z\u00fcrichs Daten mehrheitlich bei Schweizer Anbietern"}]},{"@type":"WebSite","@id":"https:\/\/news.save.ch\/de\/#website","url":"https:\/\/news.save.ch\/de\/","name":"Risparmiare","description":"Rivista svizzera specializzata in sicurezza","publisher":{"@id":"https:\/\/news.save.ch\/de\/#organization"},"potentialAction":[{"@type":"SearchAction","target":{"@type":"EntryPoint","urlTemplate":"https:\/\/news.save.ch\/de\/?s={search_term_string}"},"query-input":{"@type":"PropertyValueSpecification","valueRequired":true,"valueName":"search_term_string"}}],"inLanguage":"it-IT"},{"@type":"Organization","@id":"https:\/\/news.save.ch\/de\/#organization","name":"Forum sulla sicurezza","url":"https:\/\/news.save.ch\/de\/","logo":{"@type":"ImageObject","inLanguage":"it-IT","@id":"https:\/\/news.save.ch\/de\/#\/schema\/logo\/image\/","url":"https:\/\/news.save.ch\/wp-content\/uploads\/2022\/06\/Logo_SF_2012.png","contentUrl":"https:\/\/news.save.ch\/wp-content\/uploads\/2022\/06\/Logo_SF_2012.png","width":1100,"height":91,"caption":"Sicherheitsforum"},"image":{"@id":"https:\/\/news.save.ch\/de\/#\/schema\/logo\/image\/"}},{"@type":"Person","@id":"https:\/\/news.save.ch\/de\/#\/schema\/person\/ad4ef21102fd6125312409ac57d5296d","name":"Simon Gr\u00f6flin","image":{"@type":"ImageObject","inLanguage":"it-IT","@id":"https:\/\/secure.gravatar.com\/avatar\/6ddceb80eb734354635539e0ea5140bb7c41e42de7c45c9a2ab9921b5d5c9a83?s=96&d=mm&r=g","url":"https:\/\/secure.gravatar.com\/avatar\/6ddceb80eb734354635539e0ea5140bb7c41e42de7c45c9a2ab9921b5d5c9a83?s=96&d=mm&r=g","contentUrl":"https:\/\/secure.gravatar.com\/avatar\/6ddceb80eb734354635539e0ea5140bb7c41e42de7c45c9a2ab9921b5d5c9a83?s=96&d=mm&r=g","caption":"Simon Gr\u00f6flin"},"url":"https:\/\/news.save.ch\/it\/author\/simon-groeflin\/"}]}},"_links":{"self":[{"href":"https:\/\/news.save.ch\/it\/wp-json\/wp\/v2\/posts\/12929","targetHints":{"allow":["GET"]}}],"collection":[{"href":"https:\/\/news.save.ch\/it\/wp-json\/wp\/v2\/posts"}],"about":[{"href":"https:\/\/news.save.ch\/it\/wp-json\/wp\/v2\/types\/post"}],"author":[{"embeddable":true,"href":"https:\/\/news.save.ch\/it\/wp-json\/wp\/v2\/users\/9"}],"replies":[{"embeddable":true,"href":"https:\/\/news.save.ch\/it\/wp-json\/wp\/v2\/comments?post=12929"}],"version-history":[{"count":3,"href":"https:\/\/news.save.ch\/it\/wp-json\/wp\/v2\/posts\/12929\/revisions"}],"predecessor-version":[{"id":20781,"href":"https:\/\/news.save.ch\/it\/wp-json\/wp\/v2\/posts\/12929\/revisions\/20781"}],"wp:featuredmedia":[{"embeddable":true,"href":"https:\/\/news.save.ch\/it\/wp-json\/wp\/v2\/media\/12933"}],"wp:attachment":[{"href":"https:\/\/news.save.ch\/it\/wp-json\/wp\/v2\/media?parent=12929"}],"wp:term":[{"taxonomy":"category","embeddable":true,"href":"https:\/\/news.save.ch\/it\/wp-json\/wp\/v2\/categories?post=12929"},{"taxonomy":"post_tag","embeddable":true,"href":"https:\/\/news.save.ch\/it\/wp-json\/wp\/v2\/tags?post=12929"}],"curies":[{"name":"wp","href":"https:\/\/api.w.org\/{rel}","templated":true}]}}