{"id":12942,"date":"2021-11-10T13:24:21","date_gmt":"2021-11-10T12:24:21","guid":{"rendered":"https:\/\/news.save.ch\/?p=12942"},"modified":"2023-07-13T10:23:10","modified_gmt":"2023-07-13T08:23:10","slug":"eine-sichere-schweiz-was-wir-dafuer-tun-wollen-und-muessen","status":null,"type":"post","link":"https:\/\/news.save.ch\/it\/eine-sichere-schweiz-was-wir-dafuer-tun-wollen-und-muessen\/","title":{"rendered":"\"Una Svizzera sicura: cosa vogliamo e cosa dobbiamo fare per ottenerla\"."},"content":{"rendered":"<div>\n<figure id=\"attachment_12947\" aria-describedby=\"caption-attachment-12947\" style=\"width: 921px\" class=\"wp-caption alignnone\"><img loading=\"lazy\" decoding=\"async\" class=\"wp-image-12947 size-full\" src=\"https:\/\/news.save.ch\/wp-content\/uploads\/2021\/11\/Amherd_teaser.jpg\" alt=\"Sicurezza\" width=\"921\" height=\"550\" srcset=\"https:\/\/news.save.ch\/wp-content\/uploads\/2021\/11\/Amherd_teaser.jpg 921w, https:\/\/news.save.ch\/wp-content\/uploads\/2021\/11\/Amherd_teaser-375x224.jpg 375w\" sizes=\"auto, (max-width: 921px) 100vw, 921px\" \/><figcaption id=\"caption-attachment-12947\" class=\"wp-caption-text\">\u00a9 DDPS\/Philipp Schmidli<\/figcaption><\/figure>\n<\/div>\n<div>\n<p>La cooperazione internazionale \u00e8 diventata pi\u00f9 difficile negli ultimi anni, ha dichiarato il Ministro della Difesa Viola Amherd in un discorso tenuto su invito del Centro per gli Studi sulla Sicurezza del Politecnico di Zurigo e dell'Istituto Europa dell'Universit\u00e0 di Zurigo. La Svizzera ha dovuto adattarsi a un \"ambiente pi\u00f9 cattivo\": Le organizzazioni importanti per la sicurezza sono diventate meno capaci di agire. Pertanto, \u00e8 necessaria una stretta interazione di tutti gli strumenti importanti e un rafforzamento della cooperazione internazionale, ha dichiarato Amherd.<\/p>\n<p>L'attenzione \u00e8 rivolta all'individuazione precoce di minacce e crisi. Tuttavia, alcune cose sono gi\u00e0 state fatte. Ad esempio, sono stati effettuati investimenti nel servizio di intelligence federale, che sta dando il suo contributo all'individuazione e all'analisi precoce delle minacce. La seconda priorit\u00e0, ha detto Amherd, \u00e8 la protezione dalle minacce informatiche.<\/p>\n<p>Inoltre, Amherd ha affermato che negli ultimi anni \u00e8 stato fatto molto per migliorare la resilienza informatica con il DDPS e altri dipartimenti. A titolo di esempio, ha citato il campus di cyberdefence che il DDPS ha creato insieme al Politecnico di Zurigo e all'EPFL. Ora anche l'espansione delle risorse informatiche per le forze armate ha un'alta priorit\u00e0. Ad esempio, \u00e8 gi\u00e0 stato implementato un corso di informatica per formare giovani specialisti informatici di talento.<\/p>\n<h2>Nuovo rapporto sulla politica di sicurezza<\/h2>\n<p>\"L'evoluzione della situazione di minaccia \u00e8 caratterizzata dal fatto che gli attacchi e i conflitti possono assumere forme diverse e le transizioni sono fluide\", ha sottolineato Viola Amherd. Anche la protezione dello spazio aereo \u00e8 uno dei compiti principali.<\/p>\n<p>Per Viola Amherd, un'altra priorit\u00e0 della politica di sicurezza svizzera \u00e8 il rafforzamento della cooperazione internazionale: \"In vista del crescente confronto e della formazione di blocchi, dobbiamo lavorare ancora di pi\u00f9 e in modo pi\u00f9 mirato a livello internazionale per la stabilit\u00e0 e la sicurezza\". Il peacebuilding militare \u00e8 un contributo importante in tal senso.<\/p>\n<p>La Svizzera deve essere realistica e non sopravvalutarsi, ha dichiarato il ministro della Difesa. Le capacit\u00e0 e i mezzi particolarmente richiesti includono, ad esempio, il trasporto aereo o la ricognizione con i droni, nonch\u00e9 la bonifica e la distruzione di mine e altre armi.<\/p>\n<p>Inoltre, \u00e8 importante prepararsi meglio alle catastrofi naturali, che probabilmente si verificheranno con maggiore frequenza e intensit\u00e0 in futuro a causa dei cambiamenti climatici e della densit\u00e0 degli insediamenti. In questo contesto, il Consigliere federale ha parlato dell'introduzione di canali di comunicazione sicuri per gli organismi di crisi.<\/p>\n<p>Alla fine di novembre, il Consiglio federale pubblicher\u00e0 anche un nuovo rapporto sulla politica di sicurezza svizzera, che illustrer\u00e0 gli orientamenti della politica di sicurezza svizzera per i prossimi anni. Finora il Consiglio federale ha redatto tali rapporti ogni sei-dieci anni. A causa dei rapidi cambiamenti, in futuro verr\u00e0 pubblicato un rapporto sulla politica di sicurezza ogni quattro anni.<\/p>\n<p>Amherd ha concluso il suo intervento affermando che la politica di sicurezza deve sempre essere adattata. Per poter perseguire una politica di sicurezza comune ed efficace in Svizzera \u00e8 importante ottenere il pi\u00f9 ampio sostegno possibile e un consenso di base.<\/p>\n<\/div>\n<p>&nbsp;<\/p>\n<p><em>Fonte: DDPS\/ETH Zurigo<\/em><\/p>","protected":false},"excerpt":{"rendered":"<p>Die internationale Zusammenarbeit sei in den letzten Jahren schwieriger geworden sagte Verteidigungsministerin Viola Amherd an einer Gastrede auf Einladung des Center for Security Studies der ETH Z\u00fcrich und des Europa Instituts an der Universit\u00e4t Z\u00fcrich. Die Schweiz m\u00fcsse sich auf ein \u00abgarstigeres Umfeld\u00bb einstellen: Die f\u00fcr die Sicherheit wichtigen Organisationen seien handlungsunf\u00e4higer geworden. Daher brauche [&hellip;]<\/p>\n","protected":false},"author":9,"featured_media":12947,"comment_status":"closed","ping_status":"closed","sticky":false,"template":"","format":"standard","meta":{"_acf_changed":false,"pgc_sgb_lightbox_settings":"","footnotes":""},"categories":[1,3312],"tags":[1288,5141,5103,5142,1079,310,1307],"class_list":["post-12942","post","type-post","status-publish","format-standard","has-post-thumbnail","hentry","category-allgemein","category-sicherheit","tag-cyberbedrohungen","tag-cyberdefence-campus","tag-internationale-zusammenarbeit","tag-militaerische-friedensfoerderung","tag-schweiz","tag-sicherheit","tag-viola-amherd"],"acf":[],"hkrextid":null,"publication":null,"issue":null,"workflow":null,"startPage":null,"spitzmarke":null,"_posts_by_tag_page_fields":{"widget_title":"","widget_tags":""},"_at_widget":"1","_yoast_wpseo_primary_category":"","_yoast_wpseo_focuskw_text_input":null,"_yoast_wpseo_opengraph-image":null,"_yoast_wpseo_opengraph-description":null,"_yoast_wpseo_opengraph-title":null,"enclosure":null,"_yoast_wpseo_twitter-title":null,"_yoast_wpseo_twitter-description":null,"_yoast_wpseo_twitter-image":null,"_wp_old_slug":null,"_yoast_wpseo_title":null,"_yoast_wpseo_canonical":null,"yoast_head":"<!-- This site is optimized with the Yoast SEO plugin v27.5 - https:\/\/yoast.com\/product\/yoast-seo-wordpress\/ -->\n<title>\u00abEine sichere Schweiz \u2013 was wir daf\u00fcr tun wollen und m\u00fcssen\u00bb - Save<\/title>\n<meta name=\"description\" content=\"Die Welt sei instabiler und unberechenbarer geworden, sagte Viola Amherd anl\u00e4sslich eines Referats an der Universit\u00e4t Z\u00fcrich. Ein Lob geb\u00fchrte den Ausbildungsinstitutionen, die durch ihre Ausbildung von Fachkr\u00e4ften und den Wissenstransfer einen wertvollen Beitrag zur Sicherheit der Schweiz leisten.\" \/>\n<meta name=\"robots\" content=\"index, follow, max-snippet:-1, max-image-preview:large, max-video-preview:-1\" \/>\n<link rel=\"canonical\" href=\"https:\/\/news.save.ch\/it\/eine-sichere-schweiz-was-wir-dafuer-tun-wollen-und-muessen\/\" \/>\n<meta property=\"og:locale\" content=\"it_IT\" \/>\n<meta property=\"og:type\" content=\"article\" \/>\n<meta property=\"og:title\" content=\"\u00abEine sichere Schweiz \u2013 was wir daf\u00fcr tun wollen und m\u00fcssen\u00bb - Save\" \/>\n<meta property=\"og:description\" content=\"Die Welt sei instabiler und unberechenbarer geworden, sagte Viola Amherd anl\u00e4sslich eines Referats an der Universit\u00e4t Z\u00fcrich. Ein Lob geb\u00fchrte den Ausbildungsinstitutionen, die durch ihre Ausbildung von Fachkr\u00e4ften und den Wissenstransfer einen wertvollen Beitrag zur Sicherheit der Schweiz leisten.\" \/>\n<meta property=\"og:url\" content=\"https:\/\/news.save.ch\/it\/eine-sichere-schweiz-was-wir-dafuer-tun-wollen-und-muessen\/\" \/>\n<meta property=\"og:site_name\" content=\"Save\" \/>\n<meta property=\"article:published_time\" content=\"2021-11-10T12:24:21+00:00\" \/>\n<meta property=\"article:modified_time\" content=\"2023-07-13T08:23:10+00:00\" \/>\n<meta property=\"og:image\" content=\"https:\/\/news.save.ch\/wp-content\/uploads\/2021\/11\/Amherd_teaser.jpg\" \/>\n\t<meta property=\"og:image:width\" content=\"921\" \/>\n\t<meta property=\"og:image:height\" content=\"550\" \/>\n\t<meta property=\"og:image:type\" content=\"image\/jpeg\" \/>\n<meta name=\"author\" content=\"Simon Gr\u00f6flin\" \/>\n<meta name=\"twitter:card\" content=\"summary_large_image\" \/>\n<meta name=\"twitter:label1\" content=\"Scritto da\" \/>\n\t<meta name=\"twitter:data1\" content=\"Simon Gr\u00f6flin\" \/>\n\t<meta name=\"twitter:label2\" content=\"Tempo di lettura stimato\" \/>\n\t<meta name=\"twitter:data2\" content=\"3 minuti\" \/>\n<script type=\"application\/ld+json\" class=\"yoast-schema-graph\">{\"@context\":\"https:\\\/\\\/schema.org\",\"@graph\":[{\"@type\":\"Article\",\"@id\":\"https:\\\/\\\/news.save.ch\\\/eine-sichere-schweiz-was-wir-dafuer-tun-wollen-und-muessen\\\/#article\",\"isPartOf\":{\"@id\":\"https:\\\/\\\/news.save.ch\\\/eine-sichere-schweiz-was-wir-dafuer-tun-wollen-und-muessen\\\/\"},\"author\":{\"name\":\"Simon Gr\u00f6flin\",\"@id\":\"https:\\\/\\\/news.save.ch\\\/de\\\/#\\\/schema\\\/person\\\/ad4ef21102fd6125312409ac57d5296d\"},\"headline\":\"\u00abEine sichere Schweiz \u2013 was wir daf\u00fcr tun wollen und m\u00fcssen\u00bb\",\"datePublished\":\"2021-11-10T12:24:21+00:00\",\"dateModified\":\"2023-07-13T08:23:10+00:00\",\"mainEntityOfPage\":{\"@id\":\"https:\\\/\\\/news.save.ch\\\/eine-sichere-schweiz-was-wir-dafuer-tun-wollen-und-muessen\\\/\"},\"wordCount\":494,\"publisher\":{\"@id\":\"https:\\\/\\\/news.save.ch\\\/de\\\/#organization\"},\"image\":{\"@id\":\"https:\\\/\\\/news.save.ch\\\/eine-sichere-schweiz-was-wir-dafuer-tun-wollen-und-muessen\\\/#primaryimage\"},\"thumbnailUrl\":\"https:\\\/\\\/news.save.ch\\\/wp-content\\\/uploads\\\/2021\\\/11\\\/Amherd_teaser.jpg\",\"keywords\":[\"Cyberbedrohungen\",\"Cyberdefence-Campus\",\"internationale Zusammenarbeit\",\"milit\u00e4rische Friedensf\u00f6rderung\",\"Schweiz\",\"Sicherheit\",\"Viola Amherd\"],\"articleSection\":[\"ALLGEMEIN\",\"SICHERHEIT\"],\"inLanguage\":\"it-IT\"},{\"@type\":\"WebPage\",\"@id\":\"https:\\\/\\\/news.save.ch\\\/eine-sichere-schweiz-was-wir-dafuer-tun-wollen-und-muessen\\\/\",\"url\":\"https:\\\/\\\/news.save.ch\\\/eine-sichere-schweiz-was-wir-dafuer-tun-wollen-und-muessen\\\/\",\"name\":\"\u00abEine sichere Schweiz \u2013 was wir daf\u00fcr tun wollen und m\u00fcssen\u00bb - Save\",\"isPartOf\":{\"@id\":\"https:\\\/\\\/news.save.ch\\\/de\\\/#website\"},\"primaryImageOfPage\":{\"@id\":\"https:\\\/\\\/news.save.ch\\\/eine-sichere-schweiz-was-wir-dafuer-tun-wollen-und-muessen\\\/#primaryimage\"},\"image\":{\"@id\":\"https:\\\/\\\/news.save.ch\\\/eine-sichere-schweiz-was-wir-dafuer-tun-wollen-und-muessen\\\/#primaryimage\"},\"thumbnailUrl\":\"https:\\\/\\\/news.save.ch\\\/wp-content\\\/uploads\\\/2021\\\/11\\\/Amherd_teaser.jpg\",\"datePublished\":\"2021-11-10T12:24:21+00:00\",\"dateModified\":\"2023-07-13T08:23:10+00:00\",\"description\":\"Die Welt sei instabiler und unberechenbarer geworden, sagte Viola Amherd anl\u00e4sslich eines Referats an der Universit\u00e4t Z\u00fcrich. Ein Lob geb\u00fchrte den Ausbildungsinstitutionen, die durch ihre Ausbildung von Fachkr\u00e4ften und den Wissenstransfer einen wertvollen Beitrag zur Sicherheit der Schweiz leisten.\",\"breadcrumb\":{\"@id\":\"https:\\\/\\\/news.save.ch\\\/eine-sichere-schweiz-was-wir-dafuer-tun-wollen-und-muessen\\\/#breadcrumb\"},\"inLanguage\":\"it-IT\",\"potentialAction\":[{\"@type\":\"ReadAction\",\"target\":[\"https:\\\/\\\/news.save.ch\\\/eine-sichere-schweiz-was-wir-dafuer-tun-wollen-und-muessen\\\/\"]}]},{\"@type\":\"ImageObject\",\"inLanguage\":\"it-IT\",\"@id\":\"https:\\\/\\\/news.save.ch\\\/eine-sichere-schweiz-was-wir-dafuer-tun-wollen-und-muessen\\\/#primaryimage\",\"url\":\"https:\\\/\\\/news.save.ch\\\/wp-content\\\/uploads\\\/2021\\\/11\\\/Amherd_teaser.jpg\",\"contentUrl\":\"https:\\\/\\\/news.save.ch\\\/wp-content\\\/uploads\\\/2021\\\/11\\\/Amherd_teaser.jpg\",\"width\":921,\"height\":550,\"caption\":\"\u00abEine sichere Schweiz \u2013 was wir daf\u00fcr tun wollen und m\u00fcssen\u00bb\"},{\"@type\":\"BreadcrumbList\",\"@id\":\"https:\\\/\\\/news.save.ch\\\/eine-sichere-schweiz-was-wir-dafuer-tun-wollen-und-muessen\\\/#breadcrumb\",\"itemListElement\":[{\"@type\":\"ListItem\",\"position\":1,\"name\":\"Home\",\"item\":\"https:\\\/\\\/news.save.ch\\\/de\\\/\"},{\"@type\":\"ListItem\",\"position\":2,\"name\":\"\u00abEine sichere Schweiz \u2013 was wir daf\u00fcr tun wollen und m\u00fcssen\u00bb\"}]},{\"@type\":\"WebSite\",\"@id\":\"https:\\\/\\\/news.save.ch\\\/de\\\/#website\",\"url\":\"https:\\\/\\\/news.save.ch\\\/de\\\/\",\"name\":\"Save\",\"description\":\"Schweizer Fachzeitschrift f\u00fcr Sicherheit\",\"publisher\":{\"@id\":\"https:\\\/\\\/news.save.ch\\\/de\\\/#organization\"},\"potentialAction\":[{\"@type\":\"SearchAction\",\"target\":{\"@type\":\"EntryPoint\",\"urlTemplate\":\"https:\\\/\\\/news.save.ch\\\/de\\\/?s={search_term_string}\"},\"query-input\":{\"@type\":\"PropertyValueSpecification\",\"valueRequired\":true,\"valueName\":\"search_term_string\"}}],\"inLanguage\":\"it-IT\"},{\"@type\":\"Organization\",\"@id\":\"https:\\\/\\\/news.save.ch\\\/de\\\/#organization\",\"name\":\"Sicherheitsforum\",\"url\":\"https:\\\/\\\/news.save.ch\\\/de\\\/\",\"logo\":{\"@type\":\"ImageObject\",\"inLanguage\":\"it-IT\",\"@id\":\"https:\\\/\\\/news.save.ch\\\/de\\\/#\\\/schema\\\/logo\\\/image\\\/\",\"url\":\"https:\\\/\\\/news.save.ch\\\/wp-content\\\/uploads\\\/2022\\\/06\\\/Logo_SF_2012.png\",\"contentUrl\":\"https:\\\/\\\/news.save.ch\\\/wp-content\\\/uploads\\\/2022\\\/06\\\/Logo_SF_2012.png\",\"width\":1100,\"height\":91,\"caption\":\"Sicherheitsforum\"},\"image\":{\"@id\":\"https:\\\/\\\/news.save.ch\\\/de\\\/#\\\/schema\\\/logo\\\/image\\\/\"}},{\"@type\":\"Person\",\"@id\":\"https:\\\/\\\/news.save.ch\\\/de\\\/#\\\/schema\\\/person\\\/ad4ef21102fd6125312409ac57d5296d\",\"name\":\"Simon Gr\u00f6flin\",\"image\":{\"@type\":\"ImageObject\",\"inLanguage\":\"it-IT\",\"@id\":\"https:\\\/\\\/secure.gravatar.com\\\/avatar\\\/6ddceb80eb734354635539e0ea5140bb7c41e42de7c45c9a2ab9921b5d5c9a83?s=96&d=mm&r=g\",\"url\":\"https:\\\/\\\/secure.gravatar.com\\\/avatar\\\/6ddceb80eb734354635539e0ea5140bb7c41e42de7c45c9a2ab9921b5d5c9a83?s=96&d=mm&r=g\",\"contentUrl\":\"https:\\\/\\\/secure.gravatar.com\\\/avatar\\\/6ddceb80eb734354635539e0ea5140bb7c41e42de7c45c9a2ab9921b5d5c9a83?s=96&d=mm&r=g\",\"caption\":\"Simon Gr\u00f6flin\"},\"url\":\"https:\\\/\\\/news.save.ch\\\/it\\\/author\\\/simon-groeflin\\\/\"}]}<\/script>\n<!-- \/ Yoast SEO plugin. -->","yoast_head_json":{"title":"\"Una Svizzera sicura: cosa vogliamo e dobbiamo fare per ottenerla\" - Save","description":"Il mondo \u00e8 diventato pi\u00f9 instabile e imprevedibile, ha affermato Viola Amherd durante un discorso all'Universit\u00e0 di Zurigo. Un plauso \u00e8 stato rivolto alle istituzioni educative, che danno un contributo prezioso alla sicurezza della Svizzera attraverso la formazione di specialisti e il trasferimento di conoscenze.","robots":{"index":"index","follow":"follow","max-snippet":"max-snippet:-1","max-image-preview":"max-image-preview:large","max-video-preview":"max-video-preview:-1"},"canonical":"https:\/\/news.save.ch\/it\/eine-sichere-schweiz-was-wir-dafuer-tun-wollen-und-muessen\/","og_locale":"it_IT","og_type":"article","og_title":"\u00abEine sichere Schweiz \u2013 was wir daf\u00fcr tun wollen und m\u00fcssen\u00bb - Save","og_description":"Die Welt sei instabiler und unberechenbarer geworden, sagte Viola Amherd anl\u00e4sslich eines Referats an der Universit\u00e4t Z\u00fcrich. Ein Lob geb\u00fchrte den Ausbildungsinstitutionen, die durch ihre Ausbildung von Fachkr\u00e4ften und den Wissenstransfer einen wertvollen Beitrag zur Sicherheit der Schweiz leisten.","og_url":"https:\/\/news.save.ch\/it\/eine-sichere-schweiz-was-wir-dafuer-tun-wollen-und-muessen\/","og_site_name":"Save","article_published_time":"2021-11-10T12:24:21+00:00","article_modified_time":"2023-07-13T08:23:10+00:00","og_image":[{"width":921,"height":550,"url":"https:\/\/news.save.ch\/wp-content\/uploads\/2021\/11\/Amherd_teaser.jpg","type":"image\/jpeg"}],"author":"Simon Gr\u00f6flin","twitter_card":"summary_large_image","twitter_misc":{"Scritto da":"Simon Gr\u00f6flin","Tempo di lettura stimato":"3 minuti"},"schema":{"@context":"https:\/\/schema.org","@graph":[{"@type":"Article","@id":"https:\/\/news.save.ch\/eine-sichere-schweiz-was-wir-dafuer-tun-wollen-und-muessen\/#article","isPartOf":{"@id":"https:\/\/news.save.ch\/eine-sichere-schweiz-was-wir-dafuer-tun-wollen-und-muessen\/"},"author":{"name":"Simon Gr\u00f6flin","@id":"https:\/\/news.save.ch\/de\/#\/schema\/person\/ad4ef21102fd6125312409ac57d5296d"},"headline":"\u00abEine sichere Schweiz \u2013 was wir daf\u00fcr tun wollen und m\u00fcssen\u00bb","datePublished":"2021-11-10T12:24:21+00:00","dateModified":"2023-07-13T08:23:10+00:00","mainEntityOfPage":{"@id":"https:\/\/news.save.ch\/eine-sichere-schweiz-was-wir-dafuer-tun-wollen-und-muessen\/"},"wordCount":494,"publisher":{"@id":"https:\/\/news.save.ch\/de\/#organization"},"image":{"@id":"https:\/\/news.save.ch\/eine-sichere-schweiz-was-wir-dafuer-tun-wollen-und-muessen\/#primaryimage"},"thumbnailUrl":"https:\/\/news.save.ch\/wp-content\/uploads\/2021\/11\/Amherd_teaser.jpg","keywords":["Cyberbedrohungen","Cyberdefence-Campus","internationale Zusammenarbeit","milit\u00e4rische Friedensf\u00f6rderung","Schweiz","Sicherheit","Viola Amherd"],"articleSection":["ALLGEMEIN","SICHERHEIT"],"inLanguage":"it-IT"},{"@type":"WebPage","@id":"https:\/\/news.save.ch\/eine-sichere-schweiz-was-wir-dafuer-tun-wollen-und-muessen\/","url":"https:\/\/news.save.ch\/eine-sichere-schweiz-was-wir-dafuer-tun-wollen-und-muessen\/","name":"\"Una Svizzera sicura: cosa vogliamo e dobbiamo fare per ottenerla\" - Save","isPartOf":{"@id":"https:\/\/news.save.ch\/de\/#website"},"primaryImageOfPage":{"@id":"https:\/\/news.save.ch\/eine-sichere-schweiz-was-wir-dafuer-tun-wollen-und-muessen\/#primaryimage"},"image":{"@id":"https:\/\/news.save.ch\/eine-sichere-schweiz-was-wir-dafuer-tun-wollen-und-muessen\/#primaryimage"},"thumbnailUrl":"https:\/\/news.save.ch\/wp-content\/uploads\/2021\/11\/Amherd_teaser.jpg","datePublished":"2021-11-10T12:24:21+00:00","dateModified":"2023-07-13T08:23:10+00:00","description":"Il mondo \u00e8 diventato pi\u00f9 instabile e imprevedibile, ha affermato Viola Amherd durante un discorso all'Universit\u00e0 di Zurigo. Un plauso \u00e8 stato rivolto alle istituzioni educative, che danno un contributo prezioso alla sicurezza della Svizzera attraverso la formazione di specialisti e il trasferimento di conoscenze.","breadcrumb":{"@id":"https:\/\/news.save.ch\/eine-sichere-schweiz-was-wir-dafuer-tun-wollen-und-muessen\/#breadcrumb"},"inLanguage":"it-IT","potentialAction":[{"@type":"ReadAction","target":["https:\/\/news.save.ch\/eine-sichere-schweiz-was-wir-dafuer-tun-wollen-und-muessen\/"]}]},{"@type":"ImageObject","inLanguage":"it-IT","@id":"https:\/\/news.save.ch\/eine-sichere-schweiz-was-wir-dafuer-tun-wollen-und-muessen\/#primaryimage","url":"https:\/\/news.save.ch\/wp-content\/uploads\/2021\/11\/Amherd_teaser.jpg","contentUrl":"https:\/\/news.save.ch\/wp-content\/uploads\/2021\/11\/Amherd_teaser.jpg","width":921,"height":550,"caption":"\u00abEine sichere Schweiz \u2013 was wir daf\u00fcr tun wollen und m\u00fcssen\u00bb"},{"@type":"BreadcrumbList","@id":"https:\/\/news.save.ch\/eine-sichere-schweiz-was-wir-dafuer-tun-wollen-und-muessen\/#breadcrumb","itemListElement":[{"@type":"ListItem","position":1,"name":"Home","item":"https:\/\/news.save.ch\/de\/"},{"@type":"ListItem","position":2,"name":"\u00abEine sichere Schweiz \u2013 was wir daf\u00fcr tun wollen und m\u00fcssen\u00bb"}]},{"@type":"WebSite","@id":"https:\/\/news.save.ch\/de\/#website","url":"https:\/\/news.save.ch\/de\/","name":"Risparmiare","description":"Rivista svizzera specializzata in sicurezza","publisher":{"@id":"https:\/\/news.save.ch\/de\/#organization"},"potentialAction":[{"@type":"SearchAction","target":{"@type":"EntryPoint","urlTemplate":"https:\/\/news.save.ch\/de\/?s={search_term_string}"},"query-input":{"@type":"PropertyValueSpecification","valueRequired":true,"valueName":"search_term_string"}}],"inLanguage":"it-IT"},{"@type":"Organization","@id":"https:\/\/news.save.ch\/de\/#organization","name":"Forum sulla sicurezza","url":"https:\/\/news.save.ch\/de\/","logo":{"@type":"ImageObject","inLanguage":"it-IT","@id":"https:\/\/news.save.ch\/de\/#\/schema\/logo\/image\/","url":"https:\/\/news.save.ch\/wp-content\/uploads\/2022\/06\/Logo_SF_2012.png","contentUrl":"https:\/\/news.save.ch\/wp-content\/uploads\/2022\/06\/Logo_SF_2012.png","width":1100,"height":91,"caption":"Sicherheitsforum"},"image":{"@id":"https:\/\/news.save.ch\/de\/#\/schema\/logo\/image\/"}},{"@type":"Person","@id":"https:\/\/news.save.ch\/de\/#\/schema\/person\/ad4ef21102fd6125312409ac57d5296d","name":"Simon Gr\u00f6flin","image":{"@type":"ImageObject","inLanguage":"it-IT","@id":"https:\/\/secure.gravatar.com\/avatar\/6ddceb80eb734354635539e0ea5140bb7c41e42de7c45c9a2ab9921b5d5c9a83?s=96&d=mm&r=g","url":"https:\/\/secure.gravatar.com\/avatar\/6ddceb80eb734354635539e0ea5140bb7c41e42de7c45c9a2ab9921b5d5c9a83?s=96&d=mm&r=g","contentUrl":"https:\/\/secure.gravatar.com\/avatar\/6ddceb80eb734354635539e0ea5140bb7c41e42de7c45c9a2ab9921b5d5c9a83?s=96&d=mm&r=g","caption":"Simon Gr\u00f6flin"},"url":"https:\/\/news.save.ch\/it\/author\/simon-groeflin\/"}]}},"_links":{"self":[{"href":"https:\/\/news.save.ch\/it\/wp-json\/wp\/v2\/posts\/12942","targetHints":{"allow":["GET"]}}],"collection":[{"href":"https:\/\/news.save.ch\/it\/wp-json\/wp\/v2\/posts"}],"about":[{"href":"https:\/\/news.save.ch\/it\/wp-json\/wp\/v2\/types\/post"}],"author":[{"embeddable":true,"href":"https:\/\/news.save.ch\/it\/wp-json\/wp\/v2\/users\/9"}],"replies":[{"embeddable":true,"href":"https:\/\/news.save.ch\/it\/wp-json\/wp\/v2\/comments?post=12942"}],"version-history":[{"count":3,"href":"https:\/\/news.save.ch\/it\/wp-json\/wp\/v2\/posts\/12942\/revisions"}],"predecessor-version":[{"id":20779,"href":"https:\/\/news.save.ch\/it\/wp-json\/wp\/v2\/posts\/12942\/revisions\/20779"}],"wp:featuredmedia":[{"embeddable":true,"href":"https:\/\/news.save.ch\/it\/wp-json\/wp\/v2\/media\/12947"}],"wp:attachment":[{"href":"https:\/\/news.save.ch\/it\/wp-json\/wp\/v2\/media?parent=12942"}],"wp:term":[{"taxonomy":"category","embeddable":true,"href":"https:\/\/news.save.ch\/it\/wp-json\/wp\/v2\/categories?post=12942"},{"taxonomy":"post_tag","embeddable":true,"href":"https:\/\/news.save.ch\/it\/wp-json\/wp\/v2\/tags?post=12942"}],"curies":[{"name":"wp","href":"https:\/\/api.w.org\/{rel}","templated":true}]}}