{"id":13018,"date":"2021-11-19T09:22:31","date_gmt":"2021-11-19T08:22:31","guid":{"rendered":"https:\/\/news.save.ch\/?p=13018"},"modified":"2023-07-12T18:57:10","modified_gmt":"2023-07-12T16:57:10","slug":"smidex-2021-eine-sicherheitsmesse-in-unsicheren-zeiten","status":null,"type":"post","link":"https:\/\/news.save.ch\/it\/smidex-2021-eine-sicherheitsmesse-in-unsicheren-zeiten\/","title":{"rendered":"Smidex 2021: una fiera della sicurezza in tempi incerti"},"content":{"rendered":"<figure id=\"attachment_11890\" aria-describedby=\"caption-attachment-11890\" style=\"width: 1007px\" class=\"wp-caption alignnone\"><img loading=\"lazy\" decoding=\"async\" class=\"wp-image-11890 size-full\" src=\"https:\/\/news.save.ch\/wp-content\/uploads\/2021\/04\/Smidex_Halle550.jpg\" alt=\"Smidex Suisse\" width=\"1007\" height=\"523\" srcset=\"https:\/\/news.save.ch\/wp-content\/uploads\/2021\/04\/Smidex_Halle550.jpg 1007w, https:\/\/news.save.ch\/wp-content\/uploads\/2021\/04\/Smidex_Halle550-375x195.jpg 375w\" sizes=\"auto, (max-width: 1007px) 100vw, 1007px\" \/><figcaption id=\"caption-attachment-11890\" class=\"wp-caption-text\">Padiglione 550 a Zurigo-Oerlikon.<\/figcaption><\/figure>\n<p>Oltre il 40% delle PMI svizzere \u00e8 gi\u00e0 stato vittima di attacchi informatici. Anche se le piccole aziende sono di solito meno interessanti per i criminali informatici, anche queste aziende rimangono obiettivi popolari per gli aggressori che chiedono un riscatto tramite Trojan di crittografia o per abusare di queste aziende che lavorano insieme ad altre aziende pi\u00f9 grandi. La gestione delle informazioni sulla sicurezza \u00e8 stata anche al centro dell'esposizione Smidex Suisse, che intende rappresentare una prima piattaforma live per i sistemi di sicurezza fisica e la sicurezza informatica.<\/p>\n<h2>Relatori di spicco<\/h2>\n<p>Circa 30 presentazioni si sono svolte su tre palchi nel padiglione 550, ciascuna della durata di mezz'ora. Ad esempio, \u00e8 stato possibile ascoltare Candid W\u00fcest di Acronis, che ha mostrato quali sono le strategie di disaster recovery con cui le aziende hanno pi\u00f9 difficolt\u00e0. Erano presenti anche Nicolas B\u00fcrer, CEO di Digitalswitzerland, e Nathalie Gratzer dell'Ufficio federale per l'approvvigionamento economico nazionale. L'importanza dell'\"hacking etico\" \u00e8 stata sottolineata anche con l'esempio di una presentazione di Bug Bounty Switzerland.<\/p>\n<p>Secondo l'organizzatore Delta Blue AG, nonostante le presentazioni di alta qualit\u00e0, circa il 30% dei biglietti per i visitatori acquistati \u00e8 rimasto inutilizzato. Purtroppo questo riflette l'attuale situazione dell'industria degli eventi, ed \u00e8 per questo che i padiglioni erano quasi mezzi vuoti, soprattutto gioved\u00ec. Tuttavia, secondo Delta Blue, sono felici che la prima edizione di Smidex si sia svolta con successo, mentre molti altri eventi hanno dovuto essere cancellati di recente.<\/p>\n<p>In ogni caso, lo Smidex 2022 del prossimo anno \u00e8 gi\u00e0 in fase di pianificazione e gli organizzatori sono soddisfatti del feedback dei presentatori e dei partner, secondo il comunicato finale.<\/p>\n<p><em>Fonte: Delta Blue AG<\/em><\/p>","protected":false},"excerpt":{"rendered":"<p>\u00dcber 40 Prozent der Schweizer KMU waren schon Opfer von Cyberangriffen. Selbst wenn kleine Firmen f\u00fcr Cyberkriminelle meistens weniger interessant sind, bleiben auch diese Unternehmen f\u00fcr Angreifer beliebte Ziele, um etwas L\u00f6segeld \u00fcber Verschl\u00fcsselungstrojaner zu fordern oder diese Unternehmen zu missbrauchen, die mit anderen gr\u00f6sseren Firmen zusammenarbeiten. Das Managen von Sicherheitsinformationen stand denn auch im [&hellip;]<\/p>\n","protected":false},"author":9,"featured_media":11890,"comment_status":"closed","ping_status":"closed","sticky":false,"template":"","format":"standard","meta":{"_acf_changed":false,"pgc_sgb_lightbox_settings":"","footnotes":""},"categories":[1,3313],"tags":[3394,1134,5111,5112,1312,5110,924,1070],"class_list":["post-13018","post","type-post","status-publish","format-standard","has-post-thumbnail","hentry","category-allgemein","category-digitalisierung","tag-cyberangriffe","tag-cybersecurity","tag-disaster-recovery-strategien","tag-ethisches-hacking","tag-messen-schweiz","tag-sicherheitsinformationen","tag-smidex-suisse","tag-zuerich"],"acf":[],"hkrextid":null,"publication":null,"issue":null,"workflow":null,"startPage":null,"spitzmarke":null,"_posts_by_tag_page_fields":{"widget_title":"","widget_tags":""},"_at_widget":"1","_yoast_wpseo_primary_category":"1","_yoast_wpseo_focuskw_text_input":null,"_yoast_wpseo_opengraph-image":null,"_yoast_wpseo_opengraph-description":null,"_yoast_wpseo_opengraph-title":null,"enclosure":null,"_yoast_wpseo_twitter-title":null,"_yoast_wpseo_twitter-description":null,"_yoast_wpseo_twitter-image":null,"_wp_old_slug":null,"_yoast_wpseo_title":null,"_yoast_wpseo_canonical":null,"yoast_head":"<!-- This site is optimized with the Yoast SEO plugin v27.4 - https:\/\/yoast.com\/product\/yoast-seo-wordpress\/ -->\n<title>Smidex 2021: eine Sicherheitsmesse in unsicheren Zeiten - Save<\/title>\n<meta name=\"description\" content=\"Am 17. und 18. November fand in der Halle 550 in Z\u00fcrich-Oerlikon erstmals eine neue Schweizer Security-Messe statt. Abgerundet wurde die \u00abSmidex Suisse\u00bb durch 30 spannende Vortr\u00e4ge aus dem Cybersecurity- und Sicherheitstechnikbereich.\u00a0\" \/>\n<meta name=\"robots\" content=\"index, follow, max-snippet:-1, max-image-preview:large, max-video-preview:-1\" \/>\n<link rel=\"canonical\" href=\"https:\/\/news.save.ch\/it\/smidex-2021-eine-sicherheitsmesse-in-unsicheren-zeiten\/\" \/>\n<meta property=\"og:locale\" content=\"it_IT\" \/>\n<meta property=\"og:type\" content=\"article\" \/>\n<meta property=\"og:title\" content=\"Smidex 2021: eine Sicherheitsmesse in unsicheren Zeiten - Save\" \/>\n<meta property=\"og:description\" content=\"Am 17. und 18. November fand in der Halle 550 in Z\u00fcrich-Oerlikon erstmals eine neue Schweizer Security-Messe statt. Abgerundet wurde die \u00abSmidex Suisse\u00bb durch 30 spannende Vortr\u00e4ge aus dem Cybersecurity- und Sicherheitstechnikbereich.\u00a0\" \/>\n<meta property=\"og:url\" content=\"https:\/\/news.save.ch\/it\/smidex-2021-eine-sicherheitsmesse-in-unsicheren-zeiten\/\" \/>\n<meta property=\"og:site_name\" content=\"Save\" \/>\n<meta property=\"article:published_time\" content=\"2021-11-19T08:22:31+00:00\" \/>\n<meta property=\"article:modified_time\" content=\"2023-07-12T16:57:10+00:00\" \/>\n<meta property=\"og:image\" content=\"https:\/\/news.save.ch\/wp-content\/uploads\/2021\/04\/Smidex_Halle550.jpg\" \/>\n\t<meta property=\"og:image:width\" content=\"1007\" \/>\n\t<meta property=\"og:image:height\" content=\"523\" \/>\n\t<meta property=\"og:image:type\" content=\"image\/jpeg\" \/>\n<meta name=\"author\" content=\"Simon Gr\u00f6flin\" \/>\n<meta name=\"twitter:card\" content=\"summary_large_image\" \/>\n<meta name=\"twitter:label1\" content=\"Scritto da\" \/>\n\t<meta name=\"twitter:data1\" content=\"Simon Gr\u00f6flin\" \/>\n\t<meta name=\"twitter:label2\" content=\"Tempo di lettura stimato\" \/>\n\t<meta name=\"twitter:data2\" content=\"2 minuti\" \/>\n<script type=\"application\/ld+json\" class=\"yoast-schema-graph\">{\"@context\":\"https:\\\/\\\/schema.org\",\"@graph\":[{\"@type\":\"Article\",\"@id\":\"https:\\\/\\\/news.save.ch\\\/smidex-2021-eine-sicherheitsmesse-in-unsicheren-zeiten\\\/#article\",\"isPartOf\":{\"@id\":\"https:\\\/\\\/news.save.ch\\\/smidex-2021-eine-sicherheitsmesse-in-unsicheren-zeiten\\\/\"},\"author\":{\"name\":\"Simon Gr\u00f6flin\",\"@id\":\"https:\\\/\\\/news.save.ch\\\/de\\\/#\\\/schema\\\/person\\\/ad4ef21102fd6125312409ac57d5296d\"},\"headline\":\"Smidex 2021: eine Sicherheitsmesse in unsicheren Zeiten\",\"datePublished\":\"2021-11-19T08:22:31+00:00\",\"dateModified\":\"2023-07-12T16:57:10+00:00\",\"mainEntityOfPage\":{\"@id\":\"https:\\\/\\\/news.save.ch\\\/smidex-2021-eine-sicherheitsmesse-in-unsicheren-zeiten\\\/\"},\"wordCount\":279,\"publisher\":{\"@id\":\"https:\\\/\\\/news.save.ch\\\/de\\\/#organization\"},\"image\":{\"@id\":\"https:\\\/\\\/news.save.ch\\\/smidex-2021-eine-sicherheitsmesse-in-unsicheren-zeiten\\\/#primaryimage\"},\"thumbnailUrl\":\"https:\\\/\\\/news.save.ch\\\/wp-content\\\/uploads\\\/2021\\\/04\\\/Smidex_Halle550.jpg\",\"keywords\":[\"Cyberangriffe\",\"Cybersecurity\",\"Disaster-Recovery-Strategien\",\"Ethisches Hacking\",\"Messen Schweiz\",\"Sicherheitsinformationen\",\"SMIDEX SUISSE\",\"Z\u00fcrich\"],\"articleSection\":[\"ALLGEMEIN\",\"DIGITALISIERUNG\"],\"inLanguage\":\"it-IT\"},{\"@type\":\"WebPage\",\"@id\":\"https:\\\/\\\/news.save.ch\\\/smidex-2021-eine-sicherheitsmesse-in-unsicheren-zeiten\\\/\",\"url\":\"https:\\\/\\\/news.save.ch\\\/smidex-2021-eine-sicherheitsmesse-in-unsicheren-zeiten\\\/\",\"name\":\"Smidex 2021: eine Sicherheitsmesse in unsicheren Zeiten - Save\",\"isPartOf\":{\"@id\":\"https:\\\/\\\/news.save.ch\\\/de\\\/#website\"},\"primaryImageOfPage\":{\"@id\":\"https:\\\/\\\/news.save.ch\\\/smidex-2021-eine-sicherheitsmesse-in-unsicheren-zeiten\\\/#primaryimage\"},\"image\":{\"@id\":\"https:\\\/\\\/news.save.ch\\\/smidex-2021-eine-sicherheitsmesse-in-unsicheren-zeiten\\\/#primaryimage\"},\"thumbnailUrl\":\"https:\\\/\\\/news.save.ch\\\/wp-content\\\/uploads\\\/2021\\\/04\\\/Smidex_Halle550.jpg\",\"datePublished\":\"2021-11-19T08:22:31+00:00\",\"dateModified\":\"2023-07-12T16:57:10+00:00\",\"description\":\"Am 17. und 18. November fand in der Halle 550 in Z\u00fcrich-Oerlikon erstmals eine neue Schweizer Security-Messe statt. Abgerundet wurde die \u00abSmidex Suisse\u00bb durch 30 spannende Vortr\u00e4ge aus dem Cybersecurity- und Sicherheitstechnikbereich.\u00a0\",\"breadcrumb\":{\"@id\":\"https:\\\/\\\/news.save.ch\\\/smidex-2021-eine-sicherheitsmesse-in-unsicheren-zeiten\\\/#breadcrumb\"},\"inLanguage\":\"it-IT\",\"potentialAction\":[{\"@type\":\"ReadAction\",\"target\":[\"https:\\\/\\\/news.save.ch\\\/smidex-2021-eine-sicherheitsmesse-in-unsicheren-zeiten\\\/\"]}]},{\"@type\":\"ImageObject\",\"inLanguage\":\"it-IT\",\"@id\":\"https:\\\/\\\/news.save.ch\\\/smidex-2021-eine-sicherheitsmesse-in-unsicheren-zeiten\\\/#primaryimage\",\"url\":\"https:\\\/\\\/news.save.ch\\\/wp-content\\\/uploads\\\/2021\\\/04\\\/Smidex_Halle550.jpg\",\"contentUrl\":\"https:\\\/\\\/news.save.ch\\\/wp-content\\\/uploads\\\/2021\\\/04\\\/Smidex_Halle550.jpg\",\"width\":1007,\"height\":523},{\"@type\":\"BreadcrumbList\",\"@id\":\"https:\\\/\\\/news.save.ch\\\/smidex-2021-eine-sicherheitsmesse-in-unsicheren-zeiten\\\/#breadcrumb\",\"itemListElement\":[{\"@type\":\"ListItem\",\"position\":1,\"name\":\"Home\",\"item\":\"https:\\\/\\\/news.save.ch\\\/de\\\/\"},{\"@type\":\"ListItem\",\"position\":2,\"name\":\"Smidex 2021: eine Sicherheitsmesse in unsicheren Zeiten\"}]},{\"@type\":\"WebSite\",\"@id\":\"https:\\\/\\\/news.save.ch\\\/de\\\/#website\",\"url\":\"https:\\\/\\\/news.save.ch\\\/de\\\/\",\"name\":\"Save\",\"description\":\"Schweizer Fachzeitschrift f\u00fcr Sicherheit\",\"publisher\":{\"@id\":\"https:\\\/\\\/news.save.ch\\\/de\\\/#organization\"},\"potentialAction\":[{\"@type\":\"SearchAction\",\"target\":{\"@type\":\"EntryPoint\",\"urlTemplate\":\"https:\\\/\\\/news.save.ch\\\/de\\\/?s={search_term_string}\"},\"query-input\":{\"@type\":\"PropertyValueSpecification\",\"valueRequired\":true,\"valueName\":\"search_term_string\"}}],\"inLanguage\":\"it-IT\"},{\"@type\":\"Organization\",\"@id\":\"https:\\\/\\\/news.save.ch\\\/de\\\/#organization\",\"name\":\"Sicherheitsforum\",\"url\":\"https:\\\/\\\/news.save.ch\\\/de\\\/\",\"logo\":{\"@type\":\"ImageObject\",\"inLanguage\":\"it-IT\",\"@id\":\"https:\\\/\\\/news.save.ch\\\/de\\\/#\\\/schema\\\/logo\\\/image\\\/\",\"url\":\"https:\\\/\\\/news.save.ch\\\/wp-content\\\/uploads\\\/2022\\\/06\\\/Logo_SF_2012.png\",\"contentUrl\":\"https:\\\/\\\/news.save.ch\\\/wp-content\\\/uploads\\\/2022\\\/06\\\/Logo_SF_2012.png\",\"width\":1100,\"height\":91,\"caption\":\"Sicherheitsforum\"},\"image\":{\"@id\":\"https:\\\/\\\/news.save.ch\\\/de\\\/#\\\/schema\\\/logo\\\/image\\\/\"}},{\"@type\":\"Person\",\"@id\":\"https:\\\/\\\/news.save.ch\\\/de\\\/#\\\/schema\\\/person\\\/ad4ef21102fd6125312409ac57d5296d\",\"name\":\"Simon Gr\u00f6flin\",\"image\":{\"@type\":\"ImageObject\",\"inLanguage\":\"it-IT\",\"@id\":\"https:\\\/\\\/secure.gravatar.com\\\/avatar\\\/6ddceb80eb734354635539e0ea5140bb7c41e42de7c45c9a2ab9921b5d5c9a83?s=96&d=mm&r=g\",\"url\":\"https:\\\/\\\/secure.gravatar.com\\\/avatar\\\/6ddceb80eb734354635539e0ea5140bb7c41e42de7c45c9a2ab9921b5d5c9a83?s=96&d=mm&r=g\",\"contentUrl\":\"https:\\\/\\\/secure.gravatar.com\\\/avatar\\\/6ddceb80eb734354635539e0ea5140bb7c41e42de7c45c9a2ab9921b5d5c9a83?s=96&d=mm&r=g\",\"caption\":\"Simon Gr\u00f6flin\"},\"url\":\"https:\\\/\\\/news.save.ch\\\/it\\\/author\\\/simon-groeflin\\\/\"}]}<\/script>\n<!-- \/ Yoast SEO plugin. -->","yoast_head_json":{"title":"Smidex 2021: una fiera della sicurezza in tempi incerti - Save","description":"Il 17 e 18 novembre si \u00e8 svolta per la prima volta una nuova fiera svizzera della sicurezza nel padiglione 550 di Zurigo-Oerlikon. Lo \"Smidex Suisse\" \u00e8 stato completato da 30 interessanti conferenze del settore della cybersecurity e delle tecnologie di sicurezza.\u00a0","robots":{"index":"index","follow":"follow","max-snippet":"max-snippet:-1","max-image-preview":"max-image-preview:large","max-video-preview":"max-video-preview:-1"},"canonical":"https:\/\/news.save.ch\/it\/smidex-2021-eine-sicherheitsmesse-in-unsicheren-zeiten\/","og_locale":"it_IT","og_type":"article","og_title":"Smidex 2021: eine Sicherheitsmesse in unsicheren Zeiten - Save","og_description":"Am 17. und 18. November fand in der Halle 550 in Z\u00fcrich-Oerlikon erstmals eine neue Schweizer Security-Messe statt. Abgerundet wurde die \u00abSmidex Suisse\u00bb durch 30 spannende Vortr\u00e4ge aus dem Cybersecurity- und Sicherheitstechnikbereich.\u00a0","og_url":"https:\/\/news.save.ch\/it\/smidex-2021-eine-sicherheitsmesse-in-unsicheren-zeiten\/","og_site_name":"Save","article_published_time":"2021-11-19T08:22:31+00:00","article_modified_time":"2023-07-12T16:57:10+00:00","og_image":[{"width":1007,"height":523,"url":"https:\/\/news.save.ch\/wp-content\/uploads\/2021\/04\/Smidex_Halle550.jpg","type":"image\/jpeg"}],"author":"Simon Gr\u00f6flin","twitter_card":"summary_large_image","twitter_misc":{"Scritto da":"Simon Gr\u00f6flin","Tempo di lettura stimato":"2 minuti"},"schema":{"@context":"https:\/\/schema.org","@graph":[{"@type":"Article","@id":"https:\/\/news.save.ch\/smidex-2021-eine-sicherheitsmesse-in-unsicheren-zeiten\/#article","isPartOf":{"@id":"https:\/\/news.save.ch\/smidex-2021-eine-sicherheitsmesse-in-unsicheren-zeiten\/"},"author":{"name":"Simon Gr\u00f6flin","@id":"https:\/\/news.save.ch\/de\/#\/schema\/person\/ad4ef21102fd6125312409ac57d5296d"},"headline":"Smidex 2021: eine Sicherheitsmesse in unsicheren Zeiten","datePublished":"2021-11-19T08:22:31+00:00","dateModified":"2023-07-12T16:57:10+00:00","mainEntityOfPage":{"@id":"https:\/\/news.save.ch\/smidex-2021-eine-sicherheitsmesse-in-unsicheren-zeiten\/"},"wordCount":279,"publisher":{"@id":"https:\/\/news.save.ch\/de\/#organization"},"image":{"@id":"https:\/\/news.save.ch\/smidex-2021-eine-sicherheitsmesse-in-unsicheren-zeiten\/#primaryimage"},"thumbnailUrl":"https:\/\/news.save.ch\/wp-content\/uploads\/2021\/04\/Smidex_Halle550.jpg","keywords":["Cyberangriffe","Cybersecurity","Disaster-Recovery-Strategien","Ethisches Hacking","Messen Schweiz","Sicherheitsinformationen","SMIDEX SUISSE","Z\u00fcrich"],"articleSection":["ALLGEMEIN","DIGITALISIERUNG"],"inLanguage":"it-IT"},{"@type":"WebPage","@id":"https:\/\/news.save.ch\/smidex-2021-eine-sicherheitsmesse-in-unsicheren-zeiten\/","url":"https:\/\/news.save.ch\/smidex-2021-eine-sicherheitsmesse-in-unsicheren-zeiten\/","name":"Smidex 2021: una fiera della sicurezza in tempi incerti - Save","isPartOf":{"@id":"https:\/\/news.save.ch\/de\/#website"},"primaryImageOfPage":{"@id":"https:\/\/news.save.ch\/smidex-2021-eine-sicherheitsmesse-in-unsicheren-zeiten\/#primaryimage"},"image":{"@id":"https:\/\/news.save.ch\/smidex-2021-eine-sicherheitsmesse-in-unsicheren-zeiten\/#primaryimage"},"thumbnailUrl":"https:\/\/news.save.ch\/wp-content\/uploads\/2021\/04\/Smidex_Halle550.jpg","datePublished":"2021-11-19T08:22:31+00:00","dateModified":"2023-07-12T16:57:10+00:00","description":"Il 17 e 18 novembre si \u00e8 svolta per la prima volta una nuova fiera svizzera della sicurezza nel padiglione 550 di Zurigo-Oerlikon. Lo \"Smidex Suisse\" \u00e8 stato completato da 30 interessanti conferenze del settore della cybersecurity e delle tecnologie di sicurezza.\u00a0","breadcrumb":{"@id":"https:\/\/news.save.ch\/smidex-2021-eine-sicherheitsmesse-in-unsicheren-zeiten\/#breadcrumb"},"inLanguage":"it-IT","potentialAction":[{"@type":"ReadAction","target":["https:\/\/news.save.ch\/smidex-2021-eine-sicherheitsmesse-in-unsicheren-zeiten\/"]}]},{"@type":"ImageObject","inLanguage":"it-IT","@id":"https:\/\/news.save.ch\/smidex-2021-eine-sicherheitsmesse-in-unsicheren-zeiten\/#primaryimage","url":"https:\/\/news.save.ch\/wp-content\/uploads\/2021\/04\/Smidex_Halle550.jpg","contentUrl":"https:\/\/news.save.ch\/wp-content\/uploads\/2021\/04\/Smidex_Halle550.jpg","width":1007,"height":523},{"@type":"BreadcrumbList","@id":"https:\/\/news.save.ch\/smidex-2021-eine-sicherheitsmesse-in-unsicheren-zeiten\/#breadcrumb","itemListElement":[{"@type":"ListItem","position":1,"name":"Home","item":"https:\/\/news.save.ch\/de\/"},{"@type":"ListItem","position":2,"name":"Smidex 2021: eine Sicherheitsmesse in unsicheren Zeiten"}]},{"@type":"WebSite","@id":"https:\/\/news.save.ch\/de\/#website","url":"https:\/\/news.save.ch\/de\/","name":"Risparmiare","description":"Rivista svizzera specializzata in sicurezza","publisher":{"@id":"https:\/\/news.save.ch\/de\/#organization"},"potentialAction":[{"@type":"SearchAction","target":{"@type":"EntryPoint","urlTemplate":"https:\/\/news.save.ch\/de\/?s={search_term_string}"},"query-input":{"@type":"PropertyValueSpecification","valueRequired":true,"valueName":"search_term_string"}}],"inLanguage":"it-IT"},{"@type":"Organization","@id":"https:\/\/news.save.ch\/de\/#organization","name":"Forum sulla sicurezza","url":"https:\/\/news.save.ch\/de\/","logo":{"@type":"ImageObject","inLanguage":"it-IT","@id":"https:\/\/news.save.ch\/de\/#\/schema\/logo\/image\/","url":"https:\/\/news.save.ch\/wp-content\/uploads\/2022\/06\/Logo_SF_2012.png","contentUrl":"https:\/\/news.save.ch\/wp-content\/uploads\/2022\/06\/Logo_SF_2012.png","width":1100,"height":91,"caption":"Sicherheitsforum"},"image":{"@id":"https:\/\/news.save.ch\/de\/#\/schema\/logo\/image\/"}},{"@type":"Person","@id":"https:\/\/news.save.ch\/de\/#\/schema\/person\/ad4ef21102fd6125312409ac57d5296d","name":"Simon Gr\u00f6flin","image":{"@type":"ImageObject","inLanguage":"it-IT","@id":"https:\/\/secure.gravatar.com\/avatar\/6ddceb80eb734354635539e0ea5140bb7c41e42de7c45c9a2ab9921b5d5c9a83?s=96&d=mm&r=g","url":"https:\/\/secure.gravatar.com\/avatar\/6ddceb80eb734354635539e0ea5140bb7c41e42de7c45c9a2ab9921b5d5c9a83?s=96&d=mm&r=g","contentUrl":"https:\/\/secure.gravatar.com\/avatar\/6ddceb80eb734354635539e0ea5140bb7c41e42de7c45c9a2ab9921b5d5c9a83?s=96&d=mm&r=g","caption":"Simon Gr\u00f6flin"},"url":"https:\/\/news.save.ch\/it\/author\/simon-groeflin\/"}]}},"_links":{"self":[{"href":"https:\/\/news.save.ch\/it\/wp-json\/wp\/v2\/posts\/13018","targetHints":{"allow":["GET"]}}],"collection":[{"href":"https:\/\/news.save.ch\/it\/wp-json\/wp\/v2\/posts"}],"about":[{"href":"https:\/\/news.save.ch\/it\/wp-json\/wp\/v2\/types\/post"}],"author":[{"embeddable":true,"href":"https:\/\/news.save.ch\/it\/wp-json\/wp\/v2\/users\/9"}],"replies":[{"embeddable":true,"href":"https:\/\/news.save.ch\/it\/wp-json\/wp\/v2\/comments?post=13018"}],"version-history":[{"count":3,"href":"https:\/\/news.save.ch\/it\/wp-json\/wp\/v2\/posts\/13018\/revisions"}],"predecessor-version":[{"id":20760,"href":"https:\/\/news.save.ch\/it\/wp-json\/wp\/v2\/posts\/13018\/revisions\/20760"}],"wp:featuredmedia":[{"embeddable":true,"href":"https:\/\/news.save.ch\/it\/wp-json\/wp\/v2\/media\/11890"}],"wp:attachment":[{"href":"https:\/\/news.save.ch\/it\/wp-json\/wp\/v2\/media?parent=13018"}],"wp:term":[{"taxonomy":"category","embeddable":true,"href":"https:\/\/news.save.ch\/it\/wp-json\/wp\/v2\/categories?post=13018"},{"taxonomy":"post_tag","embeddable":true,"href":"https:\/\/news.save.ch\/it\/wp-json\/wp\/v2\/tags?post=13018"}],"curies":[{"name":"wp","href":"https:\/\/api.w.org\/{rel}","templated":true}]}}