{"id":1304,"date":"2016-08-23T17:27:02","date_gmt":"2016-08-23T15:27:02","guid":{"rendered":"https:\/\/dev.sicherheitsforum.ch\/?p=1304"},"modified":"2023-03-14T08:57:14","modified_gmt":"2023-03-14T07:57:14","slug":"schweiz-erste-anklage-wegen-weltweitem-phishing","status":null,"type":"post","link":"https:\/\/news.save.ch\/it\/schweiz-erste-anklage-wegen-weltweitem-phishing\/","title":{"rendered":"Svizzera: primo rinvio a giudizio per \"phishing\" a livello mondiale"},"content":{"rendered":"<figure id=\"attachment_1305\" aria-describedby=\"caption-attachment-1305\" style=\"width: 680px\" class=\"wp-caption alignnone\"><img loading=\"lazy\" decoding=\"async\" class=\"size-medium wp-image-1305\" src=\"https:\/\/sicherheitsforum.ch\/wp-content\/uploads\/2016\/12\/Schweiz-Erste-Anklage-wegen-weltweitem-\u201ePhishing\u201c-it-security.jpg\" alt=\"\" width=\"680\" height=\"454\" \/><figcaption id=\"caption-attachment-1305\" class=\"wp-caption-text\">\u00a9 depositphotos<\/figcaption><\/figure>\n<p>I tre imputati di questo caso penale di criminalit\u00e0 informatica sono accusati di abuso commerciale fraudolento di un sistema di elaborazione dati (art. 147 cpv. 1 e cpv. 2 CP) e di tentativi multipli di abuso fraudolento di un sistema di elaborazione dati (art. 147 cpv. 1 in combinato disposto con l'art. 22 cpv. 1 CP).<\/p>\n<p><strong>133 600 dati di carte di credito ottenuti <\/strong><\/p>\n<p>Il Ministero pubblico della Confederazione accusa il trio di aver ottenuto illegalmente almeno 133.600 dati di carte di credito in tutto il mondo. I sospetti sono stati attivi dall'ottobre 2009 fino ai loro arresti nel 2014 e 2015. Hanno ottenuto i dati attraverso attacchi di \"phishing\" con false e-mail, siti web e brevi messaggi, come scrive il Ministero pubblico della Confederazione. E ancora: \"Il gruppo di autori si \u00e8 guadagnato da vivere dall'ottobre 2008 con l'acquisizione illecita dei dati delle carte di credito e il loro uso improprio via Internet.<\/p>\n<p>Il procedimento penale pu\u00f2 essere definito un caso pilota, in quanto \u00e8 la prima volta che in Svizzera vengono mosse accuse contro presunti autori di reati attivi in tutto il mondo e che non si trovano fisicamente in Svizzera, come sottolinea ancora il Ministero pubblico della Confederazione. Sono interessati i titolari di carte di credito di tutto il mondo e le istituzioni finanziarie locali. I tre sospetti sono stati arrestati a Bangkok (Thailandia) ed estradati in Svizzera.<\/p>\n<p>Secondo il Ministero pubblico della Confederazione, l'atto d'accusa sar\u00e0 presentato in un procedimento sommario ai sensi dell'articolo 360 del Codice di procedura penale in combinato disposto con l'articolo 325 del Codice di procedura penale. Secondo il comunicato stampa, gli accusati hanno ammesso le accuse. Tutti e tre gli accusati stanno attualmente scontando la loro pena.<\/p>","protected":false},"excerpt":{"rendered":"<p>Die drei Beschuldigten in diesem Cybercrime-Strafverfahren werden angeklagt des gewerbsm\u00e4ssigen betr\u00fcgerischen Missbrauchs einer Datenverarbeitungsanlage (Art. 147 Abs. 1 und Abs. 2 StGB) sowie des mehrfahren Versuchs zu betr\u00fcgerischem Missbrauch einer Datenverarbeitungsanlage (Art. 147 Abs. 1 in Verbindung mit Art 22. Abs. 1 StGB). 133 600 Kreditkartendaten beschafft Die Bundesanwaltschaft wirft dem Trio vor, mindestens 133`600 [&hellip;]<\/p>\n","protected":false},"author":1,"featured_media":1305,"comment_status":"open","ping_status":"open","sticky":false,"template":"","format":"standard","meta":{"_acf_changed":false,"pgc_sgb_lightbox_settings":"","footnotes":""},"categories":[3313],"tags":[96,63],"class_list":["post-1304","post","type-post","status-publish","format-standard","has-post-thumbnail","hentry","category-digitalisierung","tag-cyber-crime","tag-it-security"],"acf":[],"hkrextid":null,"publication":null,"issue":null,"workflow":null,"startPage":null,"spitzmarke":null,"_posts_by_tag_page_fields":{"widget_title":"","widget_tags":""},"_at_widget":"1","_yoast_wpseo_primary_category":"2","_yoast_wpseo_focuskw_text_input":"Phishing","_yoast_wpseo_opengraph-image":"https:\/\/news.save.ch\/wp-content\/uploads\/2016\/12\/Schweiz-Erste-Anklage-wegen-weltweitem-\u201ePhishing\u201c-it-security.jpg","_yoast_wpseo_opengraph-description":"Die Bundesanwaltschaft hat die Anklageschrift gegen drei mutmassliche T\u00e4ter eingereicht: Das Trio hat sich auf den gewerbsm\u00e4ssigen betr\u00fcgerischen Missbrauch von Kreditkartendaten spezialisiert. Erstmals kommt damit in der Schweiz ein weltweites \u201ePhishing\u201c- Verfahren zur Anklage.","_yoast_wpseo_opengraph-title":"Schweiz: Erste Anklage wegen weltweitem \u201ePhishing\u201c","enclosure":null,"_yoast_wpseo_twitter-title":null,"_yoast_wpseo_twitter-description":null,"_yoast_wpseo_twitter-image":null,"_wp_old_slug":null,"_yoast_wpseo_title":null,"_yoast_wpseo_canonical":null,"yoast_head":"<!-- This site is optimized with the Yoast SEO plugin v27.5 - https:\/\/yoast.com\/product\/yoast-seo-wordpress\/ -->\n<title>Schweiz: Erste Anklage wegen weltweitem \u201ePhishing\u201c - Save<\/title>\n<meta name=\"description\" content=\"Erstmals kommt damit in der Schweiz ein weltweites \u201ePhishing\u201c- Verfahren zur Anklage.\" \/>\n<meta name=\"robots\" content=\"index, follow, max-snippet:-1, max-image-preview:large, max-video-preview:-1\" \/>\n<link rel=\"canonical\" href=\"https:\/\/news.save.ch\/it\/schweiz-erste-anklage-wegen-weltweitem-phishing\/\" \/>\n<meta property=\"og:locale\" content=\"it_IT\" \/>\n<meta property=\"og:type\" content=\"article\" \/>\n<meta property=\"og:title\" content=\"Schweiz: Erste Anklage wegen weltweitem \u201ePhishing\u201c\" \/>\n<meta property=\"og:description\" content=\"Die Bundesanwaltschaft hat die Anklageschrift gegen drei mutmassliche T\u00e4ter eingereicht: Das Trio hat sich auf den gewerbsm\u00e4ssigen betr\u00fcgerischen Missbrauch von Kreditkartendaten spezialisiert. Erstmals kommt damit in der Schweiz ein weltweites \u201ePhishing\u201c- Verfahren zur Anklage.\" \/>\n<meta property=\"og:url\" content=\"https:\/\/news.save.ch\/it\/schweiz-erste-anklage-wegen-weltweitem-phishing\/\" \/>\n<meta property=\"og:site_name\" content=\"Save\" \/>\n<meta property=\"article:published_time\" content=\"2016-08-23T15:27:02+00:00\" \/>\n<meta property=\"article:modified_time\" content=\"2023-03-14T07:57:14+00:00\" \/>\n<meta property=\"og:image\" content=\"https:\/\/news.save.ch\/wp-content\/uploads\/2016\/12\/Schweiz-Erste-Anklage-wegen-weltweitem-\u201ePhishing\u201c-it-security.jpg\" \/>\n<meta name=\"author\" content=\"admin\" \/>\n<meta name=\"twitter:card\" content=\"summary_large_image\" \/>\n<meta name=\"twitter:label1\" content=\"Scritto da\" \/>\n\t<meta name=\"twitter:data1\" content=\"admin\" \/>\n\t<meta name=\"twitter:label2\" content=\"Tempo di lettura stimato\" \/>\n\t<meta name=\"twitter:data2\" content=\"1 minuto\" \/>\n<script type=\"application\/ld+json\" class=\"yoast-schema-graph\">{\"@context\":\"https:\\\/\\\/schema.org\",\"@graph\":[{\"@type\":\"Article\",\"@id\":\"https:\\\/\\\/news.save.ch\\\/schweiz-erste-anklage-wegen-weltweitem-phishing\\\/#article\",\"isPartOf\":{\"@id\":\"https:\\\/\\\/news.save.ch\\\/schweiz-erste-anklage-wegen-weltweitem-phishing\\\/\"},\"author\":{\"name\":\"admin\",\"@id\":\"https:\\\/\\\/news.save.ch\\\/de\\\/#\\\/schema\\\/person\\\/d49e199490bad7c70d64b9ab51142f2b\"},\"headline\":\"Schweiz: Erste Anklage wegen weltweitem \u201ePhishing\u201c\",\"datePublished\":\"2016-08-23T15:27:02+00:00\",\"dateModified\":\"2023-03-14T07:57:14+00:00\",\"mainEntityOfPage\":{\"@id\":\"https:\\\/\\\/news.save.ch\\\/schweiz-erste-anklage-wegen-weltweitem-phishing\\\/\"},\"wordCount\":224,\"commentCount\":0,\"publisher\":{\"@id\":\"https:\\\/\\\/news.save.ch\\\/de\\\/#organization\"},\"image\":{\"@id\":\"https:\\\/\\\/news.save.ch\\\/schweiz-erste-anklage-wegen-weltweitem-phishing\\\/#primaryimage\"},\"thumbnailUrl\":\"https:\\\/\\\/news.save.ch\\\/wp-content\\\/uploads\\\/2016\\\/12\\\/Schweiz-Erste-Anklage-wegen-weltweitem-\u201ePhishing-it-security.jpg\",\"keywords\":[\"Cyber-Crime\",\"IT-SECURITY\"],\"articleSection\":[\"DIGITALISIERUNG\"],\"inLanguage\":\"it-IT\"},{\"@type\":\"WebPage\",\"@id\":\"https:\\\/\\\/news.save.ch\\\/schweiz-erste-anklage-wegen-weltweitem-phishing\\\/\",\"url\":\"https:\\\/\\\/news.save.ch\\\/schweiz-erste-anklage-wegen-weltweitem-phishing\\\/\",\"name\":\"Schweiz: Erste Anklage wegen weltweitem \u201ePhishing\u201c - Save\",\"isPartOf\":{\"@id\":\"https:\\\/\\\/news.save.ch\\\/de\\\/#website\"},\"primaryImageOfPage\":{\"@id\":\"https:\\\/\\\/news.save.ch\\\/schweiz-erste-anklage-wegen-weltweitem-phishing\\\/#primaryimage\"},\"image\":{\"@id\":\"https:\\\/\\\/news.save.ch\\\/schweiz-erste-anklage-wegen-weltweitem-phishing\\\/#primaryimage\"},\"thumbnailUrl\":\"https:\\\/\\\/news.save.ch\\\/wp-content\\\/uploads\\\/2016\\\/12\\\/Schweiz-Erste-Anklage-wegen-weltweitem-\u201ePhishing-it-security.jpg\",\"datePublished\":\"2016-08-23T15:27:02+00:00\",\"dateModified\":\"2023-03-14T07:57:14+00:00\",\"description\":\"Erstmals kommt damit in der Schweiz ein weltweites \u201ePhishing\u201c- Verfahren zur Anklage.\",\"breadcrumb\":{\"@id\":\"https:\\\/\\\/news.save.ch\\\/schweiz-erste-anklage-wegen-weltweitem-phishing\\\/#breadcrumb\"},\"inLanguage\":\"it-IT\",\"potentialAction\":[{\"@type\":\"ReadAction\",\"target\":[\"https:\\\/\\\/news.save.ch\\\/schweiz-erste-anklage-wegen-weltweitem-phishing\\\/\"]}]},{\"@type\":\"ImageObject\",\"inLanguage\":\"it-IT\",\"@id\":\"https:\\\/\\\/news.save.ch\\\/schweiz-erste-anklage-wegen-weltweitem-phishing\\\/#primaryimage\",\"url\":\"https:\\\/\\\/news.save.ch\\\/wp-content\\\/uploads\\\/2016\\\/12\\\/Schweiz-Erste-Anklage-wegen-weltweitem-\u201ePhishing-it-security.jpg\",\"contentUrl\":\"https:\\\/\\\/news.save.ch\\\/wp-content\\\/uploads\\\/2016\\\/12\\\/Schweiz-Erste-Anklage-wegen-weltweitem-\u201ePhishing-it-security.jpg\",\"width\":1000,\"height\":667,\"caption\":\"\u00a9 depositphotos\"},{\"@type\":\"BreadcrumbList\",\"@id\":\"https:\\\/\\\/news.save.ch\\\/schweiz-erste-anklage-wegen-weltweitem-phishing\\\/#breadcrumb\",\"itemListElement\":[{\"@type\":\"ListItem\",\"position\":1,\"name\":\"Home\",\"item\":\"https:\\\/\\\/news.save.ch\\\/de\\\/\"},{\"@type\":\"ListItem\",\"position\":2,\"name\":\"Schweiz: Erste Anklage wegen weltweitem \u201ePhishing\u201c\"}]},{\"@type\":\"WebSite\",\"@id\":\"https:\\\/\\\/news.save.ch\\\/de\\\/#website\",\"url\":\"https:\\\/\\\/news.save.ch\\\/de\\\/\",\"name\":\"Save\",\"description\":\"Schweizer Fachzeitschrift f\u00fcr Sicherheit\",\"publisher\":{\"@id\":\"https:\\\/\\\/news.save.ch\\\/de\\\/#organization\"},\"potentialAction\":[{\"@type\":\"SearchAction\",\"target\":{\"@type\":\"EntryPoint\",\"urlTemplate\":\"https:\\\/\\\/news.save.ch\\\/de\\\/?s={search_term_string}\"},\"query-input\":{\"@type\":\"PropertyValueSpecification\",\"valueRequired\":true,\"valueName\":\"search_term_string\"}}],\"inLanguage\":\"it-IT\"},{\"@type\":\"Organization\",\"@id\":\"https:\\\/\\\/news.save.ch\\\/de\\\/#organization\",\"name\":\"Sicherheitsforum\",\"url\":\"https:\\\/\\\/news.save.ch\\\/de\\\/\",\"logo\":{\"@type\":\"ImageObject\",\"inLanguage\":\"it-IT\",\"@id\":\"https:\\\/\\\/news.save.ch\\\/de\\\/#\\\/schema\\\/logo\\\/image\\\/\",\"url\":\"https:\\\/\\\/news.save.ch\\\/wp-content\\\/uploads\\\/2022\\\/06\\\/Logo_SF_2012.png\",\"contentUrl\":\"https:\\\/\\\/news.save.ch\\\/wp-content\\\/uploads\\\/2022\\\/06\\\/Logo_SF_2012.png\",\"width\":1100,\"height\":91,\"caption\":\"Sicherheitsforum\"},\"image\":{\"@id\":\"https:\\\/\\\/news.save.ch\\\/de\\\/#\\\/schema\\\/logo\\\/image\\\/\"}},{\"@type\":\"Person\",\"@id\":\"https:\\\/\\\/news.save.ch\\\/de\\\/#\\\/schema\\\/person\\\/d49e199490bad7c70d64b9ab51142f2b\",\"name\":\"admin\",\"image\":{\"@type\":\"ImageObject\",\"inLanguage\":\"it-IT\",\"@id\":\"https:\\\/\\\/secure.gravatar.com\\\/avatar\\\/ae2f4d718e6c49043e314ce431e7e645d646302a24a5ef5a8bc8e3f5a032e319?s=96&d=mm&r=g\",\"url\":\"https:\\\/\\\/secure.gravatar.com\\\/avatar\\\/ae2f4d718e6c49043e314ce431e7e645d646302a24a5ef5a8bc8e3f5a032e319?s=96&d=mm&r=g\",\"contentUrl\":\"https:\\\/\\\/secure.gravatar.com\\\/avatar\\\/ae2f4d718e6c49043e314ce431e7e645d646302a24a5ef5a8bc8e3f5a032e319?s=96&d=mm&r=g\",\"caption\":\"admin\"},\"sameAs\":[\"https:\\\/\\\/develop.organisator.galledia.ch\"],\"url\":\"https:\\\/\\\/news.save.ch\\\/it\\\/author\\\/admin\\\/\"}]}<\/script>\n<!-- \/ Yoast SEO plugin. -->","yoast_head_json":{"title":"Svizzera: prima incriminazione per \"phishing\" a livello mondiale - Save","description":"\u00c8 la prima volta che un caso di \"phishing\" a livello mondiale viene processato in Svizzera.","robots":{"index":"index","follow":"follow","max-snippet":"max-snippet:-1","max-image-preview":"max-image-preview:large","max-video-preview":"max-video-preview:-1"},"canonical":"https:\/\/news.save.ch\/it\/schweiz-erste-anklage-wegen-weltweitem-phishing\/","og_locale":"it_IT","og_type":"article","og_title":"Schweiz: Erste Anklage wegen weltweitem \u201ePhishing\u201c","og_description":"Die Bundesanwaltschaft hat die Anklageschrift gegen drei mutmassliche T\u00e4ter eingereicht: Das Trio hat sich auf den gewerbsm\u00e4ssigen betr\u00fcgerischen Missbrauch von Kreditkartendaten spezialisiert. Erstmals kommt damit in der Schweiz ein weltweites \u201ePhishing\u201c- Verfahren zur Anklage.","og_url":"https:\/\/news.save.ch\/it\/schweiz-erste-anklage-wegen-weltweitem-phishing\/","og_site_name":"Save","article_published_time":"2016-08-23T15:27:02+00:00","article_modified_time":"2023-03-14T07:57:14+00:00","og_image":[{"url":"https:\/\/news.save.ch\/wp-content\/uploads\/2016\/12\/Schweiz-Erste-Anklage-wegen-weltweitem-\u201ePhishing\u201c-it-security.jpg","type":"","width":"","height":""}],"author":"admin","twitter_card":"summary_large_image","twitter_misc":{"Scritto da":"admin","Tempo di lettura stimato":"1 minuto"},"schema":{"@context":"https:\/\/schema.org","@graph":[{"@type":"Article","@id":"https:\/\/news.save.ch\/schweiz-erste-anklage-wegen-weltweitem-phishing\/#article","isPartOf":{"@id":"https:\/\/news.save.ch\/schweiz-erste-anklage-wegen-weltweitem-phishing\/"},"author":{"name":"admin","@id":"https:\/\/news.save.ch\/de\/#\/schema\/person\/d49e199490bad7c70d64b9ab51142f2b"},"headline":"Schweiz: Erste Anklage wegen weltweitem \u201ePhishing\u201c","datePublished":"2016-08-23T15:27:02+00:00","dateModified":"2023-03-14T07:57:14+00:00","mainEntityOfPage":{"@id":"https:\/\/news.save.ch\/schweiz-erste-anklage-wegen-weltweitem-phishing\/"},"wordCount":224,"commentCount":0,"publisher":{"@id":"https:\/\/news.save.ch\/de\/#organization"},"image":{"@id":"https:\/\/news.save.ch\/schweiz-erste-anklage-wegen-weltweitem-phishing\/#primaryimage"},"thumbnailUrl":"https:\/\/news.save.ch\/wp-content\/uploads\/2016\/12\/Schweiz-Erste-Anklage-wegen-weltweitem-\u201ePhishing-it-security.jpg","keywords":["Cyber-Crime","IT-SECURITY"],"articleSection":["DIGITALISIERUNG"],"inLanguage":"it-IT"},{"@type":"WebPage","@id":"https:\/\/news.save.ch\/schweiz-erste-anklage-wegen-weltweitem-phishing\/","url":"https:\/\/news.save.ch\/schweiz-erste-anklage-wegen-weltweitem-phishing\/","name":"Svizzera: prima incriminazione per \"phishing\" a livello mondiale - Save","isPartOf":{"@id":"https:\/\/news.save.ch\/de\/#website"},"primaryImageOfPage":{"@id":"https:\/\/news.save.ch\/schweiz-erste-anklage-wegen-weltweitem-phishing\/#primaryimage"},"image":{"@id":"https:\/\/news.save.ch\/schweiz-erste-anklage-wegen-weltweitem-phishing\/#primaryimage"},"thumbnailUrl":"https:\/\/news.save.ch\/wp-content\/uploads\/2016\/12\/Schweiz-Erste-Anklage-wegen-weltweitem-\u201ePhishing-it-security.jpg","datePublished":"2016-08-23T15:27:02+00:00","dateModified":"2023-03-14T07:57:14+00:00","description":"\u00c8 la prima volta che un caso di \"phishing\" a livello mondiale viene processato in Svizzera.","breadcrumb":{"@id":"https:\/\/news.save.ch\/schweiz-erste-anklage-wegen-weltweitem-phishing\/#breadcrumb"},"inLanguage":"it-IT","potentialAction":[{"@type":"ReadAction","target":["https:\/\/news.save.ch\/schweiz-erste-anklage-wegen-weltweitem-phishing\/"]}]},{"@type":"ImageObject","inLanguage":"it-IT","@id":"https:\/\/news.save.ch\/schweiz-erste-anklage-wegen-weltweitem-phishing\/#primaryimage","url":"https:\/\/news.save.ch\/wp-content\/uploads\/2016\/12\/Schweiz-Erste-Anklage-wegen-weltweitem-\u201ePhishing-it-security.jpg","contentUrl":"https:\/\/news.save.ch\/wp-content\/uploads\/2016\/12\/Schweiz-Erste-Anklage-wegen-weltweitem-\u201ePhishing-it-security.jpg","width":1000,"height":667,"caption":"\u00a9 depositphotos"},{"@type":"BreadcrumbList","@id":"https:\/\/news.save.ch\/schweiz-erste-anklage-wegen-weltweitem-phishing\/#breadcrumb","itemListElement":[{"@type":"ListItem","position":1,"name":"Home","item":"https:\/\/news.save.ch\/de\/"},{"@type":"ListItem","position":2,"name":"Schweiz: Erste Anklage wegen weltweitem \u201ePhishing\u201c"}]},{"@type":"WebSite","@id":"https:\/\/news.save.ch\/de\/#website","url":"https:\/\/news.save.ch\/de\/","name":"Risparmiare","description":"Rivista svizzera specializzata in sicurezza","publisher":{"@id":"https:\/\/news.save.ch\/de\/#organization"},"potentialAction":[{"@type":"SearchAction","target":{"@type":"EntryPoint","urlTemplate":"https:\/\/news.save.ch\/de\/?s={search_term_string}"},"query-input":{"@type":"PropertyValueSpecification","valueRequired":true,"valueName":"search_term_string"}}],"inLanguage":"it-IT"},{"@type":"Organization","@id":"https:\/\/news.save.ch\/de\/#organization","name":"Forum sulla sicurezza","url":"https:\/\/news.save.ch\/de\/","logo":{"@type":"ImageObject","inLanguage":"it-IT","@id":"https:\/\/news.save.ch\/de\/#\/schema\/logo\/image\/","url":"https:\/\/news.save.ch\/wp-content\/uploads\/2022\/06\/Logo_SF_2012.png","contentUrl":"https:\/\/news.save.ch\/wp-content\/uploads\/2022\/06\/Logo_SF_2012.png","width":1100,"height":91,"caption":"Sicherheitsforum"},"image":{"@id":"https:\/\/news.save.ch\/de\/#\/schema\/logo\/image\/"}},{"@type":"Person","@id":"https:\/\/news.save.ch\/de\/#\/schema\/person\/d49e199490bad7c70d64b9ab51142f2b","name":"amministratore","image":{"@type":"ImageObject","inLanguage":"it-IT","@id":"https:\/\/secure.gravatar.com\/avatar\/ae2f4d718e6c49043e314ce431e7e645d646302a24a5ef5a8bc8e3f5a032e319?s=96&d=mm&r=g","url":"https:\/\/secure.gravatar.com\/avatar\/ae2f4d718e6c49043e314ce431e7e645d646302a24a5ef5a8bc8e3f5a032e319?s=96&d=mm&r=g","contentUrl":"https:\/\/secure.gravatar.com\/avatar\/ae2f4d718e6c49043e314ce431e7e645d646302a24a5ef5a8bc8e3f5a032e319?s=96&d=mm&r=g","caption":"admin"},"sameAs":["https:\/\/develop.organisator.galledia.ch"],"url":"https:\/\/news.save.ch\/it\/author\/admin\/"}]}},"_links":{"self":[{"href":"https:\/\/news.save.ch\/it\/wp-json\/wp\/v2\/posts\/1304","targetHints":{"allow":["GET"]}}],"collection":[{"href":"https:\/\/news.save.ch\/it\/wp-json\/wp\/v2\/posts"}],"about":[{"href":"https:\/\/news.save.ch\/it\/wp-json\/wp\/v2\/types\/post"}],"author":[{"embeddable":true,"href":"https:\/\/news.save.ch\/it\/wp-json\/wp\/v2\/users\/1"}],"replies":[{"embeddable":true,"href":"https:\/\/news.save.ch\/it\/wp-json\/wp\/v2\/comments?post=1304"}],"version-history":[{"count":1,"href":"https:\/\/news.save.ch\/it\/wp-json\/wp\/v2\/posts\/1304\/revisions"}],"predecessor-version":[{"id":17583,"href":"https:\/\/news.save.ch\/it\/wp-json\/wp\/v2\/posts\/1304\/revisions\/17583"}],"wp:featuredmedia":[{"embeddable":true,"href":"https:\/\/news.save.ch\/it\/wp-json\/wp\/v2\/media\/1305"}],"wp:attachment":[{"href":"https:\/\/news.save.ch\/it\/wp-json\/wp\/v2\/media?parent=1304"}],"wp:term":[{"taxonomy":"category","embeddable":true,"href":"https:\/\/news.save.ch\/it\/wp-json\/wp\/v2\/categories?post=1304"},{"taxonomy":"post_tag","embeddable":true,"href":"https:\/\/news.save.ch\/it\/wp-json\/wp\/v2\/tags?post=1304"}],"curies":[{"name":"wp","href":"https:\/\/api.w.org\/{rel}","templated":true}]}}