{"id":13051,"date":"2021-11-24T09:36:38","date_gmt":"2021-11-24T08:36:38","guid":{"rendered":"https:\/\/news.save.ch\/?p=13051"},"modified":"2023-07-12T18:15:33","modified_gmt":"2023-07-12T16:15:33","slug":"florian-schuetz-wird-vorsitzender-der-oecd-arbeitsgruppe-security-in-digital-economy","status":null,"type":"post","link":"https:\/\/news.save.ch\/it\/florian-schuetz-wird-vorsitzender-der-oecd-arbeitsgruppe-security-in-digital-economy\/","title":{"rendered":"Florian Sch\u00fctz diventa presidente del gruppo di lavoro dell'OCSE sulla sicurezza nell'economia digitale"},"content":{"rendered":"<figure id=\"attachment_13054\" aria-describedby=\"caption-attachment-13054\" style=\"width: 993px\" class=\"wp-caption alignnone\"><img loading=\"lazy\" decoding=\"async\" class=\"wp-image-13054 size-full\" src=\"https:\/\/news.save.ch\/wp-content\/uploads\/2021\/11\/Schuetz_teaser.png\" alt=\"OCSE\" width=\"993\" height=\"745\" srcset=\"https:\/\/news.save.ch\/wp-content\/uploads\/2021\/11\/Schuetz_teaser.png 993w, https:\/\/news.save.ch\/wp-content\/uploads\/2021\/11\/Schuetz_teaser-375x281.png 375w\" sizes=\"auto, (max-width: 993px) 100vw, 993px\" \/><figcaption id=\"caption-attachment-13054\" class=\"wp-caption-text\">\u00a9 KEYSTONE-SDA \/ Ga\u00ebtan Bally<\/figcaption><\/figure>\n<p>Il gruppo di lavoro dell'OCSE sulla sicurezza nell'economia digitale (SDE) ha nominato Florian Sch\u00fctz, delegato della Confederazione per la sicurezza informatica, come nuovo presidente durante la riunione virtuale del 23 novembre 2021. La Svizzera contribuir\u00e0 cos\u00ec in modo significativo ad aumentare la sicurezza nello spazio digitale globale. Inoltre, l'impegno internazionale \u00e8 un altro importante pilastro nell'attuazione della strategia nazionale per la protezione della Svizzera dai rischi informatici (NCS).<\/p>\n<p>Il gruppo di lavoro dell'OCSE sulla sicurezza nell'economia digitale (SDE), istituito nel 2019, sviluppa analisi politiche, orientamenti pratici e raccomandazioni per creare fiducia nella trasformazione digitale e promuovere la resilienza, la continuit\u00e0 e la sicurezza delle attivit\u00e0 critiche. L'obiettivo \u00e8 aumentare la sicurezza digitale; l'attenzione \u00e8 rivolta alla gestione dei rischi per la sicurezza digitale delle attivit\u00e0 economiche e sociali e al miglioramento della sicurezza digitale di prodotti e servizi. I rapporti analitici e le raccomandazioni emesse dall'SDE sono considerati best practice e sono ampiamente seguiti.<\/p>\n<p><em>Fonte: Dipartimento federale delle finanze<\/em><\/p>","protected":false},"excerpt":{"rendered":"<p>Die OECD-Arbeitsgruppe \u00abSecurity in Digital Economy\u00bb (SDE) hat Florian Sch\u00fctz, Delegierter des Bundes f\u00fcr Cybersicherheit, an ihrer virtuell durchgef\u00fchrten Sitzung vom 23. November 2021 zu ihrem neuen Vorsitzenden ernannt. Damit wird die Schweiz einen wesentlichen Beitrag zur Erh\u00f6hung der Sicherheit im globalen digitalen Raum leisten. Zudem ist das internationale Engagement ein weiterer wichtiger Pfeiler im [&hellip;]<\/p>\n","protected":false},"author":9,"featured_media":13054,"comment_status":"closed","ping_status":"closed","sticky":false,"template":"","format":"standard","meta":{"_acf_changed":false,"pgc_sgb_lightbox_settings":"","footnotes":""},"categories":[1,3313],"tags":[1168,1227,2642,1079,5094,5095],"class_list":["post-13051","post","type-post","status-publish","format-standard","has-post-thumbnail","hentry","category-allgemein","category-digitalisierung","tag-cyber","tag-florian-schuetz","tag-oecd","tag-schweiz","tag-security-in-digital-economy","tag-vorsitzender"],"acf":[],"hkrextid":null,"publication":null,"issue":null,"workflow":null,"startPage":null,"spitzmarke":null,"_posts_by_tag_page_fields":{"widget_title":"","widget_tags":""},"_at_widget":"1","_yoast_wpseo_primary_category":"1","_yoast_wpseo_focuskw_text_input":null,"_yoast_wpseo_opengraph-image":null,"_yoast_wpseo_opengraph-description":null,"_yoast_wpseo_opengraph-title":null,"enclosure":null,"_yoast_wpseo_twitter-title":null,"_yoast_wpseo_twitter-description":null,"_yoast_wpseo_twitter-image":null,"_wp_old_slug":null,"_yoast_wpseo_title":null,"_yoast_wpseo_canonical":null,"yoast_head":"<!-- This site is optimized with the Yoast SEO plugin v27.4 - https:\/\/yoast.com\/product\/yoast-seo-wordpress\/ -->\n<title>Florian Sch\u00fctz wird Vorsitzender der OECD-Arbeitsgruppe \u00abSecurity in Digital Economy\u00bb - Save<\/title>\n<meta name=\"description\" content=\"Die Arbeitsgruppe f\u00fcr \u00abSecurity in Digital Economy\u00bb der Organisation f\u00fcr wirtschaftliche Zusammenarbeit und Entwicklung (OECD) hat am 23. November 2021 Florian Sch\u00fctz, den Delegierten des Bundes f\u00fcr Cybersicherheit, per 1. Januar 2022 zu ihrem neuen Vorsitzenden ernannt.\" \/>\n<meta name=\"robots\" content=\"index, follow, max-snippet:-1, max-image-preview:large, max-video-preview:-1\" \/>\n<link rel=\"canonical\" href=\"https:\/\/news.save.ch\/it\/florian-schuetz-wird-vorsitzender-der-oecd-arbeitsgruppe-security-in-digital-economy\/\" \/>\n<meta property=\"og:locale\" content=\"it_IT\" \/>\n<meta property=\"og:type\" content=\"article\" \/>\n<meta property=\"og:title\" content=\"Florian Sch\u00fctz wird Vorsitzender der OECD-Arbeitsgruppe \u00abSecurity in Digital Economy\u00bb - Save\" \/>\n<meta property=\"og:description\" content=\"Die Arbeitsgruppe f\u00fcr \u00abSecurity in Digital Economy\u00bb der Organisation f\u00fcr wirtschaftliche Zusammenarbeit und Entwicklung (OECD) hat am 23. November 2021 Florian Sch\u00fctz, den Delegierten des Bundes f\u00fcr Cybersicherheit, per 1. Januar 2022 zu ihrem neuen Vorsitzenden ernannt.\" \/>\n<meta property=\"og:url\" content=\"https:\/\/news.save.ch\/it\/florian-schuetz-wird-vorsitzender-der-oecd-arbeitsgruppe-security-in-digital-economy\/\" \/>\n<meta property=\"og:site_name\" content=\"Save\" \/>\n<meta property=\"article:published_time\" content=\"2021-11-24T08:36:38+00:00\" \/>\n<meta property=\"article:modified_time\" content=\"2023-07-12T16:15:33+00:00\" \/>\n<meta property=\"og:image\" content=\"https:\/\/news.save.ch\/wp-content\/uploads\/2021\/11\/Schuetz_teaser.png\" \/>\n\t<meta property=\"og:image:width\" content=\"993\" \/>\n\t<meta property=\"og:image:height\" content=\"745\" \/>\n\t<meta property=\"og:image:type\" content=\"image\/png\" \/>\n<meta name=\"author\" content=\"Simon Gr\u00f6flin\" \/>\n<meta name=\"twitter:card\" content=\"summary_large_image\" \/>\n<meta name=\"twitter:label1\" content=\"Scritto da\" \/>\n\t<meta name=\"twitter:data1\" content=\"Simon Gr\u00f6flin\" \/>\n\t<meta name=\"twitter:label2\" content=\"Tempo di lettura stimato\" \/>\n\t<meta name=\"twitter:data2\" content=\"2 minuti\" \/>\n<script type=\"application\/ld+json\" class=\"yoast-schema-graph\">{\"@context\":\"https:\\\/\\\/schema.org\",\"@graph\":[{\"@type\":\"Article\",\"@id\":\"https:\\\/\\\/news.save.ch\\\/florian-schuetz-wird-vorsitzender-der-oecd-arbeitsgruppe-security-in-digital-economy\\\/#article\",\"isPartOf\":{\"@id\":\"https:\\\/\\\/news.save.ch\\\/florian-schuetz-wird-vorsitzender-der-oecd-arbeitsgruppe-security-in-digital-economy\\\/\"},\"author\":{\"name\":\"Simon Gr\u00f6flin\",\"@id\":\"https:\\\/\\\/news.save.ch\\\/de\\\/#\\\/schema\\\/person\\\/ad4ef21102fd6125312409ac57d5296d\"},\"headline\":\"Florian Sch\u00fctz wird Vorsitzender der OECD-Arbeitsgruppe \u00abSecurity in Digital Economy\u00bb\",\"datePublished\":\"2021-11-24T08:36:38+00:00\",\"dateModified\":\"2023-07-12T16:15:33+00:00\",\"mainEntityOfPage\":{\"@id\":\"https:\\\/\\\/news.save.ch\\\/florian-schuetz-wird-vorsitzender-der-oecd-arbeitsgruppe-security-in-digital-economy\\\/\"},\"wordCount\":184,\"publisher\":{\"@id\":\"https:\\\/\\\/news.save.ch\\\/de\\\/#organization\"},\"image\":{\"@id\":\"https:\\\/\\\/news.save.ch\\\/florian-schuetz-wird-vorsitzender-der-oecd-arbeitsgruppe-security-in-digital-economy\\\/#primaryimage\"},\"thumbnailUrl\":\"https:\\\/\\\/news.save.ch\\\/wp-content\\\/uploads\\\/2021\\\/11\\\/Schuetz_teaser.png\",\"keywords\":[\"cyber\",\"Florian Sch\u00fctz\",\"OECD\",\"Schweiz\",\"Security in Digital Economy\",\"Vorsitzender\"],\"articleSection\":[\"ALLGEMEIN\",\"DIGITALISIERUNG\"],\"inLanguage\":\"it-IT\"},{\"@type\":\"WebPage\",\"@id\":\"https:\\\/\\\/news.save.ch\\\/florian-schuetz-wird-vorsitzender-der-oecd-arbeitsgruppe-security-in-digital-economy\\\/\",\"url\":\"https:\\\/\\\/news.save.ch\\\/florian-schuetz-wird-vorsitzender-der-oecd-arbeitsgruppe-security-in-digital-economy\\\/\",\"name\":\"Florian Sch\u00fctz wird Vorsitzender der OECD-Arbeitsgruppe \u00abSecurity in Digital Economy\u00bb - Save\",\"isPartOf\":{\"@id\":\"https:\\\/\\\/news.save.ch\\\/de\\\/#website\"},\"primaryImageOfPage\":{\"@id\":\"https:\\\/\\\/news.save.ch\\\/florian-schuetz-wird-vorsitzender-der-oecd-arbeitsgruppe-security-in-digital-economy\\\/#primaryimage\"},\"image\":{\"@id\":\"https:\\\/\\\/news.save.ch\\\/florian-schuetz-wird-vorsitzender-der-oecd-arbeitsgruppe-security-in-digital-economy\\\/#primaryimage\"},\"thumbnailUrl\":\"https:\\\/\\\/news.save.ch\\\/wp-content\\\/uploads\\\/2021\\\/11\\\/Schuetz_teaser.png\",\"datePublished\":\"2021-11-24T08:36:38+00:00\",\"dateModified\":\"2023-07-12T16:15:33+00:00\",\"description\":\"Die Arbeitsgruppe f\u00fcr \u00abSecurity in Digital Economy\u00bb der Organisation f\u00fcr wirtschaftliche Zusammenarbeit und Entwicklung (OECD) hat am 23. November 2021 Florian Sch\u00fctz, den Delegierten des Bundes f\u00fcr Cybersicherheit, per 1. Januar 2022 zu ihrem neuen Vorsitzenden ernannt.\",\"breadcrumb\":{\"@id\":\"https:\\\/\\\/news.save.ch\\\/florian-schuetz-wird-vorsitzender-der-oecd-arbeitsgruppe-security-in-digital-economy\\\/#breadcrumb\"},\"inLanguage\":\"it-IT\",\"potentialAction\":[{\"@type\":\"ReadAction\",\"target\":[\"https:\\\/\\\/news.save.ch\\\/florian-schuetz-wird-vorsitzender-der-oecd-arbeitsgruppe-security-in-digital-economy\\\/\"]}]},{\"@type\":\"ImageObject\",\"inLanguage\":\"it-IT\",\"@id\":\"https:\\\/\\\/news.save.ch\\\/florian-schuetz-wird-vorsitzender-der-oecd-arbeitsgruppe-security-in-digital-economy\\\/#primaryimage\",\"url\":\"https:\\\/\\\/news.save.ch\\\/wp-content\\\/uploads\\\/2021\\\/11\\\/Schuetz_teaser.png\",\"contentUrl\":\"https:\\\/\\\/news.save.ch\\\/wp-content\\\/uploads\\\/2021\\\/11\\\/Schuetz_teaser.png\",\"width\":993,\"height\":745,\"caption\":\"Florian Sch\u00fctz wird Vorsitzender der OECD-Arbeitsgruppe \u00abSecurity in Digital Economy\u00bb\"},{\"@type\":\"BreadcrumbList\",\"@id\":\"https:\\\/\\\/news.save.ch\\\/florian-schuetz-wird-vorsitzender-der-oecd-arbeitsgruppe-security-in-digital-economy\\\/#breadcrumb\",\"itemListElement\":[{\"@type\":\"ListItem\",\"position\":1,\"name\":\"Home\",\"item\":\"https:\\\/\\\/news.save.ch\\\/de\\\/\"},{\"@type\":\"ListItem\",\"position\":2,\"name\":\"Florian Sch\u00fctz wird Vorsitzender der OECD-Arbeitsgruppe \u00abSecurity in Digital Economy\u00bb\"}]},{\"@type\":\"WebSite\",\"@id\":\"https:\\\/\\\/news.save.ch\\\/de\\\/#website\",\"url\":\"https:\\\/\\\/news.save.ch\\\/de\\\/\",\"name\":\"Save\",\"description\":\"Schweizer Fachzeitschrift f\u00fcr Sicherheit\",\"publisher\":{\"@id\":\"https:\\\/\\\/news.save.ch\\\/de\\\/#organization\"},\"potentialAction\":[{\"@type\":\"SearchAction\",\"target\":{\"@type\":\"EntryPoint\",\"urlTemplate\":\"https:\\\/\\\/news.save.ch\\\/de\\\/?s={search_term_string}\"},\"query-input\":{\"@type\":\"PropertyValueSpecification\",\"valueRequired\":true,\"valueName\":\"search_term_string\"}}],\"inLanguage\":\"it-IT\"},{\"@type\":\"Organization\",\"@id\":\"https:\\\/\\\/news.save.ch\\\/de\\\/#organization\",\"name\":\"Sicherheitsforum\",\"url\":\"https:\\\/\\\/news.save.ch\\\/de\\\/\",\"logo\":{\"@type\":\"ImageObject\",\"inLanguage\":\"it-IT\",\"@id\":\"https:\\\/\\\/news.save.ch\\\/de\\\/#\\\/schema\\\/logo\\\/image\\\/\",\"url\":\"https:\\\/\\\/news.save.ch\\\/wp-content\\\/uploads\\\/2022\\\/06\\\/Logo_SF_2012.png\",\"contentUrl\":\"https:\\\/\\\/news.save.ch\\\/wp-content\\\/uploads\\\/2022\\\/06\\\/Logo_SF_2012.png\",\"width\":1100,\"height\":91,\"caption\":\"Sicherheitsforum\"},\"image\":{\"@id\":\"https:\\\/\\\/news.save.ch\\\/de\\\/#\\\/schema\\\/logo\\\/image\\\/\"}},{\"@type\":\"Person\",\"@id\":\"https:\\\/\\\/news.save.ch\\\/de\\\/#\\\/schema\\\/person\\\/ad4ef21102fd6125312409ac57d5296d\",\"name\":\"Simon Gr\u00f6flin\",\"image\":{\"@type\":\"ImageObject\",\"inLanguage\":\"it-IT\",\"@id\":\"https:\\\/\\\/secure.gravatar.com\\\/avatar\\\/6ddceb80eb734354635539e0ea5140bb7c41e42de7c45c9a2ab9921b5d5c9a83?s=96&d=mm&r=g\",\"url\":\"https:\\\/\\\/secure.gravatar.com\\\/avatar\\\/6ddceb80eb734354635539e0ea5140bb7c41e42de7c45c9a2ab9921b5d5c9a83?s=96&d=mm&r=g\",\"contentUrl\":\"https:\\\/\\\/secure.gravatar.com\\\/avatar\\\/6ddceb80eb734354635539e0ea5140bb7c41e42de7c45c9a2ab9921b5d5c9a83?s=96&d=mm&r=g\",\"caption\":\"Simon Gr\u00f6flin\"},\"url\":\"https:\\\/\\\/news.save.ch\\\/it\\\/author\\\/simon-groeflin\\\/\"}]}<\/script>\n<!-- \/ Yoast SEO plugin. -->","yoast_head_json":{"title":"Florian Sch\u00fctz diventa presidente del gruppo di lavoro dell'OCSE sulla sicurezza nell'economia digitale - Save","description":"Il 23 novembre 2021, il Gruppo di lavoro sulla sicurezza nell'economia digitale dell'Organizzazione per la cooperazione e lo sviluppo economico (OCSE) ha nominato Florian Sch\u00fctz, delegato della Confederazione per la sicurezza informatica, come nuovo presidente a partire dal 1\u00b0 gennaio 2022.","robots":{"index":"index","follow":"follow","max-snippet":"max-snippet:-1","max-image-preview":"max-image-preview:large","max-video-preview":"max-video-preview:-1"},"canonical":"https:\/\/news.save.ch\/it\/florian-schuetz-wird-vorsitzender-der-oecd-arbeitsgruppe-security-in-digital-economy\/","og_locale":"it_IT","og_type":"article","og_title":"Florian Sch\u00fctz wird Vorsitzender der OECD-Arbeitsgruppe \u00abSecurity in Digital Economy\u00bb - Save","og_description":"Die Arbeitsgruppe f\u00fcr \u00abSecurity in Digital Economy\u00bb der Organisation f\u00fcr wirtschaftliche Zusammenarbeit und Entwicklung (OECD) hat am 23. November 2021 Florian Sch\u00fctz, den Delegierten des Bundes f\u00fcr Cybersicherheit, per 1. Januar 2022 zu ihrem neuen Vorsitzenden ernannt.","og_url":"https:\/\/news.save.ch\/it\/florian-schuetz-wird-vorsitzender-der-oecd-arbeitsgruppe-security-in-digital-economy\/","og_site_name":"Save","article_published_time":"2021-11-24T08:36:38+00:00","article_modified_time":"2023-07-12T16:15:33+00:00","og_image":[{"width":993,"height":745,"url":"https:\/\/news.save.ch\/wp-content\/uploads\/2021\/11\/Schuetz_teaser.png","type":"image\/png"}],"author":"Simon Gr\u00f6flin","twitter_card":"summary_large_image","twitter_misc":{"Scritto da":"Simon Gr\u00f6flin","Tempo di lettura stimato":"2 minuti"},"schema":{"@context":"https:\/\/schema.org","@graph":[{"@type":"Article","@id":"https:\/\/news.save.ch\/florian-schuetz-wird-vorsitzender-der-oecd-arbeitsgruppe-security-in-digital-economy\/#article","isPartOf":{"@id":"https:\/\/news.save.ch\/florian-schuetz-wird-vorsitzender-der-oecd-arbeitsgruppe-security-in-digital-economy\/"},"author":{"name":"Simon Gr\u00f6flin","@id":"https:\/\/news.save.ch\/de\/#\/schema\/person\/ad4ef21102fd6125312409ac57d5296d"},"headline":"Florian Sch\u00fctz wird Vorsitzender der OECD-Arbeitsgruppe \u00abSecurity in Digital Economy\u00bb","datePublished":"2021-11-24T08:36:38+00:00","dateModified":"2023-07-12T16:15:33+00:00","mainEntityOfPage":{"@id":"https:\/\/news.save.ch\/florian-schuetz-wird-vorsitzender-der-oecd-arbeitsgruppe-security-in-digital-economy\/"},"wordCount":184,"publisher":{"@id":"https:\/\/news.save.ch\/de\/#organization"},"image":{"@id":"https:\/\/news.save.ch\/florian-schuetz-wird-vorsitzender-der-oecd-arbeitsgruppe-security-in-digital-economy\/#primaryimage"},"thumbnailUrl":"https:\/\/news.save.ch\/wp-content\/uploads\/2021\/11\/Schuetz_teaser.png","keywords":["cyber","Florian Sch\u00fctz","OECD","Schweiz","Security in Digital Economy","Vorsitzender"],"articleSection":["ALLGEMEIN","DIGITALISIERUNG"],"inLanguage":"it-IT"},{"@type":"WebPage","@id":"https:\/\/news.save.ch\/florian-schuetz-wird-vorsitzender-der-oecd-arbeitsgruppe-security-in-digital-economy\/","url":"https:\/\/news.save.ch\/florian-schuetz-wird-vorsitzender-der-oecd-arbeitsgruppe-security-in-digital-economy\/","name":"Florian Sch\u00fctz diventa presidente del gruppo di lavoro dell'OCSE sulla sicurezza nell'economia digitale - Save","isPartOf":{"@id":"https:\/\/news.save.ch\/de\/#website"},"primaryImageOfPage":{"@id":"https:\/\/news.save.ch\/florian-schuetz-wird-vorsitzender-der-oecd-arbeitsgruppe-security-in-digital-economy\/#primaryimage"},"image":{"@id":"https:\/\/news.save.ch\/florian-schuetz-wird-vorsitzender-der-oecd-arbeitsgruppe-security-in-digital-economy\/#primaryimage"},"thumbnailUrl":"https:\/\/news.save.ch\/wp-content\/uploads\/2021\/11\/Schuetz_teaser.png","datePublished":"2021-11-24T08:36:38+00:00","dateModified":"2023-07-12T16:15:33+00:00","description":"Il 23 novembre 2021, il Gruppo di lavoro sulla sicurezza nell'economia digitale dell'Organizzazione per la cooperazione e lo sviluppo economico (OCSE) ha nominato Florian Sch\u00fctz, delegato della Confederazione per la sicurezza informatica, come nuovo presidente a partire dal 1\u00b0 gennaio 2022.","breadcrumb":{"@id":"https:\/\/news.save.ch\/florian-schuetz-wird-vorsitzender-der-oecd-arbeitsgruppe-security-in-digital-economy\/#breadcrumb"},"inLanguage":"it-IT","potentialAction":[{"@type":"ReadAction","target":["https:\/\/news.save.ch\/florian-schuetz-wird-vorsitzender-der-oecd-arbeitsgruppe-security-in-digital-economy\/"]}]},{"@type":"ImageObject","inLanguage":"it-IT","@id":"https:\/\/news.save.ch\/florian-schuetz-wird-vorsitzender-der-oecd-arbeitsgruppe-security-in-digital-economy\/#primaryimage","url":"https:\/\/news.save.ch\/wp-content\/uploads\/2021\/11\/Schuetz_teaser.png","contentUrl":"https:\/\/news.save.ch\/wp-content\/uploads\/2021\/11\/Schuetz_teaser.png","width":993,"height":745,"caption":"Florian Sch\u00fctz wird Vorsitzender der OECD-Arbeitsgruppe \u00abSecurity in Digital Economy\u00bb"},{"@type":"BreadcrumbList","@id":"https:\/\/news.save.ch\/florian-schuetz-wird-vorsitzender-der-oecd-arbeitsgruppe-security-in-digital-economy\/#breadcrumb","itemListElement":[{"@type":"ListItem","position":1,"name":"Home","item":"https:\/\/news.save.ch\/de\/"},{"@type":"ListItem","position":2,"name":"Florian Sch\u00fctz wird Vorsitzender der OECD-Arbeitsgruppe \u00abSecurity in Digital Economy\u00bb"}]},{"@type":"WebSite","@id":"https:\/\/news.save.ch\/de\/#website","url":"https:\/\/news.save.ch\/de\/","name":"Risparmiare","description":"Rivista svizzera specializzata in sicurezza","publisher":{"@id":"https:\/\/news.save.ch\/de\/#organization"},"potentialAction":[{"@type":"SearchAction","target":{"@type":"EntryPoint","urlTemplate":"https:\/\/news.save.ch\/de\/?s={search_term_string}"},"query-input":{"@type":"PropertyValueSpecification","valueRequired":true,"valueName":"search_term_string"}}],"inLanguage":"it-IT"},{"@type":"Organization","@id":"https:\/\/news.save.ch\/de\/#organization","name":"Forum sulla sicurezza","url":"https:\/\/news.save.ch\/de\/","logo":{"@type":"ImageObject","inLanguage":"it-IT","@id":"https:\/\/news.save.ch\/de\/#\/schema\/logo\/image\/","url":"https:\/\/news.save.ch\/wp-content\/uploads\/2022\/06\/Logo_SF_2012.png","contentUrl":"https:\/\/news.save.ch\/wp-content\/uploads\/2022\/06\/Logo_SF_2012.png","width":1100,"height":91,"caption":"Sicherheitsforum"},"image":{"@id":"https:\/\/news.save.ch\/de\/#\/schema\/logo\/image\/"}},{"@type":"Person","@id":"https:\/\/news.save.ch\/de\/#\/schema\/person\/ad4ef21102fd6125312409ac57d5296d","name":"Simon Gr\u00f6flin","image":{"@type":"ImageObject","inLanguage":"it-IT","@id":"https:\/\/secure.gravatar.com\/avatar\/6ddceb80eb734354635539e0ea5140bb7c41e42de7c45c9a2ab9921b5d5c9a83?s=96&d=mm&r=g","url":"https:\/\/secure.gravatar.com\/avatar\/6ddceb80eb734354635539e0ea5140bb7c41e42de7c45c9a2ab9921b5d5c9a83?s=96&d=mm&r=g","contentUrl":"https:\/\/secure.gravatar.com\/avatar\/6ddceb80eb734354635539e0ea5140bb7c41e42de7c45c9a2ab9921b5d5c9a83?s=96&d=mm&r=g","caption":"Simon Gr\u00f6flin"},"url":"https:\/\/news.save.ch\/it\/author\/simon-groeflin\/"}]}},"_links":{"self":[{"href":"https:\/\/news.save.ch\/it\/wp-json\/wp\/v2\/posts\/13051","targetHints":{"allow":["GET"]}}],"collection":[{"href":"https:\/\/news.save.ch\/it\/wp-json\/wp\/v2\/posts"}],"about":[{"href":"https:\/\/news.save.ch\/it\/wp-json\/wp\/v2\/types\/post"}],"author":[{"embeddable":true,"href":"https:\/\/news.save.ch\/it\/wp-json\/wp\/v2\/users\/9"}],"replies":[{"embeddable":true,"href":"https:\/\/news.save.ch\/it\/wp-json\/wp\/v2\/comments?post=13051"}],"version-history":[{"count":3,"href":"https:\/\/news.save.ch\/it\/wp-json\/wp\/v2\/posts\/13051\/revisions"}],"predecessor-version":[{"id":20750,"href":"https:\/\/news.save.ch\/it\/wp-json\/wp\/v2\/posts\/13051\/revisions\/20750"}],"wp:featuredmedia":[{"embeddable":true,"href":"https:\/\/news.save.ch\/it\/wp-json\/wp\/v2\/media\/13054"}],"wp:attachment":[{"href":"https:\/\/news.save.ch\/it\/wp-json\/wp\/v2\/media?parent=13051"}],"wp:term":[{"taxonomy":"category","embeddable":true,"href":"https:\/\/news.save.ch\/it\/wp-json\/wp\/v2\/categories?post=13051"},{"taxonomy":"post_tag","embeddable":true,"href":"https:\/\/news.save.ch\/it\/wp-json\/wp\/v2\/tags?post=13051"}],"curies":[{"name":"wp","href":"https:\/\/api.w.org\/{rel}","templated":true}]}}