{"id":13083,"date":"2021-11-26T10:01:28","date_gmt":"2021-11-26T09:01:28","guid":{"rendered":"https:\/\/news.save.ch\/?p=13083"},"modified":"2023-07-12T17:50:56","modified_gmt":"2023-07-12T15:50:56","slug":"neun-ziele-fuer-die-schweizer-sicherheitspolitik","status":null,"type":"post","link":"https:\/\/news.save.ch\/it\/neun-ziele-fuer-die-schweizer-sicherheitspolitik\/","title":{"rendered":"Nove obiettivi per la politica di sicurezza della Svizzera"},"content":{"rendered":"<figure id=\"attachment_13088\" aria-describedby=\"caption-attachment-13088\" style=\"width: 1000px\" class=\"wp-caption alignnone\"><img loading=\"lazy\" decoding=\"async\" class=\"wp-image-13088 size-full\" src=\"https:\/\/news.save.ch\/wp-content\/uploads\/2021\/11\/Depositphotos_116305310_S.jpg\" alt=\"Rapporto sulla situazione della politica di sicurezza\" width=\"1000\" height=\"582\" srcset=\"https:\/\/news.save.ch\/wp-content\/uploads\/2021\/11\/Depositphotos_116305310_S.jpg 1000w, https:\/\/news.save.ch\/wp-content\/uploads\/2021\/11\/Depositphotos_116305310_S-375x218.jpg 375w\" sizes=\"auto, (max-width: 1000px) 100vw, 1000px\" \/><figcaption id=\"caption-attachment-13088\" class=\"wp-caption-text\">\u00a9depositphotos<\/figcaption><\/figure>\n<p>Come ha detto la Consigliera federale Viola Amherd durante una presentazione all'ETH qualche settimana fa <a href=\"https:\/\/news.save.ch\/it\/eine-sichere-schweiz-was-wir-dafuer-tun-wollen-und-muessen\/\" target=\"_blank\" rel=\"noopener\">ha sottolineato<\/a>il mondo \u00e8 diventato pi\u00f9 insicuro negli ultimi anni. In generale, c'\u00e8 stata una tendenza pi\u00f9 forte nella politica di potere. Le tensioni e l'instabilit\u00e0 internazionali sono aumentate. Anche il Consiglio federale riprende questa situazione iniziale nel suo <a href=\"https:\/\/www.newsd.admin.ch\/newsd\/message\/attachments\/69203.pdf\" target=\"_blank\" rel=\"noopener\">nuovo rapporto sulla politica di sicurezza<\/a> che il Consiglio federale ha adottato il 24 novembre 2021. In sostanza, \u00e8 importante concentrarsi sul rafforzamento della protezione informatica e della protezione dalla disinformazione. L'attenzione \u00e8 rivolta anche al rafforzamento della resilienza, della sicurezza degli approvvigionamenti e della cooperazione internazionale. Il nuovo rapporto sulle politiche di sicurezza \u00e8 significativamente pi\u00f9 breve rispetto ai rapporti precedenti. Il Consiglio federale intende inoltre presentare tali rapporti a intervalli pi\u00f9 brevi in futuro, ossia una volta per legislatura.<\/p>\n<h2>Aumento delle tensioni internazionali<\/h2>\n<p>Secondo il DDPS, negli ultimi anni il mondo \u00e8 diventato pi\u00f9 insicuro. C'\u00e8 una rinnovata attenzione alla politica di potenza e sono aumentate le tensioni e l'instabilit\u00e0 internazionali. Nel suo nuovo rapporto sulla politica di sicurezza, il Consiglio federale analizza questi sviluppi e mostra come intende contrastare l'inasprimento del contesto. Il rapporto, adottato dal Consiglio federale il 24 novembre 2021, definisce nove obiettivi per la politica di sicurezza svizzera nei prossimi anni, tra cui una maggiore protezione contro le minacce informatiche e la disinformazione, ma anche il rafforzamento della resilienza, della sicurezza dell'approvvigionamento e della cooperazione internazionale.<\/p>\n<h2>Nove obiettivi della politica di sicurezza<\/h2>\n<p>\u00c8 aumentato il ricorso a mezzi \"ibridi\" di gestione dei conflitti, tra cui attacchi informatici, disinformazione e attivit\u00e0 di influenza. Tuttavia, secondo il DDPS, anche i mezzi militari convenzionali vengono nuovamente utilizzati in misura maggiore per perseguire i propri interessi. Oltre agli aspetti positivi, l'avanzamento della digitalizzazione ha anche aumentato la vulnerabilit\u00e0 dello Stato, dell'economia e della societ\u00e0. Gli eventi meteorologici estremi sono in aumento a causa del cambiamento climatico e i pericoli posti dalle pandemie sono stati drasticamente confermati dalla pandemia Covid 19. Alla luce di questa situazione iniziale, il Consiglio federale ha formulato nove obiettivi di politica di sicurezza:<\/p>\n<p>1) un ulteriore rafforzamento dell'individuazione precoce di minacce, pericoli e crisi, al fine di identificare il prima possibile i rischi per la Svizzera in una situazione di crescente instabilit\u00e0;<\/p>\n<p>2) rafforzare la cooperazione, la stabilit\u00e0 e la sicurezza internazionali, sostenendo un ordine internazionale basato sulle regole e utilizzando mezzi civili e militari per contribuire a promuovere la stabilit\u00e0 e la sicurezza nell'area circostante;<\/p>\n<p>3) una maggiore attenzione alla gestione dei conflitti ibridi per aumentare la protezione e la resilienza dello Stato, dell'economia e della societ\u00e0 contro fenomeni come gli attacchi informatici e la disinformazione e, in particolare, per allineare ancora di pi\u00f9 i mezzi delle forze armate al mutato quadro dei conflitti;<\/p>\n<p>4) una libera formazione delle opinioni e un'informazione non distorta, in modo che il dibattito pubblico e politico in Svizzera possa svolgersi in modo libero e trasparente, sulla base di fatti e senza disinformazione, tentativi di influenza e propaganda dall'esterno;<\/p>\n<p>5) Rafforzare la protezione contro le minacce informatiche per migliorare ulteriormente la resilienza complessiva della Svizzera ai rischi informatici, sfruttando sia i rischi che le opportunit\u00e0 della digitalizzazione e delle nuove tecnologie;<\/p>\n<p>6) Prevenire il terrorismo, l'estremismo violento, la criminalit\u00e0 organizzata e altre forme di criminalit\u00e0 transnazionale, in modo che nessun gruppo terroristico, estremista violento o criminale grave possa stabilirsi sul territorio svizzero;<\/p>\n<p>7) Rafforzare la resilienza e la sicurezza dell'approvvigionamento in caso di crisi internazionali, in modo che la Svizzera possa mantenere la propria capacit\u00e0 di funzionamento e di azione anche in caso di interruzioni prolungate dell'approvvigionamento;<\/p>\n<p>8) Migliorare la protezione dalle catastrofi e dalle emergenze e la capacit\u00e0 di rigenerazione per rafforzare i mezzi di prevenzione e gestione di tali rischi a fronte di rischi crescenti (come quelli posti dal cambiamento climatico);<\/p>\n<p>9) Rafforzare la cooperazione tra agenzie e la gestione delle crisi per migliorare ulteriormente la cooperazione tra tutti gli attori, sia in situazioni normali che di crisi, data la volatilit\u00e0 della situazione e il nesso tra minacce e pericoli.<\/p>\n<p>Per raggiungere gli obiettivi, \u00e8 necessaria una stretta collaborazione tra i settori politici (politica estera, politica economica, informazione e comunicazione) e i singoli strumenti della politica di sicurezza (esercito, protezione civile, servizi segreti, polizia, amministrazione doganale, servizio civile), conclude il rapporto.<\/p>\n<p>Il <a href=\"https:\/\/www.newsd.admin.ch\/newsd\/message\/attachments\/69203.pdf\" target=\"_blank\" rel=\"noopener\">Rapporto sulla politica di sicurezza<\/a> sar\u00e0 ora presentato al Parlamento.<\/p>\n<p><em>Fonte: VBS<\/em><\/p>\n<p>&nbsp;<\/p>","protected":false},"excerpt":{"rendered":"<p>Wie schon Bundesr\u00e4tin Viola Amherd anl\u00e4sslich eines Referats an der ETH vor einigen Wochen betont hat, sei die Welt in den letzten Jahren unsicherer geworden. Allgemein sei eine st\u00e4rkere Tendenz bei der Machtpolitik auszumachen. Die internationalen Spannungen sowie die Instabilit\u00e4t h\u00e4tten zugenommen. Diese Ausgangslage greift der Bundesrat auch in seinem neuen sicherheitspolitischen Bericht auf, den [&hellip;]<\/p>\n","protected":false},"author":9,"featured_media":13088,"comment_status":"closed","ping_status":"closed","sticky":false,"template":"","format":"standard","meta":{"_acf_changed":false,"pgc_sgb_lightbox_settings":"","footnotes":""},"categories":[1],"tags":[5085,5086,1430,1079,310,1319,1494,922,3469],"class_list":["post-13083","post","type-post","status-publish","format-standard","has-post-thumbnail","hentry","category-allgemein","tag-cyberschutz","tag-desinformation","tag-resilienz","tag-schweiz","tag-sicherheit","tag-sicherheit-schweiz","tag-sicherheitspolitik","tag-vbs","tag-versorgungssicherheit"],"acf":[],"hkrextid":null,"publication":null,"issue":null,"workflow":null,"startPage":null,"spitzmarke":null,"_posts_by_tag_page_fields":{"widget_title":"","widget_tags":""},"_at_widget":"1","_yoast_wpseo_primary_category":"","_yoast_wpseo_focuskw_text_input":null,"_yoast_wpseo_opengraph-image":null,"_yoast_wpseo_opengraph-description":null,"_yoast_wpseo_opengraph-title":null,"enclosure":null,"_yoast_wpseo_twitter-title":null,"_yoast_wpseo_twitter-description":null,"_yoast_wpseo_twitter-image":null,"_wp_old_slug":null,"_yoast_wpseo_title":null,"_yoast_wpseo_canonical":null,"yoast_head":"<!-- This site is optimized with the Yoast SEO plugin v27.5 - https:\/\/yoast.com\/product\/yoast-seo-wordpress\/ -->\n<title>Neun Ziele f\u00fcr die Schweizer Sicherheitspolitik - Save<\/title>\n<meta name=\"description\" content=\"Der neue sicherheitspolitische Lagebericht der Schweiz ist erschienen. Der Bericht, den der Bundesrat am 24. November 2021 verabschiedet hat, definiert neun sicherheitspolitische Ziele f\u00fcr die n\u00e4chsten Jahre, darunter ein verst\u00e4rkter Cyberschutz, aber auch die St\u00e4rkung von Resilienz, der Versorgungssicherheit und ein Fokus auf die internationale Zusammenarbeit.\" \/>\n<meta name=\"robots\" content=\"index, follow, max-snippet:-1, max-image-preview:large, max-video-preview:-1\" \/>\n<link rel=\"canonical\" href=\"https:\/\/news.save.ch\/it\/neun-ziele-fuer-die-schweizer-sicherheitspolitik\/\" \/>\n<meta property=\"og:locale\" content=\"it_IT\" \/>\n<meta property=\"og:type\" content=\"article\" \/>\n<meta property=\"og:title\" content=\"Neun Ziele f\u00fcr die Schweizer Sicherheitspolitik - Save\" \/>\n<meta property=\"og:description\" content=\"Der neue sicherheitspolitische Lagebericht der Schweiz ist erschienen. Der Bericht, den der Bundesrat am 24. November 2021 verabschiedet hat, definiert neun sicherheitspolitische Ziele f\u00fcr die n\u00e4chsten Jahre, darunter ein verst\u00e4rkter Cyberschutz, aber auch die St\u00e4rkung von Resilienz, der Versorgungssicherheit und ein Fokus auf die internationale Zusammenarbeit.\" \/>\n<meta property=\"og:url\" content=\"https:\/\/news.save.ch\/it\/neun-ziele-fuer-die-schweizer-sicherheitspolitik\/\" \/>\n<meta property=\"og:site_name\" content=\"Save\" \/>\n<meta property=\"article:published_time\" content=\"2021-11-26T09:01:28+00:00\" \/>\n<meta property=\"article:modified_time\" content=\"2023-07-12T15:50:56+00:00\" \/>\n<meta property=\"og:image\" content=\"https:\/\/news.save.ch\/wp-content\/uploads\/2021\/11\/Depositphotos_116305310_S.jpg\" \/>\n\t<meta property=\"og:image:width\" content=\"1000\" \/>\n\t<meta property=\"og:image:height\" content=\"582\" \/>\n\t<meta property=\"og:image:type\" content=\"image\/jpeg\" \/>\n<meta name=\"author\" content=\"Simon Gr\u00f6flin\" \/>\n<meta name=\"twitter:card\" content=\"summary_large_image\" \/>\n<meta name=\"twitter:label1\" content=\"Scritto da\" \/>\n\t<meta name=\"twitter:data1\" content=\"Simon Gr\u00f6flin\" \/>\n\t<meta name=\"twitter:label2\" content=\"Tempo di lettura stimato\" \/>\n\t<meta name=\"twitter:data2\" content=\"4 minuti\" \/>\n<script type=\"application\/ld+json\" class=\"yoast-schema-graph\">{\"@context\":\"https:\\\/\\\/schema.org\",\"@graph\":[{\"@type\":\"Article\",\"@id\":\"https:\\\/\\\/news.save.ch\\\/neun-ziele-fuer-die-schweizer-sicherheitspolitik\\\/#article\",\"isPartOf\":{\"@id\":\"https:\\\/\\\/news.save.ch\\\/neun-ziele-fuer-die-schweizer-sicherheitspolitik\\\/\"},\"author\":{\"name\":\"Simon Gr\u00f6flin\",\"@id\":\"https:\\\/\\\/news.save.ch\\\/de\\\/#\\\/schema\\\/person\\\/ad4ef21102fd6125312409ac57d5296d\"},\"headline\":\"Neun Ziele f\u00fcr die Schweizer Sicherheitspolitik\",\"datePublished\":\"2021-11-26T09:01:28+00:00\",\"dateModified\":\"2023-07-12T15:50:56+00:00\",\"mainEntityOfPage\":{\"@id\":\"https:\\\/\\\/news.save.ch\\\/neun-ziele-fuer-die-schweizer-sicherheitspolitik\\\/\"},\"wordCount\":681,\"publisher\":{\"@id\":\"https:\\\/\\\/news.save.ch\\\/de\\\/#organization\"},\"image\":{\"@id\":\"https:\\\/\\\/news.save.ch\\\/neun-ziele-fuer-die-schweizer-sicherheitspolitik\\\/#primaryimage\"},\"thumbnailUrl\":\"https:\\\/\\\/news.save.ch\\\/wp-content\\\/uploads\\\/2021\\\/11\\\/Depositphotos_116305310_S.jpg\",\"keywords\":[\"Cyberschutz\",\"Desinformation\",\"Resilienz\",\"Schweiz\",\"Sicherheit\",\"Sicherheit Schweiz\",\"Sicherheitspolitik\",\"VBS\",\"Versorgungssicherheit\"],\"articleSection\":[\"ALLGEMEIN\"],\"inLanguage\":\"it-IT\"},{\"@type\":\"WebPage\",\"@id\":\"https:\\\/\\\/news.save.ch\\\/neun-ziele-fuer-die-schweizer-sicherheitspolitik\\\/\",\"url\":\"https:\\\/\\\/news.save.ch\\\/neun-ziele-fuer-die-schweizer-sicherheitspolitik\\\/\",\"name\":\"Neun Ziele f\u00fcr die Schweizer Sicherheitspolitik - Save\",\"isPartOf\":{\"@id\":\"https:\\\/\\\/news.save.ch\\\/de\\\/#website\"},\"primaryImageOfPage\":{\"@id\":\"https:\\\/\\\/news.save.ch\\\/neun-ziele-fuer-die-schweizer-sicherheitspolitik\\\/#primaryimage\"},\"image\":{\"@id\":\"https:\\\/\\\/news.save.ch\\\/neun-ziele-fuer-die-schweizer-sicherheitspolitik\\\/#primaryimage\"},\"thumbnailUrl\":\"https:\\\/\\\/news.save.ch\\\/wp-content\\\/uploads\\\/2021\\\/11\\\/Depositphotos_116305310_S.jpg\",\"datePublished\":\"2021-11-26T09:01:28+00:00\",\"dateModified\":\"2023-07-12T15:50:56+00:00\",\"description\":\"Der neue sicherheitspolitische Lagebericht der Schweiz ist erschienen. Der Bericht, den der Bundesrat am 24. November 2021 verabschiedet hat, definiert neun sicherheitspolitische Ziele f\u00fcr die n\u00e4chsten Jahre, darunter ein verst\u00e4rkter Cyberschutz, aber auch die St\u00e4rkung von Resilienz, der Versorgungssicherheit und ein Fokus auf die internationale Zusammenarbeit.\",\"breadcrumb\":{\"@id\":\"https:\\\/\\\/news.save.ch\\\/neun-ziele-fuer-die-schweizer-sicherheitspolitik\\\/#breadcrumb\"},\"inLanguage\":\"it-IT\",\"potentialAction\":[{\"@type\":\"ReadAction\",\"target\":[\"https:\\\/\\\/news.save.ch\\\/neun-ziele-fuer-die-schweizer-sicherheitspolitik\\\/\"]}]},{\"@type\":\"ImageObject\",\"inLanguage\":\"it-IT\",\"@id\":\"https:\\\/\\\/news.save.ch\\\/neun-ziele-fuer-die-schweizer-sicherheitspolitik\\\/#primaryimage\",\"url\":\"https:\\\/\\\/news.save.ch\\\/wp-content\\\/uploads\\\/2021\\\/11\\\/Depositphotos_116305310_S.jpg\",\"contentUrl\":\"https:\\\/\\\/news.save.ch\\\/wp-content\\\/uploads\\\/2021\\\/11\\\/Depositphotos_116305310_S.jpg\",\"width\":1000,\"height\":582,\"caption\":\"\u00a9depositphotos\"},{\"@type\":\"BreadcrumbList\",\"@id\":\"https:\\\/\\\/news.save.ch\\\/neun-ziele-fuer-die-schweizer-sicherheitspolitik\\\/#breadcrumb\",\"itemListElement\":[{\"@type\":\"ListItem\",\"position\":1,\"name\":\"Home\",\"item\":\"https:\\\/\\\/news.save.ch\\\/de\\\/\"},{\"@type\":\"ListItem\",\"position\":2,\"name\":\"Neun Ziele f\u00fcr die Schweizer Sicherheitspolitik\"}]},{\"@type\":\"WebSite\",\"@id\":\"https:\\\/\\\/news.save.ch\\\/de\\\/#website\",\"url\":\"https:\\\/\\\/news.save.ch\\\/de\\\/\",\"name\":\"Save\",\"description\":\"Schweizer Fachzeitschrift f\u00fcr Sicherheit\",\"publisher\":{\"@id\":\"https:\\\/\\\/news.save.ch\\\/de\\\/#organization\"},\"potentialAction\":[{\"@type\":\"SearchAction\",\"target\":{\"@type\":\"EntryPoint\",\"urlTemplate\":\"https:\\\/\\\/news.save.ch\\\/de\\\/?s={search_term_string}\"},\"query-input\":{\"@type\":\"PropertyValueSpecification\",\"valueRequired\":true,\"valueName\":\"search_term_string\"}}],\"inLanguage\":\"it-IT\"},{\"@type\":\"Organization\",\"@id\":\"https:\\\/\\\/news.save.ch\\\/de\\\/#organization\",\"name\":\"Sicherheitsforum\",\"url\":\"https:\\\/\\\/news.save.ch\\\/de\\\/\",\"logo\":{\"@type\":\"ImageObject\",\"inLanguage\":\"it-IT\",\"@id\":\"https:\\\/\\\/news.save.ch\\\/de\\\/#\\\/schema\\\/logo\\\/image\\\/\",\"url\":\"https:\\\/\\\/news.save.ch\\\/wp-content\\\/uploads\\\/2022\\\/06\\\/Logo_SF_2012.png\",\"contentUrl\":\"https:\\\/\\\/news.save.ch\\\/wp-content\\\/uploads\\\/2022\\\/06\\\/Logo_SF_2012.png\",\"width\":1100,\"height\":91,\"caption\":\"Sicherheitsforum\"},\"image\":{\"@id\":\"https:\\\/\\\/news.save.ch\\\/de\\\/#\\\/schema\\\/logo\\\/image\\\/\"}},{\"@type\":\"Person\",\"@id\":\"https:\\\/\\\/news.save.ch\\\/de\\\/#\\\/schema\\\/person\\\/ad4ef21102fd6125312409ac57d5296d\",\"name\":\"Simon Gr\u00f6flin\",\"image\":{\"@type\":\"ImageObject\",\"inLanguage\":\"it-IT\",\"@id\":\"https:\\\/\\\/secure.gravatar.com\\\/avatar\\\/6ddceb80eb734354635539e0ea5140bb7c41e42de7c45c9a2ab9921b5d5c9a83?s=96&d=mm&r=g\",\"url\":\"https:\\\/\\\/secure.gravatar.com\\\/avatar\\\/6ddceb80eb734354635539e0ea5140bb7c41e42de7c45c9a2ab9921b5d5c9a83?s=96&d=mm&r=g\",\"contentUrl\":\"https:\\\/\\\/secure.gravatar.com\\\/avatar\\\/6ddceb80eb734354635539e0ea5140bb7c41e42de7c45c9a2ab9921b5d5c9a83?s=96&d=mm&r=g\",\"caption\":\"Simon Gr\u00f6flin\"},\"url\":\"https:\\\/\\\/news.save.ch\\\/it\\\/author\\\/simon-groeflin\\\/\"}]}<\/script>\n<!-- \/ Yoast SEO plugin. -->","yoast_head_json":{"title":"Nove obiettivi per la politica di sicurezza della Svizzera - Save","description":"\u00c8 stato pubblicato il nuovo rapporto sulla situazione della politica di sicurezza della Svizzera. Il rapporto, adottato dal Consiglio federale il 24 novembre 2021, definisce nove obiettivi di politica di sicurezza per i prossimi anni, tra cui una maggiore protezione informatica, ma anche il rafforzamento della resilienza, la sicurezza dell'approvvigionamento e l'attenzione alla cooperazione internazionale.","robots":{"index":"index","follow":"follow","max-snippet":"max-snippet:-1","max-image-preview":"max-image-preview:large","max-video-preview":"max-video-preview:-1"},"canonical":"https:\/\/news.save.ch\/it\/neun-ziele-fuer-die-schweizer-sicherheitspolitik\/","og_locale":"it_IT","og_type":"article","og_title":"Neun Ziele f\u00fcr die Schweizer Sicherheitspolitik - Save","og_description":"Der neue sicherheitspolitische Lagebericht der Schweiz ist erschienen. Der Bericht, den der Bundesrat am 24. November 2021 verabschiedet hat, definiert neun sicherheitspolitische Ziele f\u00fcr die n\u00e4chsten Jahre, darunter ein verst\u00e4rkter Cyberschutz, aber auch die St\u00e4rkung von Resilienz, der Versorgungssicherheit und ein Fokus auf die internationale Zusammenarbeit.","og_url":"https:\/\/news.save.ch\/it\/neun-ziele-fuer-die-schweizer-sicherheitspolitik\/","og_site_name":"Save","article_published_time":"2021-11-26T09:01:28+00:00","article_modified_time":"2023-07-12T15:50:56+00:00","og_image":[{"width":1000,"height":582,"url":"https:\/\/news.save.ch\/wp-content\/uploads\/2021\/11\/Depositphotos_116305310_S.jpg","type":"image\/jpeg"}],"author":"Simon Gr\u00f6flin","twitter_card":"summary_large_image","twitter_misc":{"Scritto da":"Simon Gr\u00f6flin","Tempo di lettura stimato":"4 minuti"},"schema":{"@context":"https:\/\/schema.org","@graph":[{"@type":"Article","@id":"https:\/\/news.save.ch\/neun-ziele-fuer-die-schweizer-sicherheitspolitik\/#article","isPartOf":{"@id":"https:\/\/news.save.ch\/neun-ziele-fuer-die-schweizer-sicherheitspolitik\/"},"author":{"name":"Simon Gr\u00f6flin","@id":"https:\/\/news.save.ch\/de\/#\/schema\/person\/ad4ef21102fd6125312409ac57d5296d"},"headline":"Neun Ziele f\u00fcr die Schweizer Sicherheitspolitik","datePublished":"2021-11-26T09:01:28+00:00","dateModified":"2023-07-12T15:50:56+00:00","mainEntityOfPage":{"@id":"https:\/\/news.save.ch\/neun-ziele-fuer-die-schweizer-sicherheitspolitik\/"},"wordCount":681,"publisher":{"@id":"https:\/\/news.save.ch\/de\/#organization"},"image":{"@id":"https:\/\/news.save.ch\/neun-ziele-fuer-die-schweizer-sicherheitspolitik\/#primaryimage"},"thumbnailUrl":"https:\/\/news.save.ch\/wp-content\/uploads\/2021\/11\/Depositphotos_116305310_S.jpg","keywords":["Cyberschutz","Desinformation","Resilienz","Schweiz","Sicherheit","Sicherheit Schweiz","Sicherheitspolitik","VBS","Versorgungssicherheit"],"articleSection":["ALLGEMEIN"],"inLanguage":"it-IT"},{"@type":"WebPage","@id":"https:\/\/news.save.ch\/neun-ziele-fuer-die-schweizer-sicherheitspolitik\/","url":"https:\/\/news.save.ch\/neun-ziele-fuer-die-schweizer-sicherheitspolitik\/","name":"Nove obiettivi per la politica di sicurezza della Svizzera - Save","isPartOf":{"@id":"https:\/\/news.save.ch\/de\/#website"},"primaryImageOfPage":{"@id":"https:\/\/news.save.ch\/neun-ziele-fuer-die-schweizer-sicherheitspolitik\/#primaryimage"},"image":{"@id":"https:\/\/news.save.ch\/neun-ziele-fuer-die-schweizer-sicherheitspolitik\/#primaryimage"},"thumbnailUrl":"https:\/\/news.save.ch\/wp-content\/uploads\/2021\/11\/Depositphotos_116305310_S.jpg","datePublished":"2021-11-26T09:01:28+00:00","dateModified":"2023-07-12T15:50:56+00:00","description":"\u00c8 stato pubblicato il nuovo rapporto sulla situazione della politica di sicurezza della Svizzera. Il rapporto, adottato dal Consiglio federale il 24 novembre 2021, definisce nove obiettivi di politica di sicurezza per i prossimi anni, tra cui una maggiore protezione informatica, ma anche il rafforzamento della resilienza, la sicurezza dell'approvvigionamento e l'attenzione alla cooperazione internazionale.","breadcrumb":{"@id":"https:\/\/news.save.ch\/neun-ziele-fuer-die-schweizer-sicherheitspolitik\/#breadcrumb"},"inLanguage":"it-IT","potentialAction":[{"@type":"ReadAction","target":["https:\/\/news.save.ch\/neun-ziele-fuer-die-schweizer-sicherheitspolitik\/"]}]},{"@type":"ImageObject","inLanguage":"it-IT","@id":"https:\/\/news.save.ch\/neun-ziele-fuer-die-schweizer-sicherheitspolitik\/#primaryimage","url":"https:\/\/news.save.ch\/wp-content\/uploads\/2021\/11\/Depositphotos_116305310_S.jpg","contentUrl":"https:\/\/news.save.ch\/wp-content\/uploads\/2021\/11\/Depositphotos_116305310_S.jpg","width":1000,"height":582,"caption":"\u00a9depositphotos"},{"@type":"BreadcrumbList","@id":"https:\/\/news.save.ch\/neun-ziele-fuer-die-schweizer-sicherheitspolitik\/#breadcrumb","itemListElement":[{"@type":"ListItem","position":1,"name":"Home","item":"https:\/\/news.save.ch\/de\/"},{"@type":"ListItem","position":2,"name":"Neun Ziele f\u00fcr die Schweizer Sicherheitspolitik"}]},{"@type":"WebSite","@id":"https:\/\/news.save.ch\/de\/#website","url":"https:\/\/news.save.ch\/de\/","name":"Risparmiare","description":"Rivista svizzera specializzata in sicurezza","publisher":{"@id":"https:\/\/news.save.ch\/de\/#organization"},"potentialAction":[{"@type":"SearchAction","target":{"@type":"EntryPoint","urlTemplate":"https:\/\/news.save.ch\/de\/?s={search_term_string}"},"query-input":{"@type":"PropertyValueSpecification","valueRequired":true,"valueName":"search_term_string"}}],"inLanguage":"it-IT"},{"@type":"Organization","@id":"https:\/\/news.save.ch\/de\/#organization","name":"Forum sulla sicurezza","url":"https:\/\/news.save.ch\/de\/","logo":{"@type":"ImageObject","inLanguage":"it-IT","@id":"https:\/\/news.save.ch\/de\/#\/schema\/logo\/image\/","url":"https:\/\/news.save.ch\/wp-content\/uploads\/2022\/06\/Logo_SF_2012.png","contentUrl":"https:\/\/news.save.ch\/wp-content\/uploads\/2022\/06\/Logo_SF_2012.png","width":1100,"height":91,"caption":"Sicherheitsforum"},"image":{"@id":"https:\/\/news.save.ch\/de\/#\/schema\/logo\/image\/"}},{"@type":"Person","@id":"https:\/\/news.save.ch\/de\/#\/schema\/person\/ad4ef21102fd6125312409ac57d5296d","name":"Simon Gr\u00f6flin","image":{"@type":"ImageObject","inLanguage":"it-IT","@id":"https:\/\/secure.gravatar.com\/avatar\/6ddceb80eb734354635539e0ea5140bb7c41e42de7c45c9a2ab9921b5d5c9a83?s=96&d=mm&r=g","url":"https:\/\/secure.gravatar.com\/avatar\/6ddceb80eb734354635539e0ea5140bb7c41e42de7c45c9a2ab9921b5d5c9a83?s=96&d=mm&r=g","contentUrl":"https:\/\/secure.gravatar.com\/avatar\/6ddceb80eb734354635539e0ea5140bb7c41e42de7c45c9a2ab9921b5d5c9a83?s=96&d=mm&r=g","caption":"Simon Gr\u00f6flin"},"url":"https:\/\/news.save.ch\/it\/author\/simon-groeflin\/"}]}},"_links":{"self":[{"href":"https:\/\/news.save.ch\/it\/wp-json\/wp\/v2\/posts\/13083","targetHints":{"allow":["GET"]}}],"collection":[{"href":"https:\/\/news.save.ch\/it\/wp-json\/wp\/v2\/posts"}],"about":[{"href":"https:\/\/news.save.ch\/it\/wp-json\/wp\/v2\/types\/post"}],"author":[{"embeddable":true,"href":"https:\/\/news.save.ch\/it\/wp-json\/wp\/v2\/users\/9"}],"replies":[{"embeddable":true,"href":"https:\/\/news.save.ch\/it\/wp-json\/wp\/v2\/comments?post=13083"}],"version-history":[{"count":1,"href":"https:\/\/news.save.ch\/it\/wp-json\/wp\/v2\/posts\/13083\/revisions"}],"predecessor-version":[{"id":20739,"href":"https:\/\/news.save.ch\/it\/wp-json\/wp\/v2\/posts\/13083\/revisions\/20739"}],"wp:featuredmedia":[{"embeddable":true,"href":"https:\/\/news.save.ch\/it\/wp-json\/wp\/v2\/media\/13088"}],"wp:attachment":[{"href":"https:\/\/news.save.ch\/it\/wp-json\/wp\/v2\/media?parent=13083"}],"wp:term":[{"taxonomy":"category","embeddable":true,"href":"https:\/\/news.save.ch\/it\/wp-json\/wp\/v2\/categories?post=13083"},{"taxonomy":"post_tag","embeddable":true,"href":"https:\/\/news.save.ch\/it\/wp-json\/wp\/v2\/tags?post=13083"}],"curies":[{"name":"wp","href":"https:\/\/api.w.org\/{rel}","templated":true}]}}