{"id":1321,"date":"2016-08-18T07:50:12","date_gmt":"2016-08-18T05:50:12","guid":{"rendered":"https:\/\/dev.sicherheitsforum.ch\/?p=1321"},"modified":"2023-03-14T08:57:14","modified_gmt":"2023-03-14T07:57:14","slug":"video-einsatz-am-arbeitsplatz-waechst","status":null,"type":"post","link":"https:\/\/news.save.ch\/it\/video-einsatz-am-arbeitsplatz-waechst\/","title":{"rendered":"Cresce l'uso dei video sul posto di lavoro"},"content":{"rendered":"<figure id=\"attachment_1322\" aria-describedby=\"caption-attachment-1322\" style=\"width: 680px\" class=\"wp-caption alignnone\"><img loading=\"lazy\" decoding=\"async\" class=\"size-medium wp-image-1322\" src=\"https:\/\/sicherheitsforum.ch\/wp-content\/uploads\/2016\/12\/Video-Einsatz-am-Arbeitsplatz-w\u00e4chst-it-security.jpg\" alt=\"\" width=\"680\" height=\"454\" \/><figcaption id=\"caption-attachment-1322\" class=\"wp-caption-text\">\u00a9 depositphotos<\/figcaption><\/figure>\n<p>Le aziende si rivolgono sempre pi\u00f9 alle tecnologie video per consentire ai propri dipendenti di comunicare in modo pi\u00f9 efficace. Questo dato \u00e8 confermato da uno studio condotto dal fornitore di servizi di rete e informatici <a href=\"https:\/\/www.bt.com\/de\" target=\"_blank\" rel=\"noreferrer noopener\" data-cke-saved-href=\"https:\/\/www.bt.com\/de\">BT <\/a>insieme a <a href=\"https:\/\/www.cisco.com\/c\/de_ch\/index.html\" target=\"_blank\" rel=\"noreferrer noopener\" data-cke-saved-href=\"https:\/\/www.cisco.com\/c\/de_ch\/index.html\">Cisco<\/a> ha commissionato. In combinazione con il cloud computing e le tecnologie mobili, l'uso della videocomunicazione aiuta a evitare una \"dislocazione digitale\" dei dipendenti dalla loro azienda, come scrive Cisco.<\/p>\n<p><strong>72% vuole pi\u00f9 funzioni video sullo smartphone<\/strong><br \/>\nSecondo lo studio, tecnologie come il video, il cloud computing e le applicazioni mobili stanno diventando piattaforme cruciali per la comunicazione all'interno delle grandi aziende, dal management ai dipendenti: 85% degli intervistati descrivono l'uso del video sul posto di lavoro come molto utile e quasi tre quarti (72%) dei responsabili IT vorrebbero avere funzioni video sullo smartphone o sul tablet aziendale. Poco pi\u00f9 di un quarto degli intervistati (27%) ha dichiarato che i dipendenti della propria azienda utilizzano YouTube per scopi professionali. Ci\u00f2 significa che questa quota \u00e8 quasi raddoppiata rispetto al 2013.<\/p>\n<p>I risultati dello studio suggeriscono inoltre che \u00e8 necessario fare di pi\u00f9 per contrastare la \"disconnessione digitale\". Due terzi dei decisori IT (60%) si lamentano del fatto che cercare di contattare i colleghi richiede troppo tempo. Inoltre, tre quarti degli intervistati desiderano avere a disposizione modalit\u00e0 pi\u00f9 semplici per condividere le informazioni con gli altri.<\/p>\n<p>I risultati mostrano quanto sia cambiato il posto di lavoro moderno negli ultimi anni. Iniziative come il BYOD (Bring Your Own Device) e gli orari di lavoro flessibili richiedono tecnologie innovative per la comunicazione e la collaborazione. Solo negli ultimi tre anni, la percentuale di professionisti che desiderano utilizzare i propri dispositivi per il lavoro \u00e8 aumentata di 31%. Secondo lo studio, pi\u00f9 della met\u00e0 dei dipendenti (52%) oggi lavora in modo \"flessibile\", ad esempio in viaggio, presso un cliente o da casa. 61% degli intervistati ritiene che dovrebbe essere pi\u00f9 facile contattare e collaborare con i colleghi quando si viaggia per lavoro.<\/p>\n<p><strong>Gli aspetti di sicurezza non sono un ostacolo<\/strong><br \/>\nPi\u00f9 di tre quarti (78%) degli intervistati ritiene che i moderni strumenti di collaborazione migliorerebbero la comunicazione. Con l'aiuto di strumenti di collaborazione efficaci, i dipendenti possono condividere informazioni e prendere decisioni pi\u00f9 rapide e migliori.<\/p>\n<p>Per facilitare l'utilizzo delle nuove tecnologie, molti responsabili IT si rivolgono ai servizi cloud, che possono sostituire i sistemi legacy obsoleti e risparmiare sul budget. Secondo lo studio, le aziende che hanno adottato un'applicazione cloud sono state in grado di ridurre i costi operativi di una media di 25%. Allo stesso tempo, la soddisfazione dei dipendenti \u00e8 aumentata di 30% dopo l'implementazione della soluzione di collaborazione basata sul cloud. Allo stesso tempo, sempre meno decisori IT considerano gli aspetti di sicurezza un ostacolo all'utilizzo della collaborazione basata sul cloud: attualmente la cifra \u00e8 di 52%, rispetto ai 68% di tre anni fa.<\/p>\n<p>Andrew Small di BT afferma: \"Man mano che le aziende acquisiscono maggiore esperienza con i servizi cloud, aumenta la loro fiducia nella sicurezza di queste offerte\".<\/p>\n<p>&nbsp;<\/p>","protected":false},"excerpt":{"rendered":"<p>Unternehmen setzen vermehrt auf Video-Technologien, um ihren Mitarbeitern eine effektivere Kommunikation zu erm\u00f6glichen. Das belegt eine Studie, die der Netzwerk- und IT-Dienstleister BT gemeinsam mit Cisco in Auftrag gegeben hat. In Kombination mit Cloud Computing und mobilen Technologien hilft der Einsatz von Video-Kommunikation dabei, eine \u201edigitale Abkoppelung\u201c (\u201eDigital Dislocation\u201c) der Mitarbeiter von ihrem Unternehmen zu [&hellip;]<\/p>\n","protected":false},"author":1,"featured_media":1322,"comment_status":"open","ping_status":"open","sticky":false,"template":"","format":"standard","meta":{"_acf_changed":false,"pgc_sgb_lightbox_settings":"","footnotes":""},"categories":[3313],"tags":[63,64],"class_list":["post-1321","post","type-post","status-publish","format-standard","has-post-thumbnail","hentry","category-digitalisierung","tag-it-security","tag-studie"],"acf":[],"hkrextid":null,"publication":null,"issue":null,"workflow":null,"startPage":null,"spitzmarke":null,"_posts_by_tag_page_fields":{"widget_title":"","widget_tags":""},"_at_widget":"1","_yoast_wpseo_primary_category":"2","_yoast_wpseo_focuskw_text_input":"Video","_yoast_wpseo_opengraph-image":"https:\/\/news.save.ch\/wp-content\/uploads\/2016\/12\/Video-Einsatz-am-Arbeitsplatz-w\u00e4chst-it-security.jpg","_yoast_wpseo_opengraph-description":"Die Video-Kommunikation entwickelt sich zum zentralen Element bei der Zusammenarbeit. Cloud-basierte Collaboration-L\u00f6sungen f\u00f6rdern den Trend, zumal Sicherheitsbedenken kaum ein Thema sind.","_yoast_wpseo_opengraph-title":"Video-Einsatz am Arbeitsplatz w\u00e4chst","enclosure":null,"_yoast_wpseo_twitter-title":null,"_yoast_wpseo_twitter-description":null,"_yoast_wpseo_twitter-image":null,"_wp_old_slug":null,"_yoast_wpseo_title":null,"_yoast_wpseo_canonical":null,"yoast_head":"<!-- This site is optimized with the Yoast SEO plugin v27.5 - https:\/\/yoast.com\/product\/yoast-seo-wordpress\/ -->\n<title>Video-Einsatz am Arbeitsplatz w\u00e4chst - Save<\/title>\n<meta name=\"description\" content=\"Die Video-Kommunikation entwickelt sich zum zentralen Element bei der Zusammenarbeit.\" \/>\n<meta name=\"robots\" content=\"index, follow, max-snippet:-1, max-image-preview:large, max-video-preview:-1\" \/>\n<link rel=\"canonical\" href=\"https:\/\/news.save.ch\/it\/video-einsatz-am-arbeitsplatz-waechst\/\" \/>\n<meta property=\"og:locale\" content=\"it_IT\" \/>\n<meta property=\"og:type\" content=\"article\" \/>\n<meta property=\"og:title\" content=\"Video-Einsatz am Arbeitsplatz w\u00e4chst\" \/>\n<meta property=\"og:description\" content=\"Die Video-Kommunikation entwickelt sich zum zentralen Element bei der Zusammenarbeit. Cloud-basierte Collaboration-L\u00f6sungen f\u00f6rdern den Trend, zumal Sicherheitsbedenken kaum ein Thema sind.\" \/>\n<meta property=\"og:url\" content=\"https:\/\/news.save.ch\/it\/video-einsatz-am-arbeitsplatz-waechst\/\" \/>\n<meta property=\"og:site_name\" content=\"Save\" \/>\n<meta property=\"article:published_time\" content=\"2016-08-18T05:50:12+00:00\" \/>\n<meta property=\"article:modified_time\" content=\"2023-03-14T07:57:14+00:00\" \/>\n<meta property=\"og:image\" content=\"https:\/\/news.save.ch\/wp-content\/uploads\/2016\/12\/Video-Einsatz-am-Arbeitsplatz-w\u00e4chst-it-security.jpg\" \/>\n<meta name=\"author\" content=\"admin\" \/>\n<meta name=\"twitter:card\" content=\"summary_large_image\" \/>\n<meta name=\"twitter:label1\" content=\"Scritto da\" \/>\n\t<meta name=\"twitter:data1\" content=\"admin\" \/>\n\t<meta name=\"twitter:label2\" content=\"Tempo di lettura stimato\" \/>\n\t<meta name=\"twitter:data2\" content=\"2 minuti\" \/>\n<script type=\"application\/ld+json\" class=\"yoast-schema-graph\">{\"@context\":\"https:\\\/\\\/schema.org\",\"@graph\":[{\"@type\":\"Article\",\"@id\":\"https:\\\/\\\/news.save.ch\\\/video-einsatz-am-arbeitsplatz-waechst\\\/#article\",\"isPartOf\":{\"@id\":\"https:\\\/\\\/news.save.ch\\\/video-einsatz-am-arbeitsplatz-waechst\\\/\"},\"author\":{\"name\":\"admin\",\"@id\":\"https:\\\/\\\/news.save.ch\\\/de\\\/#\\\/schema\\\/person\\\/d49e199490bad7c70d64b9ab51142f2b\"},\"headline\":\"Video-Einsatz am Arbeitsplatz w\u00e4chst\",\"datePublished\":\"2016-08-18T05:50:12+00:00\",\"dateModified\":\"2023-03-14T07:57:14+00:00\",\"mainEntityOfPage\":{\"@id\":\"https:\\\/\\\/news.save.ch\\\/video-einsatz-am-arbeitsplatz-waechst\\\/\"},\"wordCount\":452,\"commentCount\":0,\"publisher\":{\"@id\":\"https:\\\/\\\/news.save.ch\\\/de\\\/#organization\"},\"image\":{\"@id\":\"https:\\\/\\\/news.save.ch\\\/video-einsatz-am-arbeitsplatz-waechst\\\/#primaryimage\"},\"thumbnailUrl\":\"https:\\\/\\\/news.save.ch\\\/wp-content\\\/uploads\\\/2016\\\/12\\\/Video-Einsatz-am-Arbeitsplatz-waechst-it-security.jpg\",\"keywords\":[\"IT-SECURITY\",\"Studie\"],\"articleSection\":[\"DIGITALISIERUNG\"],\"inLanguage\":\"it-IT\"},{\"@type\":\"WebPage\",\"@id\":\"https:\\\/\\\/news.save.ch\\\/video-einsatz-am-arbeitsplatz-waechst\\\/\",\"url\":\"https:\\\/\\\/news.save.ch\\\/video-einsatz-am-arbeitsplatz-waechst\\\/\",\"name\":\"Video-Einsatz am Arbeitsplatz w\u00e4chst - Save\",\"isPartOf\":{\"@id\":\"https:\\\/\\\/news.save.ch\\\/de\\\/#website\"},\"primaryImageOfPage\":{\"@id\":\"https:\\\/\\\/news.save.ch\\\/video-einsatz-am-arbeitsplatz-waechst\\\/#primaryimage\"},\"image\":{\"@id\":\"https:\\\/\\\/news.save.ch\\\/video-einsatz-am-arbeitsplatz-waechst\\\/#primaryimage\"},\"thumbnailUrl\":\"https:\\\/\\\/news.save.ch\\\/wp-content\\\/uploads\\\/2016\\\/12\\\/Video-Einsatz-am-Arbeitsplatz-waechst-it-security.jpg\",\"datePublished\":\"2016-08-18T05:50:12+00:00\",\"dateModified\":\"2023-03-14T07:57:14+00:00\",\"description\":\"Die Video-Kommunikation entwickelt sich zum zentralen Element bei der Zusammenarbeit.\",\"breadcrumb\":{\"@id\":\"https:\\\/\\\/news.save.ch\\\/video-einsatz-am-arbeitsplatz-waechst\\\/#breadcrumb\"},\"inLanguage\":\"it-IT\",\"potentialAction\":[{\"@type\":\"ReadAction\",\"target\":[\"https:\\\/\\\/news.save.ch\\\/video-einsatz-am-arbeitsplatz-waechst\\\/\"]}]},{\"@type\":\"ImageObject\",\"inLanguage\":\"it-IT\",\"@id\":\"https:\\\/\\\/news.save.ch\\\/video-einsatz-am-arbeitsplatz-waechst\\\/#primaryimage\",\"url\":\"https:\\\/\\\/news.save.ch\\\/wp-content\\\/uploads\\\/2016\\\/12\\\/Video-Einsatz-am-Arbeitsplatz-waechst-it-security.jpg\",\"contentUrl\":\"https:\\\/\\\/news.save.ch\\\/wp-content\\\/uploads\\\/2016\\\/12\\\/Video-Einsatz-am-Arbeitsplatz-waechst-it-security.jpg\",\"width\":1000,\"height\":667,\"caption\":\"\u00a9 depositphotos\"},{\"@type\":\"BreadcrumbList\",\"@id\":\"https:\\\/\\\/news.save.ch\\\/video-einsatz-am-arbeitsplatz-waechst\\\/#breadcrumb\",\"itemListElement\":[{\"@type\":\"ListItem\",\"position\":1,\"name\":\"Home\",\"item\":\"https:\\\/\\\/news.save.ch\\\/de\\\/\"},{\"@type\":\"ListItem\",\"position\":2,\"name\":\"Video-Einsatz am Arbeitsplatz w\u00e4chst\"}]},{\"@type\":\"WebSite\",\"@id\":\"https:\\\/\\\/news.save.ch\\\/de\\\/#website\",\"url\":\"https:\\\/\\\/news.save.ch\\\/de\\\/\",\"name\":\"Save\",\"description\":\"Schweizer Fachzeitschrift f\u00fcr Sicherheit\",\"publisher\":{\"@id\":\"https:\\\/\\\/news.save.ch\\\/de\\\/#organization\"},\"potentialAction\":[{\"@type\":\"SearchAction\",\"target\":{\"@type\":\"EntryPoint\",\"urlTemplate\":\"https:\\\/\\\/news.save.ch\\\/de\\\/?s={search_term_string}\"},\"query-input\":{\"@type\":\"PropertyValueSpecification\",\"valueRequired\":true,\"valueName\":\"search_term_string\"}}],\"inLanguage\":\"it-IT\"},{\"@type\":\"Organization\",\"@id\":\"https:\\\/\\\/news.save.ch\\\/de\\\/#organization\",\"name\":\"Sicherheitsforum\",\"url\":\"https:\\\/\\\/news.save.ch\\\/de\\\/\",\"logo\":{\"@type\":\"ImageObject\",\"inLanguage\":\"it-IT\",\"@id\":\"https:\\\/\\\/news.save.ch\\\/de\\\/#\\\/schema\\\/logo\\\/image\\\/\",\"url\":\"https:\\\/\\\/news.save.ch\\\/wp-content\\\/uploads\\\/2022\\\/06\\\/Logo_SF_2012.png\",\"contentUrl\":\"https:\\\/\\\/news.save.ch\\\/wp-content\\\/uploads\\\/2022\\\/06\\\/Logo_SF_2012.png\",\"width\":1100,\"height\":91,\"caption\":\"Sicherheitsforum\"},\"image\":{\"@id\":\"https:\\\/\\\/news.save.ch\\\/de\\\/#\\\/schema\\\/logo\\\/image\\\/\"}},{\"@type\":\"Person\",\"@id\":\"https:\\\/\\\/news.save.ch\\\/de\\\/#\\\/schema\\\/person\\\/d49e199490bad7c70d64b9ab51142f2b\",\"name\":\"admin\",\"image\":{\"@type\":\"ImageObject\",\"inLanguage\":\"it-IT\",\"@id\":\"https:\\\/\\\/secure.gravatar.com\\\/avatar\\\/ae2f4d718e6c49043e314ce431e7e645d646302a24a5ef5a8bc8e3f5a032e319?s=96&d=mm&r=g\",\"url\":\"https:\\\/\\\/secure.gravatar.com\\\/avatar\\\/ae2f4d718e6c49043e314ce431e7e645d646302a24a5ef5a8bc8e3f5a032e319?s=96&d=mm&r=g\",\"contentUrl\":\"https:\\\/\\\/secure.gravatar.com\\\/avatar\\\/ae2f4d718e6c49043e314ce431e7e645d646302a24a5ef5a8bc8e3f5a032e319?s=96&d=mm&r=g\",\"caption\":\"admin\"},\"sameAs\":[\"https:\\\/\\\/develop.organisator.galledia.ch\"],\"url\":\"https:\\\/\\\/news.save.ch\\\/it\\\/author\\\/admin\\\/\"}]}<\/script>\n<!-- \/ Yoast SEO plugin. -->","yoast_head_json":{"title":"Cresce l'uso dei video sul posto di lavoro - Save","description":"La comunicazione video sta diventando l'elemento centrale della collaborazione.","robots":{"index":"index","follow":"follow","max-snippet":"max-snippet:-1","max-image-preview":"max-image-preview:large","max-video-preview":"max-video-preview:-1"},"canonical":"https:\/\/news.save.ch\/it\/video-einsatz-am-arbeitsplatz-waechst\/","og_locale":"it_IT","og_type":"article","og_title":"Video-Einsatz am Arbeitsplatz w\u00e4chst","og_description":"Die Video-Kommunikation entwickelt sich zum zentralen Element bei der Zusammenarbeit. Cloud-basierte Collaboration-L\u00f6sungen f\u00f6rdern den Trend, zumal Sicherheitsbedenken kaum ein Thema sind.","og_url":"https:\/\/news.save.ch\/it\/video-einsatz-am-arbeitsplatz-waechst\/","og_site_name":"Save","article_published_time":"2016-08-18T05:50:12+00:00","article_modified_time":"2023-03-14T07:57:14+00:00","og_image":[{"url":"https:\/\/news.save.ch\/wp-content\/uploads\/2016\/12\/Video-Einsatz-am-Arbeitsplatz-w\u00e4chst-it-security.jpg","type":"","width":"","height":""}],"author":"admin","twitter_card":"summary_large_image","twitter_misc":{"Scritto da":"admin","Tempo di lettura stimato":"2 minuti"},"schema":{"@context":"https:\/\/schema.org","@graph":[{"@type":"Article","@id":"https:\/\/news.save.ch\/video-einsatz-am-arbeitsplatz-waechst\/#article","isPartOf":{"@id":"https:\/\/news.save.ch\/video-einsatz-am-arbeitsplatz-waechst\/"},"author":{"name":"admin","@id":"https:\/\/news.save.ch\/de\/#\/schema\/person\/d49e199490bad7c70d64b9ab51142f2b"},"headline":"Video-Einsatz am Arbeitsplatz w\u00e4chst","datePublished":"2016-08-18T05:50:12+00:00","dateModified":"2023-03-14T07:57:14+00:00","mainEntityOfPage":{"@id":"https:\/\/news.save.ch\/video-einsatz-am-arbeitsplatz-waechst\/"},"wordCount":452,"commentCount":0,"publisher":{"@id":"https:\/\/news.save.ch\/de\/#organization"},"image":{"@id":"https:\/\/news.save.ch\/video-einsatz-am-arbeitsplatz-waechst\/#primaryimage"},"thumbnailUrl":"https:\/\/news.save.ch\/wp-content\/uploads\/2016\/12\/Video-Einsatz-am-Arbeitsplatz-waechst-it-security.jpg","keywords":["IT-SECURITY","Studie"],"articleSection":["DIGITALISIERUNG"],"inLanguage":"it-IT"},{"@type":"WebPage","@id":"https:\/\/news.save.ch\/video-einsatz-am-arbeitsplatz-waechst\/","url":"https:\/\/news.save.ch\/video-einsatz-am-arbeitsplatz-waechst\/","name":"Cresce l'uso dei video sul posto di lavoro - Save","isPartOf":{"@id":"https:\/\/news.save.ch\/de\/#website"},"primaryImageOfPage":{"@id":"https:\/\/news.save.ch\/video-einsatz-am-arbeitsplatz-waechst\/#primaryimage"},"image":{"@id":"https:\/\/news.save.ch\/video-einsatz-am-arbeitsplatz-waechst\/#primaryimage"},"thumbnailUrl":"https:\/\/news.save.ch\/wp-content\/uploads\/2016\/12\/Video-Einsatz-am-Arbeitsplatz-waechst-it-security.jpg","datePublished":"2016-08-18T05:50:12+00:00","dateModified":"2023-03-14T07:57:14+00:00","description":"La comunicazione video sta diventando l'elemento centrale della collaborazione.","breadcrumb":{"@id":"https:\/\/news.save.ch\/video-einsatz-am-arbeitsplatz-waechst\/#breadcrumb"},"inLanguage":"it-IT","potentialAction":[{"@type":"ReadAction","target":["https:\/\/news.save.ch\/video-einsatz-am-arbeitsplatz-waechst\/"]}]},{"@type":"ImageObject","inLanguage":"it-IT","@id":"https:\/\/news.save.ch\/video-einsatz-am-arbeitsplatz-waechst\/#primaryimage","url":"https:\/\/news.save.ch\/wp-content\/uploads\/2016\/12\/Video-Einsatz-am-Arbeitsplatz-waechst-it-security.jpg","contentUrl":"https:\/\/news.save.ch\/wp-content\/uploads\/2016\/12\/Video-Einsatz-am-Arbeitsplatz-waechst-it-security.jpg","width":1000,"height":667,"caption":"\u00a9 depositphotos"},{"@type":"BreadcrumbList","@id":"https:\/\/news.save.ch\/video-einsatz-am-arbeitsplatz-waechst\/#breadcrumb","itemListElement":[{"@type":"ListItem","position":1,"name":"Home","item":"https:\/\/news.save.ch\/de\/"},{"@type":"ListItem","position":2,"name":"Video-Einsatz am Arbeitsplatz w\u00e4chst"}]},{"@type":"WebSite","@id":"https:\/\/news.save.ch\/de\/#website","url":"https:\/\/news.save.ch\/de\/","name":"Risparmiare","description":"Rivista svizzera specializzata in sicurezza","publisher":{"@id":"https:\/\/news.save.ch\/de\/#organization"},"potentialAction":[{"@type":"SearchAction","target":{"@type":"EntryPoint","urlTemplate":"https:\/\/news.save.ch\/de\/?s={search_term_string}"},"query-input":{"@type":"PropertyValueSpecification","valueRequired":true,"valueName":"search_term_string"}}],"inLanguage":"it-IT"},{"@type":"Organization","@id":"https:\/\/news.save.ch\/de\/#organization","name":"Forum sulla sicurezza","url":"https:\/\/news.save.ch\/de\/","logo":{"@type":"ImageObject","inLanguage":"it-IT","@id":"https:\/\/news.save.ch\/de\/#\/schema\/logo\/image\/","url":"https:\/\/news.save.ch\/wp-content\/uploads\/2022\/06\/Logo_SF_2012.png","contentUrl":"https:\/\/news.save.ch\/wp-content\/uploads\/2022\/06\/Logo_SF_2012.png","width":1100,"height":91,"caption":"Sicherheitsforum"},"image":{"@id":"https:\/\/news.save.ch\/de\/#\/schema\/logo\/image\/"}},{"@type":"Person","@id":"https:\/\/news.save.ch\/de\/#\/schema\/person\/d49e199490bad7c70d64b9ab51142f2b","name":"amministratore","image":{"@type":"ImageObject","inLanguage":"it-IT","@id":"https:\/\/secure.gravatar.com\/avatar\/ae2f4d718e6c49043e314ce431e7e645d646302a24a5ef5a8bc8e3f5a032e319?s=96&d=mm&r=g","url":"https:\/\/secure.gravatar.com\/avatar\/ae2f4d718e6c49043e314ce431e7e645d646302a24a5ef5a8bc8e3f5a032e319?s=96&d=mm&r=g","contentUrl":"https:\/\/secure.gravatar.com\/avatar\/ae2f4d718e6c49043e314ce431e7e645d646302a24a5ef5a8bc8e3f5a032e319?s=96&d=mm&r=g","caption":"admin"},"sameAs":["https:\/\/develop.organisator.galledia.ch"],"url":"https:\/\/news.save.ch\/it\/author\/admin\/"}]}},"_links":{"self":[{"href":"https:\/\/news.save.ch\/it\/wp-json\/wp\/v2\/posts\/1321","targetHints":{"allow":["GET"]}}],"collection":[{"href":"https:\/\/news.save.ch\/it\/wp-json\/wp\/v2\/posts"}],"about":[{"href":"https:\/\/news.save.ch\/it\/wp-json\/wp\/v2\/types\/post"}],"author":[{"embeddable":true,"href":"https:\/\/news.save.ch\/it\/wp-json\/wp\/v2\/users\/1"}],"replies":[{"embeddable":true,"href":"https:\/\/news.save.ch\/it\/wp-json\/wp\/v2\/comments?post=1321"}],"version-history":[{"count":1,"href":"https:\/\/news.save.ch\/it\/wp-json\/wp\/v2\/posts\/1321\/revisions"}],"predecessor-version":[{"id":17587,"href":"https:\/\/news.save.ch\/it\/wp-json\/wp\/v2\/posts\/1321\/revisions\/17587"}],"wp:featuredmedia":[{"embeddable":true,"href":"https:\/\/news.save.ch\/it\/wp-json\/wp\/v2\/media\/1322"}],"wp:attachment":[{"href":"https:\/\/news.save.ch\/it\/wp-json\/wp\/v2\/media?parent=1321"}],"wp:term":[{"taxonomy":"category","embeddable":true,"href":"https:\/\/news.save.ch\/it\/wp-json\/wp\/v2\/categories?post=1321"},{"taxonomy":"post_tag","embeddable":true,"href":"https:\/\/news.save.ch\/it\/wp-json\/wp\/v2\/tags?post=1321"}],"curies":[{"name":"wp","href":"https:\/\/api.w.org\/{rel}","templated":true}]}}