{"id":13433,"date":"2022-01-25T08:33:43","date_gmt":"2022-01-25T07:33:43","guid":{"rendered":"https:\/\/news.save.ch\/?p=13433"},"modified":"2023-08-16T06:12:31","modified_gmt":"2023-08-16T04:12:31","slug":"am-mittwoch-heulen-die-sirenen","status":null,"type":"post","link":"https:\/\/news.save.ch\/it\/am-mittwoch-heulen-die-sirenen\/","title":{"rendered":"Mercoled\u00ec le sirene suoneranno"},"content":{"rendered":"<figure id=\"attachment_8428\" aria-describedby=\"caption-attachment-8428\" style=\"width: 680px\" class=\"wp-caption alignnone\"><img loading=\"lazy\" decoding=\"async\" class=\"wp-image-8428 size-medium\" src=\"https:\/\/news.save.ch\/wp-content\/uploads\/2022\/01\/Sirenen_fotolia_teaser.jpg\" alt=\"Sirene\" width=\"680\" height=\"452\" \/><figcaption id=\"caption-attachment-8428\" class=\"wp-caption-text\">Immagine: Tony Baggett, Fotolia<\/figcaption><\/figure>\n<p>Mercoled\u00ec 2 febbraio 2022 si svolger\u00e0 in tutta la Svizzera il test annuale delle sirene. Saranno testate 5000 sirene fisse e 2200 sirene mobili. Verranno inoltre testate le funzionalit\u00e0 di avviso dell'app Alertswiss attraverso l'invio di notifiche.<\/p>\n<p>Il test si svolger\u00e0 alle 13:30 del pomeriggio. Da quel momento in poi, le sirene suoneranno regolarmente per un minuto, emettendo ogni volta un suono ascendente e discendente. Si tratta del cosiddetto allarme generale. Nelle zone vicine alle dighe, tra le 14:15 e le 15:00 suoner\u00e0 anche un allarme acqua. Secondo il governo federale, questo segnale consiste in dodici toni bassi e continui di 20 secondi ciascuno a intervalli di 10 secondi.<\/p>\n<p>Inoltre, viene testata anche l'applicazione mobile Alertswiss attraverso le notifiche, che 1,2 milioni di utenti hanno gi\u00e0 installato sui loro telefoni cellulari. Con Alertswiss \u00e8 possibile inviare alla popolazione un messaggio con raccomandazioni di comportamento anche in caso di eventi di piccola entit\u00e0, come un'imminente colata detritica o un'acqua potabile contaminata.<\/p>\n<h2>Cosa si applica nel caso di un vero allarme a sirena?<\/h2>\n<p>In caso di allarme generale al di fuori di una prova di sirena annunciata, la popolazione deve ascoltare la radio o informarsi tramite i canali di Alertswiss, seguire le istruzioni delle autorit\u00e0 e informare i vicini, secondo l'Ufficio federale della protezione civile (UFPP). In caso di allarme acqua, la popolazione deve abbandonare immediatamente l'area a rischio.<\/p>\n<blockquote><p><strong>Link utili:<\/strong><\/p>\n<ul class=\"list-unstyled\">\n<li><a class=\"icon icon--after icon--external\" title=\"\" href=\"https:\/\/www.alertswiss.ch\/\" target=\"_blank\" rel=\"noopener\">Allertswiss\u00a0<\/a><\/li>\n<li><a class=\"icon icon--after icon--external\" title=\"\" href=\"https:\/\/www.sirenentest.ch\/\" target=\"_blank\" rel=\"noopener\">Test della sirena\u00a0<\/a><\/li>\n<li><a class=\"icon icon--after icon--external\" title=\"\" href=\"https:\/\/www.babs.admin.ch\/de\/alarm\/alarmierung.html\" target=\"_blank\" rel=\"noopener\">Allertare la popolazione\u00a0<\/a><\/li>\n<li><a class=\"icon icon--after icon--external\" title=\"\" href=\"https:\/\/apps.apple.com\/ch\/app\/alertswiss\/id957339177\" target=\"_blank\" rel=\"noopener\">App Store Apple\u00a0<\/a><\/li>\n<li><a class=\"icon icon--after icon--external\" title=\"\" href=\"https:\/\/play.google.com\/store\/apps\/details?id=ch.admin.babs.alertswiss\" target=\"_blank\" rel=\"noopener\">Google Play Store\u00a0<\/a><\/li>\n<\/ul>\n<p>&nbsp;<\/p><\/blockquote>\n<p><em>Fonte: FOCP<\/em><\/p>","protected":false},"excerpt":{"rendered":"<p>Am Mittwoch, 2. Februar 2022, findet in der Schweiz landesweit der j\u00e4hrliche Sirenentest statt. Getestet werden 5000 station\u00e4re und 2200 mobile Sirenen. Auch die Alarmierungsm\u00f6glichkeiten der Alertswiss-App werden mittels Versenden von Benachrichtigungen \u00fcberpr\u00fcft. Getestet wird am 13:30 Uhr nachmittags. Ab dann heulen die Sirenen w\u00e4hrend einer Minute regelm\u00e4ssig und geben einen jeweils auf- und absteigenden [&hellip;]<\/p>\n","protected":false},"author":9,"featured_media":13434,"comment_status":"closed","ping_status":"closed","sticky":false,"template":"","format":"standard","meta":{"_acf_changed":false,"pgc_sgb_lightbox_settings":"","footnotes":""},"categories":[1],"tags":[1361,663,6264,73,75,665],"class_list":["post-13433","post","type-post","status-publish","format-standard","has-post-thumbnail","hentry","category-allgemein","tag-alarmanlagen","tag-alertswiss","tag-allgemeinen-alarm","tag-babs","tag-sirenentest","tag-wasseralarm"],"acf":[],"hkrextid":null,"publication":null,"issue":null,"workflow":null,"startPage":null,"spitzmarke":null,"_posts_by_tag_page_fields":{"widget_title":"","widget_tags":""},"_at_widget":"1","_yoast_wpseo_primary_category":"1","_yoast_wpseo_focuskw_text_input":null,"_yoast_wpseo_opengraph-image":null,"_yoast_wpseo_opengraph-description":null,"_yoast_wpseo_opengraph-title":null,"enclosure":null,"_yoast_wpseo_twitter-title":null,"_yoast_wpseo_twitter-description":null,"_yoast_wpseo_twitter-image":null,"_wp_old_slug":null,"_yoast_wpseo_title":null,"_yoast_wpseo_canonical":"https:\/\/news.save.ch\/am-mittwoch-heulen-die-sirenen\/","yoast_head":"<!-- This site is optimized with the Yoast SEO plugin v27.5 - https:\/\/yoast.com\/product\/yoast-seo-wordpress\/ -->\n<title>Am Mittwoch heulen die Sirenen - Save<\/title>\n<meta name=\"description\" content=\"In der Schweiz werden einmal wieder landesweit am Mittwoch 5000 Sirenen f\u00fcr den Allgemeinen Alarm und 2200 mobile Sirenen getestet. Wie in den letzten Jahren werden auch die Alertswiss-Kan\u00e4le \u00fcberpr\u00fcft. Die Zahl der Alertswiss-Nutzerinnen und -Nutzer betr\u00e4gt mittlerweile 1,2 Millionen.\" \/>\n<meta name=\"robots\" content=\"index, follow, max-snippet:-1, max-image-preview:large, max-video-preview:-1\" \/>\n<link rel=\"canonical\" href=\"https:\/\/news.save.ch\/it\/am-mittwoch-heulen-die-sirenen\/\" \/>\n<meta property=\"og:locale\" content=\"it_IT\" \/>\n<meta property=\"og:type\" content=\"article\" \/>\n<meta property=\"og:title\" content=\"Am Mittwoch heulen die Sirenen - Save\" \/>\n<meta property=\"og:description\" content=\"In der Schweiz werden einmal wieder landesweit am Mittwoch 5000 Sirenen f\u00fcr den Allgemeinen Alarm und 2200 mobile Sirenen getestet. Wie in den letzten Jahren werden auch die Alertswiss-Kan\u00e4le \u00fcberpr\u00fcft. Die Zahl der Alertswiss-Nutzerinnen und -Nutzer betr\u00e4gt mittlerweile 1,2 Millionen.\" \/>\n<meta property=\"og:url\" content=\"https:\/\/news.save.ch\/it\/am-mittwoch-heulen-die-sirenen\/\" \/>\n<meta property=\"og:site_name\" content=\"Save\" \/>\n<meta property=\"article:published_time\" content=\"2022-01-25T07:33:43+00:00\" \/>\n<meta property=\"article:modified_time\" content=\"2023-08-16T04:12:31+00:00\" \/>\n<meta property=\"og:image\" content=\"https:\/\/news.save.ch\/wp-content\/uploads\/2022\/01\/Sirenen_fotolia_teaser.jpg\" \/>\n\t<meta property=\"og:image:width\" content=\"680\" \/>\n\t<meta property=\"og:image:height\" content=\"452\" \/>\n\t<meta property=\"og:image:type\" content=\"image\/jpeg\" \/>\n<meta name=\"author\" content=\"Simon Gr\u00f6flin\" \/>\n<meta name=\"twitter:card\" content=\"summary_large_image\" \/>\n<meta name=\"twitter:label1\" content=\"Scritto da\" \/>\n\t<meta name=\"twitter:data1\" content=\"Simon Gr\u00f6flin\" \/>\n\t<meta name=\"twitter:label2\" content=\"Tempo di lettura stimato\" \/>\n\t<meta name=\"twitter:data2\" content=\"2 minuti\" \/>\n<script type=\"application\/ld+json\" class=\"yoast-schema-graph\">{\"@context\":\"https:\\\/\\\/schema.org\",\"@graph\":[{\"@type\":\"Article\",\"@id\":\"https:\\\/\\\/news.save.ch\\\/am-mittwoch-heulen-die-sirenen\\\/#article\",\"isPartOf\":{\"@id\":\"https:\\\/\\\/news.save.ch\\\/am-mittwoch-heulen-die-sirenen\\\/\"},\"author\":{\"name\":\"Simon Gr\u00f6flin\",\"@id\":\"https:\\\/\\\/news.save.ch\\\/de\\\/#\\\/schema\\\/person\\\/ad4ef21102fd6125312409ac57d5296d\"},\"headline\":\"Am Mittwoch heulen die Sirenen\",\"datePublished\":\"2022-01-25T07:33:43+00:00\",\"dateModified\":\"2023-08-16T04:12:31+00:00\",\"mainEntityOfPage\":{\"@id\":\"https:\\\/\\\/news.save.ch\\\/am-mittwoch-heulen-die-sirenen\\\/\"},\"wordCount\":252,\"publisher\":{\"@id\":\"https:\\\/\\\/news.save.ch\\\/de\\\/#organization\"},\"image\":{\"@id\":\"https:\\\/\\\/news.save.ch\\\/am-mittwoch-heulen-die-sirenen\\\/#primaryimage\"},\"thumbnailUrl\":\"https:\\\/\\\/news.save.ch\\\/wp-content\\\/uploads\\\/2022\\\/01\\\/Sirenen_fotolia_teaser.jpg\",\"keywords\":[\"Alarmanlagen\",\"Alertswiss\",\"Allgemeinen Alarm\",\"BABS\",\"Sirenentest\",\"Wasseralarm\"],\"articleSection\":[\"ALLGEMEIN\"],\"inLanguage\":\"it-IT\"},{\"@type\":\"WebPage\",\"@id\":\"https:\\\/\\\/news.save.ch\\\/am-mittwoch-heulen-die-sirenen\\\/\",\"url\":\"https:\\\/\\\/news.save.ch\\\/am-mittwoch-heulen-die-sirenen\\\/\",\"name\":\"Am Mittwoch heulen die Sirenen - Save\",\"isPartOf\":{\"@id\":\"https:\\\/\\\/news.save.ch\\\/de\\\/#website\"},\"primaryImageOfPage\":{\"@id\":\"https:\\\/\\\/news.save.ch\\\/am-mittwoch-heulen-die-sirenen\\\/#primaryimage\"},\"image\":{\"@id\":\"https:\\\/\\\/news.save.ch\\\/am-mittwoch-heulen-die-sirenen\\\/#primaryimage\"},\"thumbnailUrl\":\"https:\\\/\\\/news.save.ch\\\/wp-content\\\/uploads\\\/2022\\\/01\\\/Sirenen_fotolia_teaser.jpg\",\"datePublished\":\"2022-01-25T07:33:43+00:00\",\"dateModified\":\"2023-08-16T04:12:31+00:00\",\"description\":\"In der Schweiz werden einmal wieder landesweit am Mittwoch 5000 Sirenen f\u00fcr den Allgemeinen Alarm und 2200 mobile Sirenen getestet. Wie in den letzten Jahren werden auch die Alertswiss-Kan\u00e4le \u00fcberpr\u00fcft. Die Zahl der Alertswiss-Nutzerinnen und -Nutzer betr\u00e4gt mittlerweile 1,2 Millionen.\",\"breadcrumb\":{\"@id\":\"https:\\\/\\\/news.save.ch\\\/am-mittwoch-heulen-die-sirenen\\\/#breadcrumb\"},\"inLanguage\":\"it-IT\",\"potentialAction\":[{\"@type\":\"ReadAction\",\"target\":[\"https:\\\/\\\/news.save.ch\\\/am-mittwoch-heulen-die-sirenen\\\/\"]}]},{\"@type\":\"ImageObject\",\"inLanguage\":\"it-IT\",\"@id\":\"https:\\\/\\\/news.save.ch\\\/am-mittwoch-heulen-die-sirenen\\\/#primaryimage\",\"url\":\"https:\\\/\\\/news.save.ch\\\/wp-content\\\/uploads\\\/2022\\\/01\\\/Sirenen_fotolia_teaser.jpg\",\"contentUrl\":\"https:\\\/\\\/news.save.ch\\\/wp-content\\\/uploads\\\/2022\\\/01\\\/Sirenen_fotolia_teaser.jpg\",\"width\":680,\"height\":452},{\"@type\":\"BreadcrumbList\",\"@id\":\"https:\\\/\\\/news.save.ch\\\/am-mittwoch-heulen-die-sirenen\\\/#breadcrumb\",\"itemListElement\":[{\"@type\":\"ListItem\",\"position\":1,\"name\":\"Home\",\"item\":\"https:\\\/\\\/news.save.ch\\\/de\\\/\"},{\"@type\":\"ListItem\",\"position\":2,\"name\":\"Am Mittwoch heulen die Sirenen\"}]},{\"@type\":\"WebSite\",\"@id\":\"https:\\\/\\\/news.save.ch\\\/de\\\/#website\",\"url\":\"https:\\\/\\\/news.save.ch\\\/de\\\/\",\"name\":\"Save\",\"description\":\"Schweizer Fachzeitschrift f\u00fcr Sicherheit\",\"publisher\":{\"@id\":\"https:\\\/\\\/news.save.ch\\\/de\\\/#organization\"},\"potentialAction\":[{\"@type\":\"SearchAction\",\"target\":{\"@type\":\"EntryPoint\",\"urlTemplate\":\"https:\\\/\\\/news.save.ch\\\/de\\\/?s={search_term_string}\"},\"query-input\":{\"@type\":\"PropertyValueSpecification\",\"valueRequired\":true,\"valueName\":\"search_term_string\"}}],\"inLanguage\":\"it-IT\"},{\"@type\":\"Organization\",\"@id\":\"https:\\\/\\\/news.save.ch\\\/de\\\/#organization\",\"name\":\"Sicherheitsforum\",\"url\":\"https:\\\/\\\/news.save.ch\\\/de\\\/\",\"logo\":{\"@type\":\"ImageObject\",\"inLanguage\":\"it-IT\",\"@id\":\"https:\\\/\\\/news.save.ch\\\/de\\\/#\\\/schema\\\/logo\\\/image\\\/\",\"url\":\"https:\\\/\\\/news.save.ch\\\/wp-content\\\/uploads\\\/2022\\\/06\\\/Logo_SF_2012.png\",\"contentUrl\":\"https:\\\/\\\/news.save.ch\\\/wp-content\\\/uploads\\\/2022\\\/06\\\/Logo_SF_2012.png\",\"width\":1100,\"height\":91,\"caption\":\"Sicherheitsforum\"},\"image\":{\"@id\":\"https:\\\/\\\/news.save.ch\\\/de\\\/#\\\/schema\\\/logo\\\/image\\\/\"}},{\"@type\":\"Person\",\"@id\":\"https:\\\/\\\/news.save.ch\\\/de\\\/#\\\/schema\\\/person\\\/ad4ef21102fd6125312409ac57d5296d\",\"name\":\"Simon Gr\u00f6flin\",\"image\":{\"@type\":\"ImageObject\",\"inLanguage\":\"it-IT\",\"@id\":\"https:\\\/\\\/secure.gravatar.com\\\/avatar\\\/6ddceb80eb734354635539e0ea5140bb7c41e42de7c45c9a2ab9921b5d5c9a83?s=96&d=mm&r=g\",\"url\":\"https:\\\/\\\/secure.gravatar.com\\\/avatar\\\/6ddceb80eb734354635539e0ea5140bb7c41e42de7c45c9a2ab9921b5d5c9a83?s=96&d=mm&r=g\",\"contentUrl\":\"https:\\\/\\\/secure.gravatar.com\\\/avatar\\\/6ddceb80eb734354635539e0ea5140bb7c41e42de7c45c9a2ab9921b5d5c9a83?s=96&d=mm&r=g\",\"caption\":\"Simon Gr\u00f6flin\"},\"url\":\"https:\\\/\\\/news.save.ch\\\/it\\\/author\\\/simon-groeflin\\\/\"}]}<\/script>\n<!-- \/ Yoast SEO plugin. -->","yoast_head_json":{"title":"Mercoled\u00ec le sirene suoneranno - Save","description":"In Svizzera, 5000 sirene di allarme generale e 2200 sirene mobili saranno nuovamente testate a livello nazionale mercoled\u00ec. Come negli anni precedenti, saranno controllati anche i canali Alertswiss. Il numero di utenti di Alertswiss \u00e8 ora di 1,2 milioni.","robots":{"index":"index","follow":"follow","max-snippet":"max-snippet:-1","max-image-preview":"max-image-preview:large","max-video-preview":"max-video-preview:-1"},"canonical":"https:\/\/news.save.ch\/it\/am-mittwoch-heulen-die-sirenen\/","og_locale":"it_IT","og_type":"article","og_title":"Am Mittwoch heulen die Sirenen - Save","og_description":"In der Schweiz werden einmal wieder landesweit am Mittwoch 5000 Sirenen f\u00fcr den Allgemeinen Alarm und 2200 mobile Sirenen getestet. Wie in den letzten Jahren werden auch die Alertswiss-Kan\u00e4le \u00fcberpr\u00fcft. Die Zahl der Alertswiss-Nutzerinnen und -Nutzer betr\u00e4gt mittlerweile 1,2 Millionen.","og_url":"https:\/\/news.save.ch\/it\/am-mittwoch-heulen-die-sirenen\/","og_site_name":"Save","article_published_time":"2022-01-25T07:33:43+00:00","article_modified_time":"2023-08-16T04:12:31+00:00","og_image":[{"width":680,"height":452,"url":"https:\/\/news.save.ch\/wp-content\/uploads\/2022\/01\/Sirenen_fotolia_teaser.jpg","type":"image\/jpeg"}],"author":"Simon Gr\u00f6flin","twitter_card":"summary_large_image","twitter_misc":{"Scritto da":"Simon Gr\u00f6flin","Tempo di lettura stimato":"2 minuti"},"schema":{"@context":"https:\/\/schema.org","@graph":[{"@type":"Article","@id":"https:\/\/news.save.ch\/am-mittwoch-heulen-die-sirenen\/#article","isPartOf":{"@id":"https:\/\/news.save.ch\/am-mittwoch-heulen-die-sirenen\/"},"author":{"name":"Simon Gr\u00f6flin","@id":"https:\/\/news.save.ch\/de\/#\/schema\/person\/ad4ef21102fd6125312409ac57d5296d"},"headline":"Am Mittwoch heulen die Sirenen","datePublished":"2022-01-25T07:33:43+00:00","dateModified":"2023-08-16T04:12:31+00:00","mainEntityOfPage":{"@id":"https:\/\/news.save.ch\/am-mittwoch-heulen-die-sirenen\/"},"wordCount":252,"publisher":{"@id":"https:\/\/news.save.ch\/de\/#organization"},"image":{"@id":"https:\/\/news.save.ch\/am-mittwoch-heulen-die-sirenen\/#primaryimage"},"thumbnailUrl":"https:\/\/news.save.ch\/wp-content\/uploads\/2022\/01\/Sirenen_fotolia_teaser.jpg","keywords":["Alarmanlagen","Alertswiss","Allgemeinen Alarm","BABS","Sirenentest","Wasseralarm"],"articleSection":["ALLGEMEIN"],"inLanguage":"it-IT"},{"@type":"WebPage","@id":"https:\/\/news.save.ch\/am-mittwoch-heulen-die-sirenen\/","url":"https:\/\/news.save.ch\/am-mittwoch-heulen-die-sirenen\/","name":"Mercoled\u00ec le sirene suoneranno - Save","isPartOf":{"@id":"https:\/\/news.save.ch\/de\/#website"},"primaryImageOfPage":{"@id":"https:\/\/news.save.ch\/am-mittwoch-heulen-die-sirenen\/#primaryimage"},"image":{"@id":"https:\/\/news.save.ch\/am-mittwoch-heulen-die-sirenen\/#primaryimage"},"thumbnailUrl":"https:\/\/news.save.ch\/wp-content\/uploads\/2022\/01\/Sirenen_fotolia_teaser.jpg","datePublished":"2022-01-25T07:33:43+00:00","dateModified":"2023-08-16T04:12:31+00:00","description":"In Svizzera, 5000 sirene di allarme generale e 2200 sirene mobili saranno nuovamente testate a livello nazionale mercoled\u00ec. Come negli anni precedenti, saranno controllati anche i canali Alertswiss. Il numero di utenti di Alertswiss \u00e8 ora di 1,2 milioni.","breadcrumb":{"@id":"https:\/\/news.save.ch\/am-mittwoch-heulen-die-sirenen\/#breadcrumb"},"inLanguage":"it-IT","potentialAction":[{"@type":"ReadAction","target":["https:\/\/news.save.ch\/am-mittwoch-heulen-die-sirenen\/"]}]},{"@type":"ImageObject","inLanguage":"it-IT","@id":"https:\/\/news.save.ch\/am-mittwoch-heulen-die-sirenen\/#primaryimage","url":"https:\/\/news.save.ch\/wp-content\/uploads\/2022\/01\/Sirenen_fotolia_teaser.jpg","contentUrl":"https:\/\/news.save.ch\/wp-content\/uploads\/2022\/01\/Sirenen_fotolia_teaser.jpg","width":680,"height":452},{"@type":"BreadcrumbList","@id":"https:\/\/news.save.ch\/am-mittwoch-heulen-die-sirenen\/#breadcrumb","itemListElement":[{"@type":"ListItem","position":1,"name":"Home","item":"https:\/\/news.save.ch\/de\/"},{"@type":"ListItem","position":2,"name":"Am Mittwoch heulen die Sirenen"}]},{"@type":"WebSite","@id":"https:\/\/news.save.ch\/de\/#website","url":"https:\/\/news.save.ch\/de\/","name":"Risparmiare","description":"Rivista svizzera specializzata in sicurezza","publisher":{"@id":"https:\/\/news.save.ch\/de\/#organization"},"potentialAction":[{"@type":"SearchAction","target":{"@type":"EntryPoint","urlTemplate":"https:\/\/news.save.ch\/de\/?s={search_term_string}"},"query-input":{"@type":"PropertyValueSpecification","valueRequired":true,"valueName":"search_term_string"}}],"inLanguage":"it-IT"},{"@type":"Organization","@id":"https:\/\/news.save.ch\/de\/#organization","name":"Forum sulla sicurezza","url":"https:\/\/news.save.ch\/de\/","logo":{"@type":"ImageObject","inLanguage":"it-IT","@id":"https:\/\/news.save.ch\/de\/#\/schema\/logo\/image\/","url":"https:\/\/news.save.ch\/wp-content\/uploads\/2022\/06\/Logo_SF_2012.png","contentUrl":"https:\/\/news.save.ch\/wp-content\/uploads\/2022\/06\/Logo_SF_2012.png","width":1100,"height":91,"caption":"Sicherheitsforum"},"image":{"@id":"https:\/\/news.save.ch\/de\/#\/schema\/logo\/image\/"}},{"@type":"Person","@id":"https:\/\/news.save.ch\/de\/#\/schema\/person\/ad4ef21102fd6125312409ac57d5296d","name":"Simon Gr\u00f6flin","image":{"@type":"ImageObject","inLanguage":"it-IT","@id":"https:\/\/secure.gravatar.com\/avatar\/6ddceb80eb734354635539e0ea5140bb7c41e42de7c45c9a2ab9921b5d5c9a83?s=96&d=mm&r=g","url":"https:\/\/secure.gravatar.com\/avatar\/6ddceb80eb734354635539e0ea5140bb7c41e42de7c45c9a2ab9921b5d5c9a83?s=96&d=mm&r=g","contentUrl":"https:\/\/secure.gravatar.com\/avatar\/6ddceb80eb734354635539e0ea5140bb7c41e42de7c45c9a2ab9921b5d5c9a83?s=96&d=mm&r=g","caption":"Simon Gr\u00f6flin"},"url":"https:\/\/news.save.ch\/it\/author\/simon-groeflin\/"}]}},"_links":{"self":[{"href":"https:\/\/news.save.ch\/it\/wp-json\/wp\/v2\/posts\/13433","targetHints":{"allow":["GET"]}}],"collection":[{"href":"https:\/\/news.save.ch\/it\/wp-json\/wp\/v2\/posts"}],"about":[{"href":"https:\/\/news.save.ch\/it\/wp-json\/wp\/v2\/types\/post"}],"author":[{"embeddable":true,"href":"https:\/\/news.save.ch\/it\/wp-json\/wp\/v2\/users\/9"}],"replies":[{"embeddable":true,"href":"https:\/\/news.save.ch\/it\/wp-json\/wp\/v2\/comments?post=13433"}],"version-history":[{"count":3,"href":"https:\/\/news.save.ch\/it\/wp-json\/wp\/v2\/posts\/13433\/revisions"}],"predecessor-version":[{"id":21881,"href":"https:\/\/news.save.ch\/it\/wp-json\/wp\/v2\/posts\/13433\/revisions\/21881"}],"wp:featuredmedia":[{"embeddable":true,"href":"https:\/\/news.save.ch\/it\/wp-json\/wp\/v2\/media\/13434"}],"wp:attachment":[{"href":"https:\/\/news.save.ch\/it\/wp-json\/wp\/v2\/media?parent=13433"}],"wp:term":[{"taxonomy":"category","embeddable":true,"href":"https:\/\/news.save.ch\/it\/wp-json\/wp\/v2\/categories?post=13433"},{"taxonomy":"post_tag","embeddable":true,"href":"https:\/\/news.save.ch\/it\/wp-json\/wp\/v2\/tags?post=13433"}],"curies":[{"name":"wp","href":"https:\/\/api.w.org\/{rel}","templated":true}]}}