{"id":136,"date":"2015-04-23T13:22:04","date_gmt":"2015-04-23T11:22:04","guid":{"rendered":"https:\/\/dev.sicherheitsforum.ch\/?p=136"},"modified":"2015-04-23T13:22:04","modified_gmt":"2015-04-23T11:22:04","slug":"kriminalitaet-finanzinstitute-am-staerksten-betroffen","status":null,"type":"post","link":"https:\/\/news.save.ch\/it\/kriminalitaet-finanzinstitute-am-staerksten-betroffen\/","title":{"rendered":"Criminalit\u00e0: le istituzioni finanziarie pi\u00f9 colpite"},"content":{"rendered":"<figure id=\"attachment_137\" aria-describedby=\"caption-attachment-137\" style=\"width: 680px\" class=\"wp-caption alignnone\"><img loading=\"lazy\" decoding=\"async\" class=\"size-medium wp-image-137\" src=\"https:\/\/sicherheitsforum.ch\/wp-content\/uploads\/2016\/12\/Kriminalit\u00e4t-Finanzinstitute-am-st\u00e4rksten-betroffen_sicherheitsforum.jpg\" alt=\"Il volume dei danni nel 2014 ha superato i 530 milioni di franchi svizzeri.\" width=\"680\" height=\"844\" \/><figcaption id=\"caption-attachment-137\" class=\"wp-caption-text\">Il volume dei danni nel 2014 ha superato i 530 milioni di franchi svizzeri.<\/figcaption><\/figure>\n<p>Secondo il documento \"<a title=\"Link alla grafica\" href=\"https:\/\/www.kpmg.com\/CH\/de\/Library\/MediaReleases\/PublishingImages\/pr-20150204-forensic-fraud-barometer-2014-de-2480px.jpg\" target=\"_blank\" data-cke-saved-href=\"https:\/\/www.kpmg.com\/CH\/de\/Library\/MediaReleases\/PublishingImages\/pr-20150204-forensic-fraud-barometer-2014-de-2480px.jpg\" rel=\"noopener\">Barometro delle frodi forensi di KPMG<\/a>\"Nel 2014 in Svizzera sono stati registrati 77 casi di criminalit\u00e0 dei colletti bianchi. Rispetto all'anno precedente, il numero di casi registrati \u00e8 aumentato di 32,7%. Il volume delle perdite, tuttavia, \u00e8 diminuito del 35,3% e si \u00e8 attestato a circa 537 milioni di franchi svizzeri nel 2014. L'aumento del volume delle perdite nel 2013 era dovuto a quattro casi straordinari con volumi di perdite superiori a 125 milioni di franchi svizzeri ciascuno. Rispetto al 2012, il volume dei sinistri nel 2014 \u00e8 aumentato di 8%. Come nell'anno precedente, l'appropriazione indebita \u00e8 stato il reato pi\u00f9 frequentemente registrato nel 2014 con 20 casi. I beni ottenuti in modo criminale sono stati spesso utilizzati per finanziare uno stile di vita costoso o un comportamento di dipendenza, in particolare la dipendenza da droghe o gioco d'azzardo.<\/p>\n<p>Anche nel 2014 le istituzioni finanziarie sono state il gruppo di vittime pi\u00f9 colpito. Il loro volume totale di perdite ammonta a ben 323 milioni di franchi svizzeri. Gli istituti finanziari hanno anche registrato il pi\u00f9 alto volume medio di perdite per caso, pari a 18 milioni di franchi svizzeri. Il secondo volume di perdite pi\u00f9 elevato, pari a 137 milioni di franchi svizzeri, \u00e8 stato registrato tra gli investitori. Tuttavia, secondo il rapporto, la loro perdita media \u00e8 stata notevolmente inferiore, pari a 12,4 milioni di franchi svizzeri.<\/p>\n<p><strong>Zurigo con il pi\u00f9 alto tasso di criminalit\u00e0 economica<\/strong><\/p>\n<p>Come negli anni precedenti, nel 2014 il maggior numero di reati dei colletti bianchi \u00e8 stato registrato nell'area di Zurigo, con 27 casi. Il volume medio dei danni nell'area di Zurigo \u00e8 stato il pi\u00f9 alto nel confronto regionale, con 13,8 milioni di franchi svizzeri. Il volume dei danni per caso \u00e8 stato solo la met\u00e0 in Ticino, la seconda regione classificata, con 6,7 milioni di franchi svizzeri. Inoltre, il caso con il maggior volume di sinistri \u00e8 stato gestito a Zurigo.<\/p>\n<p><em>Metodologia:<\/em> Il \"Barometro delle frodi forensi di KPMG\" si basa sui casi di criminalit\u00e0 dei colletti bianchi con un danno di almeno 50.000 franchi svizzeri che sono stati conclusi da un tribunale penale svizzero nell'anno di riferimento e di cui hanno parlato i pi\u00f9 importanti quotidiani e settimanali svizzeri.<\/p>","protected":false},"excerpt":{"rendered":"<p>Gem\u00e4ss dem \u00abKPMG Forensic Fraud Barometer\u00bb erfasste man im Jahr 2014 in der Schweiz 77 F\u00e4lle von Wirtschaftskriminalit\u00e4t. Im Vergleich zum Vorjahr stieg die Zahl der erfassten F\u00e4lle\u00a0um\u00a032,7%. Das Schadensvolumen sank jedoch um 35,3% und betrug 2014 rund 537 Mio. Fr.\u00a0Das h\u00f6here Schadensvolumen von 2013 war auf vier ausserordentliche F\u00e4lle\u00a0mit Schadensvolumina von jeweils \u00fcber 125 [&hellip;]<\/p>\n","protected":false},"author":1,"featured_media":137,"comment_status":"open","ping_status":"open","sticky":false,"template":"","format":"standard","meta":{"_acf_changed":false,"pgc_sgb_lightbox_settings":"","footnotes":""},"categories":[1],"tags":[113,114,115],"class_list":["post-136","post","type-post","status-publish","format-standard","has-post-thumbnail","hentry","category-allgemein","tag-kriminalitaet","tag-vermoegensdelikte","tag-wirtschaftskriminalitaet"],"acf":[],"hkrextid":null,"publication":null,"issue":null,"workflow":null,"startPage":null,"spitzmarke":null,"_posts_by_tag_page_fields":{"widget_title":"","widget_tags":""},"_at_widget":"1","_yoast_wpseo_primary_category":"1","_yoast_wpseo_focuskw_text_input":"Wirtschaftskriminalit\u00e4t","_yoast_wpseo_opengraph-image":"https:\/\/sicherheitsforum.ch\/wp-content\/uploads\/2016\/12\/Kriminalit\u00e4t-Finanzinstitute-am-st\u00e4rksten-betroffen_sicherheitsforum.jpg","_yoast_wpseo_opengraph-description":"Die Wirtschaftskriminalit\u00e4t in der Schweiz hat im Jahr 2014 stark zugenommen.","_yoast_wpseo_opengraph-title":"Kriminalit\u00e4t: Finanzinstitute am st\u00e4rksten betroffen","enclosure":null,"_yoast_wpseo_twitter-title":null,"_yoast_wpseo_twitter-description":null,"_yoast_wpseo_twitter-image":null,"_wp_old_slug":null,"_yoast_wpseo_title":null,"_yoast_wpseo_canonical":null,"yoast_head":"<!-- This site is optimized with the Yoast SEO plugin v27.4 - https:\/\/yoast.com\/product\/yoast-seo-wordpress\/ -->\n<title>Kriminalit\u00e4t: Finanzinstitute am st\u00e4rksten betroffen - Save<\/title>\n<meta name=\"description\" content=\"KPMG Forensic Fraud Barometer: Die Wirtschaftskriminalit\u00e4t in der Schweiz hat im Jahr 2014 stark zugenommen.\" \/>\n<meta name=\"robots\" content=\"index, follow, max-snippet:-1, max-image-preview:large, max-video-preview:-1\" \/>\n<link rel=\"canonical\" href=\"https:\/\/news.save.ch\/it\/kriminalitaet-finanzinstitute-am-staerksten-betroffen\/\" \/>\n<meta property=\"og:locale\" content=\"it_IT\" \/>\n<meta property=\"og:type\" content=\"article\" \/>\n<meta property=\"og:title\" content=\"Kriminalit\u00e4t: Finanzinstitute am st\u00e4rksten betroffen\" \/>\n<meta property=\"og:description\" content=\"Die Wirtschaftskriminalit\u00e4t in der Schweiz hat im Jahr 2014 stark zugenommen.\" \/>\n<meta property=\"og:url\" content=\"https:\/\/news.save.ch\/it\/kriminalitaet-finanzinstitute-am-staerksten-betroffen\/\" \/>\n<meta property=\"og:site_name\" content=\"Save\" \/>\n<meta property=\"article:published_time\" content=\"2015-04-23T11:22:04+00:00\" \/>\n<meta property=\"og:image\" content=\"https:\/\/sicherheitsforum.ch\/wp-content\/uploads\/2016\/12\/Kriminalit\u00e4t-Finanzinstitute-am-st\u00e4rksten-betroffen_sicherheitsforum.jpg\" \/>\n<meta name=\"author\" content=\"admin\" \/>\n<meta name=\"twitter:card\" content=\"summary_large_image\" \/>\n<meta name=\"twitter:label1\" content=\"Scritto da\" \/>\n\t<meta name=\"twitter:data1\" content=\"admin\" \/>\n\t<meta name=\"twitter:label2\" content=\"Tempo di lettura stimato\" \/>\n\t<meta name=\"twitter:data2\" content=\"1 minuto\" \/>\n<script type=\"application\/ld+json\" class=\"yoast-schema-graph\">{\"@context\":\"https:\\\/\\\/schema.org\",\"@graph\":[{\"@type\":\"Article\",\"@id\":\"https:\\\/\\\/news.save.ch\\\/kriminalitaet-finanzinstitute-am-staerksten-betroffen\\\/#article\",\"isPartOf\":{\"@id\":\"https:\\\/\\\/news.save.ch\\\/kriminalitaet-finanzinstitute-am-staerksten-betroffen\\\/\"},\"author\":{\"name\":\"admin\",\"@id\":\"https:\\\/\\\/news.save.ch\\\/de\\\/#\\\/schema\\\/person\\\/d49e199490bad7c70d64b9ab51142f2b\"},\"headline\":\"Kriminalit\u00e4t: Finanzinstitute am st\u00e4rksten betroffen\",\"datePublished\":\"2015-04-23T11:22:04+00:00\",\"mainEntityOfPage\":{\"@id\":\"https:\\\/\\\/news.save.ch\\\/kriminalitaet-finanzinstitute-am-staerksten-betroffen\\\/\"},\"wordCount\":294,\"commentCount\":0,\"publisher\":{\"@id\":\"https:\\\/\\\/news.save.ch\\\/de\\\/#organization\"},\"image\":{\"@id\":\"https:\\\/\\\/news.save.ch\\\/kriminalitaet-finanzinstitute-am-staerksten-betroffen\\\/#primaryimage\"},\"thumbnailUrl\":\"https:\\\/\\\/news.save.ch\\\/wp-content\\\/uploads\\\/2016\\\/12\\\/Kriminalitaet-Finanzinstitute-am-staerksten-betroffen_sicherheitsforum-scaled.jpg\",\"keywords\":[\"Kriminalit\u00e4t\",\"Verm\u00f6gensdelikte\",\"Wirtschaftskriminalit\u00e4t\"],\"articleSection\":[\"ALLGEMEIN\"],\"inLanguage\":\"it-IT\"},{\"@type\":\"WebPage\",\"@id\":\"https:\\\/\\\/news.save.ch\\\/kriminalitaet-finanzinstitute-am-staerksten-betroffen\\\/\",\"url\":\"https:\\\/\\\/news.save.ch\\\/kriminalitaet-finanzinstitute-am-staerksten-betroffen\\\/\",\"name\":\"Kriminalit\u00e4t: Finanzinstitute am st\u00e4rksten betroffen - Save\",\"isPartOf\":{\"@id\":\"https:\\\/\\\/news.save.ch\\\/de\\\/#website\"},\"primaryImageOfPage\":{\"@id\":\"https:\\\/\\\/news.save.ch\\\/kriminalitaet-finanzinstitute-am-staerksten-betroffen\\\/#primaryimage\"},\"image\":{\"@id\":\"https:\\\/\\\/news.save.ch\\\/kriminalitaet-finanzinstitute-am-staerksten-betroffen\\\/#primaryimage\"},\"thumbnailUrl\":\"https:\\\/\\\/news.save.ch\\\/wp-content\\\/uploads\\\/2016\\\/12\\\/Kriminalitaet-Finanzinstitute-am-staerksten-betroffen_sicherheitsforum-scaled.jpg\",\"datePublished\":\"2015-04-23T11:22:04+00:00\",\"description\":\"KPMG Forensic Fraud Barometer: Die Wirtschaftskriminalit\u00e4t in der Schweiz hat im Jahr 2014 stark zugenommen.\",\"breadcrumb\":{\"@id\":\"https:\\\/\\\/news.save.ch\\\/kriminalitaet-finanzinstitute-am-staerksten-betroffen\\\/#breadcrumb\"},\"inLanguage\":\"it-IT\",\"potentialAction\":[{\"@type\":\"ReadAction\",\"target\":[\"https:\\\/\\\/news.save.ch\\\/kriminalitaet-finanzinstitute-am-staerksten-betroffen\\\/\"]}]},{\"@type\":\"ImageObject\",\"inLanguage\":\"it-IT\",\"@id\":\"https:\\\/\\\/news.save.ch\\\/kriminalitaet-finanzinstitute-am-staerksten-betroffen\\\/#primaryimage\",\"url\":\"https:\\\/\\\/news.save.ch\\\/wp-content\\\/uploads\\\/2016\\\/12\\\/Kriminalitaet-Finanzinstitute-am-staerksten-betroffen_sicherheitsforum-scaled.jpg\",\"contentUrl\":\"https:\\\/\\\/news.save.ch\\\/wp-content\\\/uploads\\\/2016\\\/12\\\/Kriminalitaet-Finanzinstitute-am-staerksten-betroffen_sicherheitsforum-scaled.jpg\",\"width\":1128,\"height\":1400,\"caption\":\"Das Schadensvolumen betrug 2014 gut \u00fcber 530 Mio. Fr.\"},{\"@type\":\"BreadcrumbList\",\"@id\":\"https:\\\/\\\/news.save.ch\\\/kriminalitaet-finanzinstitute-am-staerksten-betroffen\\\/#breadcrumb\",\"itemListElement\":[{\"@type\":\"ListItem\",\"position\":1,\"name\":\"Home\",\"item\":\"https:\\\/\\\/news.save.ch\\\/de\\\/\"},{\"@type\":\"ListItem\",\"position\":2,\"name\":\"Kriminalit\u00e4t: Finanzinstitute am st\u00e4rksten betroffen\"}]},{\"@type\":\"WebSite\",\"@id\":\"https:\\\/\\\/news.save.ch\\\/de\\\/#website\",\"url\":\"https:\\\/\\\/news.save.ch\\\/de\\\/\",\"name\":\"Save\",\"description\":\"Schweizer Fachzeitschrift f\u00fcr Sicherheit\",\"publisher\":{\"@id\":\"https:\\\/\\\/news.save.ch\\\/de\\\/#organization\"},\"potentialAction\":[{\"@type\":\"SearchAction\",\"target\":{\"@type\":\"EntryPoint\",\"urlTemplate\":\"https:\\\/\\\/news.save.ch\\\/de\\\/?s={search_term_string}\"},\"query-input\":{\"@type\":\"PropertyValueSpecification\",\"valueRequired\":true,\"valueName\":\"search_term_string\"}}],\"inLanguage\":\"it-IT\"},{\"@type\":\"Organization\",\"@id\":\"https:\\\/\\\/news.save.ch\\\/de\\\/#organization\",\"name\":\"Sicherheitsforum\",\"url\":\"https:\\\/\\\/news.save.ch\\\/de\\\/\",\"logo\":{\"@type\":\"ImageObject\",\"inLanguage\":\"it-IT\",\"@id\":\"https:\\\/\\\/news.save.ch\\\/de\\\/#\\\/schema\\\/logo\\\/image\\\/\",\"url\":\"https:\\\/\\\/news.save.ch\\\/wp-content\\\/uploads\\\/2022\\\/06\\\/Logo_SF_2012.png\",\"contentUrl\":\"https:\\\/\\\/news.save.ch\\\/wp-content\\\/uploads\\\/2022\\\/06\\\/Logo_SF_2012.png\",\"width\":1100,\"height\":91,\"caption\":\"Sicherheitsforum\"},\"image\":{\"@id\":\"https:\\\/\\\/news.save.ch\\\/de\\\/#\\\/schema\\\/logo\\\/image\\\/\"}},{\"@type\":\"Person\",\"@id\":\"https:\\\/\\\/news.save.ch\\\/de\\\/#\\\/schema\\\/person\\\/d49e199490bad7c70d64b9ab51142f2b\",\"name\":\"admin\",\"image\":{\"@type\":\"ImageObject\",\"inLanguage\":\"it-IT\",\"@id\":\"https:\\\/\\\/secure.gravatar.com\\\/avatar\\\/ae2f4d718e6c49043e314ce431e7e645d646302a24a5ef5a8bc8e3f5a032e319?s=96&d=mm&r=g\",\"url\":\"https:\\\/\\\/secure.gravatar.com\\\/avatar\\\/ae2f4d718e6c49043e314ce431e7e645d646302a24a5ef5a8bc8e3f5a032e319?s=96&d=mm&r=g\",\"contentUrl\":\"https:\\\/\\\/secure.gravatar.com\\\/avatar\\\/ae2f4d718e6c49043e314ce431e7e645d646302a24a5ef5a8bc8e3f5a032e319?s=96&d=mm&r=g\",\"caption\":\"admin\"},\"sameAs\":[\"https:\\\/\\\/develop.organisator.galledia.ch\"],\"url\":\"https:\\\/\\\/news.save.ch\\\/it\\\/author\\\/admin\\\/\"}]}<\/script>\n<!-- \/ Yoast SEO plugin. -->","yoast_head_json":{"title":"Criminalit\u00e0: le istituzioni finanziarie pi\u00f9 colpite - Save","description":"Barometro delle frodi forensi di KPMG: La criminalit\u00e0 economica in Svizzera \u00e8 aumentata notevolmente nel 2014.","robots":{"index":"index","follow":"follow","max-snippet":"max-snippet:-1","max-image-preview":"max-image-preview:large","max-video-preview":"max-video-preview:-1"},"canonical":"https:\/\/news.save.ch\/it\/kriminalitaet-finanzinstitute-am-staerksten-betroffen\/","og_locale":"it_IT","og_type":"article","og_title":"Kriminalit\u00e4t: Finanzinstitute am st\u00e4rksten betroffen","og_description":"Die Wirtschaftskriminalit\u00e4t in der Schweiz hat im Jahr 2014 stark zugenommen.","og_url":"https:\/\/news.save.ch\/it\/kriminalitaet-finanzinstitute-am-staerksten-betroffen\/","og_site_name":"Save","article_published_time":"2015-04-23T11:22:04+00:00","og_image":[{"url":"https:\/\/sicherheitsforum.ch\/wp-content\/uploads\/2016\/12\/Kriminalit\u00e4t-Finanzinstitute-am-st\u00e4rksten-betroffen_sicherheitsforum.jpg","type":"","width":"","height":""}],"author":"admin","twitter_card":"summary_large_image","twitter_misc":{"Scritto da":"admin","Tempo di lettura stimato":"1 minuto"},"schema":{"@context":"https:\/\/schema.org","@graph":[{"@type":"Article","@id":"https:\/\/news.save.ch\/kriminalitaet-finanzinstitute-am-staerksten-betroffen\/#article","isPartOf":{"@id":"https:\/\/news.save.ch\/kriminalitaet-finanzinstitute-am-staerksten-betroffen\/"},"author":{"name":"admin","@id":"https:\/\/news.save.ch\/de\/#\/schema\/person\/d49e199490bad7c70d64b9ab51142f2b"},"headline":"Kriminalit\u00e4t: Finanzinstitute am st\u00e4rksten betroffen","datePublished":"2015-04-23T11:22:04+00:00","mainEntityOfPage":{"@id":"https:\/\/news.save.ch\/kriminalitaet-finanzinstitute-am-staerksten-betroffen\/"},"wordCount":294,"commentCount":0,"publisher":{"@id":"https:\/\/news.save.ch\/de\/#organization"},"image":{"@id":"https:\/\/news.save.ch\/kriminalitaet-finanzinstitute-am-staerksten-betroffen\/#primaryimage"},"thumbnailUrl":"https:\/\/news.save.ch\/wp-content\/uploads\/2016\/12\/Kriminalitaet-Finanzinstitute-am-staerksten-betroffen_sicherheitsforum-scaled.jpg","keywords":["Kriminalit\u00e4t","Verm\u00f6gensdelikte","Wirtschaftskriminalit\u00e4t"],"articleSection":["ALLGEMEIN"],"inLanguage":"it-IT"},{"@type":"WebPage","@id":"https:\/\/news.save.ch\/kriminalitaet-finanzinstitute-am-staerksten-betroffen\/","url":"https:\/\/news.save.ch\/kriminalitaet-finanzinstitute-am-staerksten-betroffen\/","name":"Criminalit\u00e0: le istituzioni finanziarie pi\u00f9 colpite - Save","isPartOf":{"@id":"https:\/\/news.save.ch\/de\/#website"},"primaryImageOfPage":{"@id":"https:\/\/news.save.ch\/kriminalitaet-finanzinstitute-am-staerksten-betroffen\/#primaryimage"},"image":{"@id":"https:\/\/news.save.ch\/kriminalitaet-finanzinstitute-am-staerksten-betroffen\/#primaryimage"},"thumbnailUrl":"https:\/\/news.save.ch\/wp-content\/uploads\/2016\/12\/Kriminalitaet-Finanzinstitute-am-staerksten-betroffen_sicherheitsforum-scaled.jpg","datePublished":"2015-04-23T11:22:04+00:00","description":"Barometro delle frodi forensi di KPMG: La criminalit\u00e0 economica in Svizzera \u00e8 aumentata notevolmente nel 2014.","breadcrumb":{"@id":"https:\/\/news.save.ch\/kriminalitaet-finanzinstitute-am-staerksten-betroffen\/#breadcrumb"},"inLanguage":"it-IT","potentialAction":[{"@type":"ReadAction","target":["https:\/\/news.save.ch\/kriminalitaet-finanzinstitute-am-staerksten-betroffen\/"]}]},{"@type":"ImageObject","inLanguage":"it-IT","@id":"https:\/\/news.save.ch\/kriminalitaet-finanzinstitute-am-staerksten-betroffen\/#primaryimage","url":"https:\/\/news.save.ch\/wp-content\/uploads\/2016\/12\/Kriminalitaet-Finanzinstitute-am-staerksten-betroffen_sicherheitsforum-scaled.jpg","contentUrl":"https:\/\/news.save.ch\/wp-content\/uploads\/2016\/12\/Kriminalitaet-Finanzinstitute-am-staerksten-betroffen_sicherheitsforum-scaled.jpg","width":1128,"height":1400,"caption":"Das Schadensvolumen betrug 2014 gut \u00fcber 530 Mio. Fr."},{"@type":"BreadcrumbList","@id":"https:\/\/news.save.ch\/kriminalitaet-finanzinstitute-am-staerksten-betroffen\/#breadcrumb","itemListElement":[{"@type":"ListItem","position":1,"name":"Home","item":"https:\/\/news.save.ch\/de\/"},{"@type":"ListItem","position":2,"name":"Kriminalit\u00e4t: Finanzinstitute am st\u00e4rksten betroffen"}]},{"@type":"WebSite","@id":"https:\/\/news.save.ch\/de\/#website","url":"https:\/\/news.save.ch\/de\/","name":"Risparmiare","description":"Rivista svizzera specializzata in sicurezza","publisher":{"@id":"https:\/\/news.save.ch\/de\/#organization"},"potentialAction":[{"@type":"SearchAction","target":{"@type":"EntryPoint","urlTemplate":"https:\/\/news.save.ch\/de\/?s={search_term_string}"},"query-input":{"@type":"PropertyValueSpecification","valueRequired":true,"valueName":"search_term_string"}}],"inLanguage":"it-IT"},{"@type":"Organization","@id":"https:\/\/news.save.ch\/de\/#organization","name":"Forum sulla sicurezza","url":"https:\/\/news.save.ch\/de\/","logo":{"@type":"ImageObject","inLanguage":"it-IT","@id":"https:\/\/news.save.ch\/de\/#\/schema\/logo\/image\/","url":"https:\/\/news.save.ch\/wp-content\/uploads\/2022\/06\/Logo_SF_2012.png","contentUrl":"https:\/\/news.save.ch\/wp-content\/uploads\/2022\/06\/Logo_SF_2012.png","width":1100,"height":91,"caption":"Sicherheitsforum"},"image":{"@id":"https:\/\/news.save.ch\/de\/#\/schema\/logo\/image\/"}},{"@type":"Person","@id":"https:\/\/news.save.ch\/de\/#\/schema\/person\/d49e199490bad7c70d64b9ab51142f2b","name":"amministratore","image":{"@type":"ImageObject","inLanguage":"it-IT","@id":"https:\/\/secure.gravatar.com\/avatar\/ae2f4d718e6c49043e314ce431e7e645d646302a24a5ef5a8bc8e3f5a032e319?s=96&d=mm&r=g","url":"https:\/\/secure.gravatar.com\/avatar\/ae2f4d718e6c49043e314ce431e7e645d646302a24a5ef5a8bc8e3f5a032e319?s=96&d=mm&r=g","contentUrl":"https:\/\/secure.gravatar.com\/avatar\/ae2f4d718e6c49043e314ce431e7e645d646302a24a5ef5a8bc8e3f5a032e319?s=96&d=mm&r=g","caption":"admin"},"sameAs":["https:\/\/develop.organisator.galledia.ch"],"url":"https:\/\/news.save.ch\/it\/author\/admin\/"}]}},"_links":{"self":[{"href":"https:\/\/news.save.ch\/it\/wp-json\/wp\/v2\/posts\/136","targetHints":{"allow":["GET"]}}],"collection":[{"href":"https:\/\/news.save.ch\/it\/wp-json\/wp\/v2\/posts"}],"about":[{"href":"https:\/\/news.save.ch\/it\/wp-json\/wp\/v2\/types\/post"}],"author":[{"embeddable":true,"href":"https:\/\/news.save.ch\/it\/wp-json\/wp\/v2\/users\/1"}],"replies":[{"embeddable":true,"href":"https:\/\/news.save.ch\/it\/wp-json\/wp\/v2\/comments?post=136"}],"version-history":[{"count":0,"href":"https:\/\/news.save.ch\/it\/wp-json\/wp\/v2\/posts\/136\/revisions"}],"wp:featuredmedia":[{"embeddable":true,"href":"https:\/\/news.save.ch\/it\/wp-json\/wp\/v2\/media\/137"}],"wp:attachment":[{"href":"https:\/\/news.save.ch\/it\/wp-json\/wp\/v2\/media?parent=136"}],"wp:term":[{"taxonomy":"category","embeddable":true,"href":"https:\/\/news.save.ch\/it\/wp-json\/wp\/v2\/categories?post=136"},{"taxonomy":"post_tag","embeddable":true,"href":"https:\/\/news.save.ch\/it\/wp-json\/wp\/v2\/tags?post=136"}],"curies":[{"name":"wp","href":"https:\/\/api.w.org\/{rel}","templated":true}]}}