{"id":13997,"date":"2022-04-18T08:06:03","date_gmt":"2022-04-18T06:06:03","guid":{"rendered":"https:\/\/news.save.ch\/?p=13997"},"modified":"2023-08-15T04:41:44","modified_gmt":"2023-08-15T02:41:44","slug":"polizei-und-armee-ueben-den-krisenfall","status":null,"type":"post","link":"https:\/\/news.save.ch\/it\/polizei-und-armee-ueben-den-krisenfall\/","title":{"rendered":"La polizia e l'esercito si esercitano in situazioni di crisi"},"content":{"rendered":"<figure id=\"attachment_13998\" aria-describedby=\"caption-attachment-13998\" style=\"width: 999px\" class=\"wp-caption alignleft\"><img loading=\"lazy\" decoding=\"async\" class=\"wp-image-13998 size-full\" src=\"https:\/\/news.save.ch\/wp-content\/uploads\/2022\/04\/Depositphotos_319525530_S.jpg\" alt=\"Scenario di crisi\" width=\"999\" height=\"734\" srcset=\"https:\/\/news.save.ch\/wp-content\/uploads\/2022\/04\/Depositphotos_319525530_S.jpg 999w, https:\/\/news.save.ch\/wp-content\/uploads\/2022\/04\/Depositphotos_319525530_S-375x276.jpg 375w\" sizes=\"auto, (max-width: 999px) 100vw, 999px\" \/><figcaption id=\"caption-attachment-13998\" class=\"wp-caption-text\">Immagine: depositphotos<\/figcaption><\/figure>\n<p>L'esercitazione della rete di sicurezza 2019 (SVU 19) ha esaminato come la Svizzera possa far fronte a una minaccia terroristica prolungata. L'esercitazione \"Fides\", annullata lo scorso anno a causa della situazione di Corona, \u00e8 ora prevista per il 15-19 agosto 2022 nella citt\u00e0 di Berna. Nell'ambito dell'esercitazione, l'esercito dovr\u00e0 affrontare il compito di proteggere le infrastrutture critiche per il funzionamento della vita pubblica.<\/p>\n<h2>Protezione delle infrastrutture critiche<\/h2>\n<p>La loro protezione o sorveglianza deve essere concretamente pianificata in loco e in parte attuata praticamente su scala individuale. L'attenzione si concentra, ad esempio, su importanti centri di distribuzione, significative infrastrutture di trasporto come gallerie, ponti, viadotti, centri informatici per l'approvvigionamento energetico e la gestione del traffico, nonch\u00e9 importanti infrastrutture governative.<\/p>\n<p>Si pu\u00f2 pensare anche alla protezione di importanti trasporti. Un altro possibile obiettivo dell'esercitazione potrebbe essere quello di sostenere la polizia nella protezione delle ambasciate: Questo scenario \u00e8 gi\u00e0 stato discusso e preso in considerazione nella crisi di Corona per alleggerire le forze di polizia a Berna, secondo una dichiarazione del Cantone. Lo scenario concreto dell'esercitazione sar\u00e0 definito dalla direzione della sicurezza nelle prossime settimane insieme alla polizia e all'esercito.<\/p>","protected":false},"excerpt":{"rendered":"<p>In der Sicherheitsverbunds\u00fcbung 2019 (SVU 19) wurde \u00fcberpr\u00fcft, wie die Schweiz eine l\u00e4nger andauernde Terrorbedrohung bew\u00e4ltigen kann. Die im vergangenen Jahr infolge der Corona-Situation abgesagte \u00dcbung \u00abFides\u00bb ist neu vom 15. bis 19. August 2022 in der Stadt Bern geplant. Die Armee werde im Rahmen der \u00dcbung vor die Aufgabe gestellt, f\u00fcr das Funktionieren des [&hellip;]<\/p>\n","protected":false},"author":9,"featured_media":13998,"comment_status":"closed","ping_status":"closed","sticky":false,"template":"","format":"standard","meta":{"_acf_changed":false,"pgc_sgb_lightbox_settings":"","footnotes":""},"categories":[1],"tags":[4607,1408,964,1173,4606,310,566,567],"class_list":["post-13997","post","type-post","status-publish","format-standard","has-post-thumbnail","hentry","category-allgemein","tag-botschaftsschutz","tag-fides","tag-kritische-infrastrukturen","tag-militaer","tag-schutz-wichtiger-transporte","tag-sicherheit","tag-sicherheitsverbundsuebung","tag-terrorbedrohung"],"acf":[],"hkrextid":null,"publication":null,"issue":null,"workflow":null,"startPage":null,"spitzmarke":null,"_posts_by_tag_page_fields":{"widget_title":"","widget_tags":""},"_at_widget":"1","_yoast_wpseo_primary_category":"1","_yoast_wpseo_focuskw_text_input":null,"_yoast_wpseo_opengraph-image":null,"_yoast_wpseo_opengraph-description":null,"_yoast_wpseo_opengraph-title":null,"enclosure":null,"_yoast_wpseo_twitter-title":null,"_yoast_wpseo_twitter-description":null,"_yoast_wpseo_twitter-image":null,"_wp_old_slug":null,"_yoast_wpseo_title":null,"_yoast_wpseo_canonical":null,"yoast_head":"<!-- This site is optimized with the Yoast SEO plugin v27.4 - https:\/\/yoast.com\/product\/yoast-seo-wordpress\/ -->\n<title>Polizei und Armee \u00fcben den Krisenfall - Save<\/title>\n<meta name=\"description\" content=\"Polizei und Armee \u00fcben im August in Bern und Umgebung ein Krisenszenario. Die \u00dcbung \u00abFides\u00bb war urspr\u00fcnglich schon f\u00fcr 2021 vorgesehen, wurde jedoch wegen Corona verschoben.\" \/>\n<meta name=\"robots\" content=\"index, follow, max-snippet:-1, max-image-preview:large, max-video-preview:-1\" \/>\n<link rel=\"canonical\" href=\"https:\/\/news.save.ch\/it\/polizei-und-armee-ueben-den-krisenfall\/\" \/>\n<meta property=\"og:locale\" content=\"it_IT\" \/>\n<meta property=\"og:type\" content=\"article\" \/>\n<meta property=\"og:title\" content=\"Polizei und Armee \u00fcben den Krisenfall - Save\" \/>\n<meta property=\"og:description\" content=\"Polizei und Armee \u00fcben im August in Bern und Umgebung ein Krisenszenario. Die \u00dcbung \u00abFides\u00bb war urspr\u00fcnglich schon f\u00fcr 2021 vorgesehen, wurde jedoch wegen Corona verschoben.\" \/>\n<meta property=\"og:url\" content=\"https:\/\/news.save.ch\/it\/polizei-und-armee-ueben-den-krisenfall\/\" \/>\n<meta property=\"og:site_name\" content=\"Save\" \/>\n<meta property=\"article:published_time\" content=\"2022-04-18T06:06:03+00:00\" \/>\n<meta property=\"article:modified_time\" content=\"2023-08-15T02:41:44+00:00\" \/>\n<meta property=\"og:image\" content=\"https:\/\/news.save.ch\/wp-content\/uploads\/2022\/04\/Depositphotos_319525530_S.jpg\" \/>\n\t<meta property=\"og:image:width\" content=\"999\" \/>\n\t<meta property=\"og:image:height\" content=\"734\" \/>\n\t<meta property=\"og:image:type\" content=\"image\/jpeg\" \/>\n<meta name=\"author\" content=\"Simon Gr\u00f6flin\" \/>\n<meta name=\"twitter:card\" content=\"summary_large_image\" \/>\n<meta name=\"twitter:label1\" content=\"Scritto da\" \/>\n\t<meta name=\"twitter:data1\" content=\"Simon Gr\u00f6flin\" \/>\n\t<meta name=\"twitter:label2\" content=\"Tempo di lettura stimato\" \/>\n\t<meta name=\"twitter:data2\" content=\"2 minuti\" \/>\n<script type=\"application\/ld+json\" class=\"yoast-schema-graph\">{\"@context\":\"https:\\\/\\\/schema.org\",\"@graph\":[{\"@type\":\"Article\",\"@id\":\"https:\\\/\\\/news.save.ch\\\/polizei-und-armee-ueben-den-krisenfall\\\/#article\",\"isPartOf\":{\"@id\":\"https:\\\/\\\/news.save.ch\\\/polizei-und-armee-ueben-den-krisenfall\\\/\"},\"author\":{\"name\":\"Simon Gr\u00f6flin\",\"@id\":\"https:\\\/\\\/news.save.ch\\\/de\\\/#\\\/schema\\\/person\\\/ad4ef21102fd6125312409ac57d5296d\"},\"headline\":\"Polizei und Armee \u00fcben den Krisenfall\",\"datePublished\":\"2022-04-18T06:06:03+00:00\",\"dateModified\":\"2023-08-15T02:41:44+00:00\",\"mainEntityOfPage\":{\"@id\":\"https:\\\/\\\/news.save.ch\\\/polizei-und-armee-ueben-den-krisenfall\\\/\"},\"wordCount\":189,\"publisher\":{\"@id\":\"https:\\\/\\\/news.save.ch\\\/de\\\/#organization\"},\"image\":{\"@id\":\"https:\\\/\\\/news.save.ch\\\/polizei-und-armee-ueben-den-krisenfall\\\/#primaryimage\"},\"thumbnailUrl\":\"https:\\\/\\\/news.save.ch\\\/wp-content\\\/uploads\\\/2022\\\/04\\\/Depositphotos_319525530_S.jpg\",\"keywords\":[\"Botschaftsschutz\",\"Fides\",\"kritische Infrastrukturen\",\"Milit\u00e4r\",\"Schutz wichtiger Transporte\",\"Sicherheit\",\"Sicherheitsverbunds\u00fcbung\",\"Terrorbedrohung\"],\"articleSection\":[\"ALLGEMEIN\"],\"inLanguage\":\"it-IT\"},{\"@type\":\"WebPage\",\"@id\":\"https:\\\/\\\/news.save.ch\\\/polizei-und-armee-ueben-den-krisenfall\\\/\",\"url\":\"https:\\\/\\\/news.save.ch\\\/polizei-und-armee-ueben-den-krisenfall\\\/\",\"name\":\"Polizei und Armee \u00fcben den Krisenfall - Save\",\"isPartOf\":{\"@id\":\"https:\\\/\\\/news.save.ch\\\/de\\\/#website\"},\"primaryImageOfPage\":{\"@id\":\"https:\\\/\\\/news.save.ch\\\/polizei-und-armee-ueben-den-krisenfall\\\/#primaryimage\"},\"image\":{\"@id\":\"https:\\\/\\\/news.save.ch\\\/polizei-und-armee-ueben-den-krisenfall\\\/#primaryimage\"},\"thumbnailUrl\":\"https:\\\/\\\/news.save.ch\\\/wp-content\\\/uploads\\\/2022\\\/04\\\/Depositphotos_319525530_S.jpg\",\"datePublished\":\"2022-04-18T06:06:03+00:00\",\"dateModified\":\"2023-08-15T02:41:44+00:00\",\"description\":\"Polizei und Armee \u00fcben im August in Bern und Umgebung ein Krisenszenario. Die \u00dcbung \u00abFides\u00bb war urspr\u00fcnglich schon f\u00fcr 2021 vorgesehen, wurde jedoch wegen Corona verschoben.\",\"breadcrumb\":{\"@id\":\"https:\\\/\\\/news.save.ch\\\/polizei-und-armee-ueben-den-krisenfall\\\/#breadcrumb\"},\"inLanguage\":\"it-IT\",\"potentialAction\":[{\"@type\":\"ReadAction\",\"target\":[\"https:\\\/\\\/news.save.ch\\\/polizei-und-armee-ueben-den-krisenfall\\\/\"]}]},{\"@type\":\"ImageObject\",\"inLanguage\":\"it-IT\",\"@id\":\"https:\\\/\\\/news.save.ch\\\/polizei-und-armee-ueben-den-krisenfall\\\/#primaryimage\",\"url\":\"https:\\\/\\\/news.save.ch\\\/wp-content\\\/uploads\\\/2022\\\/04\\\/Depositphotos_319525530_S.jpg\",\"contentUrl\":\"https:\\\/\\\/news.save.ch\\\/wp-content\\\/uploads\\\/2022\\\/04\\\/Depositphotos_319525530_S.jpg\",\"width\":999,\"height\":734,\"caption\":\"Flag of Switzerland on military uniform. Swiss flag on soldiers arm. Armed Forces, Army. Collage.\"},{\"@type\":\"BreadcrumbList\",\"@id\":\"https:\\\/\\\/news.save.ch\\\/polizei-und-armee-ueben-den-krisenfall\\\/#breadcrumb\",\"itemListElement\":[{\"@type\":\"ListItem\",\"position\":1,\"name\":\"Home\",\"item\":\"https:\\\/\\\/news.save.ch\\\/de\\\/\"},{\"@type\":\"ListItem\",\"position\":2,\"name\":\"Polizei und Armee \u00fcben den Krisenfall\"}]},{\"@type\":\"WebSite\",\"@id\":\"https:\\\/\\\/news.save.ch\\\/de\\\/#website\",\"url\":\"https:\\\/\\\/news.save.ch\\\/de\\\/\",\"name\":\"Save\",\"description\":\"Schweizer Fachzeitschrift f\u00fcr Sicherheit\",\"publisher\":{\"@id\":\"https:\\\/\\\/news.save.ch\\\/de\\\/#organization\"},\"potentialAction\":[{\"@type\":\"SearchAction\",\"target\":{\"@type\":\"EntryPoint\",\"urlTemplate\":\"https:\\\/\\\/news.save.ch\\\/de\\\/?s={search_term_string}\"},\"query-input\":{\"@type\":\"PropertyValueSpecification\",\"valueRequired\":true,\"valueName\":\"search_term_string\"}}],\"inLanguage\":\"it-IT\"},{\"@type\":\"Organization\",\"@id\":\"https:\\\/\\\/news.save.ch\\\/de\\\/#organization\",\"name\":\"Sicherheitsforum\",\"url\":\"https:\\\/\\\/news.save.ch\\\/de\\\/\",\"logo\":{\"@type\":\"ImageObject\",\"inLanguage\":\"it-IT\",\"@id\":\"https:\\\/\\\/news.save.ch\\\/de\\\/#\\\/schema\\\/logo\\\/image\\\/\",\"url\":\"https:\\\/\\\/news.save.ch\\\/wp-content\\\/uploads\\\/2022\\\/06\\\/Logo_SF_2012.png\",\"contentUrl\":\"https:\\\/\\\/news.save.ch\\\/wp-content\\\/uploads\\\/2022\\\/06\\\/Logo_SF_2012.png\",\"width\":1100,\"height\":91,\"caption\":\"Sicherheitsforum\"},\"image\":{\"@id\":\"https:\\\/\\\/news.save.ch\\\/de\\\/#\\\/schema\\\/logo\\\/image\\\/\"}},{\"@type\":\"Person\",\"@id\":\"https:\\\/\\\/news.save.ch\\\/de\\\/#\\\/schema\\\/person\\\/ad4ef21102fd6125312409ac57d5296d\",\"name\":\"Simon Gr\u00f6flin\",\"image\":{\"@type\":\"ImageObject\",\"inLanguage\":\"it-IT\",\"@id\":\"https:\\\/\\\/secure.gravatar.com\\\/avatar\\\/6ddceb80eb734354635539e0ea5140bb7c41e42de7c45c9a2ab9921b5d5c9a83?s=96&d=mm&r=g\",\"url\":\"https:\\\/\\\/secure.gravatar.com\\\/avatar\\\/6ddceb80eb734354635539e0ea5140bb7c41e42de7c45c9a2ab9921b5d5c9a83?s=96&d=mm&r=g\",\"contentUrl\":\"https:\\\/\\\/secure.gravatar.com\\\/avatar\\\/6ddceb80eb734354635539e0ea5140bb7c41e42de7c45c9a2ab9921b5d5c9a83?s=96&d=mm&r=g\",\"caption\":\"Simon Gr\u00f6flin\"},\"url\":\"https:\\\/\\\/news.save.ch\\\/it\\\/author\\\/simon-groeflin\\\/\"}]}<\/script>\n<!-- \/ Yoast SEO plugin. -->","yoast_head_json":{"title":"Polizia ed esercito si esercitano in caso di crisi - Save","description":"In agosto, la polizia e l'esercito si eserciteranno in uno scenario di crisi a Berna e dintorni. L'esercitazione \"Fides\" era originariamente prevista per il 2021, ma \u00e8 stata rinviata a causa di Corona.","robots":{"index":"index","follow":"follow","max-snippet":"max-snippet:-1","max-image-preview":"max-image-preview:large","max-video-preview":"max-video-preview:-1"},"canonical":"https:\/\/news.save.ch\/it\/polizei-und-armee-ueben-den-krisenfall\/","og_locale":"it_IT","og_type":"article","og_title":"Polizei und Armee \u00fcben den Krisenfall - Save","og_description":"Polizei und Armee \u00fcben im August in Bern und Umgebung ein Krisenszenario. Die \u00dcbung \u00abFides\u00bb war urspr\u00fcnglich schon f\u00fcr 2021 vorgesehen, wurde jedoch wegen Corona verschoben.","og_url":"https:\/\/news.save.ch\/it\/polizei-und-armee-ueben-den-krisenfall\/","og_site_name":"Save","article_published_time":"2022-04-18T06:06:03+00:00","article_modified_time":"2023-08-15T02:41:44+00:00","og_image":[{"width":999,"height":734,"url":"https:\/\/news.save.ch\/wp-content\/uploads\/2022\/04\/Depositphotos_319525530_S.jpg","type":"image\/jpeg"}],"author":"Simon Gr\u00f6flin","twitter_card":"summary_large_image","twitter_misc":{"Scritto da":"Simon Gr\u00f6flin","Tempo di lettura stimato":"2 minuti"},"schema":{"@context":"https:\/\/schema.org","@graph":[{"@type":"Article","@id":"https:\/\/news.save.ch\/polizei-und-armee-ueben-den-krisenfall\/#article","isPartOf":{"@id":"https:\/\/news.save.ch\/polizei-und-armee-ueben-den-krisenfall\/"},"author":{"name":"Simon Gr\u00f6flin","@id":"https:\/\/news.save.ch\/de\/#\/schema\/person\/ad4ef21102fd6125312409ac57d5296d"},"headline":"Polizei und Armee \u00fcben den Krisenfall","datePublished":"2022-04-18T06:06:03+00:00","dateModified":"2023-08-15T02:41:44+00:00","mainEntityOfPage":{"@id":"https:\/\/news.save.ch\/polizei-und-armee-ueben-den-krisenfall\/"},"wordCount":189,"publisher":{"@id":"https:\/\/news.save.ch\/de\/#organization"},"image":{"@id":"https:\/\/news.save.ch\/polizei-und-armee-ueben-den-krisenfall\/#primaryimage"},"thumbnailUrl":"https:\/\/news.save.ch\/wp-content\/uploads\/2022\/04\/Depositphotos_319525530_S.jpg","keywords":["Botschaftsschutz","Fides","kritische Infrastrukturen","Milit\u00e4r","Schutz wichtiger Transporte","Sicherheit","Sicherheitsverbunds\u00fcbung","Terrorbedrohung"],"articleSection":["ALLGEMEIN"],"inLanguage":"it-IT"},{"@type":"WebPage","@id":"https:\/\/news.save.ch\/polizei-und-armee-ueben-den-krisenfall\/","url":"https:\/\/news.save.ch\/polizei-und-armee-ueben-den-krisenfall\/","name":"Polizia ed esercito si esercitano in caso di crisi - Save","isPartOf":{"@id":"https:\/\/news.save.ch\/de\/#website"},"primaryImageOfPage":{"@id":"https:\/\/news.save.ch\/polizei-und-armee-ueben-den-krisenfall\/#primaryimage"},"image":{"@id":"https:\/\/news.save.ch\/polizei-und-armee-ueben-den-krisenfall\/#primaryimage"},"thumbnailUrl":"https:\/\/news.save.ch\/wp-content\/uploads\/2022\/04\/Depositphotos_319525530_S.jpg","datePublished":"2022-04-18T06:06:03+00:00","dateModified":"2023-08-15T02:41:44+00:00","description":"In agosto, la polizia e l'esercito si eserciteranno in uno scenario di crisi a Berna e dintorni. L'esercitazione \"Fides\" era originariamente prevista per il 2021, ma \u00e8 stata rinviata a causa di Corona.","breadcrumb":{"@id":"https:\/\/news.save.ch\/polizei-und-armee-ueben-den-krisenfall\/#breadcrumb"},"inLanguage":"it-IT","potentialAction":[{"@type":"ReadAction","target":["https:\/\/news.save.ch\/polizei-und-armee-ueben-den-krisenfall\/"]}]},{"@type":"ImageObject","inLanguage":"it-IT","@id":"https:\/\/news.save.ch\/polizei-und-armee-ueben-den-krisenfall\/#primaryimage","url":"https:\/\/news.save.ch\/wp-content\/uploads\/2022\/04\/Depositphotos_319525530_S.jpg","contentUrl":"https:\/\/news.save.ch\/wp-content\/uploads\/2022\/04\/Depositphotos_319525530_S.jpg","width":999,"height":734,"caption":"Flag of Switzerland on military uniform. Swiss flag on soldiers arm. Armed Forces, Army. Collage."},{"@type":"BreadcrumbList","@id":"https:\/\/news.save.ch\/polizei-und-armee-ueben-den-krisenfall\/#breadcrumb","itemListElement":[{"@type":"ListItem","position":1,"name":"Home","item":"https:\/\/news.save.ch\/de\/"},{"@type":"ListItem","position":2,"name":"Polizei und Armee \u00fcben den Krisenfall"}]},{"@type":"WebSite","@id":"https:\/\/news.save.ch\/de\/#website","url":"https:\/\/news.save.ch\/de\/","name":"Risparmiare","description":"Rivista svizzera specializzata in sicurezza","publisher":{"@id":"https:\/\/news.save.ch\/de\/#organization"},"potentialAction":[{"@type":"SearchAction","target":{"@type":"EntryPoint","urlTemplate":"https:\/\/news.save.ch\/de\/?s={search_term_string}"},"query-input":{"@type":"PropertyValueSpecification","valueRequired":true,"valueName":"search_term_string"}}],"inLanguage":"it-IT"},{"@type":"Organization","@id":"https:\/\/news.save.ch\/de\/#organization","name":"Forum sulla sicurezza","url":"https:\/\/news.save.ch\/de\/","logo":{"@type":"ImageObject","inLanguage":"it-IT","@id":"https:\/\/news.save.ch\/de\/#\/schema\/logo\/image\/","url":"https:\/\/news.save.ch\/wp-content\/uploads\/2022\/06\/Logo_SF_2012.png","contentUrl":"https:\/\/news.save.ch\/wp-content\/uploads\/2022\/06\/Logo_SF_2012.png","width":1100,"height":91,"caption":"Sicherheitsforum"},"image":{"@id":"https:\/\/news.save.ch\/de\/#\/schema\/logo\/image\/"}},{"@type":"Person","@id":"https:\/\/news.save.ch\/de\/#\/schema\/person\/ad4ef21102fd6125312409ac57d5296d","name":"Simon Gr\u00f6flin","image":{"@type":"ImageObject","inLanguage":"it-IT","@id":"https:\/\/secure.gravatar.com\/avatar\/6ddceb80eb734354635539e0ea5140bb7c41e42de7c45c9a2ab9921b5d5c9a83?s=96&d=mm&r=g","url":"https:\/\/secure.gravatar.com\/avatar\/6ddceb80eb734354635539e0ea5140bb7c41e42de7c45c9a2ab9921b5d5c9a83?s=96&d=mm&r=g","contentUrl":"https:\/\/secure.gravatar.com\/avatar\/6ddceb80eb734354635539e0ea5140bb7c41e42de7c45c9a2ab9921b5d5c9a83?s=96&d=mm&r=g","caption":"Simon Gr\u00f6flin"},"url":"https:\/\/news.save.ch\/it\/author\/simon-groeflin\/"}]}},"_links":{"self":[{"href":"https:\/\/news.save.ch\/it\/wp-json\/wp\/v2\/posts\/13997","targetHints":{"allow":["GET"]}}],"collection":[{"href":"https:\/\/news.save.ch\/it\/wp-json\/wp\/v2\/posts"}],"about":[{"href":"https:\/\/news.save.ch\/it\/wp-json\/wp\/v2\/types\/post"}],"author":[{"embeddable":true,"href":"https:\/\/news.save.ch\/it\/wp-json\/wp\/v2\/users\/9"}],"replies":[{"embeddable":true,"href":"https:\/\/news.save.ch\/it\/wp-json\/wp\/v2\/comments?post=13997"}],"version-history":[{"count":3,"href":"https:\/\/news.save.ch\/it\/wp-json\/wp\/v2\/posts\/13997\/revisions"}],"predecessor-version":[{"id":21769,"href":"https:\/\/news.save.ch\/it\/wp-json\/wp\/v2\/posts\/13997\/revisions\/21769"}],"wp:featuredmedia":[{"embeddable":true,"href":"https:\/\/news.save.ch\/it\/wp-json\/wp\/v2\/media\/13998"}],"wp:attachment":[{"href":"https:\/\/news.save.ch\/it\/wp-json\/wp\/v2\/media?parent=13997"}],"wp:term":[{"taxonomy":"category","embeddable":true,"href":"https:\/\/news.save.ch\/it\/wp-json\/wp\/v2\/categories?post=13997"},{"taxonomy":"post_tag","embeddable":true,"href":"https:\/\/news.save.ch\/it\/wp-json\/wp\/v2\/tags?post=13997"}],"curies":[{"name":"wp","href":"https:\/\/api.w.org\/{rel}","templated":true}]}}