{"id":14135,"date":"2015-10-09T10:27:46","date_gmt":"2015-10-09T08:27:46","guid":{"rendered":"https:\/\/dev.sicherheitsforum.ch\/?p=666"},"modified":"2023-03-14T08:57:32","modified_gmt":"2023-03-14T07:57:32","slug":"aktionsplan-zur-internet-barrierefreiheit","status":null,"type":"post","link":"https:\/\/news.save.ch\/it\/aktionsplan-zur-internet-barrierefreiheit\/","title":{"rendered":"Piano d'azione per l'accessibilit\u00e0 a Internet"},"content":{"rendered":"<figure id=\"attachment_667\" aria-describedby=\"caption-attachment-667\" style=\"width: 667px\" class=\"wp-caption alignnone\"><img loading=\"lazy\" decoding=\"async\" class=\"wp-image-667 size-medium\" src=\"https:\/\/news.save.ch\/wp-content\/uploads\/2016\/12\/Aktionsplan-zur-Internet-Barrierefreiheit-it-security.jpg\" alt=\"Per le persone con disabilit\u00e0, Internet offre un grande potenziale di maggiori opportunit\u00e0 e indipendenza.\" width=\"667\" height=\"1000\" \/><figcaption id=\"caption-attachment-667\" class=\"wp-caption-text\">Per le persone con disabilit\u00e0, Internet offre un grande potenziale di maggiori opportunit\u00e0 e indipendenza.<\/figcaption><\/figure>\n<p>Il <a href=\"https:\/\/www.news.admin.ch\/NSBSubscriber\/message\/attachments\/41219.pdf\" target=\"_blank\" data-cke-saved-href=\"https:\/\/www.news.admin.ch\/NSBSubscriber\/message\/attachments\/41219.pdf\" rel=\"noopener\">Piano d'azione per l'accessibilit\u00e0 elettronica 2015-2017 <\/a>comprende misure di supporto ai dipartimenti e agli uffici, per fornire ausili e sviluppare raccomandazioni di e-accessibilit\u00e0. Ad esempio, \u00e8 prevista la creazione di una piattaforma informativa centrale per garantire lo scambio di conoscenze ed esperienze. In concreto, i siti web, i documenti elettronici e le applicazioni devono essere progettati in modo da poter essere letti con programmi di lettura e accessibili anche senza mouse.<\/p>\n<p>Il piano d'azione \u00e8 stato sviluppato da un gruppo di lavoro interdipartimentale sull'accessibilit\u00e0 di Internet. \u00c8 stato nominato dal Consiglio federale nel giugno 2014 e attuer\u00e0 le misure entro il 2017. In questo \u00e8 supportato da un ufficio della Confederazione per l'accessibilit\u00e0 elettronica, che ha una durata limitata a tre anni e che \u00e8 stato deciso anche dal Consiglio federale nel 2014.<\/p>\n<p>Dal 2004, la Confederazione \u00e8 tenuta, ai sensi della Legge federale sull'eliminazione della discriminazione nei confronti delle persone con disabilit\u00e0 (BehiG), a rendere accessibili i propri servizi Internet. Con il piano d'azione, la Confederazione tiene conto anche dei requisiti della Convenzione ONU sui diritti delle persone con disabilit\u00e0 (CRPD). \u00c8 entrato in vigore in Svizzera nel maggio 2014.<\/p>\n<p>In Svizzera vivono oltre 1,4 milioni di persone con disabilit\u00e0. Per loro, Internet offre un enorme potenziale di maggiori opportunit\u00e0 e indipendenza. Le tecnologie dell'informazione e della comunicazione (TIC) accessibili promuovono la partecipazione delle persone con disabilit\u00e0 in tutti gli ambiti della vita. L'accessibilit\u00e0 contribuisce quindi anche all'integrazione professionale delle persone con disabilit\u00e0.<\/p>\n<p>&nbsp;<\/p>","protected":false},"excerpt":{"rendered":"<p>Der Aktionsplan E-Accessibility 2015-2017 umfasst Massnahmen zur Unterst\u00fctzung der Departemente und \u00c4mter, zur Bereitstellung von Hilfsmitteln und zur Erarbeitung von E-Accessibility-Empfehlungen. So soll etwa eine zentrale Informationsplattform erstellt werden, um den Austausch von Wissen und Erfahrungen sicherzustellen. Konkret m\u00fcssen Webseiten, elektronische Dokumente und Applikationen so ausgestaltet sein, dass sie mit Vorleseprogrammen gelesen und auch ohne [&hellip;]<\/p>\n","protected":false},"author":1,"featured_media":13542,"comment_status":"open","ping_status":"open","sticky":false,"template":"","format":"standard","meta":{"_acf_changed":false,"pgc_sgb_lightbox_settings":"","footnotes":""},"categories":[3313],"tags":[62,63],"class_list":["post-14135","post","type-post","status-publish","format-standard","has-post-thumbnail","hentry","category-digitalisierung","tag-ict-sicherheit","tag-it-security"],"acf":[],"hkrextid":null,"publication":null,"issue":null,"workflow":null,"startPage":null,"spitzmarke":null,"_posts_by_tag_page_fields":{"widget_title":"","widget_tags":""},"_at_widget":"1","_yoast_wpseo_primary_category":"2","_yoast_wpseo_focuskw_text_input":"Barrierefreiheit","_yoast_wpseo_opengraph-image":"https:\/\/news.save.ch\/wp-content\/uploads\/2016\/12\/Aktionsplan-zur-Internet-Barrierefreiheit-it-security.jpg","_yoast_wpseo_opengraph-description":"Der Bundesrat will den Zugang zu den Informationen des Bundes im Internet f\u00fcr Menschen mit Behinderung weiter verbessern. Dazu hat er einen Aktionsplan zur E-Accessibility bis 2017 verabschiedet. Ziel ist, die Vorgaben zur Barrierefreiheit in alle relevanten Abl\u00e4ufe und Strukturen zu integrieren.","_yoast_wpseo_opengraph-title":"Aktionsplan zur Internet-Barrierefreiheit","enclosure":null,"_yoast_wpseo_twitter-title":null,"_yoast_wpseo_twitter-description":null,"_yoast_wpseo_twitter-image":null,"_wp_old_slug":null,"_yoast_wpseo_title":null,"_yoast_wpseo_canonical":null,"yoast_head":"<!-- This site is optimized with the Yoast SEO plugin v27.5 - https:\/\/yoast.com\/product\/yoast-seo-wordpress\/ -->\n<title>Aktionsplan zur Internet-Barrierefreiheit - Save<\/title>\n<meta name=\"description\" content=\"Der Bundesrat hat einen Aktionsplan zur E-Accessibility bis 2017 verabschiedet. Ziel ist, die Vorgaben zur Barrierefreiheit zu integrieren.\" \/>\n<meta name=\"robots\" content=\"index, follow, max-snippet:-1, max-image-preview:large, max-video-preview:-1\" \/>\n<link rel=\"canonical\" href=\"https:\/\/news.save.ch\/it\/aktionsplan-zur-internet-barrierefreiheit\/\" \/>\n<meta property=\"og:locale\" content=\"it_IT\" \/>\n<meta property=\"og:type\" content=\"article\" \/>\n<meta property=\"og:title\" content=\"Aktionsplan zur Internet-Barrierefreiheit\" \/>\n<meta property=\"og:description\" content=\"Der Bundesrat will den Zugang zu den Informationen des Bundes im Internet f\u00fcr Menschen mit Behinderung weiter verbessern. Dazu hat er einen Aktionsplan zur E-Accessibility bis 2017 verabschiedet. Ziel ist, die Vorgaben zur Barrierefreiheit in alle relevanten Abl\u00e4ufe und Strukturen zu integrieren.\" \/>\n<meta property=\"og:url\" content=\"https:\/\/news.save.ch\/it\/aktionsplan-zur-internet-barrierefreiheit\/\" \/>\n<meta property=\"og:site_name\" content=\"Save\" \/>\n<meta property=\"article:published_time\" content=\"2015-10-09T08:27:46+00:00\" \/>\n<meta property=\"article:modified_time\" content=\"2023-03-14T07:57:32+00:00\" \/>\n<meta property=\"og:image\" content=\"https:\/\/news.save.ch\/wp-content\/uploads\/2016\/12\/Aktionsplan-zur-Internet-Barrierefreiheit-it-security.jpg\" \/>\n<meta name=\"author\" content=\"admin\" \/>\n<meta name=\"twitter:card\" content=\"summary_large_image\" \/>\n<meta name=\"twitter:label1\" content=\"Scritto da\" \/>\n\t<meta name=\"twitter:data1\" content=\"admin\" \/>\n\t<meta name=\"twitter:label2\" content=\"Tempo di lettura stimato\" \/>\n\t<meta name=\"twitter:data2\" content=\"1 minuto\" \/>\n<script type=\"application\/ld+json\" class=\"yoast-schema-graph\">{\"@context\":\"https:\\\/\\\/schema.org\",\"@graph\":[{\"@type\":\"Article\",\"@id\":\"https:\\\/\\\/news.save.ch\\\/aktionsplan-zur-internet-barrierefreiheit\\\/#article\",\"isPartOf\":{\"@id\":\"https:\\\/\\\/news.save.ch\\\/aktionsplan-zur-internet-barrierefreiheit\\\/\"},\"author\":{\"name\":\"admin\",\"@id\":\"https:\\\/\\\/news.save.ch\\\/de\\\/#\\\/schema\\\/person\\\/d49e199490bad7c70d64b9ab51142f2b\"},\"headline\":\"Aktionsplan zur Internet-Barrierefreiheit\",\"datePublished\":\"2015-10-09T08:27:46+00:00\",\"dateModified\":\"2023-03-14T07:57:32+00:00\",\"mainEntityOfPage\":{\"@id\":\"https:\\\/\\\/news.save.ch\\\/aktionsplan-zur-internet-barrierefreiheit\\\/\"},\"wordCount\":249,\"commentCount\":0,\"publisher\":{\"@id\":\"https:\\\/\\\/news.save.ch\\\/de\\\/#organization\"},\"image\":{\"@id\":\"https:\\\/\\\/news.save.ch\\\/aktionsplan-zur-internet-barrierefreiheit\\\/#primaryimage\"},\"thumbnailUrl\":\"https:\\\/\\\/news.save.ch\\\/wp-content\\\/uploads\\\/2016\\\/12\\\/Aktionsplan-zur-Internet-Barrierefreiheit-it-security-scaled.jpg\",\"keywords\":[\"ICT-Sicherheit\",\"IT-SECURITY\"],\"articleSection\":[\"DIGITALISIERUNG\"],\"inLanguage\":\"it-IT\"},{\"@type\":\"WebPage\",\"@id\":\"https:\\\/\\\/news.save.ch\\\/aktionsplan-zur-internet-barrierefreiheit\\\/\",\"url\":\"https:\\\/\\\/news.save.ch\\\/aktionsplan-zur-internet-barrierefreiheit\\\/\",\"name\":\"Aktionsplan zur Internet-Barrierefreiheit - Save\",\"isPartOf\":{\"@id\":\"https:\\\/\\\/news.save.ch\\\/de\\\/#website\"},\"primaryImageOfPage\":{\"@id\":\"https:\\\/\\\/news.save.ch\\\/aktionsplan-zur-internet-barrierefreiheit\\\/#primaryimage\"},\"image\":{\"@id\":\"https:\\\/\\\/news.save.ch\\\/aktionsplan-zur-internet-barrierefreiheit\\\/#primaryimage\"},\"thumbnailUrl\":\"https:\\\/\\\/news.save.ch\\\/wp-content\\\/uploads\\\/2016\\\/12\\\/Aktionsplan-zur-Internet-Barrierefreiheit-it-security-scaled.jpg\",\"datePublished\":\"2015-10-09T08:27:46+00:00\",\"dateModified\":\"2023-03-14T07:57:32+00:00\",\"description\":\"Der Bundesrat hat einen Aktionsplan zur E-Accessibility bis 2017 verabschiedet. Ziel ist, die Vorgaben zur Barrierefreiheit zu integrieren.\",\"breadcrumb\":{\"@id\":\"https:\\\/\\\/news.save.ch\\\/aktionsplan-zur-internet-barrierefreiheit\\\/#breadcrumb\"},\"inLanguage\":\"it-IT\",\"potentialAction\":[{\"@type\":\"ReadAction\",\"target\":[\"https:\\\/\\\/news.save.ch\\\/aktionsplan-zur-internet-barrierefreiheit\\\/\"]}]},{\"@type\":\"ImageObject\",\"inLanguage\":\"it-IT\",\"@id\":\"https:\\\/\\\/news.save.ch\\\/aktionsplan-zur-internet-barrierefreiheit\\\/#primaryimage\",\"url\":\"https:\\\/\\\/news.save.ch\\\/wp-content\\\/uploads\\\/2016\\\/12\\\/Aktionsplan-zur-Internet-Barrierefreiheit-it-security-scaled.jpg\",\"contentUrl\":\"https:\\\/\\\/news.save.ch\\\/wp-content\\\/uploads\\\/2016\\\/12\\\/Aktionsplan-zur-Internet-Barrierefreiheit-it-security-scaled.jpg\",\"width\":933,\"height\":1400,\"caption\":\"F\u00fcr Menschen mit Behinderung bietet das Internet ein grosses Potenzial f\u00fcr mehr Chancengleichheit und Selbstst\u00e4ndigkeit.\"},{\"@type\":\"BreadcrumbList\",\"@id\":\"https:\\\/\\\/news.save.ch\\\/aktionsplan-zur-internet-barrierefreiheit\\\/#breadcrumb\",\"itemListElement\":[{\"@type\":\"ListItem\",\"position\":1,\"name\":\"Home\",\"item\":\"https:\\\/\\\/news.save.ch\\\/de\\\/\"},{\"@type\":\"ListItem\",\"position\":2,\"name\":\"Aktionsplan zur Internet-Barrierefreiheit\"}]},{\"@type\":\"WebSite\",\"@id\":\"https:\\\/\\\/news.save.ch\\\/de\\\/#website\",\"url\":\"https:\\\/\\\/news.save.ch\\\/de\\\/\",\"name\":\"Save\",\"description\":\"Schweizer Fachzeitschrift f\u00fcr Sicherheit\",\"publisher\":{\"@id\":\"https:\\\/\\\/news.save.ch\\\/de\\\/#organization\"},\"potentialAction\":[{\"@type\":\"SearchAction\",\"target\":{\"@type\":\"EntryPoint\",\"urlTemplate\":\"https:\\\/\\\/news.save.ch\\\/de\\\/?s={search_term_string}\"},\"query-input\":{\"@type\":\"PropertyValueSpecification\",\"valueRequired\":true,\"valueName\":\"search_term_string\"}}],\"inLanguage\":\"it-IT\"},{\"@type\":\"Organization\",\"@id\":\"https:\\\/\\\/news.save.ch\\\/de\\\/#organization\",\"name\":\"Sicherheitsforum\",\"url\":\"https:\\\/\\\/news.save.ch\\\/de\\\/\",\"logo\":{\"@type\":\"ImageObject\",\"inLanguage\":\"it-IT\",\"@id\":\"https:\\\/\\\/news.save.ch\\\/de\\\/#\\\/schema\\\/logo\\\/image\\\/\",\"url\":\"https:\\\/\\\/news.save.ch\\\/wp-content\\\/uploads\\\/2022\\\/06\\\/Logo_SF_2012.png\",\"contentUrl\":\"https:\\\/\\\/news.save.ch\\\/wp-content\\\/uploads\\\/2022\\\/06\\\/Logo_SF_2012.png\",\"width\":1100,\"height\":91,\"caption\":\"Sicherheitsforum\"},\"image\":{\"@id\":\"https:\\\/\\\/news.save.ch\\\/de\\\/#\\\/schema\\\/logo\\\/image\\\/\"}},{\"@type\":\"Person\",\"@id\":\"https:\\\/\\\/news.save.ch\\\/de\\\/#\\\/schema\\\/person\\\/d49e199490bad7c70d64b9ab51142f2b\",\"name\":\"admin\",\"image\":{\"@type\":\"ImageObject\",\"inLanguage\":\"it-IT\",\"@id\":\"https:\\\/\\\/secure.gravatar.com\\\/avatar\\\/ae2f4d718e6c49043e314ce431e7e645d646302a24a5ef5a8bc8e3f5a032e319?s=96&d=mm&r=g\",\"url\":\"https:\\\/\\\/secure.gravatar.com\\\/avatar\\\/ae2f4d718e6c49043e314ce431e7e645d646302a24a5ef5a8bc8e3f5a032e319?s=96&d=mm&r=g\",\"contentUrl\":\"https:\\\/\\\/secure.gravatar.com\\\/avatar\\\/ae2f4d718e6c49043e314ce431e7e645d646302a24a5ef5a8bc8e3f5a032e319?s=96&d=mm&r=g\",\"caption\":\"admin\"},\"sameAs\":[\"https:\\\/\\\/develop.organisator.galledia.ch\"],\"url\":\"https:\\\/\\\/news.save.ch\\\/it\\\/author\\\/admin\\\/\"}]}<\/script>\n<!-- \/ Yoast SEO plugin. -->","yoast_head_json":{"title":"Piano d'azione per l'accessibilit\u00e0 a Internet - Salva","description":"Il Consiglio federale ha adottato un piano d'azione sulla e-accessibilit\u00e0 fino al 2017. L'obiettivo \u00e8 integrare i requisiti di accessibilit\u00e0.","robots":{"index":"index","follow":"follow","max-snippet":"max-snippet:-1","max-image-preview":"max-image-preview:large","max-video-preview":"max-video-preview:-1"},"canonical":"https:\/\/news.save.ch\/it\/aktionsplan-zur-internet-barrierefreiheit\/","og_locale":"it_IT","og_type":"article","og_title":"Aktionsplan zur Internet-Barrierefreiheit","og_description":"Der Bundesrat will den Zugang zu den Informationen des Bundes im Internet f\u00fcr Menschen mit Behinderung weiter verbessern. Dazu hat er einen Aktionsplan zur E-Accessibility bis 2017 verabschiedet. Ziel ist, die Vorgaben zur Barrierefreiheit in alle relevanten Abl\u00e4ufe und Strukturen zu integrieren.","og_url":"https:\/\/news.save.ch\/it\/aktionsplan-zur-internet-barrierefreiheit\/","og_site_name":"Save","article_published_time":"2015-10-09T08:27:46+00:00","article_modified_time":"2023-03-14T07:57:32+00:00","og_image":[{"url":"https:\/\/news.save.ch\/wp-content\/uploads\/2016\/12\/Aktionsplan-zur-Internet-Barrierefreiheit-it-security.jpg","type":"","width":"","height":""}],"author":"admin","twitter_card":"summary_large_image","twitter_misc":{"Scritto da":"admin","Tempo di lettura stimato":"1 minuto"},"schema":{"@context":"https:\/\/schema.org","@graph":[{"@type":"Article","@id":"https:\/\/news.save.ch\/aktionsplan-zur-internet-barrierefreiheit\/#article","isPartOf":{"@id":"https:\/\/news.save.ch\/aktionsplan-zur-internet-barrierefreiheit\/"},"author":{"name":"admin","@id":"https:\/\/news.save.ch\/de\/#\/schema\/person\/d49e199490bad7c70d64b9ab51142f2b"},"headline":"Aktionsplan zur Internet-Barrierefreiheit","datePublished":"2015-10-09T08:27:46+00:00","dateModified":"2023-03-14T07:57:32+00:00","mainEntityOfPage":{"@id":"https:\/\/news.save.ch\/aktionsplan-zur-internet-barrierefreiheit\/"},"wordCount":249,"commentCount":0,"publisher":{"@id":"https:\/\/news.save.ch\/de\/#organization"},"image":{"@id":"https:\/\/news.save.ch\/aktionsplan-zur-internet-barrierefreiheit\/#primaryimage"},"thumbnailUrl":"https:\/\/news.save.ch\/wp-content\/uploads\/2016\/12\/Aktionsplan-zur-Internet-Barrierefreiheit-it-security-scaled.jpg","keywords":["ICT-Sicherheit","IT-SECURITY"],"articleSection":["DIGITALISIERUNG"],"inLanguage":"it-IT"},{"@type":"WebPage","@id":"https:\/\/news.save.ch\/aktionsplan-zur-internet-barrierefreiheit\/","url":"https:\/\/news.save.ch\/aktionsplan-zur-internet-barrierefreiheit\/","name":"Piano d'azione per l'accessibilit\u00e0 a Internet - Salva","isPartOf":{"@id":"https:\/\/news.save.ch\/de\/#website"},"primaryImageOfPage":{"@id":"https:\/\/news.save.ch\/aktionsplan-zur-internet-barrierefreiheit\/#primaryimage"},"image":{"@id":"https:\/\/news.save.ch\/aktionsplan-zur-internet-barrierefreiheit\/#primaryimage"},"thumbnailUrl":"https:\/\/news.save.ch\/wp-content\/uploads\/2016\/12\/Aktionsplan-zur-Internet-Barrierefreiheit-it-security-scaled.jpg","datePublished":"2015-10-09T08:27:46+00:00","dateModified":"2023-03-14T07:57:32+00:00","description":"Il Consiglio federale ha adottato un piano d'azione sulla e-accessibilit\u00e0 fino al 2017. L'obiettivo \u00e8 integrare i requisiti di accessibilit\u00e0.","breadcrumb":{"@id":"https:\/\/news.save.ch\/aktionsplan-zur-internet-barrierefreiheit\/#breadcrumb"},"inLanguage":"it-IT","potentialAction":[{"@type":"ReadAction","target":["https:\/\/news.save.ch\/aktionsplan-zur-internet-barrierefreiheit\/"]}]},{"@type":"ImageObject","inLanguage":"it-IT","@id":"https:\/\/news.save.ch\/aktionsplan-zur-internet-barrierefreiheit\/#primaryimage","url":"https:\/\/news.save.ch\/wp-content\/uploads\/2016\/12\/Aktionsplan-zur-Internet-Barrierefreiheit-it-security-scaled.jpg","contentUrl":"https:\/\/news.save.ch\/wp-content\/uploads\/2016\/12\/Aktionsplan-zur-Internet-Barrierefreiheit-it-security-scaled.jpg","width":933,"height":1400,"caption":"F\u00fcr Menschen mit Behinderung bietet das Internet ein grosses Potenzial f\u00fcr mehr Chancengleichheit und Selbstst\u00e4ndigkeit."},{"@type":"BreadcrumbList","@id":"https:\/\/news.save.ch\/aktionsplan-zur-internet-barrierefreiheit\/#breadcrumb","itemListElement":[{"@type":"ListItem","position":1,"name":"Home","item":"https:\/\/news.save.ch\/de\/"},{"@type":"ListItem","position":2,"name":"Aktionsplan zur Internet-Barrierefreiheit"}]},{"@type":"WebSite","@id":"https:\/\/news.save.ch\/de\/#website","url":"https:\/\/news.save.ch\/de\/","name":"Risparmiare","description":"Rivista svizzera specializzata in sicurezza","publisher":{"@id":"https:\/\/news.save.ch\/de\/#organization"},"potentialAction":[{"@type":"SearchAction","target":{"@type":"EntryPoint","urlTemplate":"https:\/\/news.save.ch\/de\/?s={search_term_string}"},"query-input":{"@type":"PropertyValueSpecification","valueRequired":true,"valueName":"search_term_string"}}],"inLanguage":"it-IT"},{"@type":"Organization","@id":"https:\/\/news.save.ch\/de\/#organization","name":"Forum sulla sicurezza","url":"https:\/\/news.save.ch\/de\/","logo":{"@type":"ImageObject","inLanguage":"it-IT","@id":"https:\/\/news.save.ch\/de\/#\/schema\/logo\/image\/","url":"https:\/\/news.save.ch\/wp-content\/uploads\/2022\/06\/Logo_SF_2012.png","contentUrl":"https:\/\/news.save.ch\/wp-content\/uploads\/2022\/06\/Logo_SF_2012.png","width":1100,"height":91,"caption":"Sicherheitsforum"},"image":{"@id":"https:\/\/news.save.ch\/de\/#\/schema\/logo\/image\/"}},{"@type":"Person","@id":"https:\/\/news.save.ch\/de\/#\/schema\/person\/d49e199490bad7c70d64b9ab51142f2b","name":"amministratore","image":{"@type":"ImageObject","inLanguage":"it-IT","@id":"https:\/\/secure.gravatar.com\/avatar\/ae2f4d718e6c49043e314ce431e7e645d646302a24a5ef5a8bc8e3f5a032e319?s=96&d=mm&r=g","url":"https:\/\/secure.gravatar.com\/avatar\/ae2f4d718e6c49043e314ce431e7e645d646302a24a5ef5a8bc8e3f5a032e319?s=96&d=mm&r=g","contentUrl":"https:\/\/secure.gravatar.com\/avatar\/ae2f4d718e6c49043e314ce431e7e645d646302a24a5ef5a8bc8e3f5a032e319?s=96&d=mm&r=g","caption":"admin"},"sameAs":["https:\/\/develop.organisator.galledia.ch"],"url":"https:\/\/news.save.ch\/it\/author\/admin\/"}]}},"_links":{"self":[{"href":"https:\/\/news.save.ch\/it\/wp-json\/wp\/v2\/posts\/14135","targetHints":{"allow":["GET"]}}],"collection":[{"href":"https:\/\/news.save.ch\/it\/wp-json\/wp\/v2\/posts"}],"about":[{"href":"https:\/\/news.save.ch\/it\/wp-json\/wp\/v2\/types\/post"}],"author":[{"embeddable":true,"href":"https:\/\/news.save.ch\/it\/wp-json\/wp\/v2\/users\/1"}],"replies":[{"embeddable":true,"href":"https:\/\/news.save.ch\/it\/wp-json\/wp\/v2\/comments?post=14135"}],"version-history":[{"count":1,"href":"https:\/\/news.save.ch\/it\/wp-json\/wp\/v2\/posts\/14135\/revisions"}],"predecessor-version":[{"id":17722,"href":"https:\/\/news.save.ch\/it\/wp-json\/wp\/v2\/posts\/14135\/revisions\/17722"}],"wp:featuredmedia":[{"embeddable":true,"href":"https:\/\/news.save.ch\/it\/wp-json\/wp\/v2\/media\/13542"}],"wp:attachment":[{"href":"https:\/\/news.save.ch\/it\/wp-json\/wp\/v2\/media?parent=14135"}],"wp:term":[{"taxonomy":"category","embeddable":true,"href":"https:\/\/news.save.ch\/it\/wp-json\/wp\/v2\/categories?post=14135"},{"taxonomy":"post_tag","embeddable":true,"href":"https:\/\/news.save.ch\/it\/wp-json\/wp\/v2\/tags?post=14135"}],"curies":[{"name":"wp","href":"https:\/\/api.w.org\/{rel}","templated":true}]}}