{"id":14148,"date":"2016-11-25T11:06:24","date_gmt":"2016-11-25T10:06:24","guid":{"rendered":"https:\/\/dev.sicherheitsforum.ch\/?p=729"},"modified":"2023-03-14T09:00:02","modified_gmt":"2023-03-14T08:00:02","slug":"mitarbeiter-sind-bereit-fuer-mobile-access","status":null,"type":"post","link":"https:\/\/news.save.ch\/it\/mitarbeiter-sind-bereit-fuer-mobile-access\/","title":{"rendered":"I dipendenti sono pronti per l'accesso mobile"},"content":{"rendered":"<figure id=\"attachment_733\" aria-describedby=\"caption-attachment-733\" style=\"width: 680px\" class=\"wp-caption alignnone\"><img loading=\"lazy\" decoding=\"async\" class=\"size-medium wp-image-733\" src=\"https:\/\/sicherheitsforum.ch\/wp-content\/uploads\/2016\/12\/Mitarbeiter-sind-bereit-f\u00fcr-Mobile-Access_sicherheitsforum.jpg\" alt=\"\u00a9 depositphotos\" width=\"680\" height=\"472\" \/><figcaption id=\"caption-attachment-733\" class=\"wp-caption-text\">\u00a9 depositphotos<\/figcaption><\/figure>\n<p>Per lo studio sono stati intervistati <a href=\"https:\/\/www.hidglobal.com\" target=\"_blank\" rel=\"noreferrer noopener\" data-cke-saved-href=\"https:\/\/www.hidglobal.com\">HID<\/a> A livello globale, oltre 1200 dipendenti di aziende di tutte le dimensioni in Germania, Regno Unito e Francia. Secondo l'indagine, la fiducia nella sicurezza dei dispositivi mobili aziendali \u00e8 particolarmente alta nelle PMI. In tutta Europa, 75% dei dipendenti delle PMI hanno dichiarato di non avere problemi di sicurezza nell'utilizzo di smartphone o tablet. Questo dato dimostra un alto livello di fiducia nelle strategie di sicurezza mobile delle aziende ed \u00e8 particolarmente significativo in quanto i dispositivi mobili sono ormai utilizzati in molti luoghi di lavoro. Ad esempio, 78% dei dipendenti delle PMI intervistate hanno dichiarato di utilizzare regolarmente i telefoni cellulari aziendali per motivi di lavoro.<\/p>\n<p><strong>Sfruttare la grande fiducia di Zuko<\/strong><\/p>\n<p>Secondo HID Global, le PMI dovrebbero ora approfittare della grande fiducia e della crescente tendenza alla mobilit\u00e0 per offrire ai dipendenti soluzioni innovative per il controllo degli accessi. Se i dispositivi mobili sono comunque onnipresenti e i dipendenti hanno grande fiducia nella loro sicurezza, \u00e8 ovvio utilizzare telefoni cellulari &amp; co. anche per l'autenticazione all'apertura delle porte, come sottolinea HID. Con i badge digitali temporanei, le aziende possono anche dare ai visitatori e ai fornitori di servizi esterni un accesso temporaneo all'edificio aziendale.<\/p>\n<p><strong>Facile da implementare <\/strong><\/p>\n<p>\u00c8 importante che la soluzione per il controllo degli accessi tramite smartphone sia facile da implementare e, soprattutto, offra ai dipendenti un'esperienza d'uso positiva. Allo stesso tempo, deve essere efficace dal punto di vista dei costi, visti i budget ridotti di cui dispongono le PMI rispetto alle grandi aziende. L'aggiornamento all'accesso mobile \u00e8 anche l'occasione ideale per colmare eventuali lacune nella sicurezza.<\/p>\n<p>\"Il nostro sondaggio rivela un alto livello di fiducia dei dipendenti nella capacit\u00e0 delle loro organizzazioni di proteggere i dati sui dispositivi mobili dalle minacce esterne\", ha dichiarato Harm Radstaak, vicepresidente e direttore generale delle soluzioni di controllo degli accessi fisici di HID Global. \"Questo alto livello di fiducia e la disponibilit\u00e0 degli utenti ad aprire le porte con lo smartphone porteranno rapidamente i dispositivi mobili a diventare lo standard nel controllo degli accessi. Questo \u00e8 particolarmente vero per le PMI, che tradizionalmente si sono dimostrate particolarmente flessibili e agili quando si tratta di innovazione ed efficienza.\"<\/p>","protected":false},"excerpt":{"rendered":"<p>F\u00fcr die Studie befragte HID Global \u00fcber 1200 Mitarbeiter von Unternehmen aller Gr\u00f6ssen in Deutschland, Grossbritannien und Frankreich. Besonders hoch ist das Vertrauen in die Sicherheit mobiler Firmenger\u00e4te der Umfrage zufolge in KMU. Europaweit gaben 75% der KMU-Mitarbeitenden an, keine Sicherheitsbedenken zu haben, wenn sie Smartphones oder Tablets nutzen. Dieser Wert belegt ein grosses Vertrauen [&hellip;]<\/p>\n","protected":false},"author":1,"featured_media":13570,"comment_status":"open","ping_status":"open","sticky":false,"template":"","format":"standard","meta":{"_acf_changed":false,"pgc_sgb_lightbox_settings":"","footnotes":""},"categories":[3312],"tags":[157,158],"class_list":["post-14148","post","type-post","status-publish","format-standard","has-post-thumbnail","hentry","category-sicherheit","tag-video-security","tag-zutrittskontrolle"],"acf":[],"hkrextid":null,"publication":null,"issue":null,"workflow":null,"startPage":null,"spitzmarke":null,"_posts_by_tag_page_fields":{"widget_title":"","widget_tags":""},"_at_widget":"1","_yoast_wpseo_primary_category":"3303","_yoast_wpseo_focuskw_text_input":"Mobile Access","_yoast_wpseo_opengraph-image":"https:\/\/sicherheitsforum.ch\/wp-content\/uploads\/2016\/12\/Mitarbeiter-sind-bereit-f\u00fcr-Mobile-Access_sicherheitsforum.jpg","_yoast_wpseo_opengraph-description":"In den europ\u00e4ischen Unternehmen hat die Mehrheit der Mitarbeitenden keine Sicherheitsbedenken, wenn sie Firmen-Smartphones nutzen. Das geht aus einer aktuellen Umfrage von HID Global hervor. Dieses grosse Vertrauen in die Sicherheit mobiler Unternehmensger\u00e4te \u00f6ffnet den Weg f\u00fcr Mobile-Access-L\u00f6sungen, wie Anbieter von Identit\u00e4tsl\u00f6sungen schreibt.","_yoast_wpseo_opengraph-title":"Mitarbeiter sind bereit f\u00fcr Mobile Access","enclosure":null,"_yoast_wpseo_twitter-title":null,"_yoast_wpseo_twitter-description":null,"_yoast_wpseo_twitter-image":null,"_wp_old_slug":null,"_yoast_wpseo_title":null,"_yoast_wpseo_canonical":null,"yoast_head":"<!-- This site is optimized with the Yoast SEO plugin v27.4 - https:\/\/yoast.com\/product\/yoast-seo-wordpress\/ -->\n<title>Mitarbeiter sind bereit f\u00fcr Mobile Access - Save<\/title>\n<meta name=\"description\" content=\"In den europ\u00e4ischen Unternehmen hat die Mehrheit der Mitarbeitenden keine Sicherheitsbedenken, wenn sie Firmen-Smartphones nutzen.\" \/>\n<meta name=\"robots\" content=\"index, follow, max-snippet:-1, max-image-preview:large, max-video-preview:-1\" \/>\n<link rel=\"canonical\" href=\"https:\/\/news.save.ch\/it\/mitarbeiter-sind-bereit-fuer-mobile-access\/\" \/>\n<meta property=\"og:locale\" content=\"it_IT\" \/>\n<meta property=\"og:type\" content=\"article\" \/>\n<meta property=\"og:title\" content=\"Mitarbeiter sind bereit f\u00fcr Mobile Access\" \/>\n<meta property=\"og:description\" content=\"In den europ\u00e4ischen Unternehmen hat die Mehrheit der Mitarbeitenden keine Sicherheitsbedenken, wenn sie Firmen-Smartphones nutzen. Das geht aus einer aktuellen Umfrage von HID Global hervor. Dieses grosse Vertrauen in die Sicherheit mobiler Unternehmensger\u00e4te \u00f6ffnet den Weg f\u00fcr Mobile-Access-L\u00f6sungen, wie Anbieter von Identit\u00e4tsl\u00f6sungen schreibt.\" \/>\n<meta property=\"og:url\" content=\"https:\/\/news.save.ch\/it\/mitarbeiter-sind-bereit-fuer-mobile-access\/\" \/>\n<meta property=\"og:site_name\" content=\"Save\" \/>\n<meta property=\"article:published_time\" content=\"2016-11-25T10:06:24+00:00\" \/>\n<meta property=\"article:modified_time\" content=\"2023-03-14T08:00:02+00:00\" \/>\n<meta property=\"og:image\" content=\"https:\/\/sicherheitsforum.ch\/wp-content\/uploads\/2016\/12\/Mitarbeiter-sind-bereit-f\u00fcr-Mobile-Access_sicherheitsforum.jpg\" \/>\n<meta name=\"author\" content=\"admin\" \/>\n<meta name=\"twitter:card\" content=\"summary_large_image\" \/>\n<meta name=\"twitter:label1\" content=\"Scritto da\" \/>\n\t<meta name=\"twitter:data1\" content=\"admin\" \/>\n\t<meta name=\"twitter:label2\" content=\"Tempo di lettura stimato\" \/>\n\t<meta name=\"twitter:data2\" content=\"2 minuti\" \/>\n<script type=\"application\/ld+json\" class=\"yoast-schema-graph\">{\"@context\":\"https:\\\/\\\/schema.org\",\"@graph\":[{\"@type\":\"Article\",\"@id\":\"https:\\\/\\\/news.save.ch\\\/mitarbeiter-sind-bereit-fuer-mobile-access\\\/#article\",\"isPartOf\":{\"@id\":\"https:\\\/\\\/news.save.ch\\\/mitarbeiter-sind-bereit-fuer-mobile-access\\\/\"},\"author\":{\"name\":\"admin\",\"@id\":\"https:\\\/\\\/news.save.ch\\\/de\\\/#\\\/schema\\\/person\\\/d49e199490bad7c70d64b9ab51142f2b\"},\"headline\":\"Mitarbeiter sind bereit f\u00fcr Mobile Access\",\"datePublished\":\"2016-11-25T10:06:24+00:00\",\"dateModified\":\"2023-03-14T08:00:02+00:00\",\"mainEntityOfPage\":{\"@id\":\"https:\\\/\\\/news.save.ch\\\/mitarbeiter-sind-bereit-fuer-mobile-access\\\/\"},\"wordCount\":371,\"commentCount\":0,\"publisher\":{\"@id\":\"https:\\\/\\\/news.save.ch\\\/de\\\/#organization\"},\"image\":{\"@id\":\"https:\\\/\\\/news.save.ch\\\/mitarbeiter-sind-bereit-fuer-mobile-access\\\/#primaryimage\"},\"thumbnailUrl\":\"https:\\\/\\\/news.save.ch\\\/wp-content\\\/uploads\\\/2016\\\/12\\\/Mitarbeiter-sind-bereit-fuer-Mobile-Access_sicherheitsforum-scaled-1-scaled.jpg\",\"keywords\":[\"Video-Security\",\"Zutrittskontrolle\"],\"articleSection\":[\"SICHERHEIT\"],\"inLanguage\":\"it-IT\"},{\"@type\":\"WebPage\",\"@id\":\"https:\\\/\\\/news.save.ch\\\/mitarbeiter-sind-bereit-fuer-mobile-access\\\/\",\"url\":\"https:\\\/\\\/news.save.ch\\\/mitarbeiter-sind-bereit-fuer-mobile-access\\\/\",\"name\":\"Mitarbeiter sind bereit f\u00fcr Mobile Access - Save\",\"isPartOf\":{\"@id\":\"https:\\\/\\\/news.save.ch\\\/de\\\/#website\"},\"primaryImageOfPage\":{\"@id\":\"https:\\\/\\\/news.save.ch\\\/mitarbeiter-sind-bereit-fuer-mobile-access\\\/#primaryimage\"},\"image\":{\"@id\":\"https:\\\/\\\/news.save.ch\\\/mitarbeiter-sind-bereit-fuer-mobile-access\\\/#primaryimage\"},\"thumbnailUrl\":\"https:\\\/\\\/news.save.ch\\\/wp-content\\\/uploads\\\/2016\\\/12\\\/Mitarbeiter-sind-bereit-fuer-Mobile-Access_sicherheitsforum-scaled-1-scaled.jpg\",\"datePublished\":\"2016-11-25T10:06:24+00:00\",\"dateModified\":\"2023-03-14T08:00:02+00:00\",\"description\":\"In den europ\u00e4ischen Unternehmen hat die Mehrheit der Mitarbeitenden keine Sicherheitsbedenken, wenn sie Firmen-Smartphones nutzen.\",\"breadcrumb\":{\"@id\":\"https:\\\/\\\/news.save.ch\\\/mitarbeiter-sind-bereit-fuer-mobile-access\\\/#breadcrumb\"},\"inLanguage\":\"it-IT\",\"potentialAction\":[{\"@type\":\"ReadAction\",\"target\":[\"https:\\\/\\\/news.save.ch\\\/mitarbeiter-sind-bereit-fuer-mobile-access\\\/\"]}]},{\"@type\":\"ImageObject\",\"inLanguage\":\"it-IT\",\"@id\":\"https:\\\/\\\/news.save.ch\\\/mitarbeiter-sind-bereit-fuer-mobile-access\\\/#primaryimage\",\"url\":\"https:\\\/\\\/news.save.ch\\\/wp-content\\\/uploads\\\/2016\\\/12\\\/Mitarbeiter-sind-bereit-fuer-Mobile-Access_sicherheitsforum-scaled-1-scaled.jpg\",\"contentUrl\":\"https:\\\/\\\/news.save.ch\\\/wp-content\\\/uploads\\\/2016\\\/12\\\/Mitarbeiter-sind-bereit-fuer-Mobile-Access_sicherheitsforum-scaled-1-scaled.jpg\",\"width\":1400,\"height\":972,\"caption\":\"\u00a9 depositphotos\"},{\"@type\":\"BreadcrumbList\",\"@id\":\"https:\\\/\\\/news.save.ch\\\/mitarbeiter-sind-bereit-fuer-mobile-access\\\/#breadcrumb\",\"itemListElement\":[{\"@type\":\"ListItem\",\"position\":1,\"name\":\"Home\",\"item\":\"https:\\\/\\\/news.save.ch\\\/de\\\/\"},{\"@type\":\"ListItem\",\"position\":2,\"name\":\"Mitarbeiter sind bereit f\u00fcr Mobile Access\"}]},{\"@type\":\"WebSite\",\"@id\":\"https:\\\/\\\/news.save.ch\\\/de\\\/#website\",\"url\":\"https:\\\/\\\/news.save.ch\\\/de\\\/\",\"name\":\"Save\",\"description\":\"Schweizer Fachzeitschrift f\u00fcr Sicherheit\",\"publisher\":{\"@id\":\"https:\\\/\\\/news.save.ch\\\/de\\\/#organization\"},\"potentialAction\":[{\"@type\":\"SearchAction\",\"target\":{\"@type\":\"EntryPoint\",\"urlTemplate\":\"https:\\\/\\\/news.save.ch\\\/de\\\/?s={search_term_string}\"},\"query-input\":{\"@type\":\"PropertyValueSpecification\",\"valueRequired\":true,\"valueName\":\"search_term_string\"}}],\"inLanguage\":\"it-IT\"},{\"@type\":\"Organization\",\"@id\":\"https:\\\/\\\/news.save.ch\\\/de\\\/#organization\",\"name\":\"Sicherheitsforum\",\"url\":\"https:\\\/\\\/news.save.ch\\\/de\\\/\",\"logo\":{\"@type\":\"ImageObject\",\"inLanguage\":\"it-IT\",\"@id\":\"https:\\\/\\\/news.save.ch\\\/de\\\/#\\\/schema\\\/logo\\\/image\\\/\",\"url\":\"https:\\\/\\\/news.save.ch\\\/wp-content\\\/uploads\\\/2022\\\/06\\\/Logo_SF_2012.png\",\"contentUrl\":\"https:\\\/\\\/news.save.ch\\\/wp-content\\\/uploads\\\/2022\\\/06\\\/Logo_SF_2012.png\",\"width\":1100,\"height\":91,\"caption\":\"Sicherheitsforum\"},\"image\":{\"@id\":\"https:\\\/\\\/news.save.ch\\\/de\\\/#\\\/schema\\\/logo\\\/image\\\/\"}},{\"@type\":\"Person\",\"@id\":\"https:\\\/\\\/news.save.ch\\\/de\\\/#\\\/schema\\\/person\\\/d49e199490bad7c70d64b9ab51142f2b\",\"name\":\"admin\",\"image\":{\"@type\":\"ImageObject\",\"inLanguage\":\"it-IT\",\"@id\":\"https:\\\/\\\/secure.gravatar.com\\\/avatar\\\/ae2f4d718e6c49043e314ce431e7e645d646302a24a5ef5a8bc8e3f5a032e319?s=96&d=mm&r=g\",\"url\":\"https:\\\/\\\/secure.gravatar.com\\\/avatar\\\/ae2f4d718e6c49043e314ce431e7e645d646302a24a5ef5a8bc8e3f5a032e319?s=96&d=mm&r=g\",\"contentUrl\":\"https:\\\/\\\/secure.gravatar.com\\\/avatar\\\/ae2f4d718e6c49043e314ce431e7e645d646302a24a5ef5a8bc8e3f5a032e319?s=96&d=mm&r=g\",\"caption\":\"admin\"},\"sameAs\":[\"https:\\\/\\\/develop.organisator.galledia.ch\"],\"url\":\"https:\\\/\\\/news.save.ch\\\/it\\\/author\\\/admin\\\/\"}]}<\/script>\n<!-- \/ Yoast SEO plugin. -->","yoast_head_json":{"title":"I dipendenti sono pronti per l'accesso mobile - Salva","description":"Nelle aziende europee, la maggior parte dei dipendenti non ha problemi di sicurezza quando utilizza gli smartphone aziendali.","robots":{"index":"index","follow":"follow","max-snippet":"max-snippet:-1","max-image-preview":"max-image-preview:large","max-video-preview":"max-video-preview:-1"},"canonical":"https:\/\/news.save.ch\/it\/mitarbeiter-sind-bereit-fuer-mobile-access\/","og_locale":"it_IT","og_type":"article","og_title":"Mitarbeiter sind bereit f\u00fcr Mobile Access","og_description":"In den europ\u00e4ischen Unternehmen hat die Mehrheit der Mitarbeitenden keine Sicherheitsbedenken, wenn sie Firmen-Smartphones nutzen. Das geht aus einer aktuellen Umfrage von HID Global hervor. Dieses grosse Vertrauen in die Sicherheit mobiler Unternehmensger\u00e4te \u00f6ffnet den Weg f\u00fcr Mobile-Access-L\u00f6sungen, wie Anbieter von Identit\u00e4tsl\u00f6sungen schreibt.","og_url":"https:\/\/news.save.ch\/it\/mitarbeiter-sind-bereit-fuer-mobile-access\/","og_site_name":"Save","article_published_time":"2016-11-25T10:06:24+00:00","article_modified_time":"2023-03-14T08:00:02+00:00","og_image":[{"url":"https:\/\/sicherheitsforum.ch\/wp-content\/uploads\/2016\/12\/Mitarbeiter-sind-bereit-f\u00fcr-Mobile-Access_sicherheitsforum.jpg","type":"","width":"","height":""}],"author":"admin","twitter_card":"summary_large_image","twitter_misc":{"Scritto da":"admin","Tempo di lettura stimato":"2 minuti"},"schema":{"@context":"https:\/\/schema.org","@graph":[{"@type":"Article","@id":"https:\/\/news.save.ch\/mitarbeiter-sind-bereit-fuer-mobile-access\/#article","isPartOf":{"@id":"https:\/\/news.save.ch\/mitarbeiter-sind-bereit-fuer-mobile-access\/"},"author":{"name":"admin","@id":"https:\/\/news.save.ch\/de\/#\/schema\/person\/d49e199490bad7c70d64b9ab51142f2b"},"headline":"Mitarbeiter sind bereit f\u00fcr Mobile Access","datePublished":"2016-11-25T10:06:24+00:00","dateModified":"2023-03-14T08:00:02+00:00","mainEntityOfPage":{"@id":"https:\/\/news.save.ch\/mitarbeiter-sind-bereit-fuer-mobile-access\/"},"wordCount":371,"commentCount":0,"publisher":{"@id":"https:\/\/news.save.ch\/de\/#organization"},"image":{"@id":"https:\/\/news.save.ch\/mitarbeiter-sind-bereit-fuer-mobile-access\/#primaryimage"},"thumbnailUrl":"https:\/\/news.save.ch\/wp-content\/uploads\/2016\/12\/Mitarbeiter-sind-bereit-fuer-Mobile-Access_sicherheitsforum-scaled-1-scaled.jpg","keywords":["Video-Security","Zutrittskontrolle"],"articleSection":["SICHERHEIT"],"inLanguage":"it-IT"},{"@type":"WebPage","@id":"https:\/\/news.save.ch\/mitarbeiter-sind-bereit-fuer-mobile-access\/","url":"https:\/\/news.save.ch\/mitarbeiter-sind-bereit-fuer-mobile-access\/","name":"I dipendenti sono pronti per l'accesso mobile - Salva","isPartOf":{"@id":"https:\/\/news.save.ch\/de\/#website"},"primaryImageOfPage":{"@id":"https:\/\/news.save.ch\/mitarbeiter-sind-bereit-fuer-mobile-access\/#primaryimage"},"image":{"@id":"https:\/\/news.save.ch\/mitarbeiter-sind-bereit-fuer-mobile-access\/#primaryimage"},"thumbnailUrl":"https:\/\/news.save.ch\/wp-content\/uploads\/2016\/12\/Mitarbeiter-sind-bereit-fuer-Mobile-Access_sicherheitsforum-scaled-1-scaled.jpg","datePublished":"2016-11-25T10:06:24+00:00","dateModified":"2023-03-14T08:00:02+00:00","description":"Nelle aziende europee, la maggior parte dei dipendenti non ha problemi di sicurezza quando utilizza gli smartphone aziendali.","breadcrumb":{"@id":"https:\/\/news.save.ch\/mitarbeiter-sind-bereit-fuer-mobile-access\/#breadcrumb"},"inLanguage":"it-IT","potentialAction":[{"@type":"ReadAction","target":["https:\/\/news.save.ch\/mitarbeiter-sind-bereit-fuer-mobile-access\/"]}]},{"@type":"ImageObject","inLanguage":"it-IT","@id":"https:\/\/news.save.ch\/mitarbeiter-sind-bereit-fuer-mobile-access\/#primaryimage","url":"https:\/\/news.save.ch\/wp-content\/uploads\/2016\/12\/Mitarbeiter-sind-bereit-fuer-Mobile-Access_sicherheitsforum-scaled-1-scaled.jpg","contentUrl":"https:\/\/news.save.ch\/wp-content\/uploads\/2016\/12\/Mitarbeiter-sind-bereit-fuer-Mobile-Access_sicherheitsforum-scaled-1-scaled.jpg","width":1400,"height":972,"caption":"\u00a9 depositphotos"},{"@type":"BreadcrumbList","@id":"https:\/\/news.save.ch\/mitarbeiter-sind-bereit-fuer-mobile-access\/#breadcrumb","itemListElement":[{"@type":"ListItem","position":1,"name":"Home","item":"https:\/\/news.save.ch\/de\/"},{"@type":"ListItem","position":2,"name":"Mitarbeiter sind bereit f\u00fcr Mobile Access"}]},{"@type":"WebSite","@id":"https:\/\/news.save.ch\/de\/#website","url":"https:\/\/news.save.ch\/de\/","name":"Risparmiare","description":"Rivista svizzera specializzata in sicurezza","publisher":{"@id":"https:\/\/news.save.ch\/de\/#organization"},"potentialAction":[{"@type":"SearchAction","target":{"@type":"EntryPoint","urlTemplate":"https:\/\/news.save.ch\/de\/?s={search_term_string}"},"query-input":{"@type":"PropertyValueSpecification","valueRequired":true,"valueName":"search_term_string"}}],"inLanguage":"it-IT"},{"@type":"Organization","@id":"https:\/\/news.save.ch\/de\/#organization","name":"Forum sulla sicurezza","url":"https:\/\/news.save.ch\/de\/","logo":{"@type":"ImageObject","inLanguage":"it-IT","@id":"https:\/\/news.save.ch\/de\/#\/schema\/logo\/image\/","url":"https:\/\/news.save.ch\/wp-content\/uploads\/2022\/06\/Logo_SF_2012.png","contentUrl":"https:\/\/news.save.ch\/wp-content\/uploads\/2022\/06\/Logo_SF_2012.png","width":1100,"height":91,"caption":"Sicherheitsforum"},"image":{"@id":"https:\/\/news.save.ch\/de\/#\/schema\/logo\/image\/"}},{"@type":"Person","@id":"https:\/\/news.save.ch\/de\/#\/schema\/person\/d49e199490bad7c70d64b9ab51142f2b","name":"amministratore","image":{"@type":"ImageObject","inLanguage":"it-IT","@id":"https:\/\/secure.gravatar.com\/avatar\/ae2f4d718e6c49043e314ce431e7e645d646302a24a5ef5a8bc8e3f5a032e319?s=96&d=mm&r=g","url":"https:\/\/secure.gravatar.com\/avatar\/ae2f4d718e6c49043e314ce431e7e645d646302a24a5ef5a8bc8e3f5a032e319?s=96&d=mm&r=g","contentUrl":"https:\/\/secure.gravatar.com\/avatar\/ae2f4d718e6c49043e314ce431e7e645d646302a24a5ef5a8bc8e3f5a032e319?s=96&d=mm&r=g","caption":"admin"},"sameAs":["https:\/\/develop.organisator.galledia.ch"],"url":"https:\/\/news.save.ch\/it\/author\/admin\/"}]}},"_links":{"self":[{"href":"https:\/\/news.save.ch\/it\/wp-json\/wp\/v2\/posts\/14148","targetHints":{"allow":["GET"]}}],"collection":[{"href":"https:\/\/news.save.ch\/it\/wp-json\/wp\/v2\/posts"}],"about":[{"href":"https:\/\/news.save.ch\/it\/wp-json\/wp\/v2\/types\/post"}],"author":[{"embeddable":true,"href":"https:\/\/news.save.ch\/it\/wp-json\/wp\/v2\/users\/1"}],"replies":[{"embeddable":true,"href":"https:\/\/news.save.ch\/it\/wp-json\/wp\/v2\/comments?post=14148"}],"version-history":[{"count":1,"href":"https:\/\/news.save.ch\/it\/wp-json\/wp\/v2\/posts\/14148\/revisions"}],"predecessor-version":[{"id":17998,"href":"https:\/\/news.save.ch\/it\/wp-json\/wp\/v2\/posts\/14148\/revisions\/17998"}],"wp:featuredmedia":[{"embeddable":true,"href":"https:\/\/news.save.ch\/it\/wp-json\/wp\/v2\/media\/13570"}],"wp:attachment":[{"href":"https:\/\/news.save.ch\/it\/wp-json\/wp\/v2\/media?parent=14148"}],"wp:term":[{"taxonomy":"category","embeddable":true,"href":"https:\/\/news.save.ch\/it\/wp-json\/wp\/v2\/categories?post=14148"},{"taxonomy":"post_tag","embeddable":true,"href":"https:\/\/news.save.ch\/it\/wp-json\/wp\/v2\/tags?post=14148"}],"curies":[{"name":"wp","href":"https:\/\/api.w.org\/{rel}","templated":true}]}}