{"id":14150,"date":"2015-10-26T11:00:07","date_gmt":"2015-10-26T10:00:07","guid":{"rendered":"https:\/\/dev.sicherheitsforum.ch\/?p=734"},"modified":"2023-03-14T08:57:31","modified_gmt":"2023-03-14T07:57:31","slug":"angriffe-mit-folgen-auf-rekordniveau-geklettert","status":null,"type":"post","link":"https:\/\/news.save.ch\/it\/angriffe-mit-folgen-auf-rekordniveau-geklettert\/","title":{"rendered":"Gli attacchi con conseguenze sono saliti a un livello record"},"content":{"rendered":"<p><img loading=\"lazy\" decoding=\"async\" class=\"alignnone wp-image-735 size-medium\" src=\"https:\/\/news.save.ch\/wp-content\/uploads\/2016\/12\/Angriffe-mit-Folgen-auf-Rekordniveau-geklettert-it-security.jpg\" width=\"680\" height=\"583\" \/><\/p>\n<p>&nbsp;<\/p>\n<p>Secondo un sondaggio del <a href=\"https:\/\/www.bsi.bund.de\" target=\"_blank\" data-cke-saved-href=\"https:\/\/www.bsi.bund.de\" rel=\"noopener\">Ufficio federale per la sicurezza delle informazioni<\/a> (BSI), quest'anno oltre 50% di tutte le aziende tedesche sono state oggetto di un attacco hacker riuscito, con un aumento di oltre 13% rispetto all'anno precedente. Un'azienda su dieci riporta addirittura le conseguenze rilevanti dell'attacco informatico, per cui ad ogni attacco \u00e8 in gioco l'esistenza dell'azienda, in quanto la <a href=\"https:\/\/www.vds.de\" target=\"_blank\" data-cke-saved-href=\"https:\/\/www.vds.de\" rel=\"noopener\">VdS Schadenverh\u00fctung GmbH<\/a> scrive.<\/p>\n<p>\"Soprattutto le medie imprese sono spesso nel mirino dei criminali informatici\", afferma Robert Reinermann, amministratore delegato di VdS. \"Questo perch\u00e9 le medie imprese sono di solito altamente innovative, ma allo stesso tempo hanno solo una protezione inadeguata nell'area della sicurezza informatica. Una delle ragioni principali sono gli standard di sicurezza convenzionali, che spesso sovraccaricano le aziende di medie dimensioni\", continua Reinermann.<\/p>\n<p>Questa lacuna nella sicurezza \u00e8 stata colmata con il <a href=\"https:\/\/www.vds.de\/cyber\" target=\"_blank\" data-cke-saved-href=\"https:\/\/www.vds.de\/cyber\" rel=\"noopener\">Linee guida VdS<\/a> 3473 chiuso. Il nuovo standard di sicurezza informatica per le PMI \u00e8 stato presentato per la prima volta al CeBIT di quest'anno. La suddetta linea guida \u00e8 oggi uno dei 3 principali standard per l'implementazione di un sistema di gestione della sicurezza delle informazioni (ISMS).<\/p>","protected":false},"excerpt":{"rendered":"<p>&nbsp; Gem\u00e4ss Umfrage des Bundesamts f\u00fcr Sicherheit in der Informationstechnik (BSI) waren in diesem Jahr \u00fcber 50% aller Unternehmen in Deutschland\u00a0Ziel eines erfolgreichen Hacker-Angriffs \u2013 eine Steigerung von \u00fcber 13% gegen\u00fcber dem Vorjahr. Jedes zehnte Unternehmen\u00a0berichtet sogar von relevanten Folgen der Cyber-Attacke, so dass bei jedem Angriff die Existenz des Unternehmens auf dem Spiel steht, [&hellip;]<\/p>\n","protected":false},"author":1,"featured_media":13572,"comment_status":"open","ping_status":"open","sticky":false,"template":"","format":"standard","meta":{"_acf_changed":false,"pgc_sgb_lightbox_settings":"","footnotes":""},"categories":[3313],"tags":[96,62,63],"class_list":["post-14150","post","type-post","status-publish","format-standard","has-post-thumbnail","hentry","category-digitalisierung","tag-cyber-crime","tag-ict-sicherheit","tag-it-security"],"acf":[],"hkrextid":null,"publication":null,"issue":null,"workflow":null,"startPage":null,"spitzmarke":null,"_posts_by_tag_page_fields":{"widget_title":"","widget_tags":""},"_at_widget":"1","_yoast_wpseo_primary_category":"2","_yoast_wpseo_focuskw_text_input":"Angriffe mit Folgen auf Rekordniveau","_yoast_wpseo_opengraph-image":"https:\/\/news.save.ch\/wp-content\/uploads\/2016\/12\/Angriffe-mit-Folgen-auf-Rekordniveau-geklettert-it-security.jpg","_yoast_wpseo_opengraph-description":"Cyber-Kriminalit\u00e4t und Angriffe auf die IT-Systeme sind f\u00fcr die meisten Unternehmen mittlerweile allt\u00e4glich. Die Zahl der Cyber-Angriffe mit relevanten Folgen soll auf Rekordniveau geklettert sein.","_yoast_wpseo_opengraph-title":"Angriffe mit Folgen auf Rekordniveau geklettert","enclosure":null,"_yoast_wpseo_twitter-title":null,"_yoast_wpseo_twitter-description":null,"_yoast_wpseo_twitter-image":null,"_wp_old_slug":null,"_yoast_wpseo_title":null,"_yoast_wpseo_canonical":null,"yoast_head":"<!-- This site is optimized with the Yoast SEO plugin v27.5 - https:\/\/yoast.com\/product\/yoast-seo-wordpress\/ -->\n<title>Angriffe mit Folgen auf Rekordniveau geklettert - Save<\/title>\n<meta name=\"description\" content=\"Cyber-Kriminalit\u00e4t ist f\u00fcr die meisten Unternehmen mittlerweile allt\u00e4glich. Die Zahl der Cyber-Angriffe mit relevanten Folgen ist auf Rekordniveau.\" \/>\n<meta name=\"robots\" content=\"index, follow, max-snippet:-1, max-image-preview:large, max-video-preview:-1\" \/>\n<link rel=\"canonical\" href=\"https:\/\/news.save.ch\/it\/angriffe-mit-folgen-auf-rekordniveau-geklettert\/\" \/>\n<meta property=\"og:locale\" content=\"it_IT\" \/>\n<meta property=\"og:type\" content=\"article\" \/>\n<meta property=\"og:title\" content=\"Angriffe mit Folgen auf Rekordniveau geklettert\" \/>\n<meta property=\"og:description\" content=\"Cyber-Kriminalit\u00e4t und Angriffe auf die IT-Systeme sind f\u00fcr die meisten Unternehmen mittlerweile allt\u00e4glich. Die Zahl der Cyber-Angriffe mit relevanten Folgen soll auf Rekordniveau geklettert sein.\" \/>\n<meta property=\"og:url\" content=\"https:\/\/news.save.ch\/it\/angriffe-mit-folgen-auf-rekordniveau-geklettert\/\" \/>\n<meta property=\"og:site_name\" content=\"Save\" \/>\n<meta property=\"article:published_time\" content=\"2015-10-26T10:00:07+00:00\" \/>\n<meta property=\"article:modified_time\" content=\"2023-03-14T07:57:31+00:00\" \/>\n<meta property=\"og:image\" content=\"https:\/\/news.save.ch\/wp-content\/uploads\/2016\/12\/Angriffe-mit-Folgen-auf-Rekordniveau-geklettert-it-security.jpg\" \/>\n<meta name=\"author\" content=\"admin\" \/>\n<meta name=\"twitter:card\" content=\"summary_large_image\" \/>\n<meta name=\"twitter:label1\" content=\"Scritto da\" \/>\n\t<meta name=\"twitter:data1\" content=\"admin\" \/>\n\t<meta name=\"twitter:label2\" content=\"Tempo di lettura stimato\" \/>\n\t<meta name=\"twitter:data2\" content=\"1 minuto\" \/>\n<script type=\"application\/ld+json\" class=\"yoast-schema-graph\">{\"@context\":\"https:\\\/\\\/schema.org\",\"@graph\":[{\"@type\":\"Article\",\"@id\":\"https:\\\/\\\/news.save.ch\\\/angriffe-mit-folgen-auf-rekordniveau-geklettert\\\/#article\",\"isPartOf\":{\"@id\":\"https:\\\/\\\/news.save.ch\\\/angriffe-mit-folgen-auf-rekordniveau-geklettert\\\/\"},\"author\":{\"name\":\"admin\",\"@id\":\"https:\\\/\\\/news.save.ch\\\/de\\\/#\\\/schema\\\/person\\\/d49e199490bad7c70d64b9ab51142f2b\"},\"headline\":\"Angriffe mit Folgen auf Rekordniveau geklettert\",\"datePublished\":\"2015-10-26T10:00:07+00:00\",\"dateModified\":\"2023-03-14T07:57:31+00:00\",\"mainEntityOfPage\":{\"@id\":\"https:\\\/\\\/news.save.ch\\\/angriffe-mit-folgen-auf-rekordniveau-geklettert\\\/\"},\"wordCount\":169,\"commentCount\":0,\"publisher\":{\"@id\":\"https:\\\/\\\/news.save.ch\\\/de\\\/#organization\"},\"image\":{\"@id\":\"https:\\\/\\\/news.save.ch\\\/angriffe-mit-folgen-auf-rekordniveau-geklettert\\\/#primaryimage\"},\"thumbnailUrl\":\"https:\\\/\\\/news.save.ch\\\/wp-content\\\/uploads\\\/2016\\\/12\\\/Angriffe-mit-Folgen-auf-Rekordniveau-geklettert-it-security-scaled.jpg\",\"keywords\":[\"Cyber-Crime\",\"ICT-Sicherheit\",\"IT-SECURITY\"],\"articleSection\":[\"DIGITALISIERUNG\"],\"inLanguage\":\"it-IT\"},{\"@type\":\"WebPage\",\"@id\":\"https:\\\/\\\/news.save.ch\\\/angriffe-mit-folgen-auf-rekordniveau-geklettert\\\/\",\"url\":\"https:\\\/\\\/news.save.ch\\\/angriffe-mit-folgen-auf-rekordniveau-geklettert\\\/\",\"name\":\"Angriffe mit Folgen auf Rekordniveau geklettert - Save\",\"isPartOf\":{\"@id\":\"https:\\\/\\\/news.save.ch\\\/de\\\/#website\"},\"primaryImageOfPage\":{\"@id\":\"https:\\\/\\\/news.save.ch\\\/angriffe-mit-folgen-auf-rekordniveau-geklettert\\\/#primaryimage\"},\"image\":{\"@id\":\"https:\\\/\\\/news.save.ch\\\/angriffe-mit-folgen-auf-rekordniveau-geklettert\\\/#primaryimage\"},\"thumbnailUrl\":\"https:\\\/\\\/news.save.ch\\\/wp-content\\\/uploads\\\/2016\\\/12\\\/Angriffe-mit-Folgen-auf-Rekordniveau-geklettert-it-security-scaled.jpg\",\"datePublished\":\"2015-10-26T10:00:07+00:00\",\"dateModified\":\"2023-03-14T07:57:31+00:00\",\"description\":\"Cyber-Kriminalit\u00e4t ist f\u00fcr die meisten Unternehmen mittlerweile allt\u00e4glich. Die Zahl der Cyber-Angriffe mit relevanten Folgen ist auf Rekordniveau.\",\"breadcrumb\":{\"@id\":\"https:\\\/\\\/news.save.ch\\\/angriffe-mit-folgen-auf-rekordniveau-geklettert\\\/#breadcrumb\"},\"inLanguage\":\"it-IT\",\"potentialAction\":[{\"@type\":\"ReadAction\",\"target\":[\"https:\\\/\\\/news.save.ch\\\/angriffe-mit-folgen-auf-rekordniveau-geklettert\\\/\"]}]},{\"@type\":\"ImageObject\",\"inLanguage\":\"it-IT\",\"@id\":\"https:\\\/\\\/news.save.ch\\\/angriffe-mit-folgen-auf-rekordniveau-geklettert\\\/#primaryimage\",\"url\":\"https:\\\/\\\/news.save.ch\\\/wp-content\\\/uploads\\\/2016\\\/12\\\/Angriffe-mit-Folgen-auf-Rekordniveau-geklettert-it-security-scaled.jpg\",\"contentUrl\":\"https:\\\/\\\/news.save.ch\\\/wp-content\\\/uploads\\\/2016\\\/12\\\/Angriffe-mit-Folgen-auf-Rekordniveau-geklettert-it-security-scaled.jpg\",\"width\":1400,\"height\":1200},{\"@type\":\"BreadcrumbList\",\"@id\":\"https:\\\/\\\/news.save.ch\\\/angriffe-mit-folgen-auf-rekordniveau-geklettert\\\/#breadcrumb\",\"itemListElement\":[{\"@type\":\"ListItem\",\"position\":1,\"name\":\"Home\",\"item\":\"https:\\\/\\\/news.save.ch\\\/de\\\/\"},{\"@type\":\"ListItem\",\"position\":2,\"name\":\"Angriffe mit Folgen auf Rekordniveau geklettert\"}]},{\"@type\":\"WebSite\",\"@id\":\"https:\\\/\\\/news.save.ch\\\/de\\\/#website\",\"url\":\"https:\\\/\\\/news.save.ch\\\/de\\\/\",\"name\":\"Save\",\"description\":\"Schweizer Fachzeitschrift f\u00fcr Sicherheit\",\"publisher\":{\"@id\":\"https:\\\/\\\/news.save.ch\\\/de\\\/#organization\"},\"potentialAction\":[{\"@type\":\"SearchAction\",\"target\":{\"@type\":\"EntryPoint\",\"urlTemplate\":\"https:\\\/\\\/news.save.ch\\\/de\\\/?s={search_term_string}\"},\"query-input\":{\"@type\":\"PropertyValueSpecification\",\"valueRequired\":true,\"valueName\":\"search_term_string\"}}],\"inLanguage\":\"it-IT\"},{\"@type\":\"Organization\",\"@id\":\"https:\\\/\\\/news.save.ch\\\/de\\\/#organization\",\"name\":\"Sicherheitsforum\",\"url\":\"https:\\\/\\\/news.save.ch\\\/de\\\/\",\"logo\":{\"@type\":\"ImageObject\",\"inLanguage\":\"it-IT\",\"@id\":\"https:\\\/\\\/news.save.ch\\\/de\\\/#\\\/schema\\\/logo\\\/image\\\/\",\"url\":\"https:\\\/\\\/news.save.ch\\\/wp-content\\\/uploads\\\/2022\\\/06\\\/Logo_SF_2012.png\",\"contentUrl\":\"https:\\\/\\\/news.save.ch\\\/wp-content\\\/uploads\\\/2022\\\/06\\\/Logo_SF_2012.png\",\"width\":1100,\"height\":91,\"caption\":\"Sicherheitsforum\"},\"image\":{\"@id\":\"https:\\\/\\\/news.save.ch\\\/de\\\/#\\\/schema\\\/logo\\\/image\\\/\"}},{\"@type\":\"Person\",\"@id\":\"https:\\\/\\\/news.save.ch\\\/de\\\/#\\\/schema\\\/person\\\/d49e199490bad7c70d64b9ab51142f2b\",\"name\":\"admin\",\"image\":{\"@type\":\"ImageObject\",\"inLanguage\":\"it-IT\",\"@id\":\"https:\\\/\\\/secure.gravatar.com\\\/avatar\\\/ae2f4d718e6c49043e314ce431e7e645d646302a24a5ef5a8bc8e3f5a032e319?s=96&d=mm&r=g\",\"url\":\"https:\\\/\\\/secure.gravatar.com\\\/avatar\\\/ae2f4d718e6c49043e314ce431e7e645d646302a24a5ef5a8bc8e3f5a032e319?s=96&d=mm&r=g\",\"contentUrl\":\"https:\\\/\\\/secure.gravatar.com\\\/avatar\\\/ae2f4d718e6c49043e314ce431e7e645d646302a24a5ef5a8bc8e3f5a032e319?s=96&d=mm&r=g\",\"caption\":\"admin\"},\"sameAs\":[\"https:\\\/\\\/develop.organisator.galledia.ch\"],\"url\":\"https:\\\/\\\/news.save.ch\\\/it\\\/author\\\/admin\\\/\"}]}<\/script>\n<!-- \/ Yoast SEO plugin. -->","yoast_head_json":{"title":"Gli attacchi con conseguenze salgono a un livello record - Save","description":"La criminalit\u00e0 informatica \u00e8 ormai un fatto comune per la maggior parte delle aziende. Il numero di attacchi informatici con conseguenze rilevanti \u00e8 a livelli record.","robots":{"index":"index","follow":"follow","max-snippet":"max-snippet:-1","max-image-preview":"max-image-preview:large","max-video-preview":"max-video-preview:-1"},"canonical":"https:\/\/news.save.ch\/it\/angriffe-mit-folgen-auf-rekordniveau-geklettert\/","og_locale":"it_IT","og_type":"article","og_title":"Angriffe mit Folgen auf Rekordniveau geklettert","og_description":"Cyber-Kriminalit\u00e4t und Angriffe auf die IT-Systeme sind f\u00fcr die meisten Unternehmen mittlerweile allt\u00e4glich. Die Zahl der Cyber-Angriffe mit relevanten Folgen soll auf Rekordniveau geklettert sein.","og_url":"https:\/\/news.save.ch\/it\/angriffe-mit-folgen-auf-rekordniveau-geklettert\/","og_site_name":"Save","article_published_time":"2015-10-26T10:00:07+00:00","article_modified_time":"2023-03-14T07:57:31+00:00","og_image":[{"url":"https:\/\/news.save.ch\/wp-content\/uploads\/2016\/12\/Angriffe-mit-Folgen-auf-Rekordniveau-geklettert-it-security.jpg","type":"","width":"","height":""}],"author":"admin","twitter_card":"summary_large_image","twitter_misc":{"Scritto da":"admin","Tempo di lettura stimato":"1 minuto"},"schema":{"@context":"https:\/\/schema.org","@graph":[{"@type":"Article","@id":"https:\/\/news.save.ch\/angriffe-mit-folgen-auf-rekordniveau-geklettert\/#article","isPartOf":{"@id":"https:\/\/news.save.ch\/angriffe-mit-folgen-auf-rekordniveau-geklettert\/"},"author":{"name":"admin","@id":"https:\/\/news.save.ch\/de\/#\/schema\/person\/d49e199490bad7c70d64b9ab51142f2b"},"headline":"Angriffe mit Folgen auf Rekordniveau geklettert","datePublished":"2015-10-26T10:00:07+00:00","dateModified":"2023-03-14T07:57:31+00:00","mainEntityOfPage":{"@id":"https:\/\/news.save.ch\/angriffe-mit-folgen-auf-rekordniveau-geklettert\/"},"wordCount":169,"commentCount":0,"publisher":{"@id":"https:\/\/news.save.ch\/de\/#organization"},"image":{"@id":"https:\/\/news.save.ch\/angriffe-mit-folgen-auf-rekordniveau-geklettert\/#primaryimage"},"thumbnailUrl":"https:\/\/news.save.ch\/wp-content\/uploads\/2016\/12\/Angriffe-mit-Folgen-auf-Rekordniveau-geklettert-it-security-scaled.jpg","keywords":["Cyber-Crime","ICT-Sicherheit","IT-SECURITY"],"articleSection":["DIGITALISIERUNG"],"inLanguage":"it-IT"},{"@type":"WebPage","@id":"https:\/\/news.save.ch\/angriffe-mit-folgen-auf-rekordniveau-geklettert\/","url":"https:\/\/news.save.ch\/angriffe-mit-folgen-auf-rekordniveau-geklettert\/","name":"Gli attacchi con conseguenze salgono a un livello record - Save","isPartOf":{"@id":"https:\/\/news.save.ch\/de\/#website"},"primaryImageOfPage":{"@id":"https:\/\/news.save.ch\/angriffe-mit-folgen-auf-rekordniveau-geklettert\/#primaryimage"},"image":{"@id":"https:\/\/news.save.ch\/angriffe-mit-folgen-auf-rekordniveau-geklettert\/#primaryimage"},"thumbnailUrl":"https:\/\/news.save.ch\/wp-content\/uploads\/2016\/12\/Angriffe-mit-Folgen-auf-Rekordniveau-geklettert-it-security-scaled.jpg","datePublished":"2015-10-26T10:00:07+00:00","dateModified":"2023-03-14T07:57:31+00:00","description":"La criminalit\u00e0 informatica \u00e8 ormai un fatto comune per la maggior parte delle aziende. Il numero di attacchi informatici con conseguenze rilevanti \u00e8 a livelli record.","breadcrumb":{"@id":"https:\/\/news.save.ch\/angriffe-mit-folgen-auf-rekordniveau-geklettert\/#breadcrumb"},"inLanguage":"it-IT","potentialAction":[{"@type":"ReadAction","target":["https:\/\/news.save.ch\/angriffe-mit-folgen-auf-rekordniveau-geklettert\/"]}]},{"@type":"ImageObject","inLanguage":"it-IT","@id":"https:\/\/news.save.ch\/angriffe-mit-folgen-auf-rekordniveau-geklettert\/#primaryimage","url":"https:\/\/news.save.ch\/wp-content\/uploads\/2016\/12\/Angriffe-mit-Folgen-auf-Rekordniveau-geklettert-it-security-scaled.jpg","contentUrl":"https:\/\/news.save.ch\/wp-content\/uploads\/2016\/12\/Angriffe-mit-Folgen-auf-Rekordniveau-geklettert-it-security-scaled.jpg","width":1400,"height":1200},{"@type":"BreadcrumbList","@id":"https:\/\/news.save.ch\/angriffe-mit-folgen-auf-rekordniveau-geklettert\/#breadcrumb","itemListElement":[{"@type":"ListItem","position":1,"name":"Home","item":"https:\/\/news.save.ch\/de\/"},{"@type":"ListItem","position":2,"name":"Angriffe mit Folgen auf Rekordniveau geklettert"}]},{"@type":"WebSite","@id":"https:\/\/news.save.ch\/de\/#website","url":"https:\/\/news.save.ch\/de\/","name":"Risparmiare","description":"Rivista svizzera specializzata in sicurezza","publisher":{"@id":"https:\/\/news.save.ch\/de\/#organization"},"potentialAction":[{"@type":"SearchAction","target":{"@type":"EntryPoint","urlTemplate":"https:\/\/news.save.ch\/de\/?s={search_term_string}"},"query-input":{"@type":"PropertyValueSpecification","valueRequired":true,"valueName":"search_term_string"}}],"inLanguage":"it-IT"},{"@type":"Organization","@id":"https:\/\/news.save.ch\/de\/#organization","name":"Forum sulla sicurezza","url":"https:\/\/news.save.ch\/de\/","logo":{"@type":"ImageObject","inLanguage":"it-IT","@id":"https:\/\/news.save.ch\/de\/#\/schema\/logo\/image\/","url":"https:\/\/news.save.ch\/wp-content\/uploads\/2022\/06\/Logo_SF_2012.png","contentUrl":"https:\/\/news.save.ch\/wp-content\/uploads\/2022\/06\/Logo_SF_2012.png","width":1100,"height":91,"caption":"Sicherheitsforum"},"image":{"@id":"https:\/\/news.save.ch\/de\/#\/schema\/logo\/image\/"}},{"@type":"Person","@id":"https:\/\/news.save.ch\/de\/#\/schema\/person\/d49e199490bad7c70d64b9ab51142f2b","name":"amministratore","image":{"@type":"ImageObject","inLanguage":"it-IT","@id":"https:\/\/secure.gravatar.com\/avatar\/ae2f4d718e6c49043e314ce431e7e645d646302a24a5ef5a8bc8e3f5a032e319?s=96&d=mm&r=g","url":"https:\/\/secure.gravatar.com\/avatar\/ae2f4d718e6c49043e314ce431e7e645d646302a24a5ef5a8bc8e3f5a032e319?s=96&d=mm&r=g","contentUrl":"https:\/\/secure.gravatar.com\/avatar\/ae2f4d718e6c49043e314ce431e7e645d646302a24a5ef5a8bc8e3f5a032e319?s=96&d=mm&r=g","caption":"admin"},"sameAs":["https:\/\/develop.organisator.galledia.ch"],"url":"https:\/\/news.save.ch\/it\/author\/admin\/"}]}},"_links":{"self":[{"href":"https:\/\/news.save.ch\/it\/wp-json\/wp\/v2\/posts\/14150","targetHints":{"allow":["GET"]}}],"collection":[{"href":"https:\/\/news.save.ch\/it\/wp-json\/wp\/v2\/posts"}],"about":[{"href":"https:\/\/news.save.ch\/it\/wp-json\/wp\/v2\/types\/post"}],"author":[{"embeddable":true,"href":"https:\/\/news.save.ch\/it\/wp-json\/wp\/v2\/users\/1"}],"replies":[{"embeddable":true,"href":"https:\/\/news.save.ch\/it\/wp-json\/wp\/v2\/comments?post=14150"}],"version-history":[{"count":1,"href":"https:\/\/news.save.ch\/it\/wp-json\/wp\/v2\/posts\/14150\/revisions"}],"predecessor-version":[{"id":17712,"href":"https:\/\/news.save.ch\/it\/wp-json\/wp\/v2\/posts\/14150\/revisions\/17712"}],"wp:featuredmedia":[{"embeddable":true,"href":"https:\/\/news.save.ch\/it\/wp-json\/wp\/v2\/media\/13572"}],"wp:attachment":[{"href":"https:\/\/news.save.ch\/it\/wp-json\/wp\/v2\/media?parent=14150"}],"wp:term":[{"taxonomy":"category","embeddable":true,"href":"https:\/\/news.save.ch\/it\/wp-json\/wp\/v2\/categories?post=14150"},{"taxonomy":"post_tag","embeddable":true,"href":"https:\/\/news.save.ch\/it\/wp-json\/wp\/v2\/tags?post=14150"}],"curies":[{"name":"wp","href":"https:\/\/api.w.org\/{rel}","templated":true}]}}