{"id":14176,"date":"2016-11-08T13:08:02","date_gmt":"2016-11-08T12:08:02","guid":{"rendered":"https:\/\/dev.sicherheitsforum.ch\/?p=881"},"modified":"2016-11-08T13:08:02","modified_gmt":"2016-11-08T12:08:02","slug":"securite-lausanne-war-ein-erfolg","status":null,"type":"post","link":"https:\/\/news.save.ch\/it\/securite-lausanne-war-ein-erfolg\/","title":{"rendered":"S\u00e9curit\u00e9 Lausanne \u00e8 stata un successo"},"content":{"rendered":"<div id='gallery-1' class='gallery galleryid-14176 gallery-columns-2 gallery-size-thumbnail'><figure class='gallery-item'>\n\t\t\t<div class='gallery-icon landscape'>\n\t\t\t\t<a href='https:\/\/news.save.ch\/it\/?attachment_id=883'><img loading=\"lazy\" decoding=\"async\" width=\"150\" height=\"85\" src=\"https:\/\/news.save.ch\/wp-content\/uploads\/2021\/07\/Sicherheistforum_2010_3.png\" class=\"attachment-thumbnail size-thumbnail\" alt=\"\" srcset=\"https:\/\/news.save.ch\/wp-content\/uploads\/2021\/07\/Sicherheistforum_2010_3.png 654w, https:\/\/news.save.ch\/wp-content\/uploads\/2021\/07\/Sicherheistforum_2010_3-375x212.png 375w\" sizes=\"auto, (max-width: 150px) 100vw, 150px\" \/><\/a>\n\t\t\t<\/div><\/figure>\n\t\t<\/div>\n\n<p>Foto: Thomas Entzeroth<\/p>\n<p>Il <a href=\"https:\/\/www.securite-expo.ch\" target=\"_blank\" rel=\"noreferrer noopener\" data-cke-saved-href=\"https:\/\/www.securite-expo.ch\">Sicurezza Losanna<\/a> Il 2016 ha soddisfatto le elevate aspettative sotto ogni aspetto, come sottolinea Exhibit &amp; More AG. Dal 2 al 4 novembre 2016, l'intero spettro di prodotti e servizi dell'industria della sicurezza della Svizzera occidentale \u00e8 stato esposto all'Expo Beaulieu di Losanna. 75 espositori, associazioni ed editori hanno presentato la loro offerta su circa 1.500 metri quadrati di superficie netta e, con 2.313 visitatori, il 14% in pi\u00f9 rispetto a due anni fa.<\/p>\n<p><strong>Rinomato e apprezzato<\/strong><\/p>\n<p>Grazie a una visione globale e all'ampio riconoscimento del settore, S\u00e9curit\u00e9 Lausanne \u00e8 diventata da tempo un appuntamento irrinunciabile per gli esperti di sicurezza della Svizzera occidentale, sottolinea la direzione della fiera. Inoltre, la fiera \u00e8 anche una preziosa piattaforma di conoscenza. \"Dopo il grande successo delle ultime edizioni, le aspettative erano naturalmente molto alte\", afferma il direttore della fiera Heinz Salzgeber. \"Siamo ancora pi\u00f9 soddisfatti del forte aumento dei visitatori e dei numerosi riscontri positivi da parte di espositori e visitatori. Ci confermano: siamo arrivati nella Svizzera francese e il mercato vuole e ha bisogno di S\u00e9curit\u00e9 Lausanne\".<\/p>\n<p><strong>Quantit\u00e0 e qualit\u00e0 dei visitatori<\/strong><\/p>\n<p>\"Abbiamo avuto molti visitatori allo stand, tra cui ottimi contatti e molti nuovi clienti. \u00c8 esattamente cos\u00ec che dovrebbe essere\", afferma Jos\u00e9-Luis Mamolar di Motcom Communications AG. Pierre Abramowski di Aprotec riassume: \"La fiera, le infrastrutture, i contatti, tutto era perfetto. Siamo molto soddisfatti\". Per la prima volta a S\u00e9curit\u00e9 Lausanne, ma certamente non per l'ultima, c'era Pascal Th\u00fcr di Rotronic Secomp AG. \"Ne \u00e8 valsa la pena, abbiamo trascorso una settimana bellissima e di successo nella Svizzera occidentale. Torneremo\", dice.<\/p>\n<p>J\u00fcrg Fehlbaum, Sch\u00e4rer+Kunz AG, ha elogiato le dimensioni della fiera e la qualit\u00e0 dei contatti: \"Le nostre aspettative sono state chiaramente superate. Proprio perch\u00e9 la fiera \u00e8 ancora chiaramente strutturata, i visitatori possono prendersi il loro tempo e ottenere una panoramica completa del mercato in un solo giorno. E il Forum S\u00e9curit\u00e9 che lo accompagna assicura che i visitatori giusti vengano alla mostra\".<\/p>\n<p><strong>Scambio e trasferimento di conoscenze<\/strong><\/p>\n<p>Il Forum S\u00e9curit\u00e9, con informazioni specialistiche interessanti, ha attirato il pubblico in massa. Nel secondo giorno di fiera, il pubblico ha quasi superato la capienza, con oltre 500 partecipanti che si sono lasciati ispirare durante le presentazioni sui temi dei rischi naturali, della protezione antincendio e dei big data, come sottolineano con orgoglio gli organizzatori. Al Forum S\u00e9curit\u00e9 2016 hanno partecipato in totale circa 1.000 esperti. Questo successo non \u00e8 una coincidenza. Le presentazioni sono state gratuite, ma preparate in modo neutrale, di alta qualit\u00e0 e hanno offerto molto know-how utile per il lavoro quotidiano dei professionisti della sicurezza. Gli argomenti sono sempre ben scelti e, grazie alla suddivisione in moduli di mezza giornata, \u00e8 possibile partecipare sia al Forum che alla fiera in un solo giorno. Anche l'ampio sostegno e il riconoscimento del Forum da parte di un'ampia gamma di associazioni industriali contribuirebbe molto al suo successo.<\/p>\n<p><strong>Conclusioni e prospettive\u00a0<\/strong><\/p>\n<p>S\u00e9curit\u00e9 Lausanne ha sottolineato la sua grande importanza per la Svizzera occidentale e gode del pieno riconoscimento del settore. La quinta edizione, S\u00e9curit\u00e9 Lausanne 2018, si svolger\u00e0 nel tardo autunno 2018. La data esatta sar\u00e0 pubblicata a breve.<\/p>\n<p>L'anno prossimo, l'industria svizzera della sicurezza si riunir\u00e0 a Zurigo: in occasione del <a href=\"https:\/\/www.sicherheit-messe.ch\" target=\"_blank\" rel=\"noreferrer noopener\" data-cke-saved-href=\"https:\/\/www.sicherheit-messe.ch\">Sicurezza 2017<\/a> dal 14 al 17 novembre 2017.<\/p>","protected":false},"excerpt":{"rendered":"<p>Fotos: Thomas Entzeroth Die S\u00e9curit\u00e9 Lausanne 2016 erf\u00fcllte die hohen Erwartungen in jeder Hinsicht, wie die Exhibit &amp; More AG betont. Vom 2. bis 4. November 2016 wurde\u00a0in der Expo Beaulieu in Lausanne das gesamte Spektrum von Produkten und Dienstleistungen der Westschweizer Sicherheitsbranche gezeigt. 75 Aussteller, Verb\u00e4nde und Verlage pr\u00e4sentierten ihre Angebote auf rund 1\u2018500 [&hellip;]<\/p>\n","protected":false},"author":1,"featured_media":13631,"comment_status":"open","ping_status":"open","sticky":false,"template":"","format":"standard","meta":{"_acf_changed":false,"pgc_sgb_lightbox_settings":"","footnotes":""},"categories":[1],"tags":[109,84],"class_list":["post-14176","post","type-post","status-publish","format-standard","has-post-thumbnail","hentry","category-allgemein","tag-aus-und-weiterbildung","tag-fachkongressfachmesse"],"acf":[],"hkrextid":null,"publication":null,"issue":null,"workflow":null,"startPage":null,"spitzmarke":null,"_posts_by_tag_page_fields":{"widget_title":"","widget_tags":""},"_at_widget":"1","_yoast_wpseo_primary_category":"","_yoast_wpseo_focuskw_text_input":"S\u00e9curit\u00e9 Lausanne","_yoast_wpseo_opengraph-image":null,"_yoast_wpseo_opengraph-description":null,"_yoast_wpseo_opengraph-title":null,"enclosure":null,"_yoast_wpseo_twitter-title":null,"_yoast_wpseo_twitter-description":null,"_yoast_wpseo_twitter-image":null,"_wp_old_slug":null,"_yoast_wpseo_title":null,"_yoast_wpseo_canonical":null,"yoast_head":"<!-- This site is optimized with the Yoast SEO plugin v27.4 - https:\/\/yoast.com\/product\/yoast-seo-wordpress\/ -->\n<title>S\u00e9curit\u00e9 Lausanne war ein Erfolg - Save<\/title>\n<meta name=\"robots\" content=\"index, follow, max-snippet:-1, max-image-preview:large, max-video-preview:-1\" \/>\n<link rel=\"canonical\" href=\"https:\/\/news.save.ch\/it\/securite-lausanne-war-ein-erfolg\/\" \/>\n<meta property=\"og:locale\" content=\"it_IT\" \/>\n<meta property=\"og:type\" content=\"article\" \/>\n<meta property=\"og:title\" content=\"S\u00e9curit\u00e9 Lausanne war ein Erfolg - Save\" \/>\n<meta property=\"og:description\" content=\"Fotos: Thomas Entzeroth Die S\u00e9curit\u00e9 Lausanne 2016 erf\u00fcllte die hohen Erwartungen in jeder Hinsicht, wie die Exhibit &amp; More AG betont. Vom 2. bis 4. November 2016 wurde\u00a0in der Expo Beaulieu in Lausanne das gesamte Spektrum von Produkten und Dienstleistungen der Westschweizer Sicherheitsbranche gezeigt. 75 Aussteller, Verb\u00e4nde und Verlage pr\u00e4sentierten ihre Angebote auf rund 1\u2018500 [&hellip;]\" \/>\n<meta property=\"og:url\" content=\"https:\/\/news.save.ch\/it\/securite-lausanne-war-ein-erfolg\/\" \/>\n<meta property=\"og:site_name\" content=\"Save\" \/>\n<meta property=\"article:published_time\" content=\"2016-11-08T12:08:02+00:00\" \/>\n<meta property=\"og:image\" content=\"https:\/\/news.save.ch\/wp-content\/uploads\/2016\/12\/Securite-Lausanne-war-ein-Erfolg_sicherheitsforum-scaled.jpg\" \/>\n\t<meta property=\"og:image:width\" content=\"1400\" \/>\n\t<meta property=\"og:image:height\" content=\"933\" \/>\n\t<meta property=\"og:image:type\" content=\"image\/jpeg\" \/>\n<meta name=\"author\" content=\"admin\" \/>\n<meta name=\"twitter:card\" content=\"summary_large_image\" \/>\n<meta name=\"twitter:label1\" content=\"Scritto da\" \/>\n\t<meta name=\"twitter:data1\" content=\"admin\" \/>\n\t<meta name=\"twitter:label2\" content=\"Tempo di lettura stimato\" \/>\n\t<meta name=\"twitter:data2\" content=\"3 minuti\" \/>\n<script type=\"application\/ld+json\" class=\"yoast-schema-graph\">{\"@context\":\"https:\\\/\\\/schema.org\",\"@graph\":[{\"@type\":\"Article\",\"@id\":\"https:\\\/\\\/news.save.ch\\\/securite-lausanne-war-ein-erfolg\\\/#article\",\"isPartOf\":{\"@id\":\"https:\\\/\\\/news.save.ch\\\/securite-lausanne-war-ein-erfolg\\\/\"},\"author\":{\"name\":\"admin\",\"@id\":\"https:\\\/\\\/news.save.ch\\\/de\\\/#\\\/schema\\\/person\\\/d49e199490bad7c70d64b9ab51142f2b\"},\"headline\":\"S\u00e9curit\u00e9 Lausanne war ein Erfolg\",\"datePublished\":\"2016-11-08T12:08:02+00:00\",\"mainEntityOfPage\":{\"@id\":\"https:\\\/\\\/news.save.ch\\\/securite-lausanne-war-ein-erfolg\\\/\"},\"wordCount\":549,\"commentCount\":0,\"publisher\":{\"@id\":\"https:\\\/\\\/news.save.ch\\\/de\\\/#organization\"},\"image\":{\"@id\":\"https:\\\/\\\/news.save.ch\\\/securite-lausanne-war-ein-erfolg\\\/#primaryimage\"},\"thumbnailUrl\":\"https:\\\/\\\/news.save.ch\\\/wp-content\\\/uploads\\\/2016\\\/12\\\/Securite-Lausanne-war-ein-Erfolg_sicherheitsforum-scaled.jpg\",\"keywords\":[\"Aus- und Weiterbildung\",\"Fachkongress\\\/Fachmesse\"],\"articleSection\":[\"ALLGEMEIN\"],\"inLanguage\":\"it-IT\"},{\"@type\":\"WebPage\",\"@id\":\"https:\\\/\\\/news.save.ch\\\/securite-lausanne-war-ein-erfolg\\\/\",\"url\":\"https:\\\/\\\/news.save.ch\\\/securite-lausanne-war-ein-erfolg\\\/\",\"name\":\"S\u00e9curit\u00e9 Lausanne war ein Erfolg - Save\",\"isPartOf\":{\"@id\":\"https:\\\/\\\/news.save.ch\\\/de\\\/#website\"},\"primaryImageOfPage\":{\"@id\":\"https:\\\/\\\/news.save.ch\\\/securite-lausanne-war-ein-erfolg\\\/#primaryimage\"},\"image\":{\"@id\":\"https:\\\/\\\/news.save.ch\\\/securite-lausanne-war-ein-erfolg\\\/#primaryimage\"},\"thumbnailUrl\":\"https:\\\/\\\/news.save.ch\\\/wp-content\\\/uploads\\\/2016\\\/12\\\/Securite-Lausanne-war-ein-Erfolg_sicherheitsforum-scaled.jpg\",\"datePublished\":\"2016-11-08T12:08:02+00:00\",\"breadcrumb\":{\"@id\":\"https:\\\/\\\/news.save.ch\\\/securite-lausanne-war-ein-erfolg\\\/#breadcrumb\"},\"inLanguage\":\"it-IT\",\"potentialAction\":[{\"@type\":\"ReadAction\",\"target\":[\"https:\\\/\\\/news.save.ch\\\/securite-lausanne-war-ein-erfolg\\\/\"]}]},{\"@type\":\"ImageObject\",\"inLanguage\":\"it-IT\",\"@id\":\"https:\\\/\\\/news.save.ch\\\/securite-lausanne-war-ein-erfolg\\\/#primaryimage\",\"url\":\"https:\\\/\\\/news.save.ch\\\/wp-content\\\/uploads\\\/2016\\\/12\\\/Securite-Lausanne-war-ein-Erfolg_sicherheitsforum-scaled.jpg\",\"contentUrl\":\"https:\\\/\\\/news.save.ch\\\/wp-content\\\/uploads\\\/2016\\\/12\\\/Securite-Lausanne-war-ein-Erfolg_sicherheitsforum-scaled.jpg\",\"width\":1400,\"height\":933},{\"@type\":\"BreadcrumbList\",\"@id\":\"https:\\\/\\\/news.save.ch\\\/securite-lausanne-war-ein-erfolg\\\/#breadcrumb\",\"itemListElement\":[{\"@type\":\"ListItem\",\"position\":1,\"name\":\"Home\",\"item\":\"https:\\\/\\\/news.save.ch\\\/de\\\/\"},{\"@type\":\"ListItem\",\"position\":2,\"name\":\"S\u00e9curit\u00e9 Lausanne war ein Erfolg\"}]},{\"@type\":\"WebSite\",\"@id\":\"https:\\\/\\\/news.save.ch\\\/de\\\/#website\",\"url\":\"https:\\\/\\\/news.save.ch\\\/de\\\/\",\"name\":\"Save\",\"description\":\"Schweizer Fachzeitschrift f\u00fcr Sicherheit\",\"publisher\":{\"@id\":\"https:\\\/\\\/news.save.ch\\\/de\\\/#organization\"},\"potentialAction\":[{\"@type\":\"SearchAction\",\"target\":{\"@type\":\"EntryPoint\",\"urlTemplate\":\"https:\\\/\\\/news.save.ch\\\/de\\\/?s={search_term_string}\"},\"query-input\":{\"@type\":\"PropertyValueSpecification\",\"valueRequired\":true,\"valueName\":\"search_term_string\"}}],\"inLanguage\":\"it-IT\"},{\"@type\":\"Organization\",\"@id\":\"https:\\\/\\\/news.save.ch\\\/de\\\/#organization\",\"name\":\"Sicherheitsforum\",\"url\":\"https:\\\/\\\/news.save.ch\\\/de\\\/\",\"logo\":{\"@type\":\"ImageObject\",\"inLanguage\":\"it-IT\",\"@id\":\"https:\\\/\\\/news.save.ch\\\/de\\\/#\\\/schema\\\/logo\\\/image\\\/\",\"url\":\"https:\\\/\\\/news.save.ch\\\/wp-content\\\/uploads\\\/2022\\\/06\\\/Logo_SF_2012.png\",\"contentUrl\":\"https:\\\/\\\/news.save.ch\\\/wp-content\\\/uploads\\\/2022\\\/06\\\/Logo_SF_2012.png\",\"width\":1100,\"height\":91,\"caption\":\"Sicherheitsforum\"},\"image\":{\"@id\":\"https:\\\/\\\/news.save.ch\\\/de\\\/#\\\/schema\\\/logo\\\/image\\\/\"}},{\"@type\":\"Person\",\"@id\":\"https:\\\/\\\/news.save.ch\\\/de\\\/#\\\/schema\\\/person\\\/d49e199490bad7c70d64b9ab51142f2b\",\"name\":\"admin\",\"image\":{\"@type\":\"ImageObject\",\"inLanguage\":\"it-IT\",\"@id\":\"https:\\\/\\\/secure.gravatar.com\\\/avatar\\\/ae2f4d718e6c49043e314ce431e7e645d646302a24a5ef5a8bc8e3f5a032e319?s=96&d=mm&r=g\",\"url\":\"https:\\\/\\\/secure.gravatar.com\\\/avatar\\\/ae2f4d718e6c49043e314ce431e7e645d646302a24a5ef5a8bc8e3f5a032e319?s=96&d=mm&r=g\",\"contentUrl\":\"https:\\\/\\\/secure.gravatar.com\\\/avatar\\\/ae2f4d718e6c49043e314ce431e7e645d646302a24a5ef5a8bc8e3f5a032e319?s=96&d=mm&r=g\",\"caption\":\"admin\"},\"sameAs\":[\"https:\\\/\\\/develop.organisator.galledia.ch\"],\"url\":\"https:\\\/\\\/news.save.ch\\\/it\\\/author\\\/admin\\\/\"}]}<\/script>\n<!-- \/ Yoast SEO plugin. -->","yoast_head_json":{"title":"S\u00e9curit\u00e9 Lausanne \u00e8 stata un successo - Save","robots":{"index":"index","follow":"follow","max-snippet":"max-snippet:-1","max-image-preview":"max-image-preview:large","max-video-preview":"max-video-preview:-1"},"canonical":"https:\/\/news.save.ch\/it\/securite-lausanne-war-ein-erfolg\/","og_locale":"it_IT","og_type":"article","og_title":"S\u00e9curit\u00e9 Lausanne war ein Erfolg - Save","og_description":"Fotos: Thomas Entzeroth Die S\u00e9curit\u00e9 Lausanne 2016 erf\u00fcllte die hohen Erwartungen in jeder Hinsicht, wie die Exhibit &amp; More AG betont. Vom 2. bis 4. November 2016 wurde\u00a0in der Expo Beaulieu in Lausanne das gesamte Spektrum von Produkten und Dienstleistungen der Westschweizer Sicherheitsbranche gezeigt. 75 Aussteller, Verb\u00e4nde und Verlage pr\u00e4sentierten ihre Angebote auf rund 1\u2018500 [&hellip;]","og_url":"https:\/\/news.save.ch\/it\/securite-lausanne-war-ein-erfolg\/","og_site_name":"Save","article_published_time":"2016-11-08T12:08:02+00:00","og_image":[{"width":1400,"height":933,"url":"https:\/\/news.save.ch\/wp-content\/uploads\/2016\/12\/Securite-Lausanne-war-ein-Erfolg_sicherheitsforum-scaled.jpg","type":"image\/jpeg"}],"author":"admin","twitter_card":"summary_large_image","twitter_misc":{"Scritto da":"admin","Tempo di lettura stimato":"3 minuti"},"schema":{"@context":"https:\/\/schema.org","@graph":[{"@type":"Article","@id":"https:\/\/news.save.ch\/securite-lausanne-war-ein-erfolg\/#article","isPartOf":{"@id":"https:\/\/news.save.ch\/securite-lausanne-war-ein-erfolg\/"},"author":{"name":"admin","@id":"https:\/\/news.save.ch\/de\/#\/schema\/person\/d49e199490bad7c70d64b9ab51142f2b"},"headline":"S\u00e9curit\u00e9 Lausanne war ein Erfolg","datePublished":"2016-11-08T12:08:02+00:00","mainEntityOfPage":{"@id":"https:\/\/news.save.ch\/securite-lausanne-war-ein-erfolg\/"},"wordCount":549,"commentCount":0,"publisher":{"@id":"https:\/\/news.save.ch\/de\/#organization"},"image":{"@id":"https:\/\/news.save.ch\/securite-lausanne-war-ein-erfolg\/#primaryimage"},"thumbnailUrl":"https:\/\/news.save.ch\/wp-content\/uploads\/2016\/12\/Securite-Lausanne-war-ein-Erfolg_sicherheitsforum-scaled.jpg","keywords":["Aus- und Weiterbildung","Fachkongress\/Fachmesse"],"articleSection":["ALLGEMEIN"],"inLanguage":"it-IT"},{"@type":"WebPage","@id":"https:\/\/news.save.ch\/securite-lausanne-war-ein-erfolg\/","url":"https:\/\/news.save.ch\/securite-lausanne-war-ein-erfolg\/","name":"S\u00e9curit\u00e9 Lausanne \u00e8 stata un successo - Save","isPartOf":{"@id":"https:\/\/news.save.ch\/de\/#website"},"primaryImageOfPage":{"@id":"https:\/\/news.save.ch\/securite-lausanne-war-ein-erfolg\/#primaryimage"},"image":{"@id":"https:\/\/news.save.ch\/securite-lausanne-war-ein-erfolg\/#primaryimage"},"thumbnailUrl":"https:\/\/news.save.ch\/wp-content\/uploads\/2016\/12\/Securite-Lausanne-war-ein-Erfolg_sicherheitsforum-scaled.jpg","datePublished":"2016-11-08T12:08:02+00:00","breadcrumb":{"@id":"https:\/\/news.save.ch\/securite-lausanne-war-ein-erfolg\/#breadcrumb"},"inLanguage":"it-IT","potentialAction":[{"@type":"ReadAction","target":["https:\/\/news.save.ch\/securite-lausanne-war-ein-erfolg\/"]}]},{"@type":"ImageObject","inLanguage":"it-IT","@id":"https:\/\/news.save.ch\/securite-lausanne-war-ein-erfolg\/#primaryimage","url":"https:\/\/news.save.ch\/wp-content\/uploads\/2016\/12\/Securite-Lausanne-war-ein-Erfolg_sicherheitsforum-scaled.jpg","contentUrl":"https:\/\/news.save.ch\/wp-content\/uploads\/2016\/12\/Securite-Lausanne-war-ein-Erfolg_sicherheitsforum-scaled.jpg","width":1400,"height":933},{"@type":"BreadcrumbList","@id":"https:\/\/news.save.ch\/securite-lausanne-war-ein-erfolg\/#breadcrumb","itemListElement":[{"@type":"ListItem","position":1,"name":"Home","item":"https:\/\/news.save.ch\/de\/"},{"@type":"ListItem","position":2,"name":"S\u00e9curit\u00e9 Lausanne war ein Erfolg"}]},{"@type":"WebSite","@id":"https:\/\/news.save.ch\/de\/#website","url":"https:\/\/news.save.ch\/de\/","name":"Risparmiare","description":"Rivista svizzera specializzata in sicurezza","publisher":{"@id":"https:\/\/news.save.ch\/de\/#organization"},"potentialAction":[{"@type":"SearchAction","target":{"@type":"EntryPoint","urlTemplate":"https:\/\/news.save.ch\/de\/?s={search_term_string}"},"query-input":{"@type":"PropertyValueSpecification","valueRequired":true,"valueName":"search_term_string"}}],"inLanguage":"it-IT"},{"@type":"Organization","@id":"https:\/\/news.save.ch\/de\/#organization","name":"Forum sulla sicurezza","url":"https:\/\/news.save.ch\/de\/","logo":{"@type":"ImageObject","inLanguage":"it-IT","@id":"https:\/\/news.save.ch\/de\/#\/schema\/logo\/image\/","url":"https:\/\/news.save.ch\/wp-content\/uploads\/2022\/06\/Logo_SF_2012.png","contentUrl":"https:\/\/news.save.ch\/wp-content\/uploads\/2022\/06\/Logo_SF_2012.png","width":1100,"height":91,"caption":"Sicherheitsforum"},"image":{"@id":"https:\/\/news.save.ch\/de\/#\/schema\/logo\/image\/"}},{"@type":"Person","@id":"https:\/\/news.save.ch\/de\/#\/schema\/person\/d49e199490bad7c70d64b9ab51142f2b","name":"amministratore","image":{"@type":"ImageObject","inLanguage":"it-IT","@id":"https:\/\/secure.gravatar.com\/avatar\/ae2f4d718e6c49043e314ce431e7e645d646302a24a5ef5a8bc8e3f5a032e319?s=96&d=mm&r=g","url":"https:\/\/secure.gravatar.com\/avatar\/ae2f4d718e6c49043e314ce431e7e645d646302a24a5ef5a8bc8e3f5a032e319?s=96&d=mm&r=g","contentUrl":"https:\/\/secure.gravatar.com\/avatar\/ae2f4d718e6c49043e314ce431e7e645d646302a24a5ef5a8bc8e3f5a032e319?s=96&d=mm&r=g","caption":"admin"},"sameAs":["https:\/\/develop.organisator.galledia.ch"],"url":"https:\/\/news.save.ch\/it\/author\/admin\/"}]}},"_links":{"self":[{"href":"https:\/\/news.save.ch\/it\/wp-json\/wp\/v2\/posts\/14176","targetHints":{"allow":["GET"]}}],"collection":[{"href":"https:\/\/news.save.ch\/it\/wp-json\/wp\/v2\/posts"}],"about":[{"href":"https:\/\/news.save.ch\/it\/wp-json\/wp\/v2\/types\/post"}],"author":[{"embeddable":true,"href":"https:\/\/news.save.ch\/it\/wp-json\/wp\/v2\/users\/1"}],"replies":[{"embeddable":true,"href":"https:\/\/news.save.ch\/it\/wp-json\/wp\/v2\/comments?post=14176"}],"version-history":[{"count":0,"href":"https:\/\/news.save.ch\/it\/wp-json\/wp\/v2\/posts\/14176\/revisions"}],"wp:featuredmedia":[{"embeddable":true,"href":"https:\/\/news.save.ch\/it\/wp-json\/wp\/v2\/media\/13631"}],"wp:attachment":[{"href":"https:\/\/news.save.ch\/it\/wp-json\/wp\/v2\/media?parent=14176"}],"wp:term":[{"taxonomy":"category","embeddable":true,"href":"https:\/\/news.save.ch\/it\/wp-json\/wp\/v2\/categories?post=14176"},{"taxonomy":"post_tag","embeddable":true,"href":"https:\/\/news.save.ch\/it\/wp-json\/wp\/v2\/tags?post=14176"}],"curies":[{"name":"wp","href":"https:\/\/api.w.org\/{rel}","templated":true}]}}