{"id":14186,"date":"2016-11-01T13:40:37","date_gmt":"2016-11-01T12:40:37","guid":{"rendered":"https:\/\/dev.sicherheitsforum.ch\/?p=930"},"modified":"2016-11-01T13:40:37","modified_gmt":"2016-11-01T12:40:37","slug":"ueberwachung-am-fussgelenk-bewaehrt-sich","status":null,"type":"post","link":"https:\/\/news.save.ch\/it\/ueberwachung-am-fussgelenk-bewaehrt-sich\/","title":{"rendered":"Il monitoraggio alla caviglia dimostra la sua validit\u00e0"},"content":{"rendered":"<figure id=\"attachment_934\" aria-describedby=\"caption-attachment-934\" style=\"width: 680px\" class=\"wp-caption alignnone\"><img loading=\"lazy\" decoding=\"async\" class=\"size-medium wp-image-934\" src=\"https:\/\/sicherheitsforum.ch\/wp-content\/uploads\/2016\/12\/\u00dcberwachung-am-Fussgelenk-bew\u00e4hrt-sich_sicherheitsforum.jpg\" alt=\"\u00a9 depositphotos\" width=\"680\" height=\"454\" \/><figcaption id=\"caption-attachment-934\" class=\"wp-caption-text\">\u00a9 depositphotos<\/figcaption><\/figure>\n<p>Il monitoraggio elettronico (EM) indica il controllo elettronico degli spostamenti o della presenza di persone (criminali o imputati). Un trasmettitore sulla caviglia della persona segnala al sistema EM dove si trova la persona e quando. In questo modo \u00e8 possibile verificare se la persona sta rispettando un eventuale arresto domiciliare o un divieto di zona. Secondo le autorit\u00e0, l'EM non pu\u00f2 essere utilizzato per le persone pericolose. Il sistema viene utilizzato principalmente per verificare se una persona \u00e8 in grado di rispettare le condizioni imposte.<\/p>\n<p><strong>Due fattorie pilota <\/strong><\/p>\n<p>L'Ufficio delle correzioni di Zurigo si \u00e8 preparato a fondo per l'introduzione dell'EM nel Cantone di Zurigo. In questa preparazione sono stati coinvolti anche la Procura penale degli adulti, la Procura capo dei minori, i tribunali e la polizia cantonale.<\/p>\n<p>Nel luglio 2015, la Direzione della Giustizia e degli Affari Interni ha iniziato con le applicazioni pratiche nel monitoraggio dell'allentamento correzionale dei giovani delinquenti nel Centro Misure di Uitikon e negli interventi di diritto penale minorile delle procure minorili. Un totale di 19 giovani e giovani adulti (accusati o autori di reato) sono stati successivamente monitorati con il loro consenso durante l'operazione pilota. L'attenzione si \u00e8 concentrata sul monitoraggio tramite GPS.<\/p>\n<p><strong>Risultati dell'operazione pilota <\/strong><\/p>\n<p>Secondo una dichiarazione del governo, la valutazione dell'operazione pilota dimostra che il monitoraggio elettronico ha dimostrato la sua validit\u00e0 nella pratica. In diversi casi osservati, l'EM ha contribuito al fatto che le persone colpite sono state in grado di mantenere una routine quotidiana strutturata meglio di quelle senza EM. L'EM ha un forte effetto psicologico e pu\u00f2 essere usato bene per verificare le condizioni. Inoltre, l'EM pu\u00f2 essere utilizzato rapidamente e fornisce all'interessato un rapido feedback su eventuali comportamenti scorretti.<\/p>\n<p>Per contro, va notato che l'EM non pu\u00f2 prevenire i reati. Inoltre, l'EM non deve essere utilizzato in modo isolato, ma in modo pi\u00f9 promettente insieme a un supporto socio-educativo o terapeutico.<\/p>\n<p>L'operazione pilota \u00e8 stata completata nell'aprile 2016. Da allora, il pilota \u00e8 stato portato avanti regolarmente. Con il successo dell'introduzione dell'EM, il Cantone di Zurigo \u00e8 pronto per l'attuazione del codice penale rivisto il 1\u00b0 gennaio 2018, che prevede che le pene detentive brevi possano essere eseguite sotto forma di monitoraggio elettronico, come conclude il comunicato stampa.<\/p>\n<p><em>Comunicato stampa Canton. Zurigo, Direzione della giustizia e degli affari interni Ufficio delle correzioni<\/em><\/p>","protected":false},"excerpt":{"rendered":"<p>Electronic Monitoring (EM) steht f\u00fcr die elektronische Aufenthalts- oder Anwesenheits\u00fcberwachung von Personen (Straft\u00e4tern oder Beschuldigten). Ein Sender am Fussgelenk der Person meldet dem EM-System, wo sich die Person wann aufh\u00e4lt. Auf diese Weise l\u00e4sst sich pr\u00fcfen, ob die Person einen allf\u00e4lligen Hausarrest oder ein Rayonverbot befolgt. Bei gef\u00e4hrlichen Personen ist EM nicht einsetzbar, wie die [&hellip;]<\/p>\n","protected":false},"author":1,"featured_media":13655,"comment_status":"open","ping_status":"open","sticky":false,"template":"","format":"standard","meta":{"_acf_changed":false,"pgc_sgb_lightbox_settings":"","footnotes":""},"categories":[1],"tags":[69],"class_list":["post-14186","post","type-post","status-publish","format-standard","has-post-thumbnail","hentry","category-allgemein","tag-justiz-polizei"],"acf":[],"hkrextid":null,"publication":null,"issue":null,"workflow":null,"startPage":null,"spitzmarke":null,"_posts_by_tag_page_fields":{"widget_title":"","widget_tags":""},"_at_widget":"1","_yoast_wpseo_primary_category":"","_yoast_wpseo_focuskw_text_input":"\u00dcberwachung","_yoast_wpseo_opengraph-image":"https:\/\/sicherheitsforum.ch\/wp-content\/uploads\/2016\/12\/\u00dcberwachung-am-Fussgelenk-bew\u00e4hrt-sich_sicherheitsforum.jpg","_yoast_wpseo_opengraph-description":"Die elektronische \u00dcberwachung von Straft\u00e4tern und Beschuldigten funktioniert: Zu diesem Schluss kommen die Verantwortlichen f\u00fcr den Z\u00fcrcher Justizvollzug nach dem Abschluss eines mehrmonatigen Pilotbetriebs mit insgesamt 19 Jugendlichen und jungen Erwachsenen. Klar sind aber auch die Grenzen von Electronic Monitoring: Delikte verhindern kann das \u00dcberwachungssystem nicht.","_yoast_wpseo_opengraph-title":"\u00dcberwachung am Fussgelenk bew\u00e4hrt sich","enclosure":null,"_yoast_wpseo_twitter-title":null,"_yoast_wpseo_twitter-description":null,"_yoast_wpseo_twitter-image":null,"_wp_old_slug":null,"_yoast_wpseo_title":null,"_yoast_wpseo_canonical":null,"yoast_head":"<!-- This site is optimized with the Yoast SEO plugin v27.5 - https:\/\/yoast.com\/product\/yoast-seo-wordpress\/ -->\n<title>\u00dcberwachung am Fussgelenk bew\u00e4hrt sich - Save<\/title>\n<meta name=\"description\" content=\"Die elektronische \u00dcberwachung von Straft\u00e4tern und Beschuldigten funktioniert: Zu diesem Schluss kommen die Verantwortlichen f\u00fcr den Z\u00fcrcher Justizvollzug.\" \/>\n<meta name=\"robots\" content=\"index, follow, max-snippet:-1, max-image-preview:large, max-video-preview:-1\" \/>\n<link rel=\"canonical\" href=\"https:\/\/news.save.ch\/it\/ueberwachung-am-fussgelenk-bewaehrt-sich\/\" \/>\n<meta property=\"og:locale\" content=\"it_IT\" \/>\n<meta property=\"og:type\" content=\"article\" \/>\n<meta property=\"og:title\" content=\"\u00dcberwachung am Fussgelenk bew\u00e4hrt sich\" \/>\n<meta property=\"og:description\" content=\"Die elektronische \u00dcberwachung von Straft\u00e4tern und Beschuldigten funktioniert: Zu diesem Schluss kommen die Verantwortlichen f\u00fcr den Z\u00fcrcher Justizvollzug nach dem Abschluss eines mehrmonatigen Pilotbetriebs mit insgesamt 19 Jugendlichen und jungen Erwachsenen. Klar sind aber auch die Grenzen von Electronic Monitoring: Delikte verhindern kann das \u00dcberwachungssystem nicht.\" \/>\n<meta property=\"og:url\" content=\"https:\/\/news.save.ch\/it\/ueberwachung-am-fussgelenk-bewaehrt-sich\/\" \/>\n<meta property=\"og:site_name\" content=\"Save\" \/>\n<meta property=\"article:published_time\" content=\"2016-11-01T12:40:37+00:00\" \/>\n<meta property=\"og:image\" content=\"https:\/\/sicherheitsforum.ch\/wp-content\/uploads\/2016\/12\/\u00dcberwachung-am-Fussgelenk-bew\u00e4hrt-sich_sicherheitsforum.jpg\" \/>\n<meta name=\"author\" content=\"admin\" \/>\n<meta name=\"twitter:card\" content=\"summary_large_image\" \/>\n<meta name=\"twitter:label1\" content=\"Scritto da\" \/>\n\t<meta name=\"twitter:data1\" content=\"admin\" \/>\n\t<meta name=\"twitter:label2\" content=\"Tempo di lettura stimato\" \/>\n\t<meta name=\"twitter:data2\" content=\"2 minuti\" \/>\n<script type=\"application\/ld+json\" class=\"yoast-schema-graph\">{\"@context\":\"https:\\\/\\\/schema.org\",\"@graph\":[{\"@type\":\"Article\",\"@id\":\"https:\\\/\\\/news.save.ch\\\/ueberwachung-am-fussgelenk-bewaehrt-sich\\\/#article\",\"isPartOf\":{\"@id\":\"https:\\\/\\\/news.save.ch\\\/ueberwachung-am-fussgelenk-bewaehrt-sich\\\/\"},\"author\":{\"name\":\"admin\",\"@id\":\"https:\\\/\\\/news.save.ch\\\/de\\\/#\\\/schema\\\/person\\\/d49e199490bad7c70d64b9ab51142f2b\"},\"headline\":\"\u00dcberwachung am Fussgelenk bew\u00e4hrt sich\",\"datePublished\":\"2016-11-01T12:40:37+00:00\",\"mainEntityOfPage\":{\"@id\":\"https:\\\/\\\/news.save.ch\\\/ueberwachung-am-fussgelenk-bewaehrt-sich\\\/\"},\"wordCount\":381,\"commentCount\":0,\"publisher\":{\"@id\":\"https:\\\/\\\/news.save.ch\\\/de\\\/#organization\"},\"image\":{\"@id\":\"https:\\\/\\\/news.save.ch\\\/ueberwachung-am-fussgelenk-bewaehrt-sich\\\/#primaryimage\"},\"thumbnailUrl\":\"https:\\\/\\\/news.save.ch\\\/wp-content\\\/uploads\\\/2016\\\/12\\\/Ueberwachung-am-Fussgelenk-bewaehrt-sich_sicherheitsforum.jpg\",\"keywords\":[\"Justiz &amp; Polizei\"],\"articleSection\":[\"ALLGEMEIN\"],\"inLanguage\":\"it-IT\"},{\"@type\":\"WebPage\",\"@id\":\"https:\\\/\\\/news.save.ch\\\/ueberwachung-am-fussgelenk-bewaehrt-sich\\\/\",\"url\":\"https:\\\/\\\/news.save.ch\\\/ueberwachung-am-fussgelenk-bewaehrt-sich\\\/\",\"name\":\"\u00dcberwachung am Fussgelenk bew\u00e4hrt sich - Save\",\"isPartOf\":{\"@id\":\"https:\\\/\\\/news.save.ch\\\/de\\\/#website\"},\"primaryImageOfPage\":{\"@id\":\"https:\\\/\\\/news.save.ch\\\/ueberwachung-am-fussgelenk-bewaehrt-sich\\\/#primaryimage\"},\"image\":{\"@id\":\"https:\\\/\\\/news.save.ch\\\/ueberwachung-am-fussgelenk-bewaehrt-sich\\\/#primaryimage\"},\"thumbnailUrl\":\"https:\\\/\\\/news.save.ch\\\/wp-content\\\/uploads\\\/2016\\\/12\\\/Ueberwachung-am-Fussgelenk-bewaehrt-sich_sicherheitsforum.jpg\",\"datePublished\":\"2016-11-01T12:40:37+00:00\",\"description\":\"Die elektronische \u00dcberwachung von Straft\u00e4tern und Beschuldigten funktioniert: Zu diesem Schluss kommen die Verantwortlichen f\u00fcr den Z\u00fcrcher Justizvollzug.\",\"breadcrumb\":{\"@id\":\"https:\\\/\\\/news.save.ch\\\/ueberwachung-am-fussgelenk-bewaehrt-sich\\\/#breadcrumb\"},\"inLanguage\":\"it-IT\",\"potentialAction\":[{\"@type\":\"ReadAction\",\"target\":[\"https:\\\/\\\/news.save.ch\\\/ueberwachung-am-fussgelenk-bewaehrt-sich\\\/\"]}]},{\"@type\":\"ImageObject\",\"inLanguage\":\"it-IT\",\"@id\":\"https:\\\/\\\/news.save.ch\\\/ueberwachung-am-fussgelenk-bewaehrt-sich\\\/#primaryimage\",\"url\":\"https:\\\/\\\/news.save.ch\\\/wp-content\\\/uploads\\\/2016\\\/12\\\/Ueberwachung-am-Fussgelenk-bewaehrt-sich_sicherheitsforum.jpg\",\"contentUrl\":\"https:\\\/\\\/news.save.ch\\\/wp-content\\\/uploads\\\/2016\\\/12\\\/Ueberwachung-am-Fussgelenk-bewaehrt-sich_sicherheitsforum.jpg\",\"width\":1000,\"height\":667,\"caption\":\"\u00a9 depositphotos\"},{\"@type\":\"BreadcrumbList\",\"@id\":\"https:\\\/\\\/news.save.ch\\\/ueberwachung-am-fussgelenk-bewaehrt-sich\\\/#breadcrumb\",\"itemListElement\":[{\"@type\":\"ListItem\",\"position\":1,\"name\":\"Home\",\"item\":\"https:\\\/\\\/news.save.ch\\\/de\\\/\"},{\"@type\":\"ListItem\",\"position\":2,\"name\":\"\u00dcberwachung am Fussgelenk bew\u00e4hrt sich\"}]},{\"@type\":\"WebSite\",\"@id\":\"https:\\\/\\\/news.save.ch\\\/de\\\/#website\",\"url\":\"https:\\\/\\\/news.save.ch\\\/de\\\/\",\"name\":\"Save\",\"description\":\"Schweizer Fachzeitschrift f\u00fcr Sicherheit\",\"publisher\":{\"@id\":\"https:\\\/\\\/news.save.ch\\\/de\\\/#organization\"},\"potentialAction\":[{\"@type\":\"SearchAction\",\"target\":{\"@type\":\"EntryPoint\",\"urlTemplate\":\"https:\\\/\\\/news.save.ch\\\/de\\\/?s={search_term_string}\"},\"query-input\":{\"@type\":\"PropertyValueSpecification\",\"valueRequired\":true,\"valueName\":\"search_term_string\"}}],\"inLanguage\":\"it-IT\"},{\"@type\":\"Organization\",\"@id\":\"https:\\\/\\\/news.save.ch\\\/de\\\/#organization\",\"name\":\"Sicherheitsforum\",\"url\":\"https:\\\/\\\/news.save.ch\\\/de\\\/\",\"logo\":{\"@type\":\"ImageObject\",\"inLanguage\":\"it-IT\",\"@id\":\"https:\\\/\\\/news.save.ch\\\/de\\\/#\\\/schema\\\/logo\\\/image\\\/\",\"url\":\"https:\\\/\\\/news.save.ch\\\/wp-content\\\/uploads\\\/2022\\\/06\\\/Logo_SF_2012.png\",\"contentUrl\":\"https:\\\/\\\/news.save.ch\\\/wp-content\\\/uploads\\\/2022\\\/06\\\/Logo_SF_2012.png\",\"width\":1100,\"height\":91,\"caption\":\"Sicherheitsforum\"},\"image\":{\"@id\":\"https:\\\/\\\/news.save.ch\\\/de\\\/#\\\/schema\\\/logo\\\/image\\\/\"}},{\"@type\":\"Person\",\"@id\":\"https:\\\/\\\/news.save.ch\\\/de\\\/#\\\/schema\\\/person\\\/d49e199490bad7c70d64b9ab51142f2b\",\"name\":\"admin\",\"image\":{\"@type\":\"ImageObject\",\"inLanguage\":\"it-IT\",\"@id\":\"https:\\\/\\\/secure.gravatar.com\\\/avatar\\\/ae2f4d718e6c49043e314ce431e7e645d646302a24a5ef5a8bc8e3f5a032e319?s=96&d=mm&r=g\",\"url\":\"https:\\\/\\\/secure.gravatar.com\\\/avatar\\\/ae2f4d718e6c49043e314ce431e7e645d646302a24a5ef5a8bc8e3f5a032e319?s=96&d=mm&r=g\",\"contentUrl\":\"https:\\\/\\\/secure.gravatar.com\\\/avatar\\\/ae2f4d718e6c49043e314ce431e7e645d646302a24a5ef5a8bc8e3f5a032e319?s=96&d=mm&r=g\",\"caption\":\"admin\"},\"sameAs\":[\"https:\\\/\\\/develop.organisator.galledia.ch\"],\"url\":\"https:\\\/\\\/news.save.ch\\\/it\\\/author\\\/admin\\\/\"}]}<\/script>\n<!-- \/ Yoast SEO plugin. -->","yoast_head_json":{"title":"Il monitoraggio alla caviglia dimostra la sua validit\u00e0 - Save","description":"Il monitoraggio elettronico dei trasgressori e degli accusati funziona: Questa \u00e8 la conclusione dei responsabili del sistema correzionale di Zurigo.","robots":{"index":"index","follow":"follow","max-snippet":"max-snippet:-1","max-image-preview":"max-image-preview:large","max-video-preview":"max-video-preview:-1"},"canonical":"https:\/\/news.save.ch\/it\/ueberwachung-am-fussgelenk-bewaehrt-sich\/","og_locale":"it_IT","og_type":"article","og_title":"\u00dcberwachung am Fussgelenk bew\u00e4hrt sich","og_description":"Die elektronische \u00dcberwachung von Straft\u00e4tern und Beschuldigten funktioniert: Zu diesem Schluss kommen die Verantwortlichen f\u00fcr den Z\u00fcrcher Justizvollzug nach dem Abschluss eines mehrmonatigen Pilotbetriebs mit insgesamt 19 Jugendlichen und jungen Erwachsenen. Klar sind aber auch die Grenzen von Electronic Monitoring: Delikte verhindern kann das \u00dcberwachungssystem nicht.","og_url":"https:\/\/news.save.ch\/it\/ueberwachung-am-fussgelenk-bewaehrt-sich\/","og_site_name":"Save","article_published_time":"2016-11-01T12:40:37+00:00","og_image":[{"url":"https:\/\/sicherheitsforum.ch\/wp-content\/uploads\/2016\/12\/\u00dcberwachung-am-Fussgelenk-bew\u00e4hrt-sich_sicherheitsforum.jpg","type":"","width":"","height":""}],"author":"admin","twitter_card":"summary_large_image","twitter_misc":{"Scritto da":"admin","Tempo di lettura stimato":"2 minuti"},"schema":{"@context":"https:\/\/schema.org","@graph":[{"@type":"Article","@id":"https:\/\/news.save.ch\/ueberwachung-am-fussgelenk-bewaehrt-sich\/#article","isPartOf":{"@id":"https:\/\/news.save.ch\/ueberwachung-am-fussgelenk-bewaehrt-sich\/"},"author":{"name":"admin","@id":"https:\/\/news.save.ch\/de\/#\/schema\/person\/d49e199490bad7c70d64b9ab51142f2b"},"headline":"\u00dcberwachung am Fussgelenk bew\u00e4hrt sich","datePublished":"2016-11-01T12:40:37+00:00","mainEntityOfPage":{"@id":"https:\/\/news.save.ch\/ueberwachung-am-fussgelenk-bewaehrt-sich\/"},"wordCount":381,"commentCount":0,"publisher":{"@id":"https:\/\/news.save.ch\/de\/#organization"},"image":{"@id":"https:\/\/news.save.ch\/ueberwachung-am-fussgelenk-bewaehrt-sich\/#primaryimage"},"thumbnailUrl":"https:\/\/news.save.ch\/wp-content\/uploads\/2016\/12\/Ueberwachung-am-Fussgelenk-bewaehrt-sich_sicherheitsforum.jpg","keywords":["Justiz &amp; Polizei"],"articleSection":["ALLGEMEIN"],"inLanguage":"it-IT"},{"@type":"WebPage","@id":"https:\/\/news.save.ch\/ueberwachung-am-fussgelenk-bewaehrt-sich\/","url":"https:\/\/news.save.ch\/ueberwachung-am-fussgelenk-bewaehrt-sich\/","name":"Il monitoraggio alla caviglia dimostra la sua validit\u00e0 - Save","isPartOf":{"@id":"https:\/\/news.save.ch\/de\/#website"},"primaryImageOfPage":{"@id":"https:\/\/news.save.ch\/ueberwachung-am-fussgelenk-bewaehrt-sich\/#primaryimage"},"image":{"@id":"https:\/\/news.save.ch\/ueberwachung-am-fussgelenk-bewaehrt-sich\/#primaryimage"},"thumbnailUrl":"https:\/\/news.save.ch\/wp-content\/uploads\/2016\/12\/Ueberwachung-am-Fussgelenk-bewaehrt-sich_sicherheitsforum.jpg","datePublished":"2016-11-01T12:40:37+00:00","description":"Il monitoraggio elettronico dei trasgressori e degli accusati funziona: Questa \u00e8 la conclusione dei responsabili del sistema correzionale di Zurigo.","breadcrumb":{"@id":"https:\/\/news.save.ch\/ueberwachung-am-fussgelenk-bewaehrt-sich\/#breadcrumb"},"inLanguage":"it-IT","potentialAction":[{"@type":"ReadAction","target":["https:\/\/news.save.ch\/ueberwachung-am-fussgelenk-bewaehrt-sich\/"]}]},{"@type":"ImageObject","inLanguage":"it-IT","@id":"https:\/\/news.save.ch\/ueberwachung-am-fussgelenk-bewaehrt-sich\/#primaryimage","url":"https:\/\/news.save.ch\/wp-content\/uploads\/2016\/12\/Ueberwachung-am-Fussgelenk-bewaehrt-sich_sicherheitsforum.jpg","contentUrl":"https:\/\/news.save.ch\/wp-content\/uploads\/2016\/12\/Ueberwachung-am-Fussgelenk-bewaehrt-sich_sicherheitsforum.jpg","width":1000,"height":667,"caption":"\u00a9 depositphotos"},{"@type":"BreadcrumbList","@id":"https:\/\/news.save.ch\/ueberwachung-am-fussgelenk-bewaehrt-sich\/#breadcrumb","itemListElement":[{"@type":"ListItem","position":1,"name":"Home","item":"https:\/\/news.save.ch\/de\/"},{"@type":"ListItem","position":2,"name":"\u00dcberwachung am Fussgelenk bew\u00e4hrt sich"}]},{"@type":"WebSite","@id":"https:\/\/news.save.ch\/de\/#website","url":"https:\/\/news.save.ch\/de\/","name":"Risparmiare","description":"Rivista svizzera specializzata in sicurezza","publisher":{"@id":"https:\/\/news.save.ch\/de\/#organization"},"potentialAction":[{"@type":"SearchAction","target":{"@type":"EntryPoint","urlTemplate":"https:\/\/news.save.ch\/de\/?s={search_term_string}"},"query-input":{"@type":"PropertyValueSpecification","valueRequired":true,"valueName":"search_term_string"}}],"inLanguage":"it-IT"},{"@type":"Organization","@id":"https:\/\/news.save.ch\/de\/#organization","name":"Forum sulla sicurezza","url":"https:\/\/news.save.ch\/de\/","logo":{"@type":"ImageObject","inLanguage":"it-IT","@id":"https:\/\/news.save.ch\/de\/#\/schema\/logo\/image\/","url":"https:\/\/news.save.ch\/wp-content\/uploads\/2022\/06\/Logo_SF_2012.png","contentUrl":"https:\/\/news.save.ch\/wp-content\/uploads\/2022\/06\/Logo_SF_2012.png","width":1100,"height":91,"caption":"Sicherheitsforum"},"image":{"@id":"https:\/\/news.save.ch\/de\/#\/schema\/logo\/image\/"}},{"@type":"Person","@id":"https:\/\/news.save.ch\/de\/#\/schema\/person\/d49e199490bad7c70d64b9ab51142f2b","name":"amministratore","image":{"@type":"ImageObject","inLanguage":"it-IT","@id":"https:\/\/secure.gravatar.com\/avatar\/ae2f4d718e6c49043e314ce431e7e645d646302a24a5ef5a8bc8e3f5a032e319?s=96&d=mm&r=g","url":"https:\/\/secure.gravatar.com\/avatar\/ae2f4d718e6c49043e314ce431e7e645d646302a24a5ef5a8bc8e3f5a032e319?s=96&d=mm&r=g","contentUrl":"https:\/\/secure.gravatar.com\/avatar\/ae2f4d718e6c49043e314ce431e7e645d646302a24a5ef5a8bc8e3f5a032e319?s=96&d=mm&r=g","caption":"admin"},"sameAs":["https:\/\/develop.organisator.galledia.ch"],"url":"https:\/\/news.save.ch\/it\/author\/admin\/"}]}},"_links":{"self":[{"href":"https:\/\/news.save.ch\/it\/wp-json\/wp\/v2\/posts\/14186","targetHints":{"allow":["GET"]}}],"collection":[{"href":"https:\/\/news.save.ch\/it\/wp-json\/wp\/v2\/posts"}],"about":[{"href":"https:\/\/news.save.ch\/it\/wp-json\/wp\/v2\/types\/post"}],"author":[{"embeddable":true,"href":"https:\/\/news.save.ch\/it\/wp-json\/wp\/v2\/users\/1"}],"replies":[{"embeddable":true,"href":"https:\/\/news.save.ch\/it\/wp-json\/wp\/v2\/comments?post=14186"}],"version-history":[{"count":0,"href":"https:\/\/news.save.ch\/it\/wp-json\/wp\/v2\/posts\/14186\/revisions"}],"wp:featuredmedia":[{"embeddable":true,"href":"https:\/\/news.save.ch\/it\/wp-json\/wp\/v2\/media\/13655"}],"wp:attachment":[{"href":"https:\/\/news.save.ch\/it\/wp-json\/wp\/v2\/media?parent=14186"}],"wp:term":[{"taxonomy":"category","embeddable":true,"href":"https:\/\/news.save.ch\/it\/wp-json\/wp\/v2\/categories?post=14186"},{"taxonomy":"post_tag","embeddable":true,"href":"https:\/\/news.save.ch\/it\/wp-json\/wp\/v2\/tags?post=14186"}],"curies":[{"name":"wp","href":"https:\/\/api.w.org\/{rel}","templated":true}]}}