{"id":14189,"date":"2015-12-22T13:45:10","date_gmt":"2015-12-22T12:45:10","guid":{"rendered":"https:\/\/dev.sicherheitsforum.ch\/?p=945"},"modified":"2023-03-14T08:57:28","modified_gmt":"2023-03-14T07:57:28","slug":"it-sicherheit-105","status":null,"type":"post","link":"https:\/\/news.save.ch\/it\/it-sicherheit-105\/","title":{"rendered":"Sicurezza informatica: +10,5%"},"content":{"rendered":"<p><img loading=\"lazy\" decoding=\"async\" class=\"alignnone wp-image-946 size-medium\" src=\"https:\/\/news.save.ch\/wp-content\/uploads\/2016\/12\/IT-Sicherheit-105-it-security.jpg\" width=\"680\" height=\"452\" \/><\/p>\n<p>La domanda selettiva di alcuni specialisti (ERP, sicurezza informatica, ecc.) e di lavoratori qualificati nell'industria, nell'edilizia e nel settore chimico rimane elevata, come si legge nel rapporto dell'azienda. <a href=\"https:\/\/www.michaelpage.ch\" target=\"_blank\" data-cke-saved-href=\"https:\/\/www.michaelpage.ch\" rel=\"noopener\">Michael Page<\/a> si chiama. Secondo le statistiche di questa societ\u00e0 di consulenza del personale, la domanda per i seguenti gruppi professionali ha registrato l'aumento maggiore nel confronto anno su anno da dicembre 2014 a dicembre 2015:<\/p>\n<p>Aumento della domanda (crescita dei posti di lavoro tra dicembre 2014 e 2015):<\/p>\n<ul>\n<li>Specialista ERP (pianificazione delle risorse aziendali) (+42%)<\/li>\n<li>Commercio al dettaglio (+13,4%)<\/li>\n<li><em>Sicurezza informatica <\/em>(+10,5%)<\/li>\n<li>Costruzione (+8,2%)<\/li>\n<li>Operatori chimici qualificati (+6,5%)<\/li>\n<\/ul>\n<p>Naturalmente, ci sono anche dei perdenti: la classifica \u00e8 guidata dal gruppo professionale dell'assistenza informatica (-33%), seguito dai servizi di assistenza\/vendita (-20,6%) e dal settore bancario (-19,2%). Secondo la societ\u00e0 di consulenza sulle risorse umane, questi paesi presentano i tassi di crescita occupazionale pi\u00f9 bassi su base annua.<\/p>\n<p>&nbsp;<\/p>","protected":false},"excerpt":{"rendered":"<p>Die selektive Nachfrage nach bestimmten Spezialisten (ERP, IT-Sicherheit usw.) sowie Fachkr\u00e4ften in der Industrie, im Bauwesen und der Chemie ist unver\u00e4ndert hoch, wie es im Report der Unternehmung Michael Page heisst. Gem\u00e4ss Statistik dieser Personalberatung wies die Nachfrage der folgenden Berufsgruppen im Jahresvergleich Dezember 2014 bis Dezember 2015 die h\u00f6chste Zunahme aus: Steigende Nachfrage (Stellenzuwachs [&hellip;]<\/p>\n","protected":false},"author":1,"featured_media":13661,"comment_status":"open","ping_status":"open","sticky":false,"template":"","format":"standard","meta":{"_acf_changed":false,"pgc_sgb_lightbox_settings":"","footnotes":""},"categories":[3313],"tags":[63,144,65],"class_list":["post-14189","post","type-post","status-publish","format-standard","has-post-thumbnail","hentry","category-digitalisierung","tag-it-security","tag-personalien","tag-unternehmen"],"acf":[],"hkrextid":null,"publication":null,"issue":null,"workflow":null,"startPage":null,"spitzmarke":null,"_posts_by_tag_page_fields":{"widget_title":"","widget_tags":""},"_at_widget":"1","_yoast_wpseo_primary_category":"2","_yoast_wpseo_focuskw_text_input":"IT-Sicherheit","_yoast_wpseo_opengraph-image":"https:\/\/news.save.ch\/wp-content\/uploads\/2016\/12\/IT-Sicherheit-105-it-security.jpg","_yoast_wpseo_opengraph-description":"Wie sieht die Job-Nachfrage im Jahresvergleich einzelner Berufsgruppen aus? Eine Bilanz die zeigt, dass die Nachfrage nach IT-Sicherheits-Fachleuten unter den Top 3 ist.","_yoast_wpseo_opengraph-title":"IT-Sicherheit: +10,5%","enclosure":null,"_yoast_wpseo_twitter-title":null,"_yoast_wpseo_twitter-description":null,"_yoast_wpseo_twitter-image":null,"_wp_old_slug":null,"_yoast_wpseo_title":null,"_yoast_wpseo_canonical":null,"yoast_head":"<!-- This site is optimized with the Yoast SEO plugin v27.5 - https:\/\/yoast.com\/product\/yoast-seo-wordpress\/ -->\n<title>IT-Sicherheit: +10,5% - Save<\/title>\n<meta name=\"description\" content=\"Wie sieht die Job-Nachfrage im Jahresvergleich einzelner Berufsgruppen aus? Die Nachfrage nach IT-Sicherheits-Fachleuten ist unter den Top 3.\" \/>\n<meta name=\"robots\" content=\"index, follow, max-snippet:-1, max-image-preview:large, max-video-preview:-1\" \/>\n<link rel=\"canonical\" href=\"https:\/\/news.save.ch\/it\/it-sicherheit-105\/\" \/>\n<meta property=\"og:locale\" content=\"it_IT\" \/>\n<meta property=\"og:type\" content=\"article\" \/>\n<meta property=\"og:title\" content=\"IT-Sicherheit: +10,5%\" \/>\n<meta property=\"og:description\" content=\"Wie sieht die Job-Nachfrage im Jahresvergleich einzelner Berufsgruppen aus? Eine Bilanz die zeigt, dass die Nachfrage nach IT-Sicherheits-Fachleuten unter den Top 3 ist.\" \/>\n<meta property=\"og:url\" content=\"https:\/\/news.save.ch\/it\/it-sicherheit-105\/\" \/>\n<meta property=\"og:site_name\" content=\"Save\" \/>\n<meta property=\"article:published_time\" content=\"2015-12-22T12:45:10+00:00\" \/>\n<meta property=\"article:modified_time\" content=\"2023-03-14T07:57:28+00:00\" \/>\n<meta property=\"og:image\" content=\"https:\/\/news.save.ch\/wp-content\/uploads\/2016\/12\/IT-Sicherheit-105-it-security.jpg\" \/>\n<meta name=\"author\" content=\"admin\" \/>\n<meta name=\"twitter:card\" content=\"summary_large_image\" \/>\n<meta name=\"twitter:label1\" content=\"Scritto da\" \/>\n\t<meta name=\"twitter:data1\" content=\"admin\" \/>\n\t<meta name=\"twitter:label2\" content=\"Tempo di lettura stimato\" \/>\n\t<meta name=\"twitter:data2\" content=\"1 minuto\" \/>\n<script type=\"application\/ld+json\" class=\"yoast-schema-graph\">{\"@context\":\"https:\\\/\\\/schema.org\",\"@graph\":[{\"@type\":\"Article\",\"@id\":\"https:\\\/\\\/news.save.ch\\\/it-sicherheit-105\\\/#article\",\"isPartOf\":{\"@id\":\"https:\\\/\\\/news.save.ch\\\/it-sicherheit-105\\\/\"},\"author\":{\"name\":\"admin\",\"@id\":\"https:\\\/\\\/news.save.ch\\\/de\\\/#\\\/schema\\\/person\\\/d49e199490bad7c70d64b9ab51142f2b\"},\"headline\":\"IT-Sicherheit: +10,5%\",\"datePublished\":\"2015-12-22T12:45:10+00:00\",\"dateModified\":\"2023-03-14T07:57:28+00:00\",\"mainEntityOfPage\":{\"@id\":\"https:\\\/\\\/news.save.ch\\\/it-sicherheit-105\\\/\"},\"wordCount\":108,\"commentCount\":0,\"publisher\":{\"@id\":\"https:\\\/\\\/news.save.ch\\\/de\\\/#organization\"},\"image\":{\"@id\":\"https:\\\/\\\/news.save.ch\\\/it-sicherheit-105\\\/#primaryimage\"},\"thumbnailUrl\":\"https:\\\/\\\/news.save.ch\\\/wp-content\\\/uploads\\\/2016\\\/12\\\/IT-Sicherheit-105-it-security-scaled.jpg\",\"keywords\":[\"IT-SECURITY\",\"Personalien\",\"Unternehmen\"],\"articleSection\":[\"DIGITALISIERUNG\"],\"inLanguage\":\"it-IT\"},{\"@type\":\"WebPage\",\"@id\":\"https:\\\/\\\/news.save.ch\\\/it-sicherheit-105\\\/\",\"url\":\"https:\\\/\\\/news.save.ch\\\/it-sicherheit-105\\\/\",\"name\":\"IT-Sicherheit: +10,5% - Save\",\"isPartOf\":{\"@id\":\"https:\\\/\\\/news.save.ch\\\/de\\\/#website\"},\"primaryImageOfPage\":{\"@id\":\"https:\\\/\\\/news.save.ch\\\/it-sicherheit-105\\\/#primaryimage\"},\"image\":{\"@id\":\"https:\\\/\\\/news.save.ch\\\/it-sicherheit-105\\\/#primaryimage\"},\"thumbnailUrl\":\"https:\\\/\\\/news.save.ch\\\/wp-content\\\/uploads\\\/2016\\\/12\\\/IT-Sicherheit-105-it-security-scaled.jpg\",\"datePublished\":\"2015-12-22T12:45:10+00:00\",\"dateModified\":\"2023-03-14T07:57:28+00:00\",\"description\":\"Wie sieht die Job-Nachfrage im Jahresvergleich einzelner Berufsgruppen aus? Die Nachfrage nach IT-Sicherheits-Fachleuten ist unter den Top 3.\",\"breadcrumb\":{\"@id\":\"https:\\\/\\\/news.save.ch\\\/it-sicherheit-105\\\/#breadcrumb\"},\"inLanguage\":\"it-IT\",\"potentialAction\":[{\"@type\":\"ReadAction\",\"target\":[\"https:\\\/\\\/news.save.ch\\\/it-sicherheit-105\\\/\"]}]},{\"@type\":\"ImageObject\",\"inLanguage\":\"it-IT\",\"@id\":\"https:\\\/\\\/news.save.ch\\\/it-sicherheit-105\\\/#primaryimage\",\"url\":\"https:\\\/\\\/news.save.ch\\\/wp-content\\\/uploads\\\/2016\\\/12\\\/IT-Sicherheit-105-it-security-scaled.jpg\",\"contentUrl\":\"https:\\\/\\\/news.save.ch\\\/wp-content\\\/uploads\\\/2016\\\/12\\\/IT-Sicherheit-105-it-security-scaled.jpg\",\"width\":1400,\"height\":930},{\"@type\":\"BreadcrumbList\",\"@id\":\"https:\\\/\\\/news.save.ch\\\/it-sicherheit-105\\\/#breadcrumb\",\"itemListElement\":[{\"@type\":\"ListItem\",\"position\":1,\"name\":\"Home\",\"item\":\"https:\\\/\\\/news.save.ch\\\/de\\\/\"},{\"@type\":\"ListItem\",\"position\":2,\"name\":\"IT-Sicherheit: +10,5%\"}]},{\"@type\":\"WebSite\",\"@id\":\"https:\\\/\\\/news.save.ch\\\/de\\\/#website\",\"url\":\"https:\\\/\\\/news.save.ch\\\/de\\\/\",\"name\":\"Save\",\"description\":\"Schweizer Fachzeitschrift f\u00fcr Sicherheit\",\"publisher\":{\"@id\":\"https:\\\/\\\/news.save.ch\\\/de\\\/#organization\"},\"potentialAction\":[{\"@type\":\"SearchAction\",\"target\":{\"@type\":\"EntryPoint\",\"urlTemplate\":\"https:\\\/\\\/news.save.ch\\\/de\\\/?s={search_term_string}\"},\"query-input\":{\"@type\":\"PropertyValueSpecification\",\"valueRequired\":true,\"valueName\":\"search_term_string\"}}],\"inLanguage\":\"it-IT\"},{\"@type\":\"Organization\",\"@id\":\"https:\\\/\\\/news.save.ch\\\/de\\\/#organization\",\"name\":\"Sicherheitsforum\",\"url\":\"https:\\\/\\\/news.save.ch\\\/de\\\/\",\"logo\":{\"@type\":\"ImageObject\",\"inLanguage\":\"it-IT\",\"@id\":\"https:\\\/\\\/news.save.ch\\\/de\\\/#\\\/schema\\\/logo\\\/image\\\/\",\"url\":\"https:\\\/\\\/news.save.ch\\\/wp-content\\\/uploads\\\/2022\\\/06\\\/Logo_SF_2012.png\",\"contentUrl\":\"https:\\\/\\\/news.save.ch\\\/wp-content\\\/uploads\\\/2022\\\/06\\\/Logo_SF_2012.png\",\"width\":1100,\"height\":91,\"caption\":\"Sicherheitsforum\"},\"image\":{\"@id\":\"https:\\\/\\\/news.save.ch\\\/de\\\/#\\\/schema\\\/logo\\\/image\\\/\"}},{\"@type\":\"Person\",\"@id\":\"https:\\\/\\\/news.save.ch\\\/de\\\/#\\\/schema\\\/person\\\/d49e199490bad7c70d64b9ab51142f2b\",\"name\":\"admin\",\"image\":{\"@type\":\"ImageObject\",\"inLanguage\":\"it-IT\",\"@id\":\"https:\\\/\\\/secure.gravatar.com\\\/avatar\\\/ae2f4d718e6c49043e314ce431e7e645d646302a24a5ef5a8bc8e3f5a032e319?s=96&d=mm&r=g\",\"url\":\"https:\\\/\\\/secure.gravatar.com\\\/avatar\\\/ae2f4d718e6c49043e314ce431e7e645d646302a24a5ef5a8bc8e3f5a032e319?s=96&d=mm&r=g\",\"contentUrl\":\"https:\\\/\\\/secure.gravatar.com\\\/avatar\\\/ae2f4d718e6c49043e314ce431e7e645d646302a24a5ef5a8bc8e3f5a032e319?s=96&d=mm&r=g\",\"caption\":\"admin\"},\"sameAs\":[\"https:\\\/\\\/develop.organisator.galledia.ch\"],\"url\":\"https:\\\/\\\/news.save.ch\\\/it\\\/author\\\/admin\\\/\"}]}<\/script>\n<!-- \/ Yoast SEO plugin. -->","yoast_head_json":{"title":"Sicurezza informatica: +10.5% - Risparmio","description":"Come si colloca la domanda di lavoro anno per anno per i singoli gruppi professionali? La domanda di professionisti della sicurezza informatica \u00e8 nella top 3.","robots":{"index":"index","follow":"follow","max-snippet":"max-snippet:-1","max-image-preview":"max-image-preview:large","max-video-preview":"max-video-preview:-1"},"canonical":"https:\/\/news.save.ch\/it\/it-sicherheit-105\/","og_locale":"it_IT","og_type":"article","og_title":"IT-Sicherheit: +10,5%","og_description":"Wie sieht die Job-Nachfrage im Jahresvergleich einzelner Berufsgruppen aus? Eine Bilanz die zeigt, dass die Nachfrage nach IT-Sicherheits-Fachleuten unter den Top 3 ist.","og_url":"https:\/\/news.save.ch\/it\/it-sicherheit-105\/","og_site_name":"Save","article_published_time":"2015-12-22T12:45:10+00:00","article_modified_time":"2023-03-14T07:57:28+00:00","og_image":[{"url":"https:\/\/news.save.ch\/wp-content\/uploads\/2016\/12\/IT-Sicherheit-105-it-security.jpg","type":"","width":"","height":""}],"author":"admin","twitter_card":"summary_large_image","twitter_misc":{"Scritto da":"admin","Tempo di lettura stimato":"1 minuto"},"schema":{"@context":"https:\/\/schema.org","@graph":[{"@type":"Article","@id":"https:\/\/news.save.ch\/it-sicherheit-105\/#article","isPartOf":{"@id":"https:\/\/news.save.ch\/it-sicherheit-105\/"},"author":{"name":"admin","@id":"https:\/\/news.save.ch\/de\/#\/schema\/person\/d49e199490bad7c70d64b9ab51142f2b"},"headline":"IT-Sicherheit: +10,5%","datePublished":"2015-12-22T12:45:10+00:00","dateModified":"2023-03-14T07:57:28+00:00","mainEntityOfPage":{"@id":"https:\/\/news.save.ch\/it-sicherheit-105\/"},"wordCount":108,"commentCount":0,"publisher":{"@id":"https:\/\/news.save.ch\/de\/#organization"},"image":{"@id":"https:\/\/news.save.ch\/it-sicherheit-105\/#primaryimage"},"thumbnailUrl":"https:\/\/news.save.ch\/wp-content\/uploads\/2016\/12\/IT-Sicherheit-105-it-security-scaled.jpg","keywords":["IT-SECURITY","Personalien","Unternehmen"],"articleSection":["DIGITALISIERUNG"],"inLanguage":"it-IT"},{"@type":"WebPage","@id":"https:\/\/news.save.ch\/it-sicherheit-105\/","url":"https:\/\/news.save.ch\/it-sicherheit-105\/","name":"Sicurezza informatica: +10.5% - Risparmio","isPartOf":{"@id":"https:\/\/news.save.ch\/de\/#website"},"primaryImageOfPage":{"@id":"https:\/\/news.save.ch\/it-sicherheit-105\/#primaryimage"},"image":{"@id":"https:\/\/news.save.ch\/it-sicherheit-105\/#primaryimage"},"thumbnailUrl":"https:\/\/news.save.ch\/wp-content\/uploads\/2016\/12\/IT-Sicherheit-105-it-security-scaled.jpg","datePublished":"2015-12-22T12:45:10+00:00","dateModified":"2023-03-14T07:57:28+00:00","description":"Come si colloca la domanda di lavoro anno per anno per i singoli gruppi professionali? La domanda di professionisti della sicurezza informatica \u00e8 nella top 3.","breadcrumb":{"@id":"https:\/\/news.save.ch\/it-sicherheit-105\/#breadcrumb"},"inLanguage":"it-IT","potentialAction":[{"@type":"ReadAction","target":["https:\/\/news.save.ch\/it-sicherheit-105\/"]}]},{"@type":"ImageObject","inLanguage":"it-IT","@id":"https:\/\/news.save.ch\/it-sicherheit-105\/#primaryimage","url":"https:\/\/news.save.ch\/wp-content\/uploads\/2016\/12\/IT-Sicherheit-105-it-security-scaled.jpg","contentUrl":"https:\/\/news.save.ch\/wp-content\/uploads\/2016\/12\/IT-Sicherheit-105-it-security-scaled.jpg","width":1400,"height":930},{"@type":"BreadcrumbList","@id":"https:\/\/news.save.ch\/it-sicherheit-105\/#breadcrumb","itemListElement":[{"@type":"ListItem","position":1,"name":"Home","item":"https:\/\/news.save.ch\/de\/"},{"@type":"ListItem","position":2,"name":"IT-Sicherheit: +10,5%"}]},{"@type":"WebSite","@id":"https:\/\/news.save.ch\/de\/#website","url":"https:\/\/news.save.ch\/de\/","name":"Risparmiare","description":"Rivista svizzera specializzata in sicurezza","publisher":{"@id":"https:\/\/news.save.ch\/de\/#organization"},"potentialAction":[{"@type":"SearchAction","target":{"@type":"EntryPoint","urlTemplate":"https:\/\/news.save.ch\/de\/?s={search_term_string}"},"query-input":{"@type":"PropertyValueSpecification","valueRequired":true,"valueName":"search_term_string"}}],"inLanguage":"it-IT"},{"@type":"Organization","@id":"https:\/\/news.save.ch\/de\/#organization","name":"Forum sulla sicurezza","url":"https:\/\/news.save.ch\/de\/","logo":{"@type":"ImageObject","inLanguage":"it-IT","@id":"https:\/\/news.save.ch\/de\/#\/schema\/logo\/image\/","url":"https:\/\/news.save.ch\/wp-content\/uploads\/2022\/06\/Logo_SF_2012.png","contentUrl":"https:\/\/news.save.ch\/wp-content\/uploads\/2022\/06\/Logo_SF_2012.png","width":1100,"height":91,"caption":"Sicherheitsforum"},"image":{"@id":"https:\/\/news.save.ch\/de\/#\/schema\/logo\/image\/"}},{"@type":"Person","@id":"https:\/\/news.save.ch\/de\/#\/schema\/person\/d49e199490bad7c70d64b9ab51142f2b","name":"amministratore","image":{"@type":"ImageObject","inLanguage":"it-IT","@id":"https:\/\/secure.gravatar.com\/avatar\/ae2f4d718e6c49043e314ce431e7e645d646302a24a5ef5a8bc8e3f5a032e319?s=96&d=mm&r=g","url":"https:\/\/secure.gravatar.com\/avatar\/ae2f4d718e6c49043e314ce431e7e645d646302a24a5ef5a8bc8e3f5a032e319?s=96&d=mm&r=g","contentUrl":"https:\/\/secure.gravatar.com\/avatar\/ae2f4d718e6c49043e314ce431e7e645d646302a24a5ef5a8bc8e3f5a032e319?s=96&d=mm&r=g","caption":"admin"},"sameAs":["https:\/\/develop.organisator.galledia.ch"],"url":"https:\/\/news.save.ch\/it\/author\/admin\/"}]}},"_links":{"self":[{"href":"https:\/\/news.save.ch\/it\/wp-json\/wp\/v2\/posts\/14189","targetHints":{"allow":["GET"]}}],"collection":[{"href":"https:\/\/news.save.ch\/it\/wp-json\/wp\/v2\/posts"}],"about":[{"href":"https:\/\/news.save.ch\/it\/wp-json\/wp\/v2\/types\/post"}],"author":[{"embeddable":true,"href":"https:\/\/news.save.ch\/it\/wp-json\/wp\/v2\/users\/1"}],"replies":[{"embeddable":true,"href":"https:\/\/news.save.ch\/it\/wp-json\/wp\/v2\/comments?post=14189"}],"version-history":[{"count":1,"href":"https:\/\/news.save.ch\/it\/wp-json\/wp\/v2\/posts\/14189\/revisions"}],"predecessor-version":[{"id":17688,"href":"https:\/\/news.save.ch\/it\/wp-json\/wp\/v2\/posts\/14189\/revisions\/17688"}],"wp:featuredmedia":[{"embeddable":true,"href":"https:\/\/news.save.ch\/it\/wp-json\/wp\/v2\/media\/13661"}],"wp:attachment":[{"href":"https:\/\/news.save.ch\/it\/wp-json\/wp\/v2\/media?parent=14189"}],"wp:term":[{"taxonomy":"category","embeddable":true,"href":"https:\/\/news.save.ch\/it\/wp-json\/wp\/v2\/categories?post=14189"},{"taxonomy":"post_tag","embeddable":true,"href":"https:\/\/news.save.ch\/it\/wp-json\/wp\/v2\/tags?post=14189"}],"curies":[{"name":"wp","href":"https:\/\/api.w.org\/{rel}","templated":true}]}}