{"id":14198,"date":"2016-10-28T14:29:39","date_gmt":"2016-10-28T12:29:39","guid":{"rendered":"https:\/\/dev.sicherheitsforum.ch\/?p=1014"},"modified":"2023-03-14T08:57:11","modified_gmt":"2023-03-14T07:57:11","slug":"vermehrt-erpresserische-forderungen","status":null,"type":"post","link":"https:\/\/news.save.ch\/it\/vermehrt-erpresserische-forderungen\/","title":{"rendered":"Aumento delle richieste estorsive"},"content":{"rendered":"<figure id=\"attachment_1015\" aria-describedby=\"caption-attachment-1015\" style=\"width: 680px\" class=\"wp-caption alignnone\"><img loading=\"lazy\" decoding=\"async\" class=\"size-medium wp-image-1015\" src=\"https:\/\/sicherheitsforum.ch\/wp-content\/uploads\/2016\/12\/Vermehrt-erpresserische-Forderungen-it-security.jpg\" alt=\"La cyber-estorsione \u00e8 aumentata, come ha rilevato l&#039;Agenzia federale Melani. \u00a9 depositphotos\" width=\"680\" height=\"510\" srcset=\"https:\/\/news.save.ch\/wp-content\/uploads\/2016\/12\/Vermehrt-erpresserische-Forderungen-it-security.jpg 1000w, https:\/\/news.save.ch\/wp-content\/uploads\/2016\/12\/Vermehrt-erpresserische-Forderungen-it-security-375x281.jpg 375w\" sizes=\"auto, (max-width: 680px) 100vw, 680px\" \/><figcaption id=\"caption-attachment-1015\" class=\"wp-caption-text\">La cyber-estorsione \u00e8 aumentata, come ha rilevato l'Agenzia federale Melani. \u00a9 depositphotos<\/figcaption><\/figure>\n<p>Dal gennaio 2016, Melani ha notato un netto aumento degli attacchi informatici accompagnati da richieste estorsive, come scrive l'agenzia federale. L'obiettivo di questi attacchi \u00e8 rendere i dati inutilizzabili per le vittime. Di solito ci\u00f2 avviene criptando i dati con dei trojan o sovraccaricando il server con attacchi DDoS dannosi. Alla vittima viene quindi richiesto il pagamento di un riscatto. Gli aggressori prendono di mira dati o sistemi che hanno un valore per un privato o un'azienda e che sono abbastanza importanti da indurre le vittime a pagare. Nell'ultimo <a href=\"https:\/\/www.melani.admin.ch\/melani\/de\/home\/dokumentation\/berichte\/lageberichte\/halbjahresbericht-2016-1.html\" target=\"_blank\" rel=\"noreferrer noopener\" data-cke-saved-href=\"https:\/\/www.melani.admin.ch\/melani\/de\/home\/dokumentation\/berichte\/lageberichte\/halbjahresbericht-2016-1.html\">Rapporto semestrale<\/a> di Melani, il <a href=\"https:\/\/www.melani.admin.ch\/melani\/de\/home\/dokumentation\/checklisten-und-anleitungen\/massnahmen-gegen-ddos-attacken.html\" target=\"_blank\" rel=\"noreferrer noopener\" data-cke-saved-href=\"https:\/\/www.melani.admin.ch\/melani\/de\/home\/dokumentation\/checklisten-und-anleitungen\/massnahmen-gegen-ddos-attacken.html\">Strategia<\/a> L'obiettivo del progetto \u00e8 mostrare alle persone che si celano dietro questi attacchi come dovrebbero comportarsi, ma anche come possono prevenirli.<\/p>\n<p><strong>6000 mail violate<\/strong><\/p>\n<p>Nella prima met\u00e0 dell'anno, Melani ha ricevuto 6000 combinazioni di e-mail e password violate. Questi account avrebbero potuto essere utilizzati per scopi illegali, come frodi o ricatti, se la password non fosse stata cambiata immediatamente dal proprietario. Per aiutare le possibili vittime, l'Agenzia federale ha pubblicato uno strumento online che pu\u00f2 essere utilizzato per verificare se il proprio indirizzo e-mail \u00e8 stato colpito.<\/p>","protected":false},"excerpt":{"rendered":"<p>Seit Januar 2016 stellt Melani eine markante Zunahme von Cyber-Angriffen fest, die von erpresserischen Forderungen begleitet sind, wie die Bundesstelle schreibt. Ziel dieser Angriffe sei, die Daten f\u00fcr die Opfer unbrauchbar zu machen. Dies geschehe meist durch das Verschl\u00fcsseln der Daten mittels Trojaner oder durch \u00dcberlastung des Servers durch mutwillige DDoS-Angriffe. Anschliessend wird vom Opfer [&hellip;]<\/p>\n","protected":false},"author":1,"featured_media":1015,"comment_status":"open","ping_status":"open","sticky":false,"template":"","format":"standard","meta":{"_acf_changed":false,"pgc_sgb_lightbox_settings":"","footnotes":""},"categories":[3313],"tags":[96,63],"class_list":["post-14198","post","type-post","status-publish","format-standard","has-post-thumbnail","hentry","category-digitalisierung","tag-cyber-crime","tag-it-security"],"acf":[],"hkrextid":null,"publication":null,"issue":null,"workflow":null,"startPage":null,"spitzmarke":null,"_posts_by_tag_page_fields":{"widget_title":"","widget_tags":""},"_at_widget":"1","_yoast_wpseo_primary_category":"2","_yoast_wpseo_focuskw_text_input":"Forderungen","_yoast_wpseo_opengraph-image":"https:\/\/sicherheitsforum.ch\/wp-content\/uploads\/2016\/12\/Vermehrt-erpresserische-Forderungen-it-security.jpg","_yoast_wpseo_opengraph-description":"Der j\u00fcngste Halbjahresbericht der Melde- und Analysestelle Informationssicherung, kurz Melani, zeigt die wichtigsten Cyber-Vorf\u00e4lle der ersten Jahresh\u00e4lfte 2016 national und international auf. Der Bericht widmet sich im Schwerpunktthema den vermehrten Angriffen durch Cyber-Erpressung. Im Fokus stehen aber auch verschiedene Datenabfl\u00fcsse.","_yoast_wpseo_opengraph-title":"Vermehrt erpresserische Forderungen","enclosure":null,"_yoast_wpseo_twitter-title":null,"_yoast_wpseo_twitter-description":null,"_yoast_wpseo_twitter-image":null,"_wp_old_slug":null,"_yoast_wpseo_title":null,"_yoast_wpseo_canonical":null,"yoast_head":"<!-- This site is optimized with the Yoast SEO plugin v27.5 - https:\/\/yoast.com\/product\/yoast-seo-wordpress\/ -->\n<title>Vermehrt erpresserische Forderungen - Save<\/title>\n<meta name=\"description\" content=\"Der Halbjahresbericht der Melde- und Analysestelle Informationssicherung (Melani), zeigt die wichtigsten Cyber-Vorf\u00e4lle der ersten Jahresh\u00e4lfte 2016 auf.\" \/>\n<meta name=\"robots\" content=\"index, follow, max-snippet:-1, max-image-preview:large, max-video-preview:-1\" \/>\n<link rel=\"canonical\" href=\"https:\/\/news.save.ch\/it\/vermehrt-erpresserische-forderungen\/\" \/>\n<meta property=\"og:locale\" content=\"it_IT\" \/>\n<meta property=\"og:type\" content=\"article\" \/>\n<meta property=\"og:title\" content=\"Vermehrt erpresserische Forderungen\" \/>\n<meta property=\"og:description\" content=\"Der j\u00fcngste Halbjahresbericht der Melde- und Analysestelle Informationssicherung, kurz Melani, zeigt die wichtigsten Cyber-Vorf\u00e4lle der ersten Jahresh\u00e4lfte 2016 national und international auf. Der Bericht widmet sich im Schwerpunktthema den vermehrten Angriffen durch Cyber-Erpressung. Im Fokus stehen aber auch verschiedene Datenabfl\u00fcsse.\" \/>\n<meta property=\"og:url\" content=\"https:\/\/news.save.ch\/it\/vermehrt-erpresserische-forderungen\/\" \/>\n<meta property=\"og:site_name\" content=\"Save\" \/>\n<meta property=\"article:published_time\" content=\"2016-10-28T12:29:39+00:00\" \/>\n<meta property=\"article:modified_time\" content=\"2023-03-14T07:57:11+00:00\" \/>\n<meta property=\"og:image\" content=\"https:\/\/sicherheitsforum.ch\/wp-content\/uploads\/2016\/12\/Vermehrt-erpresserische-Forderungen-it-security.jpg\" \/>\n<meta name=\"author\" content=\"admin\" \/>\n<meta name=\"twitter:card\" content=\"summary_large_image\" \/>\n<meta name=\"twitter:label1\" content=\"Scritto da\" \/>\n\t<meta name=\"twitter:data1\" content=\"admin\" \/>\n\t<meta name=\"twitter:label2\" content=\"Tempo di lettura stimato\" \/>\n\t<meta name=\"twitter:data2\" content=\"1 minuto\" \/>\n<script type=\"application\/ld+json\" class=\"yoast-schema-graph\">{\"@context\":\"https:\\\/\\\/schema.org\",\"@graph\":[{\"@type\":\"Article\",\"@id\":\"https:\\\/\\\/news.save.ch\\\/vermehrt-erpresserische-forderungen\\\/#article\",\"isPartOf\":{\"@id\":\"https:\\\/\\\/news.save.ch\\\/vermehrt-erpresserische-forderungen\\\/\"},\"author\":{\"name\":\"admin\",\"@id\":\"https:\\\/\\\/news.save.ch\\\/de\\\/#\\\/schema\\\/person\\\/d49e199490bad7c70d64b9ab51142f2b\"},\"headline\":\"Vermehrt erpresserische Forderungen\",\"datePublished\":\"2016-10-28T12:29:39+00:00\",\"dateModified\":\"2023-03-14T07:57:11+00:00\",\"mainEntityOfPage\":{\"@id\":\"https:\\\/\\\/news.save.ch\\\/vermehrt-erpresserische-forderungen\\\/\"},\"wordCount\":208,\"commentCount\":0,\"publisher\":{\"@id\":\"https:\\\/\\\/news.save.ch\\\/de\\\/#organization\"},\"image\":{\"@id\":\"https:\\\/\\\/news.save.ch\\\/vermehrt-erpresserische-forderungen\\\/#primaryimage\"},\"thumbnailUrl\":\"https:\\\/\\\/news.save.ch\\\/wp-content\\\/uploads\\\/2016\\\/12\\\/Vermehrt-erpresserische-Forderungen-it-security.jpg\",\"keywords\":[\"Cyber-Crime\",\"IT-SECURITY\"],\"articleSection\":[\"DIGITALISIERUNG\"],\"inLanguage\":\"it-IT\"},{\"@type\":\"WebPage\",\"@id\":\"https:\\\/\\\/news.save.ch\\\/vermehrt-erpresserische-forderungen\\\/\",\"url\":\"https:\\\/\\\/news.save.ch\\\/vermehrt-erpresserische-forderungen\\\/\",\"name\":\"Vermehrt erpresserische Forderungen - Save\",\"isPartOf\":{\"@id\":\"https:\\\/\\\/news.save.ch\\\/de\\\/#website\"},\"primaryImageOfPage\":{\"@id\":\"https:\\\/\\\/news.save.ch\\\/vermehrt-erpresserische-forderungen\\\/#primaryimage\"},\"image\":{\"@id\":\"https:\\\/\\\/news.save.ch\\\/vermehrt-erpresserische-forderungen\\\/#primaryimage\"},\"thumbnailUrl\":\"https:\\\/\\\/news.save.ch\\\/wp-content\\\/uploads\\\/2016\\\/12\\\/Vermehrt-erpresserische-Forderungen-it-security.jpg\",\"datePublished\":\"2016-10-28T12:29:39+00:00\",\"dateModified\":\"2023-03-14T07:57:11+00:00\",\"description\":\"Der Halbjahresbericht der Melde- und Analysestelle Informationssicherung (Melani), zeigt die wichtigsten Cyber-Vorf\u00e4lle der ersten Jahresh\u00e4lfte 2016 auf.\",\"breadcrumb\":{\"@id\":\"https:\\\/\\\/news.save.ch\\\/vermehrt-erpresserische-forderungen\\\/#breadcrumb\"},\"inLanguage\":\"it-IT\",\"potentialAction\":[{\"@type\":\"ReadAction\",\"target\":[\"https:\\\/\\\/news.save.ch\\\/vermehrt-erpresserische-forderungen\\\/\"]}]},{\"@type\":\"ImageObject\",\"inLanguage\":\"it-IT\",\"@id\":\"https:\\\/\\\/news.save.ch\\\/vermehrt-erpresserische-forderungen\\\/#primaryimage\",\"url\":\"https:\\\/\\\/news.save.ch\\\/wp-content\\\/uploads\\\/2016\\\/12\\\/Vermehrt-erpresserische-Forderungen-it-security.jpg\",\"contentUrl\":\"https:\\\/\\\/news.save.ch\\\/wp-content\\\/uploads\\\/2016\\\/12\\\/Vermehrt-erpresserische-Forderungen-it-security.jpg\",\"width\":1000,\"height\":750,\"caption\":\"Cyber-Erpressungen haben zugenommen, wie die Bundesstelle Melani festgestellt hat. \u00a9 depositphotos\"},{\"@type\":\"BreadcrumbList\",\"@id\":\"https:\\\/\\\/news.save.ch\\\/vermehrt-erpresserische-forderungen\\\/#breadcrumb\",\"itemListElement\":[{\"@type\":\"ListItem\",\"position\":1,\"name\":\"Home\",\"item\":\"https:\\\/\\\/news.save.ch\\\/de\\\/\"},{\"@type\":\"ListItem\",\"position\":2,\"name\":\"Vermehrt erpresserische Forderungen\"}]},{\"@type\":\"WebSite\",\"@id\":\"https:\\\/\\\/news.save.ch\\\/de\\\/#website\",\"url\":\"https:\\\/\\\/news.save.ch\\\/de\\\/\",\"name\":\"Save\",\"description\":\"Schweizer Fachzeitschrift f\u00fcr Sicherheit\",\"publisher\":{\"@id\":\"https:\\\/\\\/news.save.ch\\\/de\\\/#organization\"},\"potentialAction\":[{\"@type\":\"SearchAction\",\"target\":{\"@type\":\"EntryPoint\",\"urlTemplate\":\"https:\\\/\\\/news.save.ch\\\/de\\\/?s={search_term_string}\"},\"query-input\":{\"@type\":\"PropertyValueSpecification\",\"valueRequired\":true,\"valueName\":\"search_term_string\"}}],\"inLanguage\":\"it-IT\"},{\"@type\":\"Organization\",\"@id\":\"https:\\\/\\\/news.save.ch\\\/de\\\/#organization\",\"name\":\"Sicherheitsforum\",\"url\":\"https:\\\/\\\/news.save.ch\\\/de\\\/\",\"logo\":{\"@type\":\"ImageObject\",\"inLanguage\":\"it-IT\",\"@id\":\"https:\\\/\\\/news.save.ch\\\/de\\\/#\\\/schema\\\/logo\\\/image\\\/\",\"url\":\"https:\\\/\\\/news.save.ch\\\/wp-content\\\/uploads\\\/2022\\\/06\\\/Logo_SF_2012.png\",\"contentUrl\":\"https:\\\/\\\/news.save.ch\\\/wp-content\\\/uploads\\\/2022\\\/06\\\/Logo_SF_2012.png\",\"width\":1100,\"height\":91,\"caption\":\"Sicherheitsforum\"},\"image\":{\"@id\":\"https:\\\/\\\/news.save.ch\\\/de\\\/#\\\/schema\\\/logo\\\/image\\\/\"}},{\"@type\":\"Person\",\"@id\":\"https:\\\/\\\/news.save.ch\\\/de\\\/#\\\/schema\\\/person\\\/d49e199490bad7c70d64b9ab51142f2b\",\"name\":\"admin\",\"image\":{\"@type\":\"ImageObject\",\"inLanguage\":\"it-IT\",\"@id\":\"https:\\\/\\\/secure.gravatar.com\\\/avatar\\\/ae2f4d718e6c49043e314ce431e7e645d646302a24a5ef5a8bc8e3f5a032e319?s=96&d=mm&r=g\",\"url\":\"https:\\\/\\\/secure.gravatar.com\\\/avatar\\\/ae2f4d718e6c49043e314ce431e7e645d646302a24a5ef5a8bc8e3f5a032e319?s=96&d=mm&r=g\",\"contentUrl\":\"https:\\\/\\\/secure.gravatar.com\\\/avatar\\\/ae2f4d718e6c49043e314ce431e7e645d646302a24a5ef5a8bc8e3f5a032e319?s=96&d=mm&r=g\",\"caption\":\"admin\"},\"sameAs\":[\"https:\\\/\\\/develop.organisator.galledia.ch\"],\"url\":\"https:\\\/\\\/news.save.ch\\\/it\\\/author\\\/admin\\\/\"}]}<\/script>\n<!-- \/ Yoast SEO plugin. -->","yoast_head_json":{"title":"Aumento delle richieste estorsive - Salva","description":"Il rapporto semestrale del Reporting and Analysis Centre for Information Assurance (Melani), evidenzia gli incidenti informatici pi\u00f9 importanti della prima met\u00e0 del 2016.","robots":{"index":"index","follow":"follow","max-snippet":"max-snippet:-1","max-image-preview":"max-image-preview:large","max-video-preview":"max-video-preview:-1"},"canonical":"https:\/\/news.save.ch\/it\/vermehrt-erpresserische-forderungen\/","og_locale":"it_IT","og_type":"article","og_title":"Vermehrt erpresserische Forderungen","og_description":"Der j\u00fcngste Halbjahresbericht der Melde- und Analysestelle Informationssicherung, kurz Melani, zeigt die wichtigsten Cyber-Vorf\u00e4lle der ersten Jahresh\u00e4lfte 2016 national und international auf. Der Bericht widmet sich im Schwerpunktthema den vermehrten Angriffen durch Cyber-Erpressung. Im Fokus stehen aber auch verschiedene Datenabfl\u00fcsse.","og_url":"https:\/\/news.save.ch\/it\/vermehrt-erpresserische-forderungen\/","og_site_name":"Save","article_published_time":"2016-10-28T12:29:39+00:00","article_modified_time":"2023-03-14T07:57:11+00:00","og_image":[{"url":"https:\/\/sicherheitsforum.ch\/wp-content\/uploads\/2016\/12\/Vermehrt-erpresserische-Forderungen-it-security.jpg","type":"","width":"","height":""}],"author":"admin","twitter_card":"summary_large_image","twitter_misc":{"Scritto da":"admin","Tempo di lettura stimato":"1 minuto"},"schema":{"@context":"https:\/\/schema.org","@graph":[{"@type":"Article","@id":"https:\/\/news.save.ch\/vermehrt-erpresserische-forderungen\/#article","isPartOf":{"@id":"https:\/\/news.save.ch\/vermehrt-erpresserische-forderungen\/"},"author":{"name":"admin","@id":"https:\/\/news.save.ch\/de\/#\/schema\/person\/d49e199490bad7c70d64b9ab51142f2b"},"headline":"Vermehrt erpresserische Forderungen","datePublished":"2016-10-28T12:29:39+00:00","dateModified":"2023-03-14T07:57:11+00:00","mainEntityOfPage":{"@id":"https:\/\/news.save.ch\/vermehrt-erpresserische-forderungen\/"},"wordCount":208,"commentCount":0,"publisher":{"@id":"https:\/\/news.save.ch\/de\/#organization"},"image":{"@id":"https:\/\/news.save.ch\/vermehrt-erpresserische-forderungen\/#primaryimage"},"thumbnailUrl":"https:\/\/news.save.ch\/wp-content\/uploads\/2016\/12\/Vermehrt-erpresserische-Forderungen-it-security.jpg","keywords":["Cyber-Crime","IT-SECURITY"],"articleSection":["DIGITALISIERUNG"],"inLanguage":"it-IT"},{"@type":"WebPage","@id":"https:\/\/news.save.ch\/vermehrt-erpresserische-forderungen\/","url":"https:\/\/news.save.ch\/vermehrt-erpresserische-forderungen\/","name":"Aumento delle richieste estorsive - Salva","isPartOf":{"@id":"https:\/\/news.save.ch\/de\/#website"},"primaryImageOfPage":{"@id":"https:\/\/news.save.ch\/vermehrt-erpresserische-forderungen\/#primaryimage"},"image":{"@id":"https:\/\/news.save.ch\/vermehrt-erpresserische-forderungen\/#primaryimage"},"thumbnailUrl":"https:\/\/news.save.ch\/wp-content\/uploads\/2016\/12\/Vermehrt-erpresserische-Forderungen-it-security.jpg","datePublished":"2016-10-28T12:29:39+00:00","dateModified":"2023-03-14T07:57:11+00:00","description":"Il rapporto semestrale del Reporting and Analysis Centre for Information Assurance (Melani), evidenzia gli incidenti informatici pi\u00f9 importanti della prima met\u00e0 del 2016.","breadcrumb":{"@id":"https:\/\/news.save.ch\/vermehrt-erpresserische-forderungen\/#breadcrumb"},"inLanguage":"it-IT","potentialAction":[{"@type":"ReadAction","target":["https:\/\/news.save.ch\/vermehrt-erpresserische-forderungen\/"]}]},{"@type":"ImageObject","inLanguage":"it-IT","@id":"https:\/\/news.save.ch\/vermehrt-erpresserische-forderungen\/#primaryimage","url":"https:\/\/news.save.ch\/wp-content\/uploads\/2016\/12\/Vermehrt-erpresserische-Forderungen-it-security.jpg","contentUrl":"https:\/\/news.save.ch\/wp-content\/uploads\/2016\/12\/Vermehrt-erpresserische-Forderungen-it-security.jpg","width":1000,"height":750,"caption":"Cyber-Erpressungen haben zugenommen, wie die Bundesstelle Melani festgestellt hat. \u00a9 depositphotos"},{"@type":"BreadcrumbList","@id":"https:\/\/news.save.ch\/vermehrt-erpresserische-forderungen\/#breadcrumb","itemListElement":[{"@type":"ListItem","position":1,"name":"Home","item":"https:\/\/news.save.ch\/de\/"},{"@type":"ListItem","position":2,"name":"Vermehrt erpresserische Forderungen"}]},{"@type":"WebSite","@id":"https:\/\/news.save.ch\/de\/#website","url":"https:\/\/news.save.ch\/de\/","name":"Risparmiare","description":"Rivista svizzera specializzata in sicurezza","publisher":{"@id":"https:\/\/news.save.ch\/de\/#organization"},"potentialAction":[{"@type":"SearchAction","target":{"@type":"EntryPoint","urlTemplate":"https:\/\/news.save.ch\/de\/?s={search_term_string}"},"query-input":{"@type":"PropertyValueSpecification","valueRequired":true,"valueName":"search_term_string"}}],"inLanguage":"it-IT"},{"@type":"Organization","@id":"https:\/\/news.save.ch\/de\/#organization","name":"Forum sulla sicurezza","url":"https:\/\/news.save.ch\/de\/","logo":{"@type":"ImageObject","inLanguage":"it-IT","@id":"https:\/\/news.save.ch\/de\/#\/schema\/logo\/image\/","url":"https:\/\/news.save.ch\/wp-content\/uploads\/2022\/06\/Logo_SF_2012.png","contentUrl":"https:\/\/news.save.ch\/wp-content\/uploads\/2022\/06\/Logo_SF_2012.png","width":1100,"height":91,"caption":"Sicherheitsforum"},"image":{"@id":"https:\/\/news.save.ch\/de\/#\/schema\/logo\/image\/"}},{"@type":"Person","@id":"https:\/\/news.save.ch\/de\/#\/schema\/person\/d49e199490bad7c70d64b9ab51142f2b","name":"amministratore","image":{"@type":"ImageObject","inLanguage":"it-IT","@id":"https:\/\/secure.gravatar.com\/avatar\/ae2f4d718e6c49043e314ce431e7e645d646302a24a5ef5a8bc8e3f5a032e319?s=96&d=mm&r=g","url":"https:\/\/secure.gravatar.com\/avatar\/ae2f4d718e6c49043e314ce431e7e645d646302a24a5ef5a8bc8e3f5a032e319?s=96&d=mm&r=g","contentUrl":"https:\/\/secure.gravatar.com\/avatar\/ae2f4d718e6c49043e314ce431e7e645d646302a24a5ef5a8bc8e3f5a032e319?s=96&d=mm&r=g","caption":"admin"},"sameAs":["https:\/\/develop.organisator.galledia.ch"],"url":"https:\/\/news.save.ch\/it\/author\/admin\/"}]}},"_links":{"self":[{"href":"https:\/\/news.save.ch\/it\/wp-json\/wp\/v2\/posts\/14198","targetHints":{"allow":["GET"]}}],"collection":[{"href":"https:\/\/news.save.ch\/it\/wp-json\/wp\/v2\/posts"}],"about":[{"href":"https:\/\/news.save.ch\/it\/wp-json\/wp\/v2\/types\/post"}],"author":[{"embeddable":true,"href":"https:\/\/news.save.ch\/it\/wp-json\/wp\/v2\/users\/1"}],"replies":[{"embeddable":true,"href":"https:\/\/news.save.ch\/it\/wp-json\/wp\/v2\/comments?post=14198"}],"version-history":[{"count":1,"href":"https:\/\/news.save.ch\/it\/wp-json\/wp\/v2\/posts\/14198\/revisions"}],"predecessor-version":[{"id":17559,"href":"https:\/\/news.save.ch\/it\/wp-json\/wp\/v2\/posts\/14198\/revisions\/17559"}],"wp:featuredmedia":[{"embeddable":true,"href":"https:\/\/news.save.ch\/it\/wp-json\/wp\/v2\/media\/1015"}],"wp:attachment":[{"href":"https:\/\/news.save.ch\/it\/wp-json\/wp\/v2\/media?parent=14198"}],"wp:term":[{"taxonomy":"category","embeddable":true,"href":"https:\/\/news.save.ch\/it\/wp-json\/wp\/v2\/categories?post=14198"},{"taxonomy":"post_tag","embeddable":true,"href":"https:\/\/news.save.ch\/it\/wp-json\/wp\/v2\/tags?post=14198"}],"curies":[{"name":"wp","href":"https:\/\/api.w.org\/{rel}","templated":true}]}}