{"id":14222,"date":"2022-05-19T08:08:39","date_gmt":"2022-05-19T06:08:39","guid":{"rendered":"https:\/\/news.save.ch\/?p=14167"},"modified":"2023-06-27T06:05:04","modified_gmt":"2023-06-27T04:05:04","slug":"ses-verband-zeichnet-nachwuchskraefte-aus","status":null,"type":"post","link":"https:\/\/news.save.ch\/it\/ses-verband-zeichnet-nachwuchskraefte-aus\/","title":{"rendered":"Il SES premia il personale giovane"},"content":{"rendered":"<p>Dopo che i diplomati dell'anno scorso hanno dovuto rinunciare ai voucher a causa della pandemia, l'Associazione degli installatori svizzeri di sistemi di sicurezza (SES) non ha perso l'occasione di dare il benvenuto ai diplomati di quest'anno con una festosa cerimonia di consegna dei diplomi presso il nobile Hotel Storchen di Zurigo. Il corso part-time di tutti e sei i moduli dura 18 mesi ciascuno. 19 laureati hanno ora il diploma in tasca.<\/p>\n<p><img loading=\"lazy\" decoding=\"async\" class=\"alignleft wp-image-14172 size-medium\" src=\"https:\/\/news.save.ch\/wp-content\/uploads\/2022\/05\/Plenum2-scaled-1.jpg\" alt=\"Sistemi di sicurezza\" width=\"680\" height=\"453\" \/><\/p>\n<p>\"Rimanete agili e non lasciatevi guidare solo dai cambiamenti, ma cercate di plasmare voi stessi i cambiamenti\", ha detto il presidente Peter Nebiker in occasione della consegna del diploma ai 19 project leader appena diplomati.<\/p>\n<p>Il mondo del lavoro sta cambiando rapidamente, cos\u00ec come la complessit\u00e0 e il networking. Ci\u00f2 significa che c'\u00e8 una crescente richiesta anche dal punto di vista gestionale. Nebiker ha dato ai laureati un buon consiglio: costruire una buona base di fiducia con partner e clienti richiede molto tempo e contatti personali.<\/p>\n<p>Il primo posto in \"Sicurezza\", con una media di 5,0, \u00e8 andato a Manuel Waser. Antonio Bova (non presente) e Gaetano Gravagno con un voto di 4,9 e Marc H\u00e4nggi si sono aggiudicati il secondo posto sul podio \"Safety\". Minh-Viet Huynh si \u00e8 aggiudicato il primo posto con un focus sul \"fuoco\".<\/p>\n<h2>Il diploma in tasca<\/h2>\n<p>Il Presidente dell'Associazione SES ha poi affermato di ritenere che il futuro dell'industria della sicurezza sia pi\u00f9 eccitante che mai. Gli sviluppi del mercato e della tecnologia sono in rapida accelerazione. Una formazione aggiornata contribuisce alla padronanza degli sviluppi attuali.<\/p>\n<figure id=\"attachment_14171\" aria-describedby=\"caption-attachment-14171\" style=\"width: 680px\" class=\"wp-caption alignleft\"><img loading=\"lazy\" decoding=\"async\" class=\"wp-image-14171 size-medium\" src=\"https:\/\/news.save.ch\/wp-content\/uploads\/2022\/05\/Plenum-scaled-1.jpg\" alt=\"L&#039;Associazione SES premia i giovani professionisti\" width=\"680\" height=\"453\" \/><figcaption id=\"caption-attachment-14171\" class=\"wp-caption-text\">Foto: Simon Gr\u00f6flin<\/figcaption><\/figure>\n<p>Il corso di perfezionamento, offerto in collaborazione con l'Associazione SES, fornisce ai partecipanti ampie conoscenze di base e specialistiche per la pianificazione, l'esecuzione e il funzionamento dei sistemi di sicurezza. Dopo aver completato la formazione, i partecipanti al corso possono sostenere l'esame professionale federale per diventare project manager di sistemi di sicurezza.<\/p>\n<h2>Espansione modulare in base all'obiettivo<\/h2>\n<p>Il corso di perfezionamento extraprofessionale Project Manager Safety Systems, con attestato federale di competenza, consente agli specialisti della tecnologia della sicurezza di gestire interi progetti di sicurezza, dalla pianificazione alla gestione. Il corso \u00e8 stato offerto per la prima volta nel 2009 in collaborazione con il Winterthur Technical College (SFTW). Da allora, ogni anno fino a 20 professionisti hanno completato la formazione aggiuntiva. Finora la formazione, che pu\u00f2 essere completata a tempo parziale presso il Politecnico di Winterthur (STFW), \u00e8 stata offerta nel campo della sicurezza e dell'antincendio. In futuro, il corso sar\u00e0 offerto in altre specializzazioni modulari nel settore delle tecnologie di sicurezza.<\/p>","protected":false},"excerpt":{"rendered":"<p>Nachdem die Diplomanden letztes Jahr pandemiebedingt mit Gutscheinen vertr\u00f6stet werden mussten, hat es sich der Verband Schweizerischer Errichter von Sicherheitsanlagen (SES) nicht nehmen lassen, die diesj\u00e4hrigen Absolventinnen und Absolventen im Rahmen einer festlichen Abschlussfeier im noblen Hotel Storchen in Z\u00fcrich zu begr\u00fcssen. Der nebenberufliche Lehrgang aller sechs Module dauert jeweils 18 Monate. 19 Absolventen haben [&hellip;]<\/p>\n","protected":false},"author":9,"featured_media":14223,"comment_status":"closed","ping_status":"closed","sticky":false,"template":"","format":"standard","meta":{"_acf_changed":false,"pgc_sgb_lightbox_settings":"","footnotes":""},"categories":[1],"tags":[4515,4513,4514,449,805],"class_list":["post-14222","post","type-post","status-publish","format-standard","has-post-thumbnail","hentry","category-allgemein","tag-abschlussfeier","tag-diplomanden","tag-hotel-storchen-zuerich","tag-projektleiter-sicherheitssysteme","tag-verband-schweizerischer-errichter-von-sicherheitsanlagen"],"acf":[],"hkrextid":null,"publication":null,"issue":null,"workflow":null,"startPage":null,"spitzmarke":null,"_posts_by_tag_page_fields":{"widget_title":"","widget_tags":""},"_at_widget":"1","_yoast_wpseo_primary_category":"","_yoast_wpseo_focuskw_text_input":null,"_yoast_wpseo_opengraph-image":null,"_yoast_wpseo_opengraph-description":null,"_yoast_wpseo_opengraph-title":null,"enclosure":null,"_yoast_wpseo_twitter-title":null,"_yoast_wpseo_twitter-description":null,"_yoast_wpseo_twitter-image":null,"_wp_old_slug":null,"_yoast_wpseo_title":null,"_yoast_wpseo_canonical":null,"yoast_head":"<!-- This site is optimized with the Yoast SEO plugin v27.5 - https:\/\/yoast.com\/product\/yoast-seo-wordpress\/ -->\n<title>SES zeichnet Nachwuchskr\u00e4fte aus - Save<\/title>\n<meta name=\"description\" content=\"Sicherheitsspezialisten sind l\u00f6sungsorientiert und k\u00f6nnen Projektteams leiten. Der Fachverband Schweizerischer Errrichter von Sicherheitsanlagen hat den Nachwuchskr\u00e4ften des Lehrgangs Projektleiter Sicherheitssysteme die Diplome \u00fcberreicht.\" \/>\n<meta name=\"robots\" content=\"index, follow, max-snippet:-1, max-image-preview:large, max-video-preview:-1\" \/>\n<link rel=\"canonical\" href=\"https:\/\/news.save.ch\/it\/ses-verband-zeichnet-nachwuchskraefte-aus\/\" \/>\n<meta property=\"og:locale\" content=\"it_IT\" \/>\n<meta property=\"og:type\" content=\"article\" \/>\n<meta property=\"og:title\" content=\"SES zeichnet Nachwuchskr\u00e4fte aus - Save\" \/>\n<meta property=\"og:description\" content=\"Sicherheitsspezialisten sind l\u00f6sungsorientiert und k\u00f6nnen Projektteams leiten. Der Fachverband Schweizerischer Errrichter von Sicherheitsanlagen hat den Nachwuchskr\u00e4ften des Lehrgangs Projektleiter Sicherheitssysteme die Diplome \u00fcberreicht.\" \/>\n<meta property=\"og:url\" content=\"https:\/\/news.save.ch\/it\/ses-verband-zeichnet-nachwuchskraefte-aus\/\" \/>\n<meta property=\"og:site_name\" content=\"Save\" \/>\n<meta property=\"article:published_time\" content=\"2022-05-19T06:08:39+00:00\" \/>\n<meta property=\"article:modified_time\" content=\"2023-06-27T04:05:04+00:00\" \/>\n<meta property=\"og:image\" content=\"https:\/\/news.save.ch\/wp-content\/uploads\/2022\/05\/Plenum-scaled-1.jpg\" \/>\n\t<meta property=\"og:image:width\" content=\"1200\" \/>\n\t<meta property=\"og:image:height\" content=\"800\" \/>\n\t<meta property=\"og:image:type\" content=\"image\/jpeg\" \/>\n<meta name=\"author\" content=\"Simon Gr\u00f6flin\" \/>\n<meta name=\"twitter:card\" content=\"summary_large_image\" \/>\n<meta name=\"twitter:label1\" content=\"Scritto da\" \/>\n\t<meta name=\"twitter:data1\" content=\"Simon Gr\u00f6flin\" \/>\n\t<meta name=\"twitter:label2\" content=\"Tempo di lettura stimato\" \/>\n\t<meta name=\"twitter:data2\" content=\"3 minuti\" \/>\n<script type=\"application\/ld+json\" class=\"yoast-schema-graph\">{\"@context\":\"https:\\\/\\\/schema.org\",\"@graph\":[{\"@type\":\"Article\",\"@id\":\"https:\\\/\\\/news.save.ch\\\/ses-verband-zeichnet-nachwuchskraefte-aus\\\/#article\",\"isPartOf\":{\"@id\":\"https:\\\/\\\/news.save.ch\\\/ses-verband-zeichnet-nachwuchskraefte-aus\\\/\"},\"author\":{\"name\":\"Simon Gr\u00f6flin\",\"@id\":\"https:\\\/\\\/news.save.ch\\\/de\\\/#\\\/schema\\\/person\\\/ad4ef21102fd6125312409ac57d5296d\"},\"headline\":\"SES zeichnet Nachwuchskr\u00e4fte aus\",\"datePublished\":\"2022-05-19T06:08:39+00:00\",\"dateModified\":\"2023-06-27T04:05:04+00:00\",\"mainEntityOfPage\":{\"@id\":\"https:\\\/\\\/news.save.ch\\\/ses-verband-zeichnet-nachwuchskraefte-aus\\\/\"},\"wordCount\":382,\"publisher\":{\"@id\":\"https:\\\/\\\/news.save.ch\\\/de\\\/#organization\"},\"image\":{\"@id\":\"https:\\\/\\\/news.save.ch\\\/ses-verband-zeichnet-nachwuchskraefte-aus\\\/#primaryimage\"},\"thumbnailUrl\":\"https:\\\/\\\/news.save.ch\\\/wp-content\\\/uploads\\\/2022\\\/05\\\/Plenum-scaled-1.jpg\",\"keywords\":[\"Abschlussfeier\",\"Diplomanden\",\"Hotel Storchen Z\u00fcrich\",\"Projektleiter Sicherheitssysteme\",\"Verband Schweizerischer Errichter von Sicherheitsanlagen\"],\"articleSection\":[\"ALLGEMEIN\"],\"inLanguage\":\"it-IT\"},{\"@type\":\"WebPage\",\"@id\":\"https:\\\/\\\/news.save.ch\\\/ses-verband-zeichnet-nachwuchskraefte-aus\\\/\",\"url\":\"https:\\\/\\\/news.save.ch\\\/ses-verband-zeichnet-nachwuchskraefte-aus\\\/\",\"name\":\"SES zeichnet Nachwuchskr\u00e4fte aus - Save\",\"isPartOf\":{\"@id\":\"https:\\\/\\\/news.save.ch\\\/de\\\/#website\"},\"primaryImageOfPage\":{\"@id\":\"https:\\\/\\\/news.save.ch\\\/ses-verband-zeichnet-nachwuchskraefte-aus\\\/#primaryimage\"},\"image\":{\"@id\":\"https:\\\/\\\/news.save.ch\\\/ses-verband-zeichnet-nachwuchskraefte-aus\\\/#primaryimage\"},\"thumbnailUrl\":\"https:\\\/\\\/news.save.ch\\\/wp-content\\\/uploads\\\/2022\\\/05\\\/Plenum-scaled-1.jpg\",\"datePublished\":\"2022-05-19T06:08:39+00:00\",\"dateModified\":\"2023-06-27T04:05:04+00:00\",\"description\":\"Sicherheitsspezialisten sind l\u00f6sungsorientiert und k\u00f6nnen Projektteams leiten. Der Fachverband Schweizerischer Errrichter von Sicherheitsanlagen hat den Nachwuchskr\u00e4ften des Lehrgangs Projektleiter Sicherheitssysteme die Diplome \u00fcberreicht.\",\"breadcrumb\":{\"@id\":\"https:\\\/\\\/news.save.ch\\\/ses-verband-zeichnet-nachwuchskraefte-aus\\\/#breadcrumb\"},\"inLanguage\":\"it-IT\",\"potentialAction\":[{\"@type\":\"ReadAction\",\"target\":[\"https:\\\/\\\/news.save.ch\\\/ses-verband-zeichnet-nachwuchskraefte-aus\\\/\"]}]},{\"@type\":\"ImageObject\",\"inLanguage\":\"it-IT\",\"@id\":\"https:\\\/\\\/news.save.ch\\\/ses-verband-zeichnet-nachwuchskraefte-aus\\\/#primaryimage\",\"url\":\"https:\\\/\\\/news.save.ch\\\/wp-content\\\/uploads\\\/2022\\\/05\\\/Plenum-scaled-1.jpg\",\"contentUrl\":\"https:\\\/\\\/news.save.ch\\\/wp-content\\\/uploads\\\/2022\\\/05\\\/Plenum-scaled-1.jpg\",\"width\":1200,\"height\":800,\"caption\":\"Sicherheitsspezialisten, Sicherheitssysteme\"},{\"@type\":\"BreadcrumbList\",\"@id\":\"https:\\\/\\\/news.save.ch\\\/ses-verband-zeichnet-nachwuchskraefte-aus\\\/#breadcrumb\",\"itemListElement\":[{\"@type\":\"ListItem\",\"position\":1,\"name\":\"Home\",\"item\":\"https:\\\/\\\/news.save.ch\\\/de\\\/\"},{\"@type\":\"ListItem\",\"position\":2,\"name\":\"SES zeichnet Nachwuchskr\u00e4fte aus\"}]},{\"@type\":\"WebSite\",\"@id\":\"https:\\\/\\\/news.save.ch\\\/de\\\/#website\",\"url\":\"https:\\\/\\\/news.save.ch\\\/de\\\/\",\"name\":\"Save\",\"description\":\"Schweizer Fachzeitschrift f\u00fcr Sicherheit\",\"publisher\":{\"@id\":\"https:\\\/\\\/news.save.ch\\\/de\\\/#organization\"},\"potentialAction\":[{\"@type\":\"SearchAction\",\"target\":{\"@type\":\"EntryPoint\",\"urlTemplate\":\"https:\\\/\\\/news.save.ch\\\/de\\\/?s={search_term_string}\"},\"query-input\":{\"@type\":\"PropertyValueSpecification\",\"valueRequired\":true,\"valueName\":\"search_term_string\"}}],\"inLanguage\":\"it-IT\"},{\"@type\":\"Organization\",\"@id\":\"https:\\\/\\\/news.save.ch\\\/de\\\/#organization\",\"name\":\"Sicherheitsforum\",\"url\":\"https:\\\/\\\/news.save.ch\\\/de\\\/\",\"logo\":{\"@type\":\"ImageObject\",\"inLanguage\":\"it-IT\",\"@id\":\"https:\\\/\\\/news.save.ch\\\/de\\\/#\\\/schema\\\/logo\\\/image\\\/\",\"url\":\"https:\\\/\\\/news.save.ch\\\/wp-content\\\/uploads\\\/2022\\\/06\\\/Logo_SF_2012.png\",\"contentUrl\":\"https:\\\/\\\/news.save.ch\\\/wp-content\\\/uploads\\\/2022\\\/06\\\/Logo_SF_2012.png\",\"width\":1100,\"height\":91,\"caption\":\"Sicherheitsforum\"},\"image\":{\"@id\":\"https:\\\/\\\/news.save.ch\\\/de\\\/#\\\/schema\\\/logo\\\/image\\\/\"}},{\"@type\":\"Person\",\"@id\":\"https:\\\/\\\/news.save.ch\\\/de\\\/#\\\/schema\\\/person\\\/ad4ef21102fd6125312409ac57d5296d\",\"name\":\"Simon Gr\u00f6flin\",\"image\":{\"@type\":\"ImageObject\",\"inLanguage\":\"it-IT\",\"@id\":\"https:\\\/\\\/secure.gravatar.com\\\/avatar\\\/6ddceb80eb734354635539e0ea5140bb7c41e42de7c45c9a2ab9921b5d5c9a83?s=96&d=mm&r=g\",\"url\":\"https:\\\/\\\/secure.gravatar.com\\\/avatar\\\/6ddceb80eb734354635539e0ea5140bb7c41e42de7c45c9a2ab9921b5d5c9a83?s=96&d=mm&r=g\",\"contentUrl\":\"https:\\\/\\\/secure.gravatar.com\\\/avatar\\\/6ddceb80eb734354635539e0ea5140bb7c41e42de7c45c9a2ab9921b5d5c9a83?s=96&d=mm&r=g\",\"caption\":\"Simon Gr\u00f6flin\"},\"url\":\"https:\\\/\\\/news.save.ch\\\/it\\\/author\\\/simon-groeflin\\\/\"}]}<\/script>\n<!-- \/ Yoast SEO plugin. -->","yoast_head_json":{"title":"Il SES premia i giovani talenti - Save","description":"Gli specialisti della sicurezza sono orientati alle soluzioni e possono guidare team di progetto. L'Associazione svizzera degli installatori di sistemi di sicurezza ha consegnato i diplomi ai giovani professionisti del corso per Project Manager di sistemi di sicurezza.","robots":{"index":"index","follow":"follow","max-snippet":"max-snippet:-1","max-image-preview":"max-image-preview:large","max-video-preview":"max-video-preview:-1"},"canonical":"https:\/\/news.save.ch\/it\/ses-verband-zeichnet-nachwuchskraefte-aus\/","og_locale":"it_IT","og_type":"article","og_title":"SES zeichnet Nachwuchskr\u00e4fte aus - Save","og_description":"Sicherheitsspezialisten sind l\u00f6sungsorientiert und k\u00f6nnen Projektteams leiten. Der Fachverband Schweizerischer Errrichter von Sicherheitsanlagen hat den Nachwuchskr\u00e4ften des Lehrgangs Projektleiter Sicherheitssysteme die Diplome \u00fcberreicht.","og_url":"https:\/\/news.save.ch\/it\/ses-verband-zeichnet-nachwuchskraefte-aus\/","og_site_name":"Save","article_published_time":"2022-05-19T06:08:39+00:00","article_modified_time":"2023-06-27T04:05:04+00:00","og_image":[{"width":1200,"height":800,"url":"https:\/\/news.save.ch\/wp-content\/uploads\/2022\/05\/Plenum-scaled-1.jpg","type":"image\/jpeg"}],"author":"Simon Gr\u00f6flin","twitter_card":"summary_large_image","twitter_misc":{"Scritto da":"Simon Gr\u00f6flin","Tempo di lettura stimato":"3 minuti"},"schema":{"@context":"https:\/\/schema.org","@graph":[{"@type":"Article","@id":"https:\/\/news.save.ch\/ses-verband-zeichnet-nachwuchskraefte-aus\/#article","isPartOf":{"@id":"https:\/\/news.save.ch\/ses-verband-zeichnet-nachwuchskraefte-aus\/"},"author":{"name":"Simon Gr\u00f6flin","@id":"https:\/\/news.save.ch\/de\/#\/schema\/person\/ad4ef21102fd6125312409ac57d5296d"},"headline":"SES zeichnet Nachwuchskr\u00e4fte aus","datePublished":"2022-05-19T06:08:39+00:00","dateModified":"2023-06-27T04:05:04+00:00","mainEntityOfPage":{"@id":"https:\/\/news.save.ch\/ses-verband-zeichnet-nachwuchskraefte-aus\/"},"wordCount":382,"publisher":{"@id":"https:\/\/news.save.ch\/de\/#organization"},"image":{"@id":"https:\/\/news.save.ch\/ses-verband-zeichnet-nachwuchskraefte-aus\/#primaryimage"},"thumbnailUrl":"https:\/\/news.save.ch\/wp-content\/uploads\/2022\/05\/Plenum-scaled-1.jpg","keywords":["Abschlussfeier","Diplomanden","Hotel Storchen Z\u00fcrich","Projektleiter Sicherheitssysteme","Verband Schweizerischer Errichter von Sicherheitsanlagen"],"articleSection":["ALLGEMEIN"],"inLanguage":"it-IT"},{"@type":"WebPage","@id":"https:\/\/news.save.ch\/ses-verband-zeichnet-nachwuchskraefte-aus\/","url":"https:\/\/news.save.ch\/ses-verband-zeichnet-nachwuchskraefte-aus\/","name":"Il SES premia i giovani talenti - Save","isPartOf":{"@id":"https:\/\/news.save.ch\/de\/#website"},"primaryImageOfPage":{"@id":"https:\/\/news.save.ch\/ses-verband-zeichnet-nachwuchskraefte-aus\/#primaryimage"},"image":{"@id":"https:\/\/news.save.ch\/ses-verband-zeichnet-nachwuchskraefte-aus\/#primaryimage"},"thumbnailUrl":"https:\/\/news.save.ch\/wp-content\/uploads\/2022\/05\/Plenum-scaled-1.jpg","datePublished":"2022-05-19T06:08:39+00:00","dateModified":"2023-06-27T04:05:04+00:00","description":"Gli specialisti della sicurezza sono orientati alle soluzioni e possono guidare team di progetto. L'Associazione svizzera degli installatori di sistemi di sicurezza ha consegnato i diplomi ai giovani professionisti del corso per Project Manager di sistemi di sicurezza.","breadcrumb":{"@id":"https:\/\/news.save.ch\/ses-verband-zeichnet-nachwuchskraefte-aus\/#breadcrumb"},"inLanguage":"it-IT","potentialAction":[{"@type":"ReadAction","target":["https:\/\/news.save.ch\/ses-verband-zeichnet-nachwuchskraefte-aus\/"]}]},{"@type":"ImageObject","inLanguage":"it-IT","@id":"https:\/\/news.save.ch\/ses-verband-zeichnet-nachwuchskraefte-aus\/#primaryimage","url":"https:\/\/news.save.ch\/wp-content\/uploads\/2022\/05\/Plenum-scaled-1.jpg","contentUrl":"https:\/\/news.save.ch\/wp-content\/uploads\/2022\/05\/Plenum-scaled-1.jpg","width":1200,"height":800,"caption":"Sicherheitsspezialisten, Sicherheitssysteme"},{"@type":"BreadcrumbList","@id":"https:\/\/news.save.ch\/ses-verband-zeichnet-nachwuchskraefte-aus\/#breadcrumb","itemListElement":[{"@type":"ListItem","position":1,"name":"Home","item":"https:\/\/news.save.ch\/de\/"},{"@type":"ListItem","position":2,"name":"SES zeichnet Nachwuchskr\u00e4fte aus"}]},{"@type":"WebSite","@id":"https:\/\/news.save.ch\/de\/#website","url":"https:\/\/news.save.ch\/de\/","name":"Risparmiare","description":"Rivista svizzera specializzata in sicurezza","publisher":{"@id":"https:\/\/news.save.ch\/de\/#organization"},"potentialAction":[{"@type":"SearchAction","target":{"@type":"EntryPoint","urlTemplate":"https:\/\/news.save.ch\/de\/?s={search_term_string}"},"query-input":{"@type":"PropertyValueSpecification","valueRequired":true,"valueName":"search_term_string"}}],"inLanguage":"it-IT"},{"@type":"Organization","@id":"https:\/\/news.save.ch\/de\/#organization","name":"Forum sulla sicurezza","url":"https:\/\/news.save.ch\/de\/","logo":{"@type":"ImageObject","inLanguage":"it-IT","@id":"https:\/\/news.save.ch\/de\/#\/schema\/logo\/image\/","url":"https:\/\/news.save.ch\/wp-content\/uploads\/2022\/06\/Logo_SF_2012.png","contentUrl":"https:\/\/news.save.ch\/wp-content\/uploads\/2022\/06\/Logo_SF_2012.png","width":1100,"height":91,"caption":"Sicherheitsforum"},"image":{"@id":"https:\/\/news.save.ch\/de\/#\/schema\/logo\/image\/"}},{"@type":"Person","@id":"https:\/\/news.save.ch\/de\/#\/schema\/person\/ad4ef21102fd6125312409ac57d5296d","name":"Simon Gr\u00f6flin","image":{"@type":"ImageObject","inLanguage":"it-IT","@id":"https:\/\/secure.gravatar.com\/avatar\/6ddceb80eb734354635539e0ea5140bb7c41e42de7c45c9a2ab9921b5d5c9a83?s=96&d=mm&r=g","url":"https:\/\/secure.gravatar.com\/avatar\/6ddceb80eb734354635539e0ea5140bb7c41e42de7c45c9a2ab9921b5d5c9a83?s=96&d=mm&r=g","contentUrl":"https:\/\/secure.gravatar.com\/avatar\/6ddceb80eb734354635539e0ea5140bb7c41e42de7c45c9a2ab9921b5d5c9a83?s=96&d=mm&r=g","caption":"Simon Gr\u00f6flin"},"url":"https:\/\/news.save.ch\/it\/author\/simon-groeflin\/"}]}},"_links":{"self":[{"href":"https:\/\/news.save.ch\/it\/wp-json\/wp\/v2\/posts\/14222","targetHints":{"allow":["GET"]}}],"collection":[{"href":"https:\/\/news.save.ch\/it\/wp-json\/wp\/v2\/posts"}],"about":[{"href":"https:\/\/news.save.ch\/it\/wp-json\/wp\/v2\/types\/post"}],"author":[{"embeddable":true,"href":"https:\/\/news.save.ch\/it\/wp-json\/wp\/v2\/users\/9"}],"replies":[{"embeddable":true,"href":"https:\/\/news.save.ch\/it\/wp-json\/wp\/v2\/comments?post=14222"}],"version-history":[{"count":3,"href":"https:\/\/news.save.ch\/it\/wp-json\/wp\/v2\/posts\/14222\/revisions"}],"predecessor-version":[{"id":20315,"href":"https:\/\/news.save.ch\/it\/wp-json\/wp\/v2\/posts\/14222\/revisions\/20315"}],"wp:featuredmedia":[{"embeddable":true,"href":"https:\/\/news.save.ch\/it\/wp-json\/wp\/v2\/media\/14223"}],"wp:attachment":[{"href":"https:\/\/news.save.ch\/it\/wp-json\/wp\/v2\/media?parent=14222"}],"wp:term":[{"taxonomy":"category","embeddable":true,"href":"https:\/\/news.save.ch\/it\/wp-json\/wp\/v2\/categories?post=14222"},{"taxonomy":"post_tag","embeddable":true,"href":"https:\/\/news.save.ch\/it\/wp-json\/wp\/v2\/tags?post=14222"}],"curies":[{"name":"wp","href":"https:\/\/api.w.org\/{rel}","templated":true}]}}