{"id":14265,"date":"2022-05-30T08:54:04","date_gmt":"2022-05-30T06:54:04","guid":{"rendered":"https:\/\/news.save.ch\/?p=14265"},"modified":"2023-06-27T06:40:19","modified_gmt":"2023-06-27T04:40:19","slug":"entwicklung-der-personalkosten-im-sicherheits-dienstleistungbereich","status":null,"type":"post","link":"https:\/\/news.save.ch\/it\/entwicklung-der-personalkosten-im-sicherheits-dienstleistungbereich\/","title":{"rendered":"Sviluppo dei costi del personale nel settore dei servizi di sicurezza"},"content":{"rendered":"<figure id=\"attachment_14271\" aria-describedby=\"caption-attachment-14271\" style=\"width: 999px\" class=\"wp-caption alignleft\"><img loading=\"lazy\" decoding=\"async\" class=\"wp-image-14271 size-full\" src=\"https:\/\/news.save.ch\/wp-content\/uploads\/2022\/05\/Depositphotos_80940262_S.jpg\" alt=\"Servizi di sicurezza\" width=\"999\" height=\"667\" srcset=\"https:\/\/news.save.ch\/wp-content\/uploads\/2022\/05\/Depositphotos_80940262_S.jpg 999w, https:\/\/news.save.ch\/wp-content\/uploads\/2022\/05\/Depositphotos_80940262_S-375x250.jpg 375w\" sizes=\"auto, (max-width: 999px) 100vw, 999px\" \/><figcaption id=\"caption-attachment-14271\" class=\"wp-caption-text\">Immagine: depositphotos<\/figcaption><\/figure>\n<p>L'Associazione delle aziende svizzere di servizi di sicurezza (VSSU) ha calcolato l'andamento dei costi del personale tra il 2014 e il 2022 nel settore dei servizi di sicurezza privati. <a href=\"https:\/\/www.vssu.org\/wp-content\/uploads\/2022\/03\/Entwicklung-der-Personalkosten-2014-2022.pdf\" target=\"_blank\" rel=\"noopener\">pubblicato<\/a>.<\/p>\n<p>A partire dal contratto collettivo di lavoro del 1\u00b0 luglio 2014, \u00e8 stata introdotta una distinzione nelle condizioni di impiego tra un carico di lavoro fissato contrattualmente (categoria A), dipendenti a tempo pieno, categoria B per i dipendenti a tempo parziale e dipendenti con retribuzione oraria, categoria C).<\/p>\n<figure id=\"attachment_14269\" aria-describedby=\"caption-attachment-14269\" style=\"width: 629px\" class=\"wp-caption alignleft\"><img loading=\"lazy\" decoding=\"async\" class=\"wp-image-14269 size-full\" src=\"https:\/\/news.save.ch\/wp-content\/uploads\/2022\/05\/VSSU_Steigerung.jpg\" alt=\"\" width=\"629\" height=\"688\" srcset=\"https:\/\/news.save.ch\/wp-content\/uploads\/2022\/05\/VSSU_Steigerung.jpg 629w, https:\/\/news.save.ch\/wp-content\/uploads\/2022\/05\/VSSU_Steigerung-274x300.jpg 274w\" sizes=\"auto, (max-width: 629px) 100vw, 629px\" \/><figcaption id=\"caption-attachment-14269\" class=\"wp-caption-text\">Figura: grafico che mostra l'aumento medio annuo delle categorie salariali CLA (indice 100 nel 2014). Immagine: VSSU<\/figcaption><\/figure>\n<p>La rappresentazione grafica fornisce informazioni sull'aumento annuale delle categorie salariali. Un'altra tabella mostra: I costi orari CLA senza anzianit\u00e0 di un dipendente che passa dalla categoria C alla B tra il 2019 e il 2020 aumentano del 10%, ossia di 2,41 franchi all'ora.<\/p>\n<figure id=\"attachment_14268\" aria-describedby=\"caption-attachment-14268\" style=\"width: 626px\" class=\"wp-caption alignleft\"><img loading=\"lazy\" decoding=\"async\" class=\"wp-image-14268 size-full\" src=\"https:\/\/news.save.ch\/wp-content\/uploads\/2022\/05\/Stundekosten.jpg\" alt=\"\" width=\"626\" height=\"209\" srcset=\"https:\/\/news.save.ch\/wp-content\/uploads\/2022\/05\/Stundekosten.jpg 626w, https:\/\/news.save.ch\/wp-content\/uploads\/2022\/05\/Stundekosten-375x125.jpg 375w\" sizes=\"auto, (max-width: 626px) 100vw, 626px\" \/><figcaption id=\"caption-attachment-14268\" class=\"wp-caption-text\">Figura: Sviluppo dei costi orari in relazione ai cambiamenti di categoria tra il 2019 e il 2022 secondo l'ACB dell'industria della sicurezza privata. Immagine: VSSU<\/figcaption><\/figure>\n<p>La societ\u00e0 Itera Wirtschaftspr\u00fcfung AG, membro di Expert Suisse, \u00e8 stata incaricata dall'Associazione delle aziende svizzere di servizi di sicurezza (VSSU) di esaminare i calcoli sull'evoluzione dei salari e una dichiarazione di base sull'evoluzione dei salari per gli anni dal 2014 al 2022, sulla base di questi fondamenti.<\/p>\n<p>Itera conferma di soddisfare i requisiti legali in materia di licenza e indipendenza. La revisione \u00e8 stata condotta in conformit\u00e0 agli standard di revisione svizzeri. L'indice salariale \u00e8 indicato nella tabella <a href=\"https:\/\/www.vssu.org\/de\/\" target=\"_blank\" rel=\"noopener\">Homepage della VSSU<\/a> disponibile in tutte le lingue nazionali e in inglese.<\/p>","protected":false},"excerpt":{"rendered":"<p>Der Verband Schweizerischer Sicherheitsdienstleistungs-Unternehmen (VSSU) hat die Personalkostenentwicklung zwischen 2014 und 2022 in der privaten Sicherheitsdienstleistungsbranche publiziert. Seit dem Gesamtarbeitsvertrag vom 1. Juli 2014 wird bei den Anstellungsbedingungen unterschieden zwischen einem vertraglich fix festgelegten Pensum (Kategorie A), den Vollzeitangestellten, der Kategorie B f\u00fcr Teilzeitangestellte sowie Mitarbeitende im Stundenlohn, Kategorie C). Die grafische Darstellung Darstellung gibt [&hellip;]<\/p>\n","protected":false},"author":9,"featured_media":14271,"comment_status":"closed","ping_status":"closed","sticky":false,"template":"","format":"standard","meta":{"_acf_changed":false,"pgc_sgb_lightbox_settings":"","footnotes":""},"categories":[1],"tags":[4471,4472,4470,4640,1426,4469,331],"class_list":["post-14265","post","type-post","status-publish","format-standard","has-post-thumbnail","hentry","category-allgemein","tag-gesamtarbeitsvertrag","tag-lohnkategorien","tag-personalkostenentwicklung","tag-sicherheits-dienstleistungbereich","tag-sicherheitsdienstleister","tag-verband-schweizerischer-sicherheitsdienstleistungs-unternehmen","tag-vssu"],"acf":[],"hkrextid":null,"publication":null,"issue":null,"workflow":null,"startPage":null,"spitzmarke":null,"_posts_by_tag_page_fields":{"widget_title":"","widget_tags":""},"_at_widget":"1","_yoast_wpseo_primary_category":"","_yoast_wpseo_focuskw_text_input":null,"_yoast_wpseo_opengraph-image":null,"_yoast_wpseo_opengraph-description":null,"_yoast_wpseo_opengraph-title":null,"enclosure":null,"_yoast_wpseo_twitter-title":null,"_yoast_wpseo_twitter-description":null,"_yoast_wpseo_twitter-image":null,"_wp_old_slug":null,"_yoast_wpseo_title":null,"_yoast_wpseo_canonical":null,"yoast_head":"<!-- This site is optimized with the Yoast SEO plugin v27.5 - https:\/\/yoast.com\/product\/yoast-seo-wordpress\/ -->\n<title>Entwicklung der Personalkosten im Sicherheits-Dienstleistungbereich - Save<\/title>\n<meta name=\"description\" content=\"Der Verband Schweizerischer Sicherheitsdienstleistungs-Unternehmen (VSSU) hat die Entwicklung der Personalkosten von 2014 und 2022 in der privaten Sicherheitsdienstleistungsbranche ver\u00f6ffentlicht. Die Berechnungen basieren auf verschiedenen Anstellungsmodalit\u00e4ten und geben auch Aufschluss \u00fcber die vertraglichen Mutationen nach Dienstalter.\" \/>\n<meta name=\"robots\" content=\"index, follow, max-snippet:-1, max-image-preview:large, max-video-preview:-1\" \/>\n<link rel=\"canonical\" href=\"https:\/\/news.save.ch\/it\/entwicklung-der-personalkosten-im-sicherheits-dienstleistungbereich\/\" \/>\n<meta property=\"og:locale\" content=\"it_IT\" \/>\n<meta property=\"og:type\" content=\"article\" \/>\n<meta property=\"og:title\" content=\"Entwicklung der Personalkosten im Sicherheits-Dienstleistungbereich - Save\" \/>\n<meta property=\"og:description\" content=\"Der Verband Schweizerischer Sicherheitsdienstleistungs-Unternehmen (VSSU) hat die Entwicklung der Personalkosten von 2014 und 2022 in der privaten Sicherheitsdienstleistungsbranche ver\u00f6ffentlicht. Die Berechnungen basieren auf verschiedenen Anstellungsmodalit\u00e4ten und geben auch Aufschluss \u00fcber die vertraglichen Mutationen nach Dienstalter.\" \/>\n<meta property=\"og:url\" content=\"https:\/\/news.save.ch\/it\/entwicklung-der-personalkosten-im-sicherheits-dienstleistungbereich\/\" \/>\n<meta property=\"og:site_name\" content=\"Save\" \/>\n<meta property=\"article:published_time\" content=\"2022-05-30T06:54:04+00:00\" \/>\n<meta property=\"article:modified_time\" content=\"2023-06-27T04:40:19+00:00\" \/>\n<meta property=\"og:image\" content=\"https:\/\/news.save.ch\/wp-content\/uploads\/2022\/05\/Depositphotos_80940262_S.jpg\" \/>\n\t<meta property=\"og:image:width\" content=\"999\" \/>\n\t<meta property=\"og:image:height\" content=\"667\" \/>\n\t<meta property=\"og:image:type\" content=\"image\/jpeg\" \/>\n<meta name=\"author\" content=\"Simon Gr\u00f6flin\" \/>\n<meta name=\"twitter:card\" content=\"summary_large_image\" \/>\n<meta name=\"twitter:label1\" content=\"Scritto da\" \/>\n\t<meta name=\"twitter:data1\" content=\"Simon Gr\u00f6flin\" \/>\n\t<meta name=\"twitter:label2\" content=\"Tempo di lettura stimato\" \/>\n\t<meta name=\"twitter:data2\" content=\"2 minuti\" \/>\n<script type=\"application\/ld+json\" class=\"yoast-schema-graph\">{\"@context\":\"https:\\\/\\\/schema.org\",\"@graph\":[{\"@type\":\"Article\",\"@id\":\"https:\\\/\\\/news.save.ch\\\/entwicklung-der-personalkosten-im-sicherheits-dienstleistungbereich\\\/#article\",\"isPartOf\":{\"@id\":\"https:\\\/\\\/news.save.ch\\\/entwicklung-der-personalkosten-im-sicherheits-dienstleistungbereich\\\/\"},\"author\":{\"name\":\"Simon Gr\u00f6flin\",\"@id\":\"https:\\\/\\\/news.save.ch\\\/de\\\/#\\\/schema\\\/person\\\/ad4ef21102fd6125312409ac57d5296d\"},\"headline\":\"Entwicklung der Personalkosten im Sicherheits-Dienstleistungbereich\",\"datePublished\":\"2022-05-30T06:54:04+00:00\",\"dateModified\":\"2023-06-27T04:40:19+00:00\",\"mainEntityOfPage\":{\"@id\":\"https:\\\/\\\/news.save.ch\\\/entwicklung-der-personalkosten-im-sicherheits-dienstleistungbereich\\\/\"},\"wordCount\":233,\"publisher\":{\"@id\":\"https:\\\/\\\/news.save.ch\\\/de\\\/#organization\"},\"image\":{\"@id\":\"https:\\\/\\\/news.save.ch\\\/entwicklung-der-personalkosten-im-sicherheits-dienstleistungbereich\\\/#primaryimage\"},\"thumbnailUrl\":\"https:\\\/\\\/news.save.ch\\\/wp-content\\\/uploads\\\/2022\\\/05\\\/Depositphotos_80940262_S.jpg\",\"keywords\":[\"Gesamtarbeitsvertrag\",\"Lohnkategorien\",\"Personalkostenentwicklung\",\"Sicherheits-Dienstleistungbereich\",\"sicherheitsdienstleister\",\"Verband Schweizerischer Sicherheitsdienstleistungs-Unternehmen\",\"VSSU\"],\"articleSection\":[\"ALLGEMEIN\"],\"inLanguage\":\"it-IT\"},{\"@type\":\"WebPage\",\"@id\":\"https:\\\/\\\/news.save.ch\\\/entwicklung-der-personalkosten-im-sicherheits-dienstleistungbereich\\\/\",\"url\":\"https:\\\/\\\/news.save.ch\\\/entwicklung-der-personalkosten-im-sicherheits-dienstleistungbereich\\\/\",\"name\":\"Entwicklung der Personalkosten im Sicherheits-Dienstleistungbereich - Save\",\"isPartOf\":{\"@id\":\"https:\\\/\\\/news.save.ch\\\/de\\\/#website\"},\"primaryImageOfPage\":{\"@id\":\"https:\\\/\\\/news.save.ch\\\/entwicklung-der-personalkosten-im-sicherheits-dienstleistungbereich\\\/#primaryimage\"},\"image\":{\"@id\":\"https:\\\/\\\/news.save.ch\\\/entwicklung-der-personalkosten-im-sicherheits-dienstleistungbereich\\\/#primaryimage\"},\"thumbnailUrl\":\"https:\\\/\\\/news.save.ch\\\/wp-content\\\/uploads\\\/2022\\\/05\\\/Depositphotos_80940262_S.jpg\",\"datePublished\":\"2022-05-30T06:54:04+00:00\",\"dateModified\":\"2023-06-27T04:40:19+00:00\",\"description\":\"Der Verband Schweizerischer Sicherheitsdienstleistungs-Unternehmen (VSSU) hat die Entwicklung der Personalkosten von 2014 und 2022 in der privaten Sicherheitsdienstleistungsbranche ver\u00f6ffentlicht. Die Berechnungen basieren auf verschiedenen Anstellungsmodalit\u00e4ten und geben auch Aufschluss \u00fcber die vertraglichen Mutationen nach Dienstalter.\",\"breadcrumb\":{\"@id\":\"https:\\\/\\\/news.save.ch\\\/entwicklung-der-personalkosten-im-sicherheits-dienstleistungbereich\\\/#breadcrumb\"},\"inLanguage\":\"it-IT\",\"potentialAction\":[{\"@type\":\"ReadAction\",\"target\":[\"https:\\\/\\\/news.save.ch\\\/entwicklung-der-personalkosten-im-sicherheits-dienstleistungbereich\\\/\"]}]},{\"@type\":\"ImageObject\",\"inLanguage\":\"it-IT\",\"@id\":\"https:\\\/\\\/news.save.ch\\\/entwicklung-der-personalkosten-im-sicherheits-dienstleistungbereich\\\/#primaryimage\",\"url\":\"https:\\\/\\\/news.save.ch\\\/wp-content\\\/uploads\\\/2022\\\/05\\\/Depositphotos_80940262_S.jpg\",\"contentUrl\":\"https:\\\/\\\/news.save.ch\\\/wp-content\\\/uploads\\\/2022\\\/05\\\/Depositphotos_80940262_S.jpg\",\"width\":999,\"height\":667,\"caption\":\"Young Security Guard Standing In Front Of The Glass Door Entrance\"},{\"@type\":\"BreadcrumbList\",\"@id\":\"https:\\\/\\\/news.save.ch\\\/entwicklung-der-personalkosten-im-sicherheits-dienstleistungbereich\\\/#breadcrumb\",\"itemListElement\":[{\"@type\":\"ListItem\",\"position\":1,\"name\":\"Home\",\"item\":\"https:\\\/\\\/news.save.ch\\\/de\\\/\"},{\"@type\":\"ListItem\",\"position\":2,\"name\":\"Entwicklung der Personalkosten im Sicherheits-Dienstleistungbereich\"}]},{\"@type\":\"WebSite\",\"@id\":\"https:\\\/\\\/news.save.ch\\\/de\\\/#website\",\"url\":\"https:\\\/\\\/news.save.ch\\\/de\\\/\",\"name\":\"Save\",\"description\":\"Schweizer Fachzeitschrift f\u00fcr Sicherheit\",\"publisher\":{\"@id\":\"https:\\\/\\\/news.save.ch\\\/de\\\/#organization\"},\"potentialAction\":[{\"@type\":\"SearchAction\",\"target\":{\"@type\":\"EntryPoint\",\"urlTemplate\":\"https:\\\/\\\/news.save.ch\\\/de\\\/?s={search_term_string}\"},\"query-input\":{\"@type\":\"PropertyValueSpecification\",\"valueRequired\":true,\"valueName\":\"search_term_string\"}}],\"inLanguage\":\"it-IT\"},{\"@type\":\"Organization\",\"@id\":\"https:\\\/\\\/news.save.ch\\\/de\\\/#organization\",\"name\":\"Sicherheitsforum\",\"url\":\"https:\\\/\\\/news.save.ch\\\/de\\\/\",\"logo\":{\"@type\":\"ImageObject\",\"inLanguage\":\"it-IT\",\"@id\":\"https:\\\/\\\/news.save.ch\\\/de\\\/#\\\/schema\\\/logo\\\/image\\\/\",\"url\":\"https:\\\/\\\/news.save.ch\\\/wp-content\\\/uploads\\\/2022\\\/06\\\/Logo_SF_2012.png\",\"contentUrl\":\"https:\\\/\\\/news.save.ch\\\/wp-content\\\/uploads\\\/2022\\\/06\\\/Logo_SF_2012.png\",\"width\":1100,\"height\":91,\"caption\":\"Sicherheitsforum\"},\"image\":{\"@id\":\"https:\\\/\\\/news.save.ch\\\/de\\\/#\\\/schema\\\/logo\\\/image\\\/\"}},{\"@type\":\"Person\",\"@id\":\"https:\\\/\\\/news.save.ch\\\/de\\\/#\\\/schema\\\/person\\\/ad4ef21102fd6125312409ac57d5296d\",\"name\":\"Simon Gr\u00f6flin\",\"image\":{\"@type\":\"ImageObject\",\"inLanguage\":\"it-IT\",\"@id\":\"https:\\\/\\\/secure.gravatar.com\\\/avatar\\\/6ddceb80eb734354635539e0ea5140bb7c41e42de7c45c9a2ab9921b5d5c9a83?s=96&d=mm&r=g\",\"url\":\"https:\\\/\\\/secure.gravatar.com\\\/avatar\\\/6ddceb80eb734354635539e0ea5140bb7c41e42de7c45c9a2ab9921b5d5c9a83?s=96&d=mm&r=g\",\"contentUrl\":\"https:\\\/\\\/secure.gravatar.com\\\/avatar\\\/6ddceb80eb734354635539e0ea5140bb7c41e42de7c45c9a2ab9921b5d5c9a83?s=96&d=mm&r=g\",\"caption\":\"Simon Gr\u00f6flin\"},\"url\":\"https:\\\/\\\/news.save.ch\\\/it\\\/author\\\/simon-groeflin\\\/\"}]}<\/script>\n<!-- \/ Yoast SEO plugin. -->","yoast_head_json":{"title":"Sviluppo dei costi del personale nel settore dei servizi di sicurezza - Save","description":"L'Associazione delle aziende svizzere di servizi di sicurezza (VSSU) ha pubblicato lo sviluppo dei costi del personale dal 2014 al 2022 nel settore dei servizi di sicurezza privati. I calcoli si basano su diverse modalit\u00e0 di impiego e forniscono anche informazioni sulle mutazioni contrattuali per anzianit\u00e0.","robots":{"index":"index","follow":"follow","max-snippet":"max-snippet:-1","max-image-preview":"max-image-preview:large","max-video-preview":"max-video-preview:-1"},"canonical":"https:\/\/news.save.ch\/it\/entwicklung-der-personalkosten-im-sicherheits-dienstleistungbereich\/","og_locale":"it_IT","og_type":"article","og_title":"Entwicklung der Personalkosten im Sicherheits-Dienstleistungbereich - Save","og_description":"Der Verband Schweizerischer Sicherheitsdienstleistungs-Unternehmen (VSSU) hat die Entwicklung der Personalkosten von 2014 und 2022 in der privaten Sicherheitsdienstleistungsbranche ver\u00f6ffentlicht. Die Berechnungen basieren auf verschiedenen Anstellungsmodalit\u00e4ten und geben auch Aufschluss \u00fcber die vertraglichen Mutationen nach Dienstalter.","og_url":"https:\/\/news.save.ch\/it\/entwicklung-der-personalkosten-im-sicherheits-dienstleistungbereich\/","og_site_name":"Save","article_published_time":"2022-05-30T06:54:04+00:00","article_modified_time":"2023-06-27T04:40:19+00:00","og_image":[{"width":999,"height":667,"url":"https:\/\/news.save.ch\/wp-content\/uploads\/2022\/05\/Depositphotos_80940262_S.jpg","type":"image\/jpeg"}],"author":"Simon Gr\u00f6flin","twitter_card":"summary_large_image","twitter_misc":{"Scritto da":"Simon Gr\u00f6flin","Tempo di lettura stimato":"2 minuti"},"schema":{"@context":"https:\/\/schema.org","@graph":[{"@type":"Article","@id":"https:\/\/news.save.ch\/entwicklung-der-personalkosten-im-sicherheits-dienstleistungbereich\/#article","isPartOf":{"@id":"https:\/\/news.save.ch\/entwicklung-der-personalkosten-im-sicherheits-dienstleistungbereich\/"},"author":{"name":"Simon Gr\u00f6flin","@id":"https:\/\/news.save.ch\/de\/#\/schema\/person\/ad4ef21102fd6125312409ac57d5296d"},"headline":"Entwicklung der Personalkosten im Sicherheits-Dienstleistungbereich","datePublished":"2022-05-30T06:54:04+00:00","dateModified":"2023-06-27T04:40:19+00:00","mainEntityOfPage":{"@id":"https:\/\/news.save.ch\/entwicklung-der-personalkosten-im-sicherheits-dienstleistungbereich\/"},"wordCount":233,"publisher":{"@id":"https:\/\/news.save.ch\/de\/#organization"},"image":{"@id":"https:\/\/news.save.ch\/entwicklung-der-personalkosten-im-sicherheits-dienstleistungbereich\/#primaryimage"},"thumbnailUrl":"https:\/\/news.save.ch\/wp-content\/uploads\/2022\/05\/Depositphotos_80940262_S.jpg","keywords":["Gesamtarbeitsvertrag","Lohnkategorien","Personalkostenentwicklung","Sicherheits-Dienstleistungbereich","sicherheitsdienstleister","Verband Schweizerischer Sicherheitsdienstleistungs-Unternehmen","VSSU"],"articleSection":["ALLGEMEIN"],"inLanguage":"it-IT"},{"@type":"WebPage","@id":"https:\/\/news.save.ch\/entwicklung-der-personalkosten-im-sicherheits-dienstleistungbereich\/","url":"https:\/\/news.save.ch\/entwicklung-der-personalkosten-im-sicherheits-dienstleistungbereich\/","name":"Sviluppo dei costi del personale nel settore dei servizi di sicurezza - Save","isPartOf":{"@id":"https:\/\/news.save.ch\/de\/#website"},"primaryImageOfPage":{"@id":"https:\/\/news.save.ch\/entwicklung-der-personalkosten-im-sicherheits-dienstleistungbereich\/#primaryimage"},"image":{"@id":"https:\/\/news.save.ch\/entwicklung-der-personalkosten-im-sicherheits-dienstleistungbereich\/#primaryimage"},"thumbnailUrl":"https:\/\/news.save.ch\/wp-content\/uploads\/2022\/05\/Depositphotos_80940262_S.jpg","datePublished":"2022-05-30T06:54:04+00:00","dateModified":"2023-06-27T04:40:19+00:00","description":"L'Associazione delle aziende svizzere di servizi di sicurezza (VSSU) ha pubblicato lo sviluppo dei costi del personale dal 2014 al 2022 nel settore dei servizi di sicurezza privati. I calcoli si basano su diverse modalit\u00e0 di impiego e forniscono anche informazioni sulle mutazioni contrattuali per anzianit\u00e0.","breadcrumb":{"@id":"https:\/\/news.save.ch\/entwicklung-der-personalkosten-im-sicherheits-dienstleistungbereich\/#breadcrumb"},"inLanguage":"it-IT","potentialAction":[{"@type":"ReadAction","target":["https:\/\/news.save.ch\/entwicklung-der-personalkosten-im-sicherheits-dienstleistungbereich\/"]}]},{"@type":"ImageObject","inLanguage":"it-IT","@id":"https:\/\/news.save.ch\/entwicklung-der-personalkosten-im-sicherheits-dienstleistungbereich\/#primaryimage","url":"https:\/\/news.save.ch\/wp-content\/uploads\/2022\/05\/Depositphotos_80940262_S.jpg","contentUrl":"https:\/\/news.save.ch\/wp-content\/uploads\/2022\/05\/Depositphotos_80940262_S.jpg","width":999,"height":667,"caption":"Young Security Guard Standing In Front Of The Glass Door Entrance"},{"@type":"BreadcrumbList","@id":"https:\/\/news.save.ch\/entwicklung-der-personalkosten-im-sicherheits-dienstleistungbereich\/#breadcrumb","itemListElement":[{"@type":"ListItem","position":1,"name":"Home","item":"https:\/\/news.save.ch\/de\/"},{"@type":"ListItem","position":2,"name":"Entwicklung der Personalkosten im Sicherheits-Dienstleistungbereich"}]},{"@type":"WebSite","@id":"https:\/\/news.save.ch\/de\/#website","url":"https:\/\/news.save.ch\/de\/","name":"Risparmiare","description":"Rivista svizzera specializzata in sicurezza","publisher":{"@id":"https:\/\/news.save.ch\/de\/#organization"},"potentialAction":[{"@type":"SearchAction","target":{"@type":"EntryPoint","urlTemplate":"https:\/\/news.save.ch\/de\/?s={search_term_string}"},"query-input":{"@type":"PropertyValueSpecification","valueRequired":true,"valueName":"search_term_string"}}],"inLanguage":"it-IT"},{"@type":"Organization","@id":"https:\/\/news.save.ch\/de\/#organization","name":"Forum sulla sicurezza","url":"https:\/\/news.save.ch\/de\/","logo":{"@type":"ImageObject","inLanguage":"it-IT","@id":"https:\/\/news.save.ch\/de\/#\/schema\/logo\/image\/","url":"https:\/\/news.save.ch\/wp-content\/uploads\/2022\/06\/Logo_SF_2012.png","contentUrl":"https:\/\/news.save.ch\/wp-content\/uploads\/2022\/06\/Logo_SF_2012.png","width":1100,"height":91,"caption":"Sicherheitsforum"},"image":{"@id":"https:\/\/news.save.ch\/de\/#\/schema\/logo\/image\/"}},{"@type":"Person","@id":"https:\/\/news.save.ch\/de\/#\/schema\/person\/ad4ef21102fd6125312409ac57d5296d","name":"Simon Gr\u00f6flin","image":{"@type":"ImageObject","inLanguage":"it-IT","@id":"https:\/\/secure.gravatar.com\/avatar\/6ddceb80eb734354635539e0ea5140bb7c41e42de7c45c9a2ab9921b5d5c9a83?s=96&d=mm&r=g","url":"https:\/\/secure.gravatar.com\/avatar\/6ddceb80eb734354635539e0ea5140bb7c41e42de7c45c9a2ab9921b5d5c9a83?s=96&d=mm&r=g","contentUrl":"https:\/\/secure.gravatar.com\/avatar\/6ddceb80eb734354635539e0ea5140bb7c41e42de7c45c9a2ab9921b5d5c9a83?s=96&d=mm&r=g","caption":"Simon Gr\u00f6flin"},"url":"https:\/\/news.save.ch\/it\/author\/simon-groeflin\/"}]}},"_links":{"self":[{"href":"https:\/\/news.save.ch\/it\/wp-json\/wp\/v2\/posts\/14265","targetHints":{"allow":["GET"]}}],"collection":[{"href":"https:\/\/news.save.ch\/it\/wp-json\/wp\/v2\/posts"}],"about":[{"href":"https:\/\/news.save.ch\/it\/wp-json\/wp\/v2\/types\/post"}],"author":[{"embeddable":true,"href":"https:\/\/news.save.ch\/it\/wp-json\/wp\/v2\/users\/9"}],"replies":[{"embeddable":true,"href":"https:\/\/news.save.ch\/it\/wp-json\/wp\/v2\/comments?post=14265"}],"version-history":[{"count":3,"href":"https:\/\/news.save.ch\/it\/wp-json\/wp\/v2\/posts\/14265\/revisions"}],"predecessor-version":[{"id":20337,"href":"https:\/\/news.save.ch\/it\/wp-json\/wp\/v2\/posts\/14265\/revisions\/20337"}],"wp:featuredmedia":[{"embeddable":true,"href":"https:\/\/news.save.ch\/it\/wp-json\/wp\/v2\/media\/14271"}],"wp:attachment":[{"href":"https:\/\/news.save.ch\/it\/wp-json\/wp\/v2\/media?parent=14265"}],"wp:term":[{"taxonomy":"category","embeddable":true,"href":"https:\/\/news.save.ch\/it\/wp-json\/wp\/v2\/categories?post=14265"},{"taxonomy":"post_tag","embeddable":true,"href":"https:\/\/news.save.ch\/it\/wp-json\/wp\/v2\/tags?post=14265"}],"curies":[{"name":"wp","href":"https:\/\/api.w.org\/{rel}","templated":true}]}}