{"id":15090,"date":"2022-10-07T08:21:37","date_gmt":"2022-10-07T06:21:37","guid":{"rendered":"https:\/\/news.save.ch\/?p=15090"},"modified":"2023-06-12T05:06:31","modified_gmt":"2023-06-12T03:06:31","slug":"krisenmanagement-im-nuklearfall","status":null,"type":"post","link":"https:\/\/news.save.ch\/it\/krisenmanagement-im-nuklearfall\/","title":{"rendered":"Gestione della crisi in caso di incidente nucleare"},"content":{"rendered":"<figure id=\"attachment_15091\" aria-describedby=\"caption-attachment-15091\" style=\"width: 1000px\" class=\"wp-caption alignleft\"><img loading=\"lazy\" decoding=\"async\" class=\"wp-image-15091 size-full\" src=\"https:\/\/news.save.ch\/wp-content\/uploads\/2022\/10\/Depositphotos_353939488_S.jpg\" alt=\"Organizzazione della crisi\" width=\"1000\" height=\"632\" srcset=\"https:\/\/news.save.ch\/wp-content\/uploads\/2022\/10\/Depositphotos_353939488_S.jpg 1000w, https:\/\/news.save.ch\/wp-content\/uploads\/2022\/10\/Depositphotos_353939488_S-375x237.jpg 375w\" sizes=\"auto, (max-width: 1000px) 100vw, 1000px\" \/><figcaption id=\"caption-attachment-15091\" class=\"wp-caption-text\">Immagine: depositphotos<\/figcaption><\/figure>\n<p>Nella sua attuale valutazione della situazione, il DDPS ritiene improbabile che la Russia utilizzi armi nucleari o provochi deliberatamente un incidente nucleare in relazione alla guerra in Ucraina. Se tuttavia dovesse verificarsi un evento nucleare in Ucraina, si tratterebbe di una crisi di grande portata, complessit\u00e0 e, soprattutto, urgenza temporale. Per garantire una risposta rapida ed efficace in caso di incidente, alla fine di settembre il Consiglio federale ha definito l'organizzazione e la leadership della crisi.<\/p>\n<p>Il Consiglio federale ha quindi autorizzato il DDPS a istituire lo Stato maggiore federale di protezione civile come Stato maggiore federale di comando strategico (SFB) in caso di incidente nucleare o se tale incidente diventa imminente. \u00c8 diretto dal Segretario generale del DDPS. Fanno parte dell'UFC i segretari generali di tutti i dipartimenti, il presidente del Consiglio federale, i direttori dell'UFSP, dell'UFP, dell'UFAC e dell'UFE, un rappresentante delle forze armate e i segretari generali della Conferenza dei direttori cantonali di giustizia e polizia (KKJPD) e della Conferenza intergovernativa dei servizi militari, di difesa civile e antincendio (RK MZF).<\/p>\n<p>Secondo la Confederazione, non verranno create strutture nuove e parallele. La Conferenza dei Direttori dello Staff Federale di Protezione Civile (BSTB) sar\u00e0 composta su base specifica per ogni evento, al fine di garantire una gestione efficiente della crisi. Le responsabilit\u00e0 e le competenze si trovano presso le singole agenzie federali.<\/p>\n<p><em>Fonte: VBS\/Ufficio editoriale<\/em><\/p>","protected":false},"excerpt":{"rendered":"<p>Das VBS h\u00e4lt es in seiner aktuellen Lageeinsch\u00e4tzung f\u00fcr un\u00adwahrscheinlich, dass im Zusammenhang mit dem Krieg in der Ukraine mit dem Einsatz von nuklearen Waffen durch Russland oder einem absichtlichen Herbeif\u00fchren eines nuklearen Unfalls zu rechnen ist. Sollte es dennoch zu einem nuklearen Ereignis in der Ukraine kommen, so w\u00fcrde dies eine Krise von grosser [&hellip;]<\/p>\n","protected":false},"author":9,"featured_media":15091,"comment_status":"closed","ping_status":"closed","sticky":false,"template":"","format":"standard","meta":{"_acf_changed":false,"pgc_sgb_lightbox_settings":"","footnotes":""},"categories":[1],"tags":[168,3970,1504,3967,208,3968,3969],"class_list":["post-15090","post","type-post","status-publish","format-standard","has-post-thumbnail","hentry","category-allgemein","tag-bundesrat","tag-generalsekretaer-vbs","tag-krisenfall","tag-krisenorganisation","tag-nukleare-sicherheit","tag-nukleare-waffen","tag-strategischer-fuehrungsstab-bund-sfb"],"acf":[],"hkrextid":null,"publication":null,"issue":null,"workflow":null,"startPage":null,"spitzmarke":null,"_posts_by_tag_page_fields":null,"_at_widget":"1","_yoast_wpseo_primary_category":"1","_yoast_wpseo_focuskw_text_input":null,"_yoast_wpseo_opengraph-image":null,"_yoast_wpseo_opengraph-description":null,"_yoast_wpseo_opengraph-title":null,"enclosure":null,"_yoast_wpseo_twitter-title":null,"_yoast_wpseo_twitter-description":null,"_yoast_wpseo_twitter-image":null,"_wp_old_slug":null,"_yoast_wpseo_title":null,"_yoast_wpseo_canonical":null,"yoast_head":"<!-- This site is optimized with the Yoast SEO plugin v27.5 - https:\/\/yoast.com\/product\/yoast-seo-wordpress\/ -->\n<title>Krisenmanagement im Nuklearfall - Save<\/title>\n<meta name=\"description\" content=\"In einer Sitzung von Ende September legte der Bundesrat zusammen mit dem VBS eine Krisenorganisation fest, um eine wirksame und schnelle Reaktion im Ereignisfall sicherzustellen.\" \/>\n<meta name=\"robots\" content=\"index, follow, max-snippet:-1, max-image-preview:large, max-video-preview:-1\" \/>\n<link rel=\"canonical\" href=\"https:\/\/news.save.ch\/it\/krisenmanagement-im-nuklearfall\/\" \/>\n<meta property=\"og:locale\" content=\"it_IT\" \/>\n<meta property=\"og:type\" content=\"article\" \/>\n<meta property=\"og:title\" content=\"Krisenmanagement im Nuklearfall - Save\" \/>\n<meta property=\"og:description\" content=\"In einer Sitzung von Ende September legte der Bundesrat zusammen mit dem VBS eine Krisenorganisation fest, um eine wirksame und schnelle Reaktion im Ereignisfall sicherzustellen.\" \/>\n<meta property=\"og:url\" content=\"https:\/\/news.save.ch\/it\/krisenmanagement-im-nuklearfall\/\" \/>\n<meta property=\"og:site_name\" content=\"Save\" \/>\n<meta property=\"article:published_time\" content=\"2022-10-07T06:21:37+00:00\" \/>\n<meta property=\"article:modified_time\" content=\"2023-06-12T03:06:31+00:00\" \/>\n<meta property=\"og:image\" content=\"https:\/\/news.save.ch\/wp-content\/uploads\/2022\/10\/Depositphotos_353939488_S.jpg\" \/>\n\t<meta property=\"og:image:width\" content=\"1000\" \/>\n\t<meta property=\"og:image:height\" content=\"632\" \/>\n\t<meta property=\"og:image:type\" content=\"image\/jpeg\" \/>\n<meta name=\"author\" content=\"Simon Gr\u00f6flin\" \/>\n<meta name=\"twitter:card\" content=\"summary_large_image\" \/>\n<meta name=\"twitter:label1\" content=\"Scritto da\" \/>\n\t<meta name=\"twitter:data1\" content=\"Simon Gr\u00f6flin\" \/>\n\t<meta name=\"twitter:label2\" content=\"Tempo di lettura stimato\" \/>\n\t<meta name=\"twitter:data2\" content=\"2 minuti\" \/>\n<script type=\"application\/ld+json\" class=\"yoast-schema-graph\">{\"@context\":\"https:\\\/\\\/schema.org\",\"@graph\":[{\"@type\":\"Article\",\"@id\":\"https:\\\/\\\/news.save.ch\\\/krisenmanagement-im-nuklearfall\\\/#article\",\"isPartOf\":{\"@id\":\"https:\\\/\\\/news.save.ch\\\/krisenmanagement-im-nuklearfall\\\/\"},\"author\":{\"name\":\"Simon Gr\u00f6flin\",\"@id\":\"https:\\\/\\\/news.save.ch\\\/de\\\/#\\\/schema\\\/person\\\/ad4ef21102fd6125312409ac57d5296d\"},\"headline\":\"Krisenmanagement im Nuklearfall\",\"datePublished\":\"2022-10-07T06:21:37+00:00\",\"dateModified\":\"2023-06-12T03:06:31+00:00\",\"mainEntityOfPage\":{\"@id\":\"https:\\\/\\\/news.save.ch\\\/krisenmanagement-im-nuklearfall\\\/\"},\"wordCount\":238,\"publisher\":{\"@id\":\"https:\\\/\\\/news.save.ch\\\/de\\\/#organization\"},\"image\":{\"@id\":\"https:\\\/\\\/news.save.ch\\\/krisenmanagement-im-nuklearfall\\\/#primaryimage\"},\"thumbnailUrl\":\"https:\\\/\\\/news.save.ch\\\/wp-content\\\/uploads\\\/2022\\\/10\\\/Depositphotos_353939488_S.jpg\",\"keywords\":[\"Bundesrat\",\"Generalsekret\u00e4r VBS\",\"Krisenfall\",\"Krisenorganisation\",\"nukleare Sicherheit\",\"Nukleare Waffen\",\"Strategischer F\u00fchrungsstab Bund (SFB)\"],\"articleSection\":[\"ALLGEMEIN\"],\"inLanguage\":\"it-IT\"},{\"@type\":\"WebPage\",\"@id\":\"https:\\\/\\\/news.save.ch\\\/krisenmanagement-im-nuklearfall\\\/\",\"url\":\"https:\\\/\\\/news.save.ch\\\/krisenmanagement-im-nuklearfall\\\/\",\"name\":\"Krisenmanagement im Nuklearfall - Save\",\"isPartOf\":{\"@id\":\"https:\\\/\\\/news.save.ch\\\/de\\\/#website\"},\"primaryImageOfPage\":{\"@id\":\"https:\\\/\\\/news.save.ch\\\/krisenmanagement-im-nuklearfall\\\/#primaryimage\"},\"image\":{\"@id\":\"https:\\\/\\\/news.save.ch\\\/krisenmanagement-im-nuklearfall\\\/#primaryimage\"},\"thumbnailUrl\":\"https:\\\/\\\/news.save.ch\\\/wp-content\\\/uploads\\\/2022\\\/10\\\/Depositphotos_353939488_S.jpg\",\"datePublished\":\"2022-10-07T06:21:37+00:00\",\"dateModified\":\"2023-06-12T03:06:31+00:00\",\"description\":\"In einer Sitzung von Ende September legte der Bundesrat zusammen mit dem VBS eine Krisenorganisation fest, um eine wirksame und schnelle Reaktion im Ereignisfall sicherzustellen.\",\"breadcrumb\":{\"@id\":\"https:\\\/\\\/news.save.ch\\\/krisenmanagement-im-nuklearfall\\\/#breadcrumb\"},\"inLanguage\":\"it-IT\",\"potentialAction\":[{\"@type\":\"ReadAction\",\"target\":[\"https:\\\/\\\/news.save.ch\\\/krisenmanagement-im-nuklearfall\\\/\"]}]},{\"@type\":\"ImageObject\",\"inLanguage\":\"it-IT\",\"@id\":\"https:\\\/\\\/news.save.ch\\\/krisenmanagement-im-nuklearfall\\\/#primaryimage\",\"url\":\"https:\\\/\\\/news.save.ch\\\/wp-content\\\/uploads\\\/2022\\\/10\\\/Depositphotos_353939488_S.jpg\",\"contentUrl\":\"https:\\\/\\\/news.save.ch\\\/wp-content\\\/uploads\\\/2022\\\/10\\\/Depositphotos_353939488_S.jpg\",\"width\":1000,\"height\":632,\"caption\":\"a nuclear ice desert after nuclear accident with fallout\"},{\"@type\":\"BreadcrumbList\",\"@id\":\"https:\\\/\\\/news.save.ch\\\/krisenmanagement-im-nuklearfall\\\/#breadcrumb\",\"itemListElement\":[{\"@type\":\"ListItem\",\"position\":1,\"name\":\"Home\",\"item\":\"https:\\\/\\\/news.save.ch\\\/de\\\/\"},{\"@type\":\"ListItem\",\"position\":2,\"name\":\"Krisenmanagement im Nuklearfall\"}]},{\"@type\":\"WebSite\",\"@id\":\"https:\\\/\\\/news.save.ch\\\/de\\\/#website\",\"url\":\"https:\\\/\\\/news.save.ch\\\/de\\\/\",\"name\":\"Save\",\"description\":\"Schweizer Fachzeitschrift f\u00fcr Sicherheit\",\"publisher\":{\"@id\":\"https:\\\/\\\/news.save.ch\\\/de\\\/#organization\"},\"potentialAction\":[{\"@type\":\"SearchAction\",\"target\":{\"@type\":\"EntryPoint\",\"urlTemplate\":\"https:\\\/\\\/news.save.ch\\\/de\\\/?s={search_term_string}\"},\"query-input\":{\"@type\":\"PropertyValueSpecification\",\"valueRequired\":true,\"valueName\":\"search_term_string\"}}],\"inLanguage\":\"it-IT\"},{\"@type\":\"Organization\",\"@id\":\"https:\\\/\\\/news.save.ch\\\/de\\\/#organization\",\"name\":\"Sicherheitsforum\",\"url\":\"https:\\\/\\\/news.save.ch\\\/de\\\/\",\"logo\":{\"@type\":\"ImageObject\",\"inLanguage\":\"it-IT\",\"@id\":\"https:\\\/\\\/news.save.ch\\\/de\\\/#\\\/schema\\\/logo\\\/image\\\/\",\"url\":\"https:\\\/\\\/news.save.ch\\\/wp-content\\\/uploads\\\/2022\\\/06\\\/Logo_SF_2012.png\",\"contentUrl\":\"https:\\\/\\\/news.save.ch\\\/wp-content\\\/uploads\\\/2022\\\/06\\\/Logo_SF_2012.png\",\"width\":1100,\"height\":91,\"caption\":\"Sicherheitsforum\"},\"image\":{\"@id\":\"https:\\\/\\\/news.save.ch\\\/de\\\/#\\\/schema\\\/logo\\\/image\\\/\"}},{\"@type\":\"Person\",\"@id\":\"https:\\\/\\\/news.save.ch\\\/de\\\/#\\\/schema\\\/person\\\/ad4ef21102fd6125312409ac57d5296d\",\"name\":\"Simon Gr\u00f6flin\",\"image\":{\"@type\":\"ImageObject\",\"inLanguage\":\"it-IT\",\"@id\":\"https:\\\/\\\/secure.gravatar.com\\\/avatar\\\/6ddceb80eb734354635539e0ea5140bb7c41e42de7c45c9a2ab9921b5d5c9a83?s=96&d=mm&r=g\",\"url\":\"https:\\\/\\\/secure.gravatar.com\\\/avatar\\\/6ddceb80eb734354635539e0ea5140bb7c41e42de7c45c9a2ab9921b5d5c9a83?s=96&d=mm&r=g\",\"contentUrl\":\"https:\\\/\\\/secure.gravatar.com\\\/avatar\\\/6ddceb80eb734354635539e0ea5140bb7c41e42de7c45c9a2ab9921b5d5c9a83?s=96&d=mm&r=g\",\"caption\":\"Simon Gr\u00f6flin\"},\"url\":\"https:\\\/\\\/news.save.ch\\\/it\\\/author\\\/simon-groeflin\\\/\"}]}<\/script>\n<!-- \/ Yoast SEO plugin. -->","yoast_head_json":{"title":"Gestione della crisi in caso di incidente nucleare - Save","description":"In una riunione tenutasi alla fine di settembre, il Consiglio federale, insieme al DDPS, ha definito un'organizzazione di crisi per garantire una risposta efficace e rapida in caso di incidente.","robots":{"index":"index","follow":"follow","max-snippet":"max-snippet:-1","max-image-preview":"max-image-preview:large","max-video-preview":"max-video-preview:-1"},"canonical":"https:\/\/news.save.ch\/it\/krisenmanagement-im-nuklearfall\/","og_locale":"it_IT","og_type":"article","og_title":"Krisenmanagement im Nuklearfall - Save","og_description":"In einer Sitzung von Ende September legte der Bundesrat zusammen mit dem VBS eine Krisenorganisation fest, um eine wirksame und schnelle Reaktion im Ereignisfall sicherzustellen.","og_url":"https:\/\/news.save.ch\/it\/krisenmanagement-im-nuklearfall\/","og_site_name":"Save","article_published_time":"2022-10-07T06:21:37+00:00","article_modified_time":"2023-06-12T03:06:31+00:00","og_image":[{"width":1000,"height":632,"url":"https:\/\/news.save.ch\/wp-content\/uploads\/2022\/10\/Depositphotos_353939488_S.jpg","type":"image\/jpeg"}],"author":"Simon Gr\u00f6flin","twitter_card":"summary_large_image","twitter_misc":{"Scritto da":"Simon Gr\u00f6flin","Tempo di lettura stimato":"2 minuti"},"schema":{"@context":"https:\/\/schema.org","@graph":[{"@type":"Article","@id":"https:\/\/news.save.ch\/krisenmanagement-im-nuklearfall\/#article","isPartOf":{"@id":"https:\/\/news.save.ch\/krisenmanagement-im-nuklearfall\/"},"author":{"name":"Simon Gr\u00f6flin","@id":"https:\/\/news.save.ch\/de\/#\/schema\/person\/ad4ef21102fd6125312409ac57d5296d"},"headline":"Krisenmanagement im Nuklearfall","datePublished":"2022-10-07T06:21:37+00:00","dateModified":"2023-06-12T03:06:31+00:00","mainEntityOfPage":{"@id":"https:\/\/news.save.ch\/krisenmanagement-im-nuklearfall\/"},"wordCount":238,"publisher":{"@id":"https:\/\/news.save.ch\/de\/#organization"},"image":{"@id":"https:\/\/news.save.ch\/krisenmanagement-im-nuklearfall\/#primaryimage"},"thumbnailUrl":"https:\/\/news.save.ch\/wp-content\/uploads\/2022\/10\/Depositphotos_353939488_S.jpg","keywords":["Bundesrat","Generalsekret\u00e4r VBS","Krisenfall","Krisenorganisation","nukleare Sicherheit","Nukleare Waffen","Strategischer F\u00fchrungsstab Bund (SFB)"],"articleSection":["ALLGEMEIN"],"inLanguage":"it-IT"},{"@type":"WebPage","@id":"https:\/\/news.save.ch\/krisenmanagement-im-nuklearfall\/","url":"https:\/\/news.save.ch\/krisenmanagement-im-nuklearfall\/","name":"Gestione della crisi in caso di incidente nucleare - Save","isPartOf":{"@id":"https:\/\/news.save.ch\/de\/#website"},"primaryImageOfPage":{"@id":"https:\/\/news.save.ch\/krisenmanagement-im-nuklearfall\/#primaryimage"},"image":{"@id":"https:\/\/news.save.ch\/krisenmanagement-im-nuklearfall\/#primaryimage"},"thumbnailUrl":"https:\/\/news.save.ch\/wp-content\/uploads\/2022\/10\/Depositphotos_353939488_S.jpg","datePublished":"2022-10-07T06:21:37+00:00","dateModified":"2023-06-12T03:06:31+00:00","description":"In una riunione tenutasi alla fine di settembre, il Consiglio federale, insieme al DDPS, ha definito un'organizzazione di crisi per garantire una risposta efficace e rapida in caso di incidente.","breadcrumb":{"@id":"https:\/\/news.save.ch\/krisenmanagement-im-nuklearfall\/#breadcrumb"},"inLanguage":"it-IT","potentialAction":[{"@type":"ReadAction","target":["https:\/\/news.save.ch\/krisenmanagement-im-nuklearfall\/"]}]},{"@type":"ImageObject","inLanguage":"it-IT","@id":"https:\/\/news.save.ch\/krisenmanagement-im-nuklearfall\/#primaryimage","url":"https:\/\/news.save.ch\/wp-content\/uploads\/2022\/10\/Depositphotos_353939488_S.jpg","contentUrl":"https:\/\/news.save.ch\/wp-content\/uploads\/2022\/10\/Depositphotos_353939488_S.jpg","width":1000,"height":632,"caption":"a nuclear ice desert after nuclear accident with fallout"},{"@type":"BreadcrumbList","@id":"https:\/\/news.save.ch\/krisenmanagement-im-nuklearfall\/#breadcrumb","itemListElement":[{"@type":"ListItem","position":1,"name":"Home","item":"https:\/\/news.save.ch\/de\/"},{"@type":"ListItem","position":2,"name":"Krisenmanagement im Nuklearfall"}]},{"@type":"WebSite","@id":"https:\/\/news.save.ch\/de\/#website","url":"https:\/\/news.save.ch\/de\/","name":"Risparmiare","description":"Rivista svizzera specializzata in sicurezza","publisher":{"@id":"https:\/\/news.save.ch\/de\/#organization"},"potentialAction":[{"@type":"SearchAction","target":{"@type":"EntryPoint","urlTemplate":"https:\/\/news.save.ch\/de\/?s={search_term_string}"},"query-input":{"@type":"PropertyValueSpecification","valueRequired":true,"valueName":"search_term_string"}}],"inLanguage":"it-IT"},{"@type":"Organization","@id":"https:\/\/news.save.ch\/de\/#organization","name":"Forum sulla sicurezza","url":"https:\/\/news.save.ch\/de\/","logo":{"@type":"ImageObject","inLanguage":"it-IT","@id":"https:\/\/news.save.ch\/de\/#\/schema\/logo\/image\/","url":"https:\/\/news.save.ch\/wp-content\/uploads\/2022\/06\/Logo_SF_2012.png","contentUrl":"https:\/\/news.save.ch\/wp-content\/uploads\/2022\/06\/Logo_SF_2012.png","width":1100,"height":91,"caption":"Sicherheitsforum"},"image":{"@id":"https:\/\/news.save.ch\/de\/#\/schema\/logo\/image\/"}},{"@type":"Person","@id":"https:\/\/news.save.ch\/de\/#\/schema\/person\/ad4ef21102fd6125312409ac57d5296d","name":"Simon Gr\u00f6flin","image":{"@type":"ImageObject","inLanguage":"it-IT","@id":"https:\/\/secure.gravatar.com\/avatar\/6ddceb80eb734354635539e0ea5140bb7c41e42de7c45c9a2ab9921b5d5c9a83?s=96&d=mm&r=g","url":"https:\/\/secure.gravatar.com\/avatar\/6ddceb80eb734354635539e0ea5140bb7c41e42de7c45c9a2ab9921b5d5c9a83?s=96&d=mm&r=g","contentUrl":"https:\/\/secure.gravatar.com\/avatar\/6ddceb80eb734354635539e0ea5140bb7c41e42de7c45c9a2ab9921b5d5c9a83?s=96&d=mm&r=g","caption":"Simon Gr\u00f6flin"},"url":"https:\/\/news.save.ch\/it\/author\/simon-groeflin\/"}]}},"_links":{"self":[{"href":"https:\/\/news.save.ch\/it\/wp-json\/wp\/v2\/posts\/15090","targetHints":{"allow":["GET"]}}],"collection":[{"href":"https:\/\/news.save.ch\/it\/wp-json\/wp\/v2\/posts"}],"about":[{"href":"https:\/\/news.save.ch\/it\/wp-json\/wp\/v2\/types\/post"}],"author":[{"embeddable":true,"href":"https:\/\/news.save.ch\/it\/wp-json\/wp\/v2\/users\/9"}],"replies":[{"embeddable":true,"href":"https:\/\/news.save.ch\/it\/wp-json\/wp\/v2\/comments?post=15090"}],"version-history":[{"count":2,"href":"https:\/\/news.save.ch\/it\/wp-json\/wp\/v2\/posts\/15090\/revisions"}],"predecessor-version":[{"id":19824,"href":"https:\/\/news.save.ch\/it\/wp-json\/wp\/v2\/posts\/15090\/revisions\/19824"}],"wp:featuredmedia":[{"embeddable":true,"href":"https:\/\/news.save.ch\/it\/wp-json\/wp\/v2\/media\/15091"}],"wp:attachment":[{"href":"https:\/\/news.save.ch\/it\/wp-json\/wp\/v2\/media?parent=15090"}],"wp:term":[{"taxonomy":"category","embeddable":true,"href":"https:\/\/news.save.ch\/it\/wp-json\/wp\/v2\/categories?post=15090"},{"taxonomy":"post_tag","embeddable":true,"href":"https:\/\/news.save.ch\/it\/wp-json\/wp\/v2\/tags?post=15090"}],"curies":[{"name":"wp","href":"https:\/\/api.w.org\/{rel}","templated":true}]}}