{"id":1517,"date":"2016-10-17T11:04:06","date_gmt":"2016-10-17T09:04:06","guid":{"rendered":"https:\/\/dev.sicherheitsforum.ch\/?p=1517"},"modified":"2016-10-17T11:04:06","modified_gmt":"2016-10-17T09:04:06","slug":"wey-toechter-fusionieren","status":null,"type":"post","link":"https:\/\/news.save.ch\/it\/wey-toechter-fusionieren\/","title":{"rendered":"Fusione delle filiali Wey"},"content":{"rendered":"<figure id=\"attachment_1518\" aria-describedby=\"caption-attachment-1518\" style=\"width: 680px\" class=\"wp-caption alignnone\"><img loading=\"lazy\" decoding=\"async\" class=\"size-medium wp-image-1518\" src=\"https:\/\/sicherheitsforum.ch\/wp-content\/uploads\/2016\/12\/Wey-T\u00f6chter-fusionieren_sicherheitsforum.jpg\" alt=\"\" width=\"680\" height=\"454\" \/><figcaption id=\"caption-attachment-1518\" class=\"wp-caption-text\">\u00a9 depositphotos<\/figcaption><\/figure>\n<p>Il <a href=\"https:\/\/www.weytec.com\/en\/\" target=\"_blank\" rel=\"noopener\">Wey Electronics AG<\/a> si \u00e8 fusa con Wey Technology AG il 1\u00b0 ottobre 2016. Quest'ultima aveva sede a Rotkreuz ZG ed \u00e8 stata trasferita nell'edificio di Wey Elektronik a Unterengstringen ZH. Finora, Wey Elektronik era responsabile dell'intero sviluppo e della produzione di soluzioni per trading room e control room sul mercato svizzero. La Wey Technology, invece, si \u00e8 concentrata sulle attivit\u00e0 estere.<\/p>\n<p>Nella nuova sede principale sar\u00e0 creato circa il 20% di posti di lavoro in pi\u00f9. Il consolidamento sotto un unico tetto offre al Gruppo Wey una posizione di partenza ottimale per la crescita organica e inorganica. \u00c8 pronta a coprire nuove aree di business, se necessario anche attraverso acquisizioni, e continua a impegnarsi per l'espansione di partnership strategiche in ambito internazionale. L'azienda operer\u00e0 sotto il nome di Wey Technology, nome gi\u00e0 affermato sul mercato internazionale delle soluzioni per trading room e control room.<\/p>\n<p>L'azienda \u00e8 riuscita ad aggiudicarsi e a realizzare con successo diversi importanti progetti internazionali nel settore delle trading room e delle sale di controllo. Solo quest'anno, l'azienda ha registrato una crescita del fatturato di oltre il 50% rispetto all'anno precedente, conclude il documento.<\/p>","protected":false},"excerpt":{"rendered":"<p>Die Wey Elektronik AG hat auf den 1. Oktober 2016 mit der Wey Technology AG fusioniert. Letztere hatte ihren Sitz in Rotkreuz ZG und wurde in das Geb\u00e4ude der Wey Elektronik in Unterengstringen ZH verlegt.\u00a0Bisher war die Wey Elektronik f\u00fcr die gesamte Entwicklung und Produktion von Handelsraum- und Kontrollrauml\u00f6sungen auf dem Schweizer Markt zust\u00e4ndig. Die [&hellip;]<\/p>\n","protected":false},"author":1,"featured_media":1518,"comment_status":"open","ping_status":"open","sticky":false,"template":"","format":"standard","meta":{"_acf_changed":false,"pgc_sgb_lightbox_settings":"","footnotes":""},"categories":[1],"tags":[65],"class_list":["post-1517","post","type-post","status-publish","format-standard","has-post-thumbnail","hentry","category-allgemein","tag-unternehmen"],"acf":[],"hkrextid":null,"publication":null,"issue":null,"workflow":null,"startPage":null,"spitzmarke":null,"_posts_by_tag_page_fields":{"widget_title":"","widget_tags":""},"_at_widget":"1","_yoast_wpseo_primary_category":"","_yoast_wpseo_focuskw_text_input":"Wey Group AG","_yoast_wpseo_opengraph-image":"https:\/\/news.save.ch\/wp-content\/uploads\/2016\/12\/Wey-T\u00f6chter-fusionieren_sicherheitsforum.jpg","_yoast_wpseo_opengraph-description":"Die beiden Schweizer Unternehmen f\u00fcr Handelsraum- und Kontrollrauml\u00f6sungen b\u00fcndeln ihre Kompetenzen. Die Konsolidierung der beiden Tochterunternehmen der Wey Group AG erm\u00f6gliche beste Voraussetzung, um sich auf dem internationalen Markt als erfolgreicher Anbieter zu behaupten, teilt das Unternehmen mit.","_yoast_wpseo_opengraph-title":"Wey-T\u00f6chter fusionieren","enclosure":null,"_yoast_wpseo_twitter-title":null,"_yoast_wpseo_twitter-description":null,"_yoast_wpseo_twitter-image":null,"_wp_old_slug":null,"_yoast_wpseo_title":null,"_yoast_wpseo_canonical":null,"yoast_head":"<!-- This site is optimized with the Yoast SEO plugin v27.5 - https:\/\/yoast.com\/product\/yoast-seo-wordpress\/ -->\n<title>Wey-T\u00f6chter fusionieren - Save<\/title>\n<meta name=\"description\" content=\"Die Konsolidierung der beiden Tochterunternehmen der Wey Group AG erm\u00f6glicht beste Voraussetzung, um sich auf dem internationalen Markt zu behaupten.\" \/>\n<meta name=\"robots\" content=\"index, follow, max-snippet:-1, max-image-preview:large, max-video-preview:-1\" \/>\n<link rel=\"canonical\" href=\"https:\/\/news.save.ch\/it\/wey-toechter-fusionieren\/\" \/>\n<meta property=\"og:locale\" content=\"it_IT\" \/>\n<meta property=\"og:type\" content=\"article\" \/>\n<meta property=\"og:title\" content=\"Wey-T\u00f6chter fusionieren\" \/>\n<meta property=\"og:description\" content=\"Die beiden Schweizer Unternehmen f\u00fcr Handelsraum- und Kontrollrauml\u00f6sungen b\u00fcndeln ihre Kompetenzen. Die Konsolidierung der beiden Tochterunternehmen der Wey Group AG erm\u00f6gliche beste Voraussetzung, um sich auf dem internationalen Markt als erfolgreicher Anbieter zu behaupten, teilt das Unternehmen mit.\" \/>\n<meta property=\"og:url\" content=\"https:\/\/news.save.ch\/it\/wey-toechter-fusionieren\/\" \/>\n<meta property=\"og:site_name\" content=\"Save\" \/>\n<meta property=\"article:published_time\" content=\"2016-10-17T09:04:06+00:00\" \/>\n<meta property=\"og:image\" content=\"https:\/\/news.save.ch\/wp-content\/uploads\/2016\/12\/Wey-T\u00f6chter-fusionieren_sicherheitsforum.jpg\" \/>\n<meta name=\"author\" content=\"admin\" \/>\n<meta name=\"twitter:card\" content=\"summary_large_image\" \/>\n<meta name=\"twitter:label1\" content=\"Scritto da\" \/>\n\t<meta name=\"twitter:data1\" content=\"admin\" \/>\n\t<meta name=\"twitter:label2\" content=\"Tempo di lettura stimato\" \/>\n\t<meta name=\"twitter:data2\" content=\"1 minuto\" \/>\n<script type=\"application\/ld+json\" class=\"yoast-schema-graph\">{\"@context\":\"https:\\\/\\\/schema.org\",\"@graph\":[{\"@type\":\"Article\",\"@id\":\"https:\\\/\\\/news.save.ch\\\/wey-toechter-fusionieren\\\/#article\",\"isPartOf\":{\"@id\":\"https:\\\/\\\/news.save.ch\\\/wey-toechter-fusionieren\\\/\"},\"author\":{\"name\":\"admin\",\"@id\":\"https:\\\/\\\/news.save.ch\\\/de\\\/#\\\/schema\\\/person\\\/d49e199490bad7c70d64b9ab51142f2b\"},\"headline\":\"Wey-T\u00f6chter fusionieren\",\"datePublished\":\"2016-10-17T09:04:06+00:00\",\"mainEntityOfPage\":{\"@id\":\"https:\\\/\\\/news.save.ch\\\/wey-toechter-fusionieren\\\/\"},\"wordCount\":196,\"commentCount\":0,\"publisher\":{\"@id\":\"https:\\\/\\\/news.save.ch\\\/de\\\/#organization\"},\"image\":{\"@id\":\"https:\\\/\\\/news.save.ch\\\/wey-toechter-fusionieren\\\/#primaryimage\"},\"thumbnailUrl\":\"https:\\\/\\\/news.save.ch\\\/wp-content\\\/uploads\\\/2016\\\/12\\\/Wey-Toechter-fusionieren_sicherheitsforum.jpg\",\"keywords\":[\"Unternehmen\"],\"articleSection\":[\"ALLGEMEIN\"],\"inLanguage\":\"it-IT\"},{\"@type\":\"WebPage\",\"@id\":\"https:\\\/\\\/news.save.ch\\\/wey-toechter-fusionieren\\\/\",\"url\":\"https:\\\/\\\/news.save.ch\\\/wey-toechter-fusionieren\\\/\",\"name\":\"Wey-T\u00f6chter fusionieren - Save\",\"isPartOf\":{\"@id\":\"https:\\\/\\\/news.save.ch\\\/de\\\/#website\"},\"primaryImageOfPage\":{\"@id\":\"https:\\\/\\\/news.save.ch\\\/wey-toechter-fusionieren\\\/#primaryimage\"},\"image\":{\"@id\":\"https:\\\/\\\/news.save.ch\\\/wey-toechter-fusionieren\\\/#primaryimage\"},\"thumbnailUrl\":\"https:\\\/\\\/news.save.ch\\\/wp-content\\\/uploads\\\/2016\\\/12\\\/Wey-Toechter-fusionieren_sicherheitsforum.jpg\",\"datePublished\":\"2016-10-17T09:04:06+00:00\",\"description\":\"Die Konsolidierung der beiden Tochterunternehmen der Wey Group AG erm\u00f6glicht beste Voraussetzung, um sich auf dem internationalen Markt zu behaupten.\",\"breadcrumb\":{\"@id\":\"https:\\\/\\\/news.save.ch\\\/wey-toechter-fusionieren\\\/#breadcrumb\"},\"inLanguage\":\"it-IT\",\"potentialAction\":[{\"@type\":\"ReadAction\",\"target\":[\"https:\\\/\\\/news.save.ch\\\/wey-toechter-fusionieren\\\/\"]}]},{\"@type\":\"ImageObject\",\"inLanguage\":\"it-IT\",\"@id\":\"https:\\\/\\\/news.save.ch\\\/wey-toechter-fusionieren\\\/#primaryimage\",\"url\":\"https:\\\/\\\/news.save.ch\\\/wp-content\\\/uploads\\\/2016\\\/12\\\/Wey-Toechter-fusionieren_sicherheitsforum.jpg\",\"contentUrl\":\"https:\\\/\\\/news.save.ch\\\/wp-content\\\/uploads\\\/2016\\\/12\\\/Wey-Toechter-fusionieren_sicherheitsforum.jpg\",\"width\":999,\"height\":667,\"caption\":\"\u00a9 depositphotos\"},{\"@type\":\"BreadcrumbList\",\"@id\":\"https:\\\/\\\/news.save.ch\\\/wey-toechter-fusionieren\\\/#breadcrumb\",\"itemListElement\":[{\"@type\":\"ListItem\",\"position\":1,\"name\":\"Home\",\"item\":\"https:\\\/\\\/news.save.ch\\\/de\\\/\"},{\"@type\":\"ListItem\",\"position\":2,\"name\":\"Wey-T\u00f6chter fusionieren\"}]},{\"@type\":\"WebSite\",\"@id\":\"https:\\\/\\\/news.save.ch\\\/de\\\/#website\",\"url\":\"https:\\\/\\\/news.save.ch\\\/de\\\/\",\"name\":\"Save\",\"description\":\"Schweizer Fachzeitschrift f\u00fcr Sicherheit\",\"publisher\":{\"@id\":\"https:\\\/\\\/news.save.ch\\\/de\\\/#organization\"},\"potentialAction\":[{\"@type\":\"SearchAction\",\"target\":{\"@type\":\"EntryPoint\",\"urlTemplate\":\"https:\\\/\\\/news.save.ch\\\/de\\\/?s={search_term_string}\"},\"query-input\":{\"@type\":\"PropertyValueSpecification\",\"valueRequired\":true,\"valueName\":\"search_term_string\"}}],\"inLanguage\":\"it-IT\"},{\"@type\":\"Organization\",\"@id\":\"https:\\\/\\\/news.save.ch\\\/de\\\/#organization\",\"name\":\"Sicherheitsforum\",\"url\":\"https:\\\/\\\/news.save.ch\\\/de\\\/\",\"logo\":{\"@type\":\"ImageObject\",\"inLanguage\":\"it-IT\",\"@id\":\"https:\\\/\\\/news.save.ch\\\/de\\\/#\\\/schema\\\/logo\\\/image\\\/\",\"url\":\"https:\\\/\\\/news.save.ch\\\/wp-content\\\/uploads\\\/2022\\\/06\\\/Logo_SF_2012.png\",\"contentUrl\":\"https:\\\/\\\/news.save.ch\\\/wp-content\\\/uploads\\\/2022\\\/06\\\/Logo_SF_2012.png\",\"width\":1100,\"height\":91,\"caption\":\"Sicherheitsforum\"},\"image\":{\"@id\":\"https:\\\/\\\/news.save.ch\\\/de\\\/#\\\/schema\\\/logo\\\/image\\\/\"}},{\"@type\":\"Person\",\"@id\":\"https:\\\/\\\/news.save.ch\\\/de\\\/#\\\/schema\\\/person\\\/d49e199490bad7c70d64b9ab51142f2b\",\"name\":\"admin\",\"image\":{\"@type\":\"ImageObject\",\"inLanguage\":\"it-IT\",\"@id\":\"https:\\\/\\\/secure.gravatar.com\\\/avatar\\\/ae2f4d718e6c49043e314ce431e7e645d646302a24a5ef5a8bc8e3f5a032e319?s=96&d=mm&r=g\",\"url\":\"https:\\\/\\\/secure.gravatar.com\\\/avatar\\\/ae2f4d718e6c49043e314ce431e7e645d646302a24a5ef5a8bc8e3f5a032e319?s=96&d=mm&r=g\",\"contentUrl\":\"https:\\\/\\\/secure.gravatar.com\\\/avatar\\\/ae2f4d718e6c49043e314ce431e7e645d646302a24a5ef5a8bc8e3f5a032e319?s=96&d=mm&r=g\",\"caption\":\"admin\"},\"sameAs\":[\"https:\\\/\\\/develop.organisator.galledia.ch\"],\"url\":\"https:\\\/\\\/news.save.ch\\\/it\\\/author\\\/admin\\\/\"}]}<\/script>\n<!-- \/ Yoast SEO plugin. -->","yoast_head_json":{"title":"Fusione delle filiali Wey - Salva","description":"Il consolidamento delle due filiali di Wey Group AG offre le migliori condizioni per essere presenti sul mercato internazionale.","robots":{"index":"index","follow":"follow","max-snippet":"max-snippet:-1","max-image-preview":"max-image-preview:large","max-video-preview":"max-video-preview:-1"},"canonical":"https:\/\/news.save.ch\/it\/wey-toechter-fusionieren\/","og_locale":"it_IT","og_type":"article","og_title":"Wey-T\u00f6chter fusionieren","og_description":"Die beiden Schweizer Unternehmen f\u00fcr Handelsraum- und Kontrollrauml\u00f6sungen b\u00fcndeln ihre Kompetenzen. Die Konsolidierung der beiden Tochterunternehmen der Wey Group AG erm\u00f6gliche beste Voraussetzung, um sich auf dem internationalen Markt als erfolgreicher Anbieter zu behaupten, teilt das Unternehmen mit.","og_url":"https:\/\/news.save.ch\/it\/wey-toechter-fusionieren\/","og_site_name":"Save","article_published_time":"2016-10-17T09:04:06+00:00","og_image":[{"url":"https:\/\/news.save.ch\/wp-content\/uploads\/2016\/12\/Wey-T\u00f6chter-fusionieren_sicherheitsforum.jpg","type":"","width":"","height":""}],"author":"admin","twitter_card":"summary_large_image","twitter_misc":{"Scritto da":"admin","Tempo di lettura stimato":"1 minuto"},"schema":{"@context":"https:\/\/schema.org","@graph":[{"@type":"Article","@id":"https:\/\/news.save.ch\/wey-toechter-fusionieren\/#article","isPartOf":{"@id":"https:\/\/news.save.ch\/wey-toechter-fusionieren\/"},"author":{"name":"admin","@id":"https:\/\/news.save.ch\/de\/#\/schema\/person\/d49e199490bad7c70d64b9ab51142f2b"},"headline":"Wey-T\u00f6chter fusionieren","datePublished":"2016-10-17T09:04:06+00:00","mainEntityOfPage":{"@id":"https:\/\/news.save.ch\/wey-toechter-fusionieren\/"},"wordCount":196,"commentCount":0,"publisher":{"@id":"https:\/\/news.save.ch\/de\/#organization"},"image":{"@id":"https:\/\/news.save.ch\/wey-toechter-fusionieren\/#primaryimage"},"thumbnailUrl":"https:\/\/news.save.ch\/wp-content\/uploads\/2016\/12\/Wey-Toechter-fusionieren_sicherheitsforum.jpg","keywords":["Unternehmen"],"articleSection":["ALLGEMEIN"],"inLanguage":"it-IT"},{"@type":"WebPage","@id":"https:\/\/news.save.ch\/wey-toechter-fusionieren\/","url":"https:\/\/news.save.ch\/wey-toechter-fusionieren\/","name":"Fusione delle filiali Wey - Salva","isPartOf":{"@id":"https:\/\/news.save.ch\/de\/#website"},"primaryImageOfPage":{"@id":"https:\/\/news.save.ch\/wey-toechter-fusionieren\/#primaryimage"},"image":{"@id":"https:\/\/news.save.ch\/wey-toechter-fusionieren\/#primaryimage"},"thumbnailUrl":"https:\/\/news.save.ch\/wp-content\/uploads\/2016\/12\/Wey-Toechter-fusionieren_sicherheitsforum.jpg","datePublished":"2016-10-17T09:04:06+00:00","description":"Il consolidamento delle due filiali di Wey Group AG offre le migliori condizioni per essere presenti sul mercato internazionale.","breadcrumb":{"@id":"https:\/\/news.save.ch\/wey-toechter-fusionieren\/#breadcrumb"},"inLanguage":"it-IT","potentialAction":[{"@type":"ReadAction","target":["https:\/\/news.save.ch\/wey-toechter-fusionieren\/"]}]},{"@type":"ImageObject","inLanguage":"it-IT","@id":"https:\/\/news.save.ch\/wey-toechter-fusionieren\/#primaryimage","url":"https:\/\/news.save.ch\/wp-content\/uploads\/2016\/12\/Wey-Toechter-fusionieren_sicherheitsforum.jpg","contentUrl":"https:\/\/news.save.ch\/wp-content\/uploads\/2016\/12\/Wey-Toechter-fusionieren_sicherheitsforum.jpg","width":999,"height":667,"caption":"\u00a9 depositphotos"},{"@type":"BreadcrumbList","@id":"https:\/\/news.save.ch\/wey-toechter-fusionieren\/#breadcrumb","itemListElement":[{"@type":"ListItem","position":1,"name":"Home","item":"https:\/\/news.save.ch\/de\/"},{"@type":"ListItem","position":2,"name":"Wey-T\u00f6chter fusionieren"}]},{"@type":"WebSite","@id":"https:\/\/news.save.ch\/de\/#website","url":"https:\/\/news.save.ch\/de\/","name":"Risparmiare","description":"Rivista svizzera specializzata in sicurezza","publisher":{"@id":"https:\/\/news.save.ch\/de\/#organization"},"potentialAction":[{"@type":"SearchAction","target":{"@type":"EntryPoint","urlTemplate":"https:\/\/news.save.ch\/de\/?s={search_term_string}"},"query-input":{"@type":"PropertyValueSpecification","valueRequired":true,"valueName":"search_term_string"}}],"inLanguage":"it-IT"},{"@type":"Organization","@id":"https:\/\/news.save.ch\/de\/#organization","name":"Forum sulla sicurezza","url":"https:\/\/news.save.ch\/de\/","logo":{"@type":"ImageObject","inLanguage":"it-IT","@id":"https:\/\/news.save.ch\/de\/#\/schema\/logo\/image\/","url":"https:\/\/news.save.ch\/wp-content\/uploads\/2022\/06\/Logo_SF_2012.png","contentUrl":"https:\/\/news.save.ch\/wp-content\/uploads\/2022\/06\/Logo_SF_2012.png","width":1100,"height":91,"caption":"Sicherheitsforum"},"image":{"@id":"https:\/\/news.save.ch\/de\/#\/schema\/logo\/image\/"}},{"@type":"Person","@id":"https:\/\/news.save.ch\/de\/#\/schema\/person\/d49e199490bad7c70d64b9ab51142f2b","name":"amministratore","image":{"@type":"ImageObject","inLanguage":"it-IT","@id":"https:\/\/secure.gravatar.com\/avatar\/ae2f4d718e6c49043e314ce431e7e645d646302a24a5ef5a8bc8e3f5a032e319?s=96&d=mm&r=g","url":"https:\/\/secure.gravatar.com\/avatar\/ae2f4d718e6c49043e314ce431e7e645d646302a24a5ef5a8bc8e3f5a032e319?s=96&d=mm&r=g","contentUrl":"https:\/\/secure.gravatar.com\/avatar\/ae2f4d718e6c49043e314ce431e7e645d646302a24a5ef5a8bc8e3f5a032e319?s=96&d=mm&r=g","caption":"admin"},"sameAs":["https:\/\/develop.organisator.galledia.ch"],"url":"https:\/\/news.save.ch\/it\/author\/admin\/"}]}},"_links":{"self":[{"href":"https:\/\/news.save.ch\/it\/wp-json\/wp\/v2\/posts\/1517","targetHints":{"allow":["GET"]}}],"collection":[{"href":"https:\/\/news.save.ch\/it\/wp-json\/wp\/v2\/posts"}],"about":[{"href":"https:\/\/news.save.ch\/it\/wp-json\/wp\/v2\/types\/post"}],"author":[{"embeddable":true,"href":"https:\/\/news.save.ch\/it\/wp-json\/wp\/v2\/users\/1"}],"replies":[{"embeddable":true,"href":"https:\/\/news.save.ch\/it\/wp-json\/wp\/v2\/comments?post=1517"}],"version-history":[{"count":0,"href":"https:\/\/news.save.ch\/it\/wp-json\/wp\/v2\/posts\/1517\/revisions"}],"wp:featuredmedia":[{"embeddable":true,"href":"https:\/\/news.save.ch\/it\/wp-json\/wp\/v2\/media\/1518"}],"wp:attachment":[{"href":"https:\/\/news.save.ch\/it\/wp-json\/wp\/v2\/media?parent=1517"}],"wp:term":[{"taxonomy":"category","embeddable":true,"href":"https:\/\/news.save.ch\/it\/wp-json\/wp\/v2\/categories?post=1517"},{"taxonomy":"post_tag","embeddable":true,"href":"https:\/\/news.save.ch\/it\/wp-json\/wp\/v2\/tags?post=1517"}],"curies":[{"name":"wp","href":"https:\/\/api.w.org\/{rel}","templated":true}]}}